{"id":14760,"date":"2015-04-15T11:00:00","date_gmt":"2015-04-15T10:00:00","guid":{"rendered":"https:\/\/lyonelkaufmann.ch\/Blog\/?p=14760"},"modified":"2015-05-24T09:43:08","modified_gmt":"2015-05-24T08:43:08","slug":"signe-du-declin-industriel-la-photo-du-mois","status":"publish","type":"post","link":"https:\/\/lyonelkaufmann.ch\/Blog\/2015\/04\/15\/signe-du-declin-industriel-la-photo-du-mois\/","title":{"rendered":"Signe du d\u00e9clin industriel | La photo du mois"},"content":{"rendered":"<p>Le th\u00e8me du mois <em>\u00absigne du d\u00e9clin industriel\u00bb<\/em> a \u00e9t\u00e9 choisi par Alban (<a href=\"http:\/\/cocovin.net\/\" rel=\"nofollow\" target=\"_blank\">http:\/\/cocovin.net\/<\/a>).<\/p>\n<p>Mon interpr\u00e9tation du th\u00e8me :<\/p>\n<p><a title=\"View 'Canal Lachine' on Flickr.com\" href=\"https:\/\/www.flickr.com\/photos\/lyonelkaufmann\/17128274596\"><img data-recalc-dims=\"1\" loading=\"lazy\" decoding=\"async\" style=\"display: block; margin-left: auto; margin-right: auto;\" title=\"Canal Lachine\" src=\"https:\/\/i0.wp.com\/farm8.staticflickr.com\/7632\/17128274596_d7669b28e4_c.jpg?resize=800%2C532&#038;ssl=1\" alt=\"Canal Lachine\" width=\"800\" height=\"532\" border=\"0\"><\/a><\/p>\n<p>Sachant que je me rendais \u00e0 Montr\u00e9al fin mars, d\u00e8s que le th\u00e8me a \u00e9t\u00e9 choisi par Alban, j\u2019avais en t\u00eate le sujet de ma photo. Ce groupe de b\u00e2timents situ\u00e9 sur le canal Lachine.<\/p>\n<p>Il me reste \u00e0 conter l\u2019histoire industrielle de ce canal et son d\u00e9clin \u00e0 l\u2019aide de <a href=\"http:\/\/fr.wikipedia.org\/wiki\/Canal_de_Lachine\">l\u2019article de Wikipedia<\/a> qui lui est consacr\u00e9 :<\/p>\n<blockquote><p>\nLe canal de Lachine est un canal traversant la section sud-ouest de l&rsquo;\u00eele de Montr\u00e9al entre le lac Saint-Louis et le Vieux Port. Il a jou\u00e9 un r\u00f4le important dans le d\u00e9veloppement de Montr\u00e9al et a \u00e9t\u00e9 d\u00e9sign\u00e9 comme lieu historique national du Canada en 1996. Une piste cyclable et p\u00e9destre longe aujourd\u2019hui les berges, et le canal est rouvert \u00e0 la navigation de plaisance depuis 2002.<\/p>\n<p>D\u00e8s le 17e si\u00e8cle, le gouvernement de la colonie fran\u00e7aise planifie un canal dans la vall\u00e9e de la rivi\u00e8re Saint-Pierre afin de contourner les rapides de Lachine.&nbsp;Finalement, c&rsquo;est en 1821, \u00e0 la suite de la pression des marchands montr\u00e9alais, que la construction est commenc\u00e9e. Le canal est inaugur\u00e9 en 1825. Le canal compte cinq \u00e9cluses sur 14,5 km, permettant de franchir une d\u00e9nivellation de 14 m\u00e8tres. Sa profondeur est alors de 1,4 m\u00e8tre.<\/p>\n<p>Le canal est doubl\u00e9 en largeur et en profondeur entre 1843 et 1848. La force motrice de son eau est alors commercialis\u00e9e sous la forme de \u00ablots hydrauliques\u00bb ce qui attire vite diverses industries dans les environs. Cette infrastructure joue ainsi un r\u00f4le important pour le d\u00e9veloppement \u00e9conomique de Montr\u00e9al, car les entreprises avoisinantes emploient pr\u00e8s de 25 000 travailleurs \u00e0 son apog\u00e9e.<\/p>\n<p>Rel\u00e9gu\u00e9 au second plan apr\u00e8s l&rsquo;ouverture de la voie maritime du fleuve Saint-Laurent, qui a lieu en 1959, c&rsquo;est finalement en 1970 que le canal ferme ses portes \u00e0 la navigation. Le courant d\u00e9j\u00e0 amorc\u00e9 depuis les ann\u00e9es 1960, de nombreuses industries ferment leurs portes et pr\u00e8s de 20 000 personnes se retrouvent au ch\u00f4mage. Le canal est rouvert pour la navigation de plaisance en 2002.\n<\/p><\/blockquote>\n<p>L\u2019interpr\u00e9tation du th\u00e8me par les autres participants :&nbsp;<a href=\"http:\/\/leblogdekat.com\" target=\"_blank\">A&rsquo;icha<\/a>, <a href=\"http:\/\/akai-inthesky.blogspot.com\" target=\"_blank\">Akaieric<\/a>, <a href=\"http:\/\/cocovin.net\/\" target=\"_blank\">Alban<\/a>, <a href=\"http:\/\/www.unitedstatesofparis.com\" target=\"_blank\">Alexinparis<\/a>, <a href=\"http:\/\/wonderlandalice.wordpress.com\/\" target=\"_blank\">Alice Wonderland<\/a>, <a href=\"http:\/\/woad.fr\/category\/photo-du-mois\/\" target=\"_blank\">Amy<\/a>, <a href=\"http:\/\/www.chiffonsandco.fr\" target=\"_blank\">Arwen<\/a>, <a href=\"http:\/\/derriere-mes-yeux.blogspot.fr\/\" target=\"_blank\">Aude<\/a>, <a href=\"http:\/\/mytravelswithlove.blogspot.fr\/\" target=\"_blank\">Autour de Cia<\/a>, <a href=\"http:\/\/monbeaumanoir.wordpress.com\/\" target=\"_blank\">Ava<\/a>, <a href=\"http:\/\/sublime-essence.over-blog.com\" target=\"_blank\">Bestofava<\/a>, <a href=\"http:\/\/toxiq.canalblog.com\" target=\"_blank\">BiGBuGS<\/a>, <a href=\"http:\/\/blogoth67.wordpress.com\" target=\"_blank\">Blogoth67<\/a>, <a href=\"http:\/\/brindille33.wordpress.com\/\" target=\"_blank\">Brindille<\/a>, <a href=\"http:\/\/calamonique.com\/\" target=\"_blank\">Calamonique<\/a>, <a href=\"http:\/\/c-est-reparti.blogspot.com\/\" target=\"_blank\">Cara<\/a>, <a href=\"http:\/\/cetomontreal.com\/\" target=\"_blank\">CetO<\/a>, <a href=\"http:\/\/champagnefraise.wordpress.com\" target=\"_blank\">Champagne<\/a>, <a href=\"http:\/\/imageschatbleu.canalblog.com\/\" target=\"_blank\">Chat bleu<\/a>, <a href=\"http:\/\/mysweetescape.fr\/\" target=\"_blank\">Chlo\u00e9<\/a>, <a href=\"http:\/\/suissexpress.wordpress.com\/\" target=\"_blank\">Christophe<\/a>, <a href=\"http:\/\/www.claires-blog.com\" target=\"_blank\">Claire&rsquo;s Blog<\/a>, <a href=\"http:\/\/cpiro.wpweb.fr\/\" target=\"_blank\">C\u00e9cileP<\/a>, <a href=\"http:\/\/enilecenna.blogspot.fr\/\" target=\"_blank\">C\u00e9line<\/a>, <a href=\"http:\/\/frenchiesinparis.over-blog.com\" target=\"_blank\">C\u00e9line in Paris<\/a>, <a href=\"http:\/\/www.dameskarlette.com\/\" target=\"_blank\">Dame Skarlette<\/a>, <a href=\"http:\/\/mapassionbento.blogspot.fr\/\" target=\"_blank\">DelphineF<\/a>, <a href=\"http:\/\/aufildesvues.canalblog.com\/\" target=\"_blank\">Dom-Aufildesvues<\/a>, <a href=\"http:\/\/elpadawan.wordpress.com\" target=\"_blank\">El Padawan<\/a>, <a href=\"http:\/\/lirerelire.blogspot.fr\" target=\"_blank\">Estelle<\/a>, <a href=\"http:\/\/occident-express.hautetfort.com\" target=\"_blank\">Eurydice<\/a>, <a href=\"http:\/\/inside-expat.com\" target=\"_blank\">Eva INside-EXpat<\/a>, <a href=\"http:\/\/fanfanraccoons.blogspot.com\" target=\"_blank\">Fanfan Raccoon<\/a>, <a href=\"http:\/\/vudubalcon.blogspot.fr\" target=\"_blank\">Fran\u00e7ois le Ni\u00e7ois<\/a>, <a href=\"http:\/\/zoursland.com\" target=\"_blank\">Fr\u00e9d\u00e9ric<\/a>, <a href=\"http:\/\/souslesgalets.blogspot.com\" target=\"_blank\">Gal\u00e9a<\/a>, <a href=\"http:\/\/www.legaletas.net\/blog\/index.php\" target=\"_blank\">Gilsoub<\/a>, <a href=\"http:\/\/lafeedulogis43.over-blog.fr\" target=\"_blank\">Giselle 43<\/a>, <a href=\"http:\/\/vraiefiction.blogspot.com\" target=\"_blank\">Guillaume<\/a>, <a href=\"http:\/\/homeos-tasie.blogspot.fr\/\" target=\"_blank\">Homeos-tasie<\/a>, <a href=\"http:\/\/irissousmonarbre.blogspot.ch\/\" target=\"_blank\">Iris<\/a>, <a href=\"http:\/\/isaquarel.canalblog.com\/archives\/la_photo_du_mois\/index.html\" target=\"_blank\">Isaquarel<\/a>, <a href=\"http:\/\/waterfordmaville.over-blog.com\/\" target=\"_blank\">J&rsquo;habite \u00e0 Waterford<\/a>, <a href=\"http:\/\/josydhoest.wordpress.com\/\" target=\"_blank\">Josette<\/a>, <a href=\"http:\/\/lachataignesauvage.over-blog.com\/categorie-12516589.html\" target=\"_blank\">Josiane<\/a>, <a href=\"http:\/\/www.journaldunenicoise.com\" target=\"_blank\">Journal d&rsquo;une Ni\u00e7oise<\/a>, <a href=\"http:\/\/toulonbyjulia.com\/blogtoulon\/\" target=\"_blank\">Julia<\/a>, <a href=\"http:\/\/cupsofenglishtea.com\/\" target=\"_blank\">Kenza<\/a>, <a href=\"http:\/\/www.kkhuete-en-bretannie.fr\/\" target=\"_blank\">KK-hu\u00e8te En Bretannie<\/a>, <a href=\"http:\/\/koalisa.com\/\" target=\"_blank\">Koalisa<\/a>, <a href=\"http:\/\/krn-defouloir.blogspot.com\" target=\"_blank\">Krn<\/a>, <a href=\"http:\/\/www.lafilledelair.com\/blog\/la-photo-du-mois\/\" target=\"_blank\">La Fille de l&rsquo;Air<\/a>, <a href=\"http:\/\/laudesmontagnes.wordpress.com\/\" target=\"_blank\">Lau* des montagnes<\/a>, <a href=\"http:\/\/www.laulinea.com\/\" target=\"_blank\">Laulinea<\/a>, <a href=\"http:\/\/www.malaxi.net\" target=\"_blank\">Laurent Nicolas<\/a>, <a href=\"http:\/\/lorgnettedunjour.canalblog.com\/\" target=\"_blank\">Lavandine<\/a>, <a href=\"http:\/\/www.mon-ecrin-de-passions.com\/\" target=\"_blank\">Lavandine83<\/a>, <a href=\"http:\/\/www.lesbonheurs.fr\/\" target=\"_blank\">Les bonheurs d&rsquo;Anne &amp; Alex<\/a>, <a href=\"http:\/\/www.lesfillesduweb.com\" target=\"_blank\">Les Filles du Web<\/a>, <a href=\"http:\/\/www.jenaique2pieds.blogspot.com\" target=\"_blank\">Loulou<\/a>, <a href=\"http:\/\/luckasetmoi.blogspot.fr\/\" target=\"_blank\">Luckasetmoi<\/a>, <a href=\"https:\/\/lyonelkaufmann.ch\/Blog\/category\/photo-du-mois\/\" target=\"_blank\">Lyonelk<\/a>, <a href=\"http:\/\/anteketborka.blogspot.com\" target=\"_blank\">magda627<\/a>, <a href=\"http:\/\/chezmamysoren.over-blog.com\" target=\"_blank\">Mamysoren<\/a>, <a href=\"http:\/\/mauricemonamour.blogspot.fr\/\" target=\"_blank\">MauriceMonAmour<\/a>, <a href=\"http:\/\/www.memoriesfromanywhere.fr\/\" target=\"_blank\">Memories from anywhere<\/a>, <a href=\"http:\/\/www.lagaleriemilla.blogspot.fr\/\" target=\"_blank\">Milla la galerie<\/a>, <a href=\"http:\/\/bonsbaisersdaustralie.wordpress.com\/category\/la-photo-du-mois\/\" target=\"_blank\">MissCarole<\/a>, <a href=\"http:\/\/morganebyloosphoto.wordpress.com\" target=\"_blank\">Morgane Byloos Photography<\/a>, <a href=\"http:\/\/www.my-little-reflex.com\/blog\/la-photo-du-mois\/\" target=\"_blank\">My Little Reflex<\/a>, <a href=\"http:\/\/www.mylittleroad.com\/\" target=\"_blank\">MyLittleRoad<\/a>, <a href=\"http:\/\/1jalf.blogspot.ca\/\" target=\"_blank\">Nanouk<\/a>, <a href=\"http:\/\/clicpassion.canalblog.com\" target=\"_blank\">Nicky<\/a>, <a href=\"http:\/\/lifeizbeautiful.over-blog.com\/\" target=\"_blank\">Noz &amp; &lsquo;Lo<\/a>, <a href=\"http:\/\/philae.over-blog.com\" target=\"_blank\">Philae<\/a>, <a href=\"http:\/\/jemelivre.blogspot.fr\/\" target=\"_blank\">Philisine Cave<\/a>, <a href=\"http:\/\/pilisi.over-blog.com\/tag\/Photo%20du%20mois\/\" target=\"_blank\">Pilisi<\/a>, <a href=\"http:\/\/www.pixeline.fr\/tag\/photo-du-mois\/\" target=\"_blank\">Pixeline<\/a>, <a href=\"http:\/\/blog.lesprincessesdemarie.com\/\" target=\"_blank\">princesse Emalia<\/a>, <a href=\"http:\/\/renepaulhenry.blogspot.com\" target=\"_blank\">Renepaulhenry<\/a>, <a href=\"http:\/\/rosa888.canalblog.com\/\" target=\"_blank\">Rosa<\/a>, <a href=\"http:\/\/rythme-indigo.blogspot.com\" target=\"_blank\">Rythme Indigo<\/a>, <a href=\"http:\/\/www.salondetheberlinois.com\/\" target=\"_blank\">Salon de Th\u00e9<\/a>, <a href=\"http:\/\/blablabazar.over-blog.com\/\" target=\"_blank\">Sandrine<\/a>, <a href=\"http:\/\/sinuaisons.wordpress.com\/category\/la-photo-du-mois\/\" target=\"_blank\">Sinuaisons<\/a>, <a href=\"http:\/\/naichatime.com\" target=\"_blank\">Suki<\/a>, <a href=\"http:\/\/tambour-major.blogspot.ca\/search\/label\/La%20photo%20du%20mois\" target=\"_blank\">Tambour Major<\/a>, <a href=\"http:\/\/www.testinaute.com\/\" target=\"_blank\">Testinaute<\/a>, <a href=\"http:\/\/macatou.wordpress.com\/\" target=\"_blank\">Thalie<\/a>, <a href=\"http:\/\/tuxana.blogspot.ca\/\" target=\"_blank\">Tuxana<\/a>, <a href=\"http:\/\/utopique-lily.blogspot.com\" target=\"_blank\">Utopique-Lily<\/a>, <a href=\"http:\/\/woocares.wordpress.com\/\" target=\"_blank\">Woocares<\/a>, <a href=\"http:\/\/xoliv.blogspot.fr\" target=\"_blank\">Xoliv&rsquo;<\/a>, <a href=\"http:\/\/yvettelachouette.com\/\" target=\"_blank\">Yvette la Chouette<\/a>.<\/p>\n","protected":false},"excerpt":{"rendered":"<p>Le th\u00e8me du mois \u00absigne du d\u00e9clin industriel\u00bb a \u00e9t\u00e9 choisi par Alban (http:\/\/cocovin.net\/). Mon interpr\u00e9tation du th\u00e8me : Sachant que je me rendais \u00e0 Montr\u00e9al fin mars, d\u00e8s que le th\u00e8me a \u00e9t\u00e9 choisi par Alban, j\u2019avais en t\u00eate le sujet de ma photo. Ce groupe de b\u00e2timents situ\u00e9 sur le canal Lachine. Il [&hellip;]<\/p>\n","protected":false},"author":1,"featured_media":14844,"comment_status":"open","ping_status":"open","sticky":false,"template":"","format":"standard","meta":{"_import_markdown_pro_load_document_selector":0,"_import_markdown_pro_submit_text_textarea":"","_genesis_hide_title":false,"_genesis_hide_breadcrumbs":false,"_genesis_hide_singular_image":false,"_genesis_hide_footer_widgets":false,"_genesis_custom_body_class":"","_genesis_custom_post_class":"","_genesis_layout":"","jetpack_post_was_ever_published":false,"_jetpack_newsletter_access":"","_jetpack_dont_email_post_to_subs":false,"_jetpack_newsletter_tier_id":0,"_jetpack_memberships_contains_paywalled_content":false,"_jetpack_memberships_contains_paid_content":false,"activitypub_content_warning":"","activitypub_content_visibility":"","activitypub_max_image_attachments":3,"activitypub_interaction_policy_quote":"anyone","activitypub_status":"","footnotes":"","jetpack_publicize_message":"","jetpack_publicize_feature_enabled":true,"jetpack_social_post_already_shared":true,"jetpack_social_options":{"image_generator_settings":{"template":"fullscreen","default_image_id":0,"font":"","enabled":false},"version":2}},"categories":[4],"tags":[],"class_list":{"0":"post-14760","1":"post","2":"type-post","3":"status-publish","4":"format-standard","5":"has-post-thumbnail","7":"category-photo-du-mois","8":"entry"},"jetpack_publicize_connections":[],"featured_image_src":"https:\/\/i0.wp.com\/lyonelkaufmann.ch\/Blog\/wp-content\/uploads\/2015\/04\/17128274596_d7669b28e4_c.jpg?resize=600%2C400&ssl=1","featured_image_src_square":"https:\/\/i0.wp.com\/lyonelkaufmann.ch\/Blog\/wp-content\/uploads\/2015\/04\/17128274596_d7669b28e4_c.jpg?resize=600%2C532&ssl=1","author_info":{"display_name":"Lyonel Kaufmann","author_link":"https:\/\/lyonelkaufmann.ch\/Blog\/author\/lyonelk\/"},"jetpack_featured_media_url":"https:\/\/i0.wp.com\/lyonelkaufmann.ch\/Blog\/wp-content\/uploads\/2015\/04\/17128274596_d7669b28e4_c.jpg?fit=800%2C532&ssl=1","jetpack_sharing_enabled":true,"jetpack_shortlink":"https:\/\/wp.me\/p1qtF4-3Q4","jetpack-related-posts":[{"id":17936,"url":"https:\/\/lyonelkaufmann.ch\/Blog\/2017\/01\/15\/street-art-photo-du-mois\/","url_meta":{"origin":14760,"position":0},"title":"Street Art | Photo du mois","author":"Lyonel Kaufmann","date":"15 janvier 2017","format":false,"excerpt":"Le th\u00e8me du mois \"Le street art\" a \u00e9t\u00e9 choisi par Who cares? (http:\/\/who-cares.fr\/). Note de l'auteur-e: Le street art, ou art urbain, est de plus en plus \u00e0 la mode, et il peut rev\u00eatir diverses formes : la peinture bien s\u00fbr (avec le graffiti ou les fresques), mais aussi\u2026","rel":"","context":"Dans &quot;Photo du mois&quot;","block_context":{"text":"Photo du mois","link":"https:\/\/lyonelkaufmann.ch\/Blog\/category\/photo-du-mois\/"},"img":{"alt_text":"","src":"https:\/\/i0.wp.com\/lyonelkaufmann.ch\/Blog\/wp-content\/uploads\/2017\/01\/IMGP2469.jpg?fit=1200%2C801&ssl=1&resize=350%2C200","width":350,"height":200,"srcset":"https:\/\/i0.wp.com\/lyonelkaufmann.ch\/Blog\/wp-content\/uploads\/2017\/01\/IMGP2469.jpg?fit=1200%2C801&ssl=1&resize=350%2C200 1x, https:\/\/i0.wp.com\/lyonelkaufmann.ch\/Blog\/wp-content\/uploads\/2017\/01\/IMGP2469.jpg?fit=1200%2C801&ssl=1&resize=525%2C300 1.5x, https:\/\/i0.wp.com\/lyonelkaufmann.ch\/Blog\/wp-content\/uploads\/2017\/01\/IMGP2469.jpg?fit=1200%2C801&ssl=1&resize=700%2C400 2x, https:\/\/i0.wp.com\/lyonelkaufmann.ch\/Blog\/wp-content\/uploads\/2017\/01\/IMGP2469.jpg?fit=1200%2C801&ssl=1&resize=1050%2C600 3x"},"classes":[]},{"id":10022,"url":"https:\/\/lyonelkaufmann.ch\/Blog\/2013\/07\/13\/velo-montreal-quebec-2013\/","url_meta":{"origin":14760,"position":1},"title":"V\u00e9lo @ Montr\u00e9al | Qu\u00e9bec 2013","author":"Lyonel Kaufmann","date":"13 juillet 2013","format":"gallery","excerpt":"Montr\u00e9al ville du v\u00e9lo, cela peut surprendre, mais c'est vrai. C'est m\u00eame un moyen de transport tr\u00e8s int\u00e9ressant pour la visiter. Pour notre deuxi\u00e8me jour \u00e0 Montr\u00e9al, nous avons lou\u00e9 des v\u00e9los @http:\/\/www.caroulemontreal.com\/fr\/ qui est sur le Vieux Port. Mieux que l'\u00e9quivalent montr\u00e9alais des V\u00e9loPass, ils seront vous conseiller pour\u2026","rel":"","context":"Dans &quot;Roadbook&quot;","block_context":{"text":"Roadbook","link":"https:\/\/lyonelkaufmann.ch\/Blog\/category\/roadbook\/"},"img":{"alt_text":"","src":"https:\/\/i0.wp.com\/lyonelkaufmann.ch\/Blog\/wp-content\/uploads\/2015\/03\/20130713-100626.jpg?fit=640%2C480&ssl=1&resize=350%2C200","width":350,"height":200,"srcset":"https:\/\/i0.wp.com\/lyonelkaufmann.ch\/Blog\/wp-content\/uploads\/2015\/03\/20130713-100626.jpg?fit=640%2C480&ssl=1&resize=350%2C200 1x, https:\/\/i0.wp.com\/lyonelkaufmann.ch\/Blog\/wp-content\/uploads\/2015\/03\/20130713-100626.jpg?fit=640%2C480&ssl=1&resize=525%2C300 1.5x"},"classes":[]},{"id":18234,"url":"https:\/\/lyonelkaufmann.ch\/Blog\/2017\/07\/15\/provocation-photo-du-mois\/","url_meta":{"origin":14760,"position":2},"title":"Provocation | Photo du mois","author":"Lyonel Kaufmann","date":"15 juillet 2017","format":false,"excerpt":"Le th\u00e8me de la photo du mois Provocation\u00a0a \u00e9t\u00e9 choisi par Morgane Byloos Photography (http:\/\/morganebyloosphoto.wordpress.com). Note de l\u2019auteur-e : dans tous les sens du terme Mon interpr\u00e9tation du th\u00e8me : \u00a0 Est-ce le choix de la photo qui est en soi une provocation par rapport au th\u00e8me choisi ? Est-ce\u2026","rel":"","context":"Dans &quot;Photo du mois&quot;","block_context":{"text":"Photo du mois","link":"https:\/\/lyonelkaufmann.ch\/Blog\/category\/photo-du-mois\/"},"img":{"alt_text":"","src":"https:\/\/i0.wp.com\/lyonelkaufmann.ch\/Blog\/wp-content\/uploads\/2017\/07\/image.jpg?fit=1200%2C800&ssl=1&resize=350%2C200","width":350,"height":200,"srcset":"https:\/\/i0.wp.com\/lyonelkaufmann.ch\/Blog\/wp-content\/uploads\/2017\/07\/image.jpg?fit=1200%2C800&ssl=1&resize=350%2C200 1x, https:\/\/i0.wp.com\/lyonelkaufmann.ch\/Blog\/wp-content\/uploads\/2017\/07\/image.jpg?fit=1200%2C800&ssl=1&resize=525%2C300 1.5x, https:\/\/i0.wp.com\/lyonelkaufmann.ch\/Blog\/wp-content\/uploads\/2017\/07\/image.jpg?fit=1200%2C800&ssl=1&resize=700%2C400 2x, https:\/\/i0.wp.com\/lyonelkaufmann.ch\/Blog\/wp-content\/uploads\/2017\/07\/image.jpg?fit=1200%2C800&ssl=1&resize=1050%2C600 3x"},"classes":[]},{"id":12456,"url":"https:\/\/lyonelkaufmann.ch\/Blog\/2015\/03\/15\/mais-keskece-photo-du-mois\/","url_meta":{"origin":14760,"position":3},"title":"\u00ab Mais\u2026 kesk\u00e9c\u00e9 ? \u00bb | Photo du mois","author":"Lyonel Kaufmann","date":"15 mars 2015","format":false,"excerpt":"Le th\u00e8me du mois, \u00ab Mais\u2026 kesk\u00e9c\u00e9 ? \u00bb, a \u00e9t\u00e9 choisi par Eric Milesi (http:\/\/akai-inthesky.blogspot.com). Sa pr\u00e9sentation du th\u00e8me : Oui alors, si je comprends bien, c\u2019est \u00e0 moi de choisir le th\u00e8me de la photo du mois de Mars ? Je vous pr\u00e9viens \u00e7a va \u00eatre tordu! Alors\u2026","rel":"","context":"Dans &quot;Photo du mois&quot;","block_context":{"text":"Photo du mois","link":"https:\/\/lyonelkaufmann.ch\/Blog\/category\/photo-du-mois\/"},"img":{"alt_text":"","src":"https:\/\/i0.wp.com\/lyonelkaufmann.ch\/Blog\/wp-content\/uploads\/2015\/03\/IMGP0881.jpg?fit=796%2C1200&ssl=1&resize=350%2C200","width":350,"height":200,"srcset":"https:\/\/i0.wp.com\/lyonelkaufmann.ch\/Blog\/wp-content\/uploads\/2015\/03\/IMGP0881.jpg?fit=796%2C1200&ssl=1&resize=350%2C200 1x, https:\/\/i0.wp.com\/lyonelkaufmann.ch\/Blog\/wp-content\/uploads\/2015\/03\/IMGP0881.jpg?fit=796%2C1200&ssl=1&resize=525%2C300 1.5x, https:\/\/i0.wp.com\/lyonelkaufmann.ch\/Blog\/wp-content\/uploads\/2015\/03\/IMGP0881.jpg?fit=796%2C1200&ssl=1&resize=700%2C400 2x"},"classes":[]},{"id":16493,"url":"https:\/\/lyonelkaufmann.ch\/Blog\/2016\/05\/15\/linfini-la-photo-du-mois\/","url_meta":{"origin":14760,"position":4},"title":"L&rsquo;infini | La Photo du mois","author":"Lyonel Kaufmann","date":"15 mai 2016","format":false,"excerpt":"Ce mois, le th\u00e8me Infini a \u00e9t\u00e9 choisi par Christophe (http:\/\/suissexpress.wordpress.com) Son commentaire : J'ai choisi de vous proposer le th\u00e8me suivant: infini. Vous \u00eates totalement libre d'interpr\u00e9ter l'infini comme bon vous semble: philosophiquement, math\u00e9matiquement, etc... Mon interpr\u00e9tation du th\u00e8me : Pour ma part, j'ai choisi une photo de paysage\u2026","rel":"","context":"Dans &quot;Photo du mois&quot;","block_context":{"text":"Photo du mois","link":"https:\/\/lyonelkaufmann.ch\/Blog\/category\/photo-du-mois\/"},"img":{"alt_text":"","src":"https:\/\/i0.wp.com\/lyonelkaufmann.ch\/Blog\/wp-content\/uploads\/2016\/05\/image-7.jpeg?fit=1200%2C800&ssl=1&resize=350%2C200","width":350,"height":200,"srcset":"https:\/\/i0.wp.com\/lyonelkaufmann.ch\/Blog\/wp-content\/uploads\/2016\/05\/image-7.jpeg?fit=1200%2C800&ssl=1&resize=350%2C200 1x, https:\/\/i0.wp.com\/lyonelkaufmann.ch\/Blog\/wp-content\/uploads\/2016\/05\/image-7.jpeg?fit=1200%2C800&ssl=1&resize=525%2C300 1.5x, https:\/\/i0.wp.com\/lyonelkaufmann.ch\/Blog\/wp-content\/uploads\/2016\/05\/image-7.jpeg?fit=1200%2C800&ssl=1&resize=700%2C400 2x, https:\/\/i0.wp.com\/lyonelkaufmann.ch\/Blog\/wp-content\/uploads\/2016\/05\/image-7.jpeg?fit=1200%2C800&ssl=1&resize=1050%2C600 3x"},"classes":[]},{"id":18501,"url":"https:\/\/lyonelkaufmann.ch\/Blog\/2017\/10\/15\/innovation-la-photo-du-mois\/","url_meta":{"origin":14760,"position":5},"title":"Innovation | La photo du mois","author":"Lyonel Kaufmann","date":"15 octobre 2017","format":false,"excerpt":"Le th\u00e8me du mois l\u2019innovation a \u00e9t\u00e9 choisi par Cricriyom from Paris (http:\/\/www.cricriyomfromparis.com\/search\/label\/La%20photo%20du%20mois) Explication : Comment pouvons-nous mettre en valeur l'innovation, la cr\u00e9ation collective, le eureka des temps modernes ? Mon interpr\u00e9tation du th\u00e8me : Photo prise en ao\u00fbt 2017 lors de l\u2019Universit\u00e9o d\u2019\u00e9t\u00e9 Ludovia, consacr\u00e9e au num\u00e9rique. A l\u2019occasion\u2026","rel":"","context":"Dans &quot;Photo du mois&quot;","block_context":{"text":"Photo du mois","link":"https:\/\/lyonelkaufmann.ch\/Blog\/category\/photo-du-mois\/"},"img":{"alt_text":"","src":"https:\/\/i0.wp.com\/lyonelkaufmann.ch\/Blog\/wp-content\/uploads\/2017\/10\/imgp7428.jpg?fit=1200%2C800&ssl=1&resize=350%2C200","width":350,"height":200,"srcset":"https:\/\/i0.wp.com\/lyonelkaufmann.ch\/Blog\/wp-content\/uploads\/2017\/10\/imgp7428.jpg?fit=1200%2C800&ssl=1&resize=350%2C200 1x, https:\/\/i0.wp.com\/lyonelkaufmann.ch\/Blog\/wp-content\/uploads\/2017\/10\/imgp7428.jpg?fit=1200%2C800&ssl=1&resize=525%2C300 1.5x, https:\/\/i0.wp.com\/lyonelkaufmann.ch\/Blog\/wp-content\/uploads\/2017\/10\/imgp7428.jpg?fit=1200%2C800&ssl=1&resize=700%2C400 2x, https:\/\/i0.wp.com\/lyonelkaufmann.ch\/Blog\/wp-content\/uploads\/2017\/10\/imgp7428.jpg?fit=1200%2C800&ssl=1&resize=1050%2C600 3x"},"classes":[]}],"jetpack_likes_enabled":true,"_links":{"self":[{"href":"https:\/\/lyonelkaufmann.ch\/Blog\/wp-json\/wp\/v2\/posts\/14760","targetHints":{"allow":["GET"]}}],"collection":[{"href":"https:\/\/lyonelkaufmann.ch\/Blog\/wp-json\/wp\/v2\/posts"}],"about":[{"href":"https:\/\/lyonelkaufmann.ch\/Blog\/wp-json\/wp\/v2\/types\/post"}],"author":[{"embeddable":true,"href":"https:\/\/lyonelkaufmann.ch\/Blog\/wp-json\/wp\/v2\/users\/1"}],"replies":[{"embeddable":true,"href":"https:\/\/lyonelkaufmann.ch\/Blog\/wp-json\/wp\/v2\/comments?post=14760"}],"version-history":[{"count":0,"href":"https:\/\/lyonelkaufmann.ch\/Blog\/wp-json\/wp\/v2\/posts\/14760\/revisions"}],"wp:featuredmedia":[{"embeddable":true,"href":"https:\/\/lyonelkaufmann.ch\/Blog\/wp-json\/wp\/v2\/media\/14844"}],"wp:attachment":[{"href":"https:\/\/lyonelkaufmann.ch\/Blog\/wp-json\/wp\/v2\/media?parent=14760"}],"wp:term":[{"taxonomy":"category","embeddable":true,"href":"https:\/\/lyonelkaufmann.ch\/Blog\/wp-json\/wp\/v2\/categories?post=14760"},{"taxonomy":"post_tag","embeddable":true,"href":"https:\/\/lyonelkaufmann.ch\/Blog\/wp-json\/wp\/v2\/tags?post=14760"}],"curies":[{"name":"wp","href":"https:\/\/api.w.org\/{rel}","templated":true}]}}