{"id":14780,"date":"2015-04-05T02:50:07","date_gmt":"2015-04-05T01:50:07","guid":{"rendered":"https:\/\/lyonelkaufmann.ch\/Blog\/?p=14780"},"modified":"2015-04-08T04:22:01","modified_gmt":"2015-04-08T03:22:01","slug":"quebec-sous-la-neige-quebec-2015","status":"publish","type":"post","link":"https:\/\/lyonelkaufmann.ch\/Blog\/2015\/04\/05\/quebec-sous-la-neige-quebec-2015\/","title":{"rendered":"Qu\u00e9bec sous la neige |\u00a0Qu\u00e9bec 2015"},"content":{"rendered":"<p><strong>En ce jeudi 2 avril, le colloque de l\u2019AQUOPS vit ses derniers instants. Avant de reprendre le train, nous red\u00e9couvrons Qu\u00e9bec sous un manteau blanc. La neige nous a accueilli \u00e0 notre arriv\u00e9e et elle nous raccompagne \u00e0 notre d\u00e9part\u2026\u00a0<\/strong><\/p>\n<p><a title=\"View 'NeigeQuebec3' on Flickr.com\" href=\"https:\/\/www.flickr.com\/photos\/lyonelkaufmann\/17010198596\"><img data-recalc-dims=\"1\" loading=\"lazy\" decoding=\"async\" style=\"display: block; margin-left: auto; margin-right: auto;\" title=\"NeigeQuebec3\" src=\"https:\/\/i0.wp.com\/farm8.staticflickr.com\/7646\/17010198596_09dde7f9e9_c.jpg?resize=800%2C532&#038;ssl=1\" alt=\"NeigeQuebec3\" width=\"800\" height=\"532\" border=\"0\" \/><\/a><\/p>\n<p style=\"text-align: center;\">Le d\u00e9part du funiculaire donnant sur le Saint-Laurent et surplombant le quartier du Petit Champlin<\/p>\n<p style=\"text-align: center;\"><a title=\"View 'NeigeQuebec2' on Flickr.com\" href=\"https:\/\/www.flickr.com\/photos\/lyonelkaufmann\/16413763064\"><img data-recalc-dims=\"1\" loading=\"lazy\" decoding=\"async\" style=\"display: block; margin-left: auto; margin-right: auto;\" title=\"NeigeQuebec2\" src=\"https:\/\/i0.wp.com\/farm8.staticflickr.com\/7634\/16413763064_c1f0963456_c.jpg?resize=532%2C800&#038;ssl=1\" alt=\"NeigeQuebec2\" width=\"532\" height=\"800\" border=\"0\" \/><\/a><\/p>\n<p style=\"text-align: center;\">Le ch\u00e2teau Frontenac et la terrasse Dufferin<\/p>\n<p style=\"text-align: center;\"><a title=\"View 'NeigeQuebec1' on Flickr.com\" href=\"https:\/\/www.flickr.com\/photos\/lyonelkaufmann\/16848660930\"><img data-recalc-dims=\"1\" loading=\"lazy\" decoding=\"async\" style=\"display: block; margin-left: auto; margin-right: auto;\" title=\"NeigeQuebec1\" src=\"https:\/\/i0.wp.com\/farm9.staticflickr.com\/8724\/16848660930_61d9d31157_c.jpg?resize=800%2C532&#038;ssl=1\" alt=\"NeigeQuebec1\" width=\"800\" height=\"532\" border=\"0\" \/><\/a><\/p>\n<p style=\"text-align: center;\">Vue sur le quartier du Petit Champlin, le Saint-Laurent et Levi.<\/p>\n","protected":false},"excerpt":{"rendered":"<p>En ce jeudi 2 avril, le colloque de l\u2019AQUOPS vit ses derniers instants. Avant de reprendre le train, nous red\u00e9couvrons Qu\u00e9bec sous un manteau blanc. La neige nous a accueilli \u00e0 notre arriv\u00e9e et elle nous raccompagne \u00e0 notre d\u00e9part\u2026\u00a0 Le d\u00e9part du funiculaire donnant sur le Saint-Laurent et surplombant le quartier du Petit Champlin [&hellip;]<\/p>\n","protected":false},"author":1,"featured_media":14781,"comment_status":"open","ping_status":"open","sticky":false,"template":"","format":"standard","meta":{"_import_markdown_pro_load_document_selector":0,"_import_markdown_pro_submit_text_textarea":"","_genesis_hide_title":false,"_genesis_hide_breadcrumbs":false,"_genesis_hide_singular_image":false,"_genesis_hide_footer_widgets":false,"_genesis_custom_body_class":"","_genesis_custom_post_class":"","_genesis_layout":"","jetpack_post_was_ever_published":false,"_jetpack_newsletter_access":"","_jetpack_dont_email_post_to_subs":false,"_jetpack_newsletter_tier_id":0,"_jetpack_memberships_contains_paywalled_content":false,"_jetpack_memberships_contains_paid_content":false,"activitypub_content_warning":"","activitypub_content_visibility":"","activitypub_max_image_attachments":3,"activitypub_interaction_policy_quote":"anyone","activitypub_status":"","footnotes":"","jetpack_publicize_message":"","jetpack_publicize_feature_enabled":true,"jetpack_social_post_already_shared":true,"jetpack_social_options":{"image_generator_settings":{"template":"fullscreen","default_image_id":0,"font":"","enabled":false},"version":2}},"categories":[3,880,158],"tags":[1114,850,794],"class_list":{"0":"post-14780","1":"post","2":"type-post","3":"status-publish","4":"format-standard","5":"has-post-thumbnail","7":"category-blogcafe-2","8":"category-photo-du-jour","9":"category-roadbook","10":"tag-neige","11":"tag-quebec","12":"tag-roadbook","13":"entry"},"jetpack_publicize_connections":[],"featured_image_src":"https:\/\/i0.wp.com\/lyonelkaufmann.ch\/Blog\/wp-content\/uploads\/2015\/04\/17010198596_09dde7f9e9_c.jpg?resize=600%2C400&ssl=1","featured_image_src_square":"https:\/\/i0.wp.com\/lyonelkaufmann.ch\/Blog\/wp-content\/uploads\/2015\/04\/17010198596_09dde7f9e9_c.jpg?resize=600%2C532&ssl=1","author_info":{"display_name":"Lyonel Kaufmann","author_link":"https:\/\/lyonelkaufmann.ch\/Blog\/author\/lyonelk\/"},"jetpack_featured_media_url":"https:\/\/i0.wp.com\/lyonelkaufmann.ch\/Blog\/wp-content\/uploads\/2015\/04\/17010198596_09dde7f9e9_c.jpg?fit=800%2C532&ssl=1","jetpack_sharing_enabled":true,"jetpack_shortlink":"https:\/\/wp.me\/p1qtF4-3Qo","jetpack-related-posts":[{"id":23447,"url":"https:\/\/lyonelkaufmann.ch\/Blog\/2022\/11\/17\/s16-premiere-neige-montrealaise-16-11-2022\/","url_meta":{"origin":14780,"position":0},"title":"S16 \u2013 Premi\u00e8re neige montr\u00e9alaise (16.11.2022)","author":"Lyonel Kaufmann","date":"17 novembre 2022","format":false,"excerpt":"En ce mercredi 16 novembre, Montr\u00e9al a connu sa premi\u00e8re journ\u00e9e de chutes de neige de l'hiver 2002-2023. Dans le vieux Rosemont, je porte mes remiers regards sur le paysage montr\u00e9alais enrob\u00e9 de sa premi\u00e8re neige de l'hiver pr\u00e8s de \"chez moi\" dans Rosemont. Cela n\u2019a cependant pas emp\u00each\u00e9 certains\u2026","rel":"","context":"Dans &quot;Blogcaf\u00e9&quot;","block_context":{"text":"Blogcaf\u00e9","link":"https:\/\/lyonelkaufmann.ch\/Blog\/category\/blogcafe-2\/"},"img":{"alt_text":"","src":"https:\/\/i0.wp.com\/lyonelkaufmann.ch\/Blog\/wp-content\/uploads\/2022\/11\/DSC05730_web.jpg?fit=640%2C640&ssl=1&resize=350%2C200","width":350,"height":200,"srcset":"https:\/\/i0.wp.com\/lyonelkaufmann.ch\/Blog\/wp-content\/uploads\/2022\/11\/DSC05730_web.jpg?fit=640%2C640&ssl=1&resize=350%2C200 1x, https:\/\/i0.wp.com\/lyonelkaufmann.ch\/Blog\/wp-content\/uploads\/2022\/11\/DSC05730_web.jpg?fit=640%2C640&ssl=1&resize=525%2C300 1.5x"},"classes":[]},{"id":14784,"url":"https:\/\/lyonelkaufmann.ch\/Blog\/2015\/04\/05\/dans-le-train-quebec-montreal-quebec-2015\/","url_meta":{"origin":14780,"position":1},"title":"Dans le train Qu\u00e9bec-Montr\u00e9al | Qu\u00e9bec 2015","author":"Lyonel Kaufmann","date":"5 avril 2015","format":false,"excerpt":"Dans le train Qu\u00e9bec-Montr\u00e9al, nous avons la chance de profiter de la fin du jour et des beaut\u00e9 d'un paysage saupoudr\u00e9 de neige. Juste avant que la nuit tombe. Dans le Hall de la Gare de Qu\u00e9bec, nous avons le temps d'admirer son plafond monumental. Le nouveau Colis\u00e9e. Les Qu\u00e9b\u00e9cois\u2026","rel":"","context":"Dans &quot;Blogcaf\u00e9&quot;","block_context":{"text":"Blogcaf\u00e9","link":"https:\/\/lyonelkaufmann.ch\/Blog\/category\/blogcafe-2\/"},"img":{"alt_text":"","src":"https:\/\/i0.wp.com\/lyonelkaufmann.ch\/Blog\/wp-content\/uploads\/2015\/04\/16848909710_b8374d633c_z.jpg?fit=640%2C426&ssl=1&resize=350%2C200","width":350,"height":200,"srcset":"https:\/\/i0.wp.com\/lyonelkaufmann.ch\/Blog\/wp-content\/uploads\/2015\/04\/16848909710_b8374d633c_z.jpg?fit=640%2C426&ssl=1&resize=350%2C200 1x, https:\/\/i0.wp.com\/lyonelkaufmann.ch\/Blog\/wp-content\/uploads\/2015\/04\/16848909710_b8374d633c_z.jpg?fit=640%2C426&ssl=1&resize=525%2C300 1.5x"},"classes":[]},{"id":10138,"url":"https:\/\/lyonelkaufmann.ch\/Blog\/2013\/07\/29\/quebec-sous-la-lune-quebec-2013\/","url_meta":{"origin":14780,"position":2},"title":"Qu\u00e9bec sous la lune | Qu\u00e9bec 2013","author":"Lyonel Kaufmann","date":"29 juillet 2013","format":"gallery","excerpt":"Je vous propose une autre mani\u00e8re de voir la ville de Qu\u00e9bec et d'observer de nuit les lieux incontournables de la journ\u00e9e ainsi que d'autres. Avec la participation de la lune. Le Vieux-Port Le funiculaire Les escaliers du Petit Champlain. En direction du Moulin \u00e0 images. La pleine lune montre\u2026","rel":"","context":"Dans &quot;Roadbook&quot;","block_context":{"text":"Roadbook","link":"https:\/\/lyonelkaufmann.ch\/Blog\/category\/roadbook\/"},"img":{"alt_text":"","src":"https:\/\/i0.wp.com\/lyonelkaufmann.ch\/Blog\/wp-content\/uploads\/2015\/03\/20130729-223603.jpg?fit=640%2C480&ssl=1&resize=350%2C200","width":350,"height":200,"srcset":"https:\/\/i0.wp.com\/lyonelkaufmann.ch\/Blog\/wp-content\/uploads\/2015\/03\/20130729-223603.jpg?fit=640%2C480&ssl=1&resize=350%2C200 1x, https:\/\/i0.wp.com\/lyonelkaufmann.ch\/Blog\/wp-content\/uploads\/2015\/03\/20130729-223603.jpg?fit=640%2C480&ssl=1&resize=525%2C300 1.5x"},"classes":[]},{"id":25545,"url":"https:\/\/lyonelkaufmann.ch\/Blog\/2024\/07\/21\/gaspesie24-destination-gaspesie\/","url_meta":{"origin":14780,"position":3},"title":"#Gaspe\u0301sie24 Destination Gaspe\u0301sie","author":"Lyonel Kaufmann","date":"21 juillet 2024","format":false,"excerpt":"En 2013, lors de notre premier voyage d\u2019\u00e9t\u00e9 en compagnie de notre fils, nous avions d\u00fb faire un choix entre le Lac Saint-Jean\/Saguenay et la Gasp\u00e9sie. Et nous avions alors choisi le Lac Saint-Jean. En cette \u00e9t\u00e9 2024, nous avons \u00e0 nouveau l\u2019opportunit\u00e9 d\u2019un s\u00e9jour d\u2019\u00e9t\u00e9 prolong\u00e9, sans notre fils.\u2026","rel":"","context":"Dans &quot;Blogcaf\u00e9&quot;","block_context":{"text":"Blogcaf\u00e9","link":"https:\/\/lyonelkaufmann.ch\/Blog\/category\/blogcafe-2\/"},"img":{"alt_text":"","src":"https:\/\/i0.wp.com\/lyonelkaufmann.ch\/Blog\/wp-content\/uploads\/2024\/07\/img_7038.jpg?fit=1200%2C900&ssl=1&resize=350%2C200","width":350,"height":200,"srcset":"https:\/\/i0.wp.com\/lyonelkaufmann.ch\/Blog\/wp-content\/uploads\/2024\/07\/img_7038.jpg?fit=1200%2C900&ssl=1&resize=350%2C200 1x, https:\/\/i0.wp.com\/lyonelkaufmann.ch\/Blog\/wp-content\/uploads\/2024\/07\/img_7038.jpg?fit=1200%2C900&ssl=1&resize=525%2C300 1.5x, https:\/\/i0.wp.com\/lyonelkaufmann.ch\/Blog\/wp-content\/uploads\/2024\/07\/img_7038.jpg?fit=1200%2C900&ssl=1&resize=700%2C400 2x, https:\/\/i0.wp.com\/lyonelkaufmann.ch\/Blog\/wp-content\/uploads\/2024\/07\/img_7038.jpg?fit=1200%2C900&ssl=1&resize=1050%2C600 3x"},"classes":[]},{"id":11313,"url":"https:\/\/lyonelkaufmann.ch\/Blog\/2014\/03\/23\/roadbook-premiers-cols-de-lannee-2014\/","url_meta":{"origin":14780,"position":4},"title":"Roadbook : Premiers cols de l&rsquo;ann\u00e9e 2014","author":"Lyonel Kaufmann","date":"23 mars 2014","format":false,"excerpt":"En ce vendredi 21 mars, le soleil est de la partie en ce vendredi, mais par pour le week-end o\u00f9 pluie et neige sont attendues. Le d\u00e9part est fix\u00e9 en d\u00e9but d'apr\u00e8s-midi. Le trajet au final : LTP -Aigle - Col du Pillon - Thoune - col du Jaun -\u2026","rel":"","context":"Dans &quot;Blogcaf\u00e9&quot;","block_context":{"text":"Blogcaf\u00e9","link":"https:\/\/lyonelkaufmann.ch\/Blog\/category\/blogcafe-2\/"},"img":{"alt_text":"","src":"https:\/\/i0.wp.com\/lyonelkaufmann.ch\/Blog\/wp-content\/uploads\/2015\/02\/wpid-colpillon-2014-03-23-17-49.jpg?fit=1024%2C681&ssl=1&resize=350%2C200","width":350,"height":200,"srcset":"https:\/\/i0.wp.com\/lyonelkaufmann.ch\/Blog\/wp-content\/uploads\/2015\/02\/wpid-colpillon-2014-03-23-17-49.jpg?fit=1024%2C681&ssl=1&resize=350%2C200 1x, https:\/\/i0.wp.com\/lyonelkaufmann.ch\/Blog\/wp-content\/uploads\/2015\/02\/wpid-colpillon-2014-03-23-17-49.jpg?fit=1024%2C681&ssl=1&resize=525%2C300 1.5x, https:\/\/i0.wp.com\/lyonelkaufmann.ch\/Blog\/wp-content\/uploads\/2015\/02\/wpid-colpillon-2014-03-23-17-49.jpg?fit=1024%2C681&ssl=1&resize=700%2C400 2x"},"classes":[]},{"id":10105,"url":"https:\/\/lyonelkaufmann.ch\/Blog\/2013\/07\/22\/les-chutes-de-montmorency-quebec-2013\/","url_meta":{"origin":14780,"position":5},"title":"Les chutes de Montmorency | Qu\u00e9bec 2013","author":"Lyonel Kaufmann","date":"22 juillet 2013","format":"gallery","excerpt":"Apr\u00e8s deux nuits \u00e0 Tadoussac, le temps est venu de reprendre la route pour rejoindre la ville de Qu\u00e9bec. Avec une halte aux incroyables chutes de Montmorency. Pour nous rendre \u00e0 Qu\u00e9bec, nous devons d'abord franchir l'embouchure du fjord du Saguenay et rejoindre la baie de Sainte-Catherine. Une derni\u00e8re occasion\u2026","rel":"","context":"Dans &quot;Roadbook&quot;","block_context":{"text":"Roadbook","link":"https:\/\/lyonelkaufmann.ch\/Blog\/category\/roadbook\/"},"img":{"alt_text":"","src":"https:\/\/i0.wp.com\/lyonelkaufmann.ch\/Blog\/wp-content\/uploads\/2015\/03\/20130722-175318.jpg?fit=640%2C480&ssl=1&resize=350%2C200","width":350,"height":200,"srcset":"https:\/\/i0.wp.com\/lyonelkaufmann.ch\/Blog\/wp-content\/uploads\/2015\/03\/20130722-175318.jpg?fit=640%2C480&ssl=1&resize=350%2C200 1x, https:\/\/i0.wp.com\/lyonelkaufmann.ch\/Blog\/wp-content\/uploads\/2015\/03\/20130722-175318.jpg?fit=640%2C480&ssl=1&resize=525%2C300 1.5x"},"classes":[]}],"jetpack_likes_enabled":true,"_links":{"self":[{"href":"https:\/\/lyonelkaufmann.ch\/Blog\/wp-json\/wp\/v2\/posts\/14780","targetHints":{"allow":["GET"]}}],"collection":[{"href":"https:\/\/lyonelkaufmann.ch\/Blog\/wp-json\/wp\/v2\/posts"}],"about":[{"href":"https:\/\/lyonelkaufmann.ch\/Blog\/wp-json\/wp\/v2\/types\/post"}],"author":[{"embeddable":true,"href":"https:\/\/lyonelkaufmann.ch\/Blog\/wp-json\/wp\/v2\/users\/1"}],"replies":[{"embeddable":true,"href":"https:\/\/lyonelkaufmann.ch\/Blog\/wp-json\/wp\/v2\/comments?post=14780"}],"version-history":[{"count":0,"href":"https:\/\/lyonelkaufmann.ch\/Blog\/wp-json\/wp\/v2\/posts\/14780\/revisions"}],"wp:featuredmedia":[{"embeddable":true,"href":"https:\/\/lyonelkaufmann.ch\/Blog\/wp-json\/wp\/v2\/media\/14781"}],"wp:attachment":[{"href":"https:\/\/lyonelkaufmann.ch\/Blog\/wp-json\/wp\/v2\/media?parent=14780"}],"wp:term":[{"taxonomy":"category","embeddable":true,"href":"https:\/\/lyonelkaufmann.ch\/Blog\/wp-json\/wp\/v2\/categories?post=14780"},{"taxonomy":"post_tag","embeddable":true,"href":"https:\/\/lyonelkaufmann.ch\/Blog\/wp-json\/wp\/v2\/tags?post=14780"}],"curies":[{"name":"wp","href":"https:\/\/api.w.org\/{rel}","templated":true}]}}