{"id":14814,"date":"2015-04-07T14:48:12","date_gmt":"2015-04-07T13:48:12","guid":{"rendered":"https:\/\/lyonelkaufmann.ch\/Blog\/?p=14814"},"modified":"2015-04-07T14:51:29","modified_gmt":"2015-04-07T13:51:29","slug":"predire-la-fin-de-game-of-thrones-grace-au-marxisme-rue89-lobs","status":"publish","type":"post","link":"https:\/\/lyonelkaufmann.ch\/Blog\/2015\/04\/07\/predire-la-fin-de-game-of-thrones-grace-au-marxisme-rue89-lobs\/","title":{"rendered":"Pr\u00e9dire la fin de \u00ab\u00a0Game of Thrones\u00a0\u00bb gr\u00e2ce au marxisme | Rue89"},"content":{"rendered":"<p><a href=\"http:\/\/rue89.nouvelobs.com\/2015\/04\/07\/predire-fin-game-of-thrones-grace-marxisme-258546\">Pr\u00e9dire la fin de \u00ab\u00a0Game of Thrones\u00a0\u00bb gr\u00e2ce au marxisme &#8211; Rue89 &#8211; L&rsquo;Obs<\/a>:<\/p>\n<blockquote><p>M\u00eame Piketty <a href=\"http:\/\/www.monde-diplomatique.fr\/2015\/04\/LORDON\/52847\" target=\"_blank\">n\u2019aurait pas lu<\/a> Marx. Alors pour le commun des mortels, se farcir \u00ab\u00a0Le Capital\u00a0\u00bb quand on a <a href=\"http:\/\/www.theatlantic.com\/magazine\/archive\/2008\/07\/is-google-making-us-stupid\/306868\/\" target=\"_blank\">la t\u00eate cass\u00e9e par Google<\/a> rel\u00e8ve de l\u2019asc\u00e9tisme. Heureusement, il est \u00e0 la mode d\u2019injecter de la philo dans les s\u00e9ries. \u00c7a fait pop culture. Et on a l\u2019impression d\u2019apprendre des trucs.<\/p>\n<p>Le Guardian y r\u00e9ussit assez bien en plaquant le mat\u00e9rialisme historique sur l\u2019univers de \u00ab\u00a0Game of Thrones\u00a0\u00bb. Selon le journaliste Paul Mason, la s\u00e9rie inspir\u00e9e des livres de George R. R. Martin illustre bien la crise du f\u00e9odalisme, telle que la con\u00e7oit le marxisme, apr\u00e8s le communisme primitif, l\u2019esclavagisme et avant le capitalisme. Il va m\u00eame plus loin\u00a0: la plupart des histoires de \u00ab\u00a0fantasy\u00a0\u00bb se d\u00e9roulent dans des univers cr\u00e9pusculaires qui marquent le passage d\u2019un mode de production \u00e0 un autre. Cela permet au p\u00e9quin moyen de jouer \u00e0 la lutte des classes\u00a0:<\/p><\/blockquote>\n<p>(Via <a href=\"http:\/\/rue89.nouvelobs.com\">rue89.nouvelobs.com<\/a>)<\/p>\n","protected":false},"excerpt":{"rendered":"<p>Pr\u00e9dire la fin de \u00ab\u00a0Game of Thrones\u00a0\u00bb gr\u00e2ce au marxisme &#8211; Rue89 &#8211; L&rsquo;Obs: M\u00eame Piketty n\u2019aurait pas lu Marx. Alors pour le commun des mortels, se farcir \u00ab\u00a0Le Capital\u00a0\u00bb quand on a la t\u00eate cass\u00e9e par Google rel\u00e8ve de l\u2019asc\u00e9tisme. Heureusement, il est \u00e0 la mode d\u2019injecter de la philo dans les s\u00e9ries. \u00c7a [&hellip;]<\/p>\n","protected":false},"author":1,"featured_media":14816,"comment_status":"open","ping_status":"open","sticky":false,"template":"","format":"standard","meta":{"_import_markdown_pro_load_document_selector":0,"_import_markdown_pro_submit_text_textarea":"","_genesis_hide_title":false,"_genesis_hide_breadcrumbs":false,"_genesis_hide_singular_image":false,"_genesis_hide_footer_widgets":false,"_genesis_custom_body_class":"","_genesis_custom_post_class":"","_genesis_layout":"","jetpack_post_was_ever_published":false,"_jetpack_newsletter_access":"","_jetpack_dont_email_post_to_subs":false,"_jetpack_newsletter_tier_id":0,"_jetpack_memberships_contains_paywalled_content":false,"_jetpack_memberships_contains_paid_content":false,"activitypub_content_warning":"","activitypub_content_visibility":"","activitypub_max_image_attachments":3,"activitypub_interaction_policy_quote":"anyone","activitypub_status":"","footnotes":"","jetpack_publicize_message":"","jetpack_publicize_feature_enabled":true,"jetpack_social_post_already_shared":true,"jetpack_social_options":{"image_generator_settings":{"template":"fullscreen","default_image_id":0,"font":"","enabled":false},"version":2}},"categories":[3,1117],"tags":[],"class_list":{"0":"post-14814","1":"post","2":"type-post","3":"status-publish","4":"format-standard","5":"has-post-thumbnail","7":"category-blogcafe-2","8":"category-politis","9":"entry"},"jetpack_publicize_connections":[],"featured_image_src":"https:\/\/i0.wp.com\/lyonelkaufmann.ch\/Blog\/wp-content\/uploads\/2015\/04\/iu.jpeg?resize=599%2C337&ssl=1","featured_image_src_square":"https:\/\/i0.wp.com\/lyonelkaufmann.ch\/Blog\/wp-content\/uploads\/2015\/04\/iu.jpeg?resize=599%2C337&ssl=1","author_info":{"display_name":"Lyonel Kaufmann","author_link":"https:\/\/lyonelkaufmann.ch\/Blog\/author\/lyonelk\/"},"jetpack_featured_media_url":"https:\/\/i0.wp.com\/lyonelkaufmann.ch\/Blog\/wp-content\/uploads\/2015\/04\/iu.jpeg?fit=599%2C337&ssl=1","jetpack_sharing_enabled":true,"jetpack_shortlink":"https:\/\/wp.me\/p1qtF4-3QW","jetpack-related-posts":[{"id":7964,"url":"https:\/\/lyonelkaufmann.ch\/Blog\/2014\/04\/30\/jacques-le-goff-et-le-moyen-age-renvoyes-dans-les-tenebres-par-games-of-thrones-chronique-no-152\/","url_meta":{"origin":14814,"position":0},"title":"Jacques Le Goff et le Moyen \u00c2ge renvoy\u00e9s dans les t\u00e9n\u00e8bres par Games of Thrones ? | Chronique no 152","author":"Lyonel Kaufmann","date":"30 avril 2014","format":false,"excerpt":"Certes, vu l\u2019\u00e2ge du bonhomme (90 ans), plus le temps avan\u00e7ait et plus l\u2019in\u00e9luctable devait arriver, mais bon ce n'est pas un tr\u00e8s chouette poisson d\u2019avril que de lire dans son fil d\u2019actualit\u00e9 que l\u2019historien Jacques Le Goff est d\u00e9c\u00e9d\u00e9 le mardi 1er avril 2014. En lisant les hommages, l'\u00e9claireur\u2026","rel":"","context":"Dans &quot;histoire&quot;","block_context":{"text":"histoire","link":"https:\/\/lyonelkaufmann.ch\/Blog\/category\/histoire-2\/"},"img":{"alt_text":"","src":"https:\/\/i0.wp.com\/toutelaculture.com\/wp-content\/uploads\/2014\/04\/2159240-M.jpg?resize=350%2C200","width":350,"height":200},"classes":[]},{"id":17381,"url":"https:\/\/lyonelkaufmann.ch\/Blog\/2016\/08\/20\/lundi-1er-aout-sur-les-traces-des-geants-et-de-game-of-thrones-roadtrip-irlande-2016\/","url_meta":{"origin":14814,"position":1},"title":"Lundi 1er ao\u00fbt : Sur les traces des G\u00e9ants et de Game of Thrones #Roadtrip #Irlande 2016","author":"Lyonel Kaufmann","date":"20 ao\u00fbt 2016","format":false,"excerpt":"En ce lundi de f\u00eate nationale, nous faisons une excursion en Irlande du Nord. Chauss\u00e9s des G\u00e9ants, Pont suspendu au-dessus de l'oc\u00e9an et univers de Game of Thrones figurent \u00e0 notre programme. Attachez vos ceintures ! S'il est une partie de l'Irlande que nous n'avions pas explor\u00e9e il y a\u2026","rel":"","context":"Dans &quot;Diary&quot;","block_context":{"text":"Diary","link":"https:\/\/lyonelkaufmann.ch\/Blog\/category\/diary\/"},"img":{"alt_text":"","src":"https:\/\/i0.wp.com\/lyonelkaufmann.ch\/Blog\/wp-content\/uploads\/2016\/08\/img_2134.jpg?fit=1200%2C379&ssl=1&resize=350%2C200","width":350,"height":200,"srcset":"https:\/\/i0.wp.com\/lyonelkaufmann.ch\/Blog\/wp-content\/uploads\/2016\/08\/img_2134.jpg?fit=1200%2C379&ssl=1&resize=350%2C200 1x, https:\/\/i0.wp.com\/lyonelkaufmann.ch\/Blog\/wp-content\/uploads\/2016\/08\/img_2134.jpg?fit=1200%2C379&ssl=1&resize=525%2C300 1.5x, https:\/\/i0.wp.com\/lyonelkaufmann.ch\/Blog\/wp-content\/uploads\/2016\/08\/img_2134.jpg?fit=1200%2C379&ssl=1&resize=700%2C400 2x, https:\/\/i0.wp.com\/lyonelkaufmann.ch\/Blog\/wp-content\/uploads\/2016\/08\/img_2134.jpg?fit=1200%2C379&ssl=1&resize=1050%2C600 3x"},"classes":[]},{"id":18802,"url":"https:\/\/lyonelkaufmann.ch\/Blog\/2017\/11\/03\/les-series-tv-toutes-ces-histoires-qui-donnent-envie-de-lhistoire\/","url_meta":{"origin":14814,"position":2},"title":"Les s\u00e9ries TV, toutes ces histoires qui donnent envie de l&rsquo;Histoire","author":"Lyonel Kaufmann","date":"3 novembre 2017","format":false,"excerpt":"\u00abGame of Thrones\u00bb fascine par sa m\u00e9di\u00e9vale attitude, \u00abVikings\u00bb passionne avec ses Nordiques hipsters: bulldozers de la culture populaire, les s\u00e9ries empoignent l'Histoire. Et elles en donnent app\u00e9tit aux \u00e9tudiants Source\u00a0: Les s\u00e9ries TV, toutes ces histoires qui donnent envie de l'Histoire","rel":"","context":"Dans &quot;Blogcaf\u00e9&quot;","block_context":{"text":"Blogcaf\u00e9","link":"https:\/\/lyonelkaufmann.ch\/Blog\/category\/blogcafe-2\/"},"img":{"alt_text":"","src":"","width":0,"height":0},"classes":[]},{"id":7398,"url":"https:\/\/lyonelkaufmann.ch\/Blog\/2012\/10\/01\/eric-hobsbawm-fin-de-parcours-2\/","url_meta":{"origin":14814,"position":3},"title":"Eric Hobsbawm : fin de parcours","author":"Lyonel Kaufmann","date":"1 octobre 2012","format":false,"excerpt":"N\u00e9 \u00e0 Alexandrie de parents juifs en 1917, l\u2019historien britannique Eric Hobsbawn s\u2019est \u00e9teint le 1er octobre 2012 au Free Hospital de Londres, \u00e0 l\u2019\u00e2ge de 95 ans. Membre du Parti communiste de Grande-Bretagne depuis 1936, il collabora jusqu\u2019en 1991 \u00e0 la revue Marxism Today. En 2009, Mediapart nous proposait\u2026","rel":"","context":"Dans &quot;histoire&quot;","block_context":{"text":"histoire","link":"https:\/\/lyonelkaufmann.ch\/Blog\/category\/histoire-2\/"},"img":{"alt_text":"","src":"https:\/\/i0.wp.com\/lyonelkaufmann.ch\/Blog\/wp-content\/uploads\/2015\/03\/eric-hobsbawm-00211.jpg?fit=460%2C276&ssl=1&resize=350%2C200","width":350,"height":200},"classes":[]},{"id":6219,"url":"https:\/\/lyonelkaufmann.ch\/Blog\/2012\/10\/01\/eric-hobsbawm-fin-de-parcours\/","url_meta":{"origin":14814,"position":4},"title":"Eric Hobsbawm : fin de parcours","author":"Lyonel Kaufmann","date":"1 octobre 2012","format":false,"excerpt":"N\u00e9 \u00e0 Alexandrie de parents juifs en 1917, l\u2019historien britannique Eric Hobsbawn s\u2019est \u00e9teint le 1er octobre 2012 au Free Hospital de Londres, \u00e0 l\u2019\u00e2ge de 95 ans. Membre du Parti communiste de Grande-Bretagne depuis 1936, il collabora jusqu\u2019en 1991 \u00e0 la revue Marxism Today. En 2009, Mediapart nous proposait\u2026","rel":"","context":"Dans &quot;histoire&quot;","block_context":{"text":"histoire","link":"https:\/\/lyonelkaufmann.ch\/Blog\/category\/histoire-2\/"},"img":{"alt_text":"","src":"https:\/\/i0.wp.com\/lyonelkaufmann.ch\/Blog\/wp-content\/uploads\/2015\/03\/eric-hobsbawm-0021.jpg?fit=460%2C276&ssl=1&resize=350%2C200","width":350,"height":200},"classes":[]},{"id":15145,"url":"https:\/\/lyonelkaufmann.ch\/Blog\/2015\/08\/06\/lecture-dete-bd-la-cite-des-chiens-livre-1-de-yohan-radomski-et-jakub-rebelka\/","url_meta":{"origin":14814,"position":5},"title":"Lecture d&rsquo;\u00e9t\u00e9 : BD : \u00ab La Cit\u00e9 des chiens, livre 1 \u00bb, de Yohan Radomski et Jakub Rebelka","author":"Lyonel Kaufmann","date":"6 ao\u00fbt 2015","format":false,"excerpt":"C\u2019est l\u2019histoire d\u2019une vengeance, froide comme la lame de Volas, le cruel seigneur de la Cit\u00e9 des chiens. Enora a d\u00e9cid\u00e9 d\u2019assassiner l\u2019oncle malveillant qui a d\u00e9capit\u00e9 son p\u00e8re et \u00e9pous\u00e9 sa m\u00e8re, et met la lande \u00e0 feu et \u00e0 sang, flanqu\u00e9 de ses molosses. Mais la jeune fille\u2026","rel":"","context":"Dans &quot;Blogcaf\u00e9&quot;","block_context":{"text":"Blogcaf\u00e9","link":"https:\/\/lyonelkaufmann.ch\/Blog\/category\/blogcafe-2\/"},"img":{"alt_text":"","src":"https:\/\/i0.wp.com\/lyonelkaufmann.ch\/Blog\/wp-content\/uploads\/2015\/08\/4713627_6_1b07_2015-08-05-fd0e30c-27412-vl3gp2_0a7df236b4451b61fec8db3e9cf82f08.jpg?fit=534%2C735&ssl=1&resize=350%2C200","width":350,"height":200,"srcset":"https:\/\/i0.wp.com\/lyonelkaufmann.ch\/Blog\/wp-content\/uploads\/2015\/08\/4713627_6_1b07_2015-08-05-fd0e30c-27412-vl3gp2_0a7df236b4451b61fec8db3e9cf82f08.jpg?fit=534%2C735&ssl=1&resize=350%2C200 1x, https:\/\/i0.wp.com\/lyonelkaufmann.ch\/Blog\/wp-content\/uploads\/2015\/08\/4713627_6_1b07_2015-08-05-fd0e30c-27412-vl3gp2_0a7df236b4451b61fec8db3e9cf82f08.jpg?fit=534%2C735&ssl=1&resize=525%2C300 1.5x"},"classes":[]}],"jetpack_likes_enabled":true,"_links":{"self":[{"href":"https:\/\/lyonelkaufmann.ch\/Blog\/wp-json\/wp\/v2\/posts\/14814","targetHints":{"allow":["GET"]}}],"collection":[{"href":"https:\/\/lyonelkaufmann.ch\/Blog\/wp-json\/wp\/v2\/posts"}],"about":[{"href":"https:\/\/lyonelkaufmann.ch\/Blog\/wp-json\/wp\/v2\/types\/post"}],"author":[{"embeddable":true,"href":"https:\/\/lyonelkaufmann.ch\/Blog\/wp-json\/wp\/v2\/users\/1"}],"replies":[{"embeddable":true,"href":"https:\/\/lyonelkaufmann.ch\/Blog\/wp-json\/wp\/v2\/comments?post=14814"}],"version-history":[{"count":0,"href":"https:\/\/lyonelkaufmann.ch\/Blog\/wp-json\/wp\/v2\/posts\/14814\/revisions"}],"wp:featuredmedia":[{"embeddable":true,"href":"https:\/\/lyonelkaufmann.ch\/Blog\/wp-json\/wp\/v2\/media\/14816"}],"wp:attachment":[{"href":"https:\/\/lyonelkaufmann.ch\/Blog\/wp-json\/wp\/v2\/media?parent=14814"}],"wp:term":[{"taxonomy":"category","embeddable":true,"href":"https:\/\/lyonelkaufmann.ch\/Blog\/wp-json\/wp\/v2\/categories?post=14814"},{"taxonomy":"post_tag","embeddable":true,"href":"https:\/\/lyonelkaufmann.ch\/Blog\/wp-json\/wp\/v2\/tags?post=14814"}],"curies":[{"name":"wp","href":"https:\/\/api.w.org\/{rel}","templated":true}]}}