{"id":14888,"date":"2015-05-15T11:00:00","date_gmt":"2015-05-15T10:00:00","guid":{"rendered":"https:\/\/lyonelkaufmann.ch\/Blog\/?p=14888"},"modified":"2015-06-25T02:16:51","modified_gmt":"2015-06-25T01:16:51","slug":"le-flou-et-la-vie-photo-du-mois","status":"publish","type":"post","link":"https:\/\/lyonelkaufmann.ch\/Blog\/2015\/05\/15\/le-flou-et-la-vie-photo-du-mois\/","title":{"rendered":"Le flou et la vie | Photo du mois"},"content":{"rendered":"<p>Le th\u00e8me du mois est un peu particulier ce mois-ci, car c\u2019\u00e9tait mon tour. J\u2019ai donc choisi le th\u00e8me suivant <em>\u00abLe Flou et la Vie\u00bb<\/em>. Avec la petite explication suivante (qui a plong\u00e9 certains participants dans une certaine perplexit\u00e9\u2026) :<\/p>\n<blockquote><p>D\u00e8s son invention, la photographie est associ\u00e9e \u00e0 la nettet\u00e9 absolue qui devient sa caract\u00e9ristique fondamentale. Elle s\u2019oppose en cela \u00e0 la toile picturale qui, par son contact direct avec la main et le pinceau de l\u2019artiste, ne peut aspirer \u00e0 une pr\u00e9cision aussi franche. \u00c0 l\u2019inverse, la d\u00e9finition de la photographie se fonde sur un pr\u00e9suppos\u00e9 de nettet\u00e9 parfaite. Son importance est telle que de nombreux critiques d\u2019Art estiment que la photographie change radicalement les normes de la repr\u00e9sentation du r\u00e9el, instaurant comme principe de base une exactitude irr\u00e9prochable, \u00e0 laquelle les \u0153uvres seront compar\u00e9es. Il s\u2019agissait donc, d\u00e8s les d\u00e9buts de la photographie, de d\u00e9finir la technique photographique comme un nouveau standard de la \u201cv\u00e9ritable\u201d exactitude\u00bb. Mais \u00ab Il y a cependant une sorte de philosophie derri\u00e8re cette \u201ctendance\u201d. Derri\u00e8re le \u201cflou\u201d, il y a l\u2019intuition d\u2019une mise au point impossible sur le r\u00e9el, l\u2019impossibilit\u00e9 de rendre compte du monde dans sa fluidit\u00e9, son \u00e9ph\u00e9m\u00e9rit\u00e9, son inexactitude et donc d\u2019en \u00eatre t\u00e9moin et d\u2019en porter t\u00e9moignage. C\u2019est le parti pris d\u2019en saisir le mouvement, le mode d\u2019apparition, dans une sorte d\u2019anamorphose et d\u2019improvisation. \u00bb De Jean Baudrillard (Sociologue et philosophe fran\u00e7ais, 1929-2007)<\/p><\/blockquote>\n<p>Mon interpr\u00e9tation :<\/p>\n<p><a title=\"Photo &amp; Video Sharing by SmugMug\" href=\"http:\/\/lyonelk.smugmug.com\/Photography\/Photo-du-mois\/i-sHRg7p6\/A\"><img data-recalc-dims=\"1\" decoding=\"async\" title=\"Photo &amp; Video Sharing by SmugMug\" src=\"https:\/\/i0.wp.com\/lyonelk.smugmug.com\/Photography\/Photo-du-mois\/i-sHRg7p6\/0\/L\/IMGP0381-L.jpg\" alt=\"Photo &amp; Video Sharing by SmugMug\" \/><\/a><\/p>\n<p>L&rsquo;interpr\u00e9tation du th\u00e8me par les autres participants :<\/p>\n<p><a href=\"http:\/\/leblogdekat.com\" target=\"_blank\">A&rsquo;icha<\/a>, <a href=\"http:\/\/www.legrandbazardagathe.com\/\" target=\"_blank\">Agathe<\/a>, <a href=\"http:\/\/akai-inthesky.blogspot.com\" target=\"_blank\">Akaieric<\/a>, <a href=\"http:\/\/cocovin.net\/\" target=\"_blank\">Alban<\/a>, <a href=\"http:\/\/www.unitedstatesofparis.com\" target=\"_blank\">Alexinparis<\/a>, <a href=\"http:\/\/woad.fr\/category\/photo-du-mois\/\" target=\"_blank\">Amy<\/a>, <a href=\"http:\/\/www.chiffonsandco.fr\" target=\"_blank\">Arwen<\/a>, <a href=\"http:\/\/derriere-mes-yeux.blogspot.fr\/\" target=\"_blank\">Aude<\/a>, <a href=\"http:\/\/mytravelswithlove.blogspot.fr\/\" target=\"_blank\">Autour de Cia<\/a>, <a href=\"http:\/\/monbeaumanoir.wordpress.com\/\" target=\"_blank\">Ava<\/a>, <a href=\"http:\/\/toxiq.canalblog.com\" target=\"_blank\">BiGBuGS<\/a>, <a href=\"http:\/\/blogoth67.wordpress.com\" target=\"_blank\">Blogoth67<\/a>, <a href=\"http:\/\/blueedel.wordpress.com\/\" target=\"_blank\">Blue Edel<\/a>, <a href=\"http:\/\/brindille33.wordpress.com\/\" target=\"_blank\">Brindille<\/a>, <a href=\"http:\/\/calamonique.com\/\" target=\"_blank\">Calamonique<\/a>, <a href=\"https:\/\/eyeofcanaghanette.wordpress.com\/\" target=\"_blank\">Canaghanette<\/a>, <a href=\"http:\/\/c-est-reparti.blogspot.com\/\" target=\"_blank\">Cara<\/a>, <a href=\"http:\/\/champagnefraise.wordpress.com\" target=\"_blank\">Champagne<\/a>, <a href=\"http:\/\/imageschatbleu.canalblog.com\/\" target=\"_blank\">Chat bleu<\/a>, <a href=\"http:\/\/suissexpress.wordpress.com\/\" target=\"_blank\">Christophe<\/a>, <a href=\"http:\/\/www.claires-blog.com\" target=\"_blank\">Claire&rsquo;s Blog<\/a>, <a href=\"http:\/\/cpiro.wpweb.fr\/\" target=\"_blank\">C\u00e9cileP<\/a>, <a href=\"http:\/\/frenchiesinparis.over-blog.com\" target=\"_blank\">C\u00e9line in Paris<\/a>, <a href=\"http:\/\/www.dameskarlette.com\/\" target=\"_blank\">Dame Skarlette<\/a>, <a href=\"http:\/\/mapassionbento.blogspot.fr\/\" target=\"_blank\">DelphineF<\/a>, <a href=\"http:\/\/aufildesvues.canalblog.com\/\" target=\"_blank\">Dom-Aufildesvues<\/a>, <a href=\"http:\/\/cestpasmoijeljure.com\/\" target=\"_blank\">Dr. CaSo<\/a>, <a href=\"http:\/\/elpadawan.wordpress.com\" target=\"_blank\">El Padawan<\/a>, <a href=\"http:\/\/lirerelire.blogspot.fr\" target=\"_blank\">Estelle<\/a>, <a href=\"http:\/\/inside-expat.com\" target=\"_blank\">Eva INside-EXpat<\/a>, <a href=\"http:\/\/fanfanraccoons.blogspot.com\" target=\"_blank\">Fanfan Raccoon<\/a>, <a href=\"http:\/\/vudubalcon.blogspot.fr\" target=\"_blank\">Fran\u00e7ois le Ni\u00e7ois<\/a>, <a href=\"http:\/\/zoursland.com\" target=\"_blank\">Fr\u00e9d\u00e9ric<\/a>, <a href=\"http:\/\/souslesgalets.blogspot.com\" target=\"_blank\">Gal\u00e9a<\/a>, <a href=\"http:\/\/www.legaletas.net\/blog\/index.php\" target=\"_blank\">Gilsoub<\/a>, <a href=\"http:\/\/lafeedulogis43.over-blog.fr\" target=\"_blank\">Giselle 43<\/a>, <a href=\"http:\/\/vraiefiction.blogspot.com\" target=\"_blank\">Guillaume<\/a>, <a href=\"http:\/\/homeos-tasie.blogspot.fr\/\" target=\"_blank\">Homeos-tasie<\/a>, <a href=\"http:\/\/irissousmonarbre.blogspot.ch\/\" target=\"_blank\">Iris<\/a>, <a href=\"http:\/\/isaquarel.canalblog.com\/archives\/la_photo_du_mois\/index.html\" target=\"_blank\">Isaquarel<\/a>, <a href=\"http:\/\/waterfordmaville.over-blog.com\/\" target=\"_blank\">J&rsquo;habite \u00e0 Waterford<\/a>, <a href=\"http:\/\/josydhoest.wordpress.com\/\" target=\"_blank\">Josette<\/a>, <a href=\"http:\/\/lachataignesauvage.over-blog.com\/categorie-12516589.html\" target=\"_blank\">Josiane<\/a>, <a href=\"http:\/\/www.journaldunenicoise.com\" target=\"_blank\">Journal d&rsquo;une Ni\u00e7oise<\/a>, <a href=\"http:\/\/toulonbyjulia.com\/blogtoulon\/\" target=\"_blank\">Julia<\/a>, <a href=\"http:\/\/www.kkhuete-en-bretannie.fr\/\" target=\"_blank\">KK-hu\u00e8te En Bretannie<\/a>, <a href=\"http:\/\/koalisa.com\/\" target=\"_blank\">Koalisa<\/a>, <a href=\"http:\/\/krn-defouloir.blogspot.com\" target=\"_blank\">Krn<\/a>, <a href=\"http:\/\/www.lafilledelair.com\/blog\/la-photo-du-mois\/\" target=\"_blank\">La Fille de l&rsquo;Air<\/a>, <a href=\"http:\/\/laudesmontagnes.wordpress.com\/\" target=\"_blank\">Lau* des montagnes<\/a>, <a href=\"http:\/\/www.laulinea.com\/\" target=\"_blank\">Laulinea<\/a>, <a href=\"http:\/\/www.malaxi.net\" target=\"_blank\">Laurent Nicolas<\/a>, <a href=\"http:\/\/lorgnettedunjour.canalblog.com\/\" target=\"_blank\">Lavandine<\/a>, <a href=\"http:\/\/www.mon-ecrin-de-passions.com\/\" target=\"_blank\">Lavandine83<\/a>, <a href=\"http:\/\/www.lecturissime.com\/\" target=\"_blank\">Lecturissime<\/a>, <a href=\"http:\/\/www.lesbonheurs.fr\/\" target=\"_blank\">Les bonheurs d&rsquo;Anne &amp; Alex<\/a>, <a href=\"http:\/\/www.lesfillesduweb.com\" target=\"_blank\">Les Filles du Web<\/a>, <a href=\"http:\/\/www.jenaique2pieds.blogspot.com\" target=\"_blank\">Loulou<\/a>, <a href=\"http:\/\/frederiqueboquerat.blogspot.fr\/\" target=\"_blank\">Luckasetmoi<\/a>, <a href=\"https:\/\/lyonelkaufmann.ch\/Blog\/category\/photo-du-mois\/\" target=\"_blank\">Lyonelk<\/a>, <a href=\"http:\/\/anteketborka.blogspot.com\" target=\"_blank\">magda627<\/a>, <a href=\"http:\/\/chezmamysoren.over-blog.com\" target=\"_blank\">Mamysoren<\/a>, <a href=\"http:\/\/www.lagaleriemilla.blogspot.fr\/\" target=\"_blank\">Milla la galerie<\/a>, <a href=\"http:\/\/mimireliton.blogspot.fr\" target=\"_blank\">Mimireliton<\/a>, <a href=\"http:\/\/bonsbaisersdaustralie.wordpress.com\/category\/la-photo-du-mois\/\" target=\"_blank\">MissCarole<\/a>, <a href=\"http:\/\/morganebyloosphoto.wordpress.com\" target=\"_blank\">Morgane Byloos Photography<\/a>, <a href=\"http:\/\/www.my-little-reflex.com\/blog\/la-photo-du-mois\/\" target=\"_blank\">My Little Reflex<\/a>, <a href=\"http:\/\/www.mylittleroad.com\/\" target=\"_blank\">MyLittleRoad<\/a>, <a href=\"http:\/\/1jalf.blogspot.ca\/\" target=\"_blank\">Nanouk<\/a>, <a href=\"http:\/\/clicpassion.canalblog.com\" target=\"_blank\">Nicky<\/a>, <a href=\"http:\/\/lifeizbeautiful.over-blog.com\/\" target=\"_blank\">Noz &amp; &lsquo;Lo<\/a>, <a href=\"http:\/\/jemelivre.blogspot.fr\/\" target=\"_blank\">Philisine Cave<\/a>, <a href=\"http:\/\/pilisi.over-blog.com\/tag\/Photo%20du%20mois\/\" target=\"_blank\">Pilisi<\/a>, <a href=\"http:\/\/www.pixeline.fr\/tag\/photo-du-mois\/\" target=\"_blank\">Pixeline<\/a>, <a href=\"http:\/\/blog.lesprincessesdemarie.com\/\" target=\"_blank\">princesse Emalia<\/a>, <a href=\"http:\/\/renepaulhenry.blogspot.com\" target=\"_blank\">Renepaulhenry<\/a>, <a href=\"http:\/\/rosa888.canalblog.com\/\" target=\"_blank\">Rosa<\/a>, <a href=\"http:\/\/rythme-indigo.blogspot.com\" target=\"_blank\">Rythme Indigo<\/a>, <a href=\"http:\/\/www.salondetheberlinois.com\/\" target=\"_blank\">Salon de Th\u00e9<\/a>, <a href=\"http:\/\/blablabazar.over-blog.com\/\" target=\"_blank\">Sandrine<\/a>, <a href=\"http:\/\/sinuaisons.wordpress.com\/category\/la-photo-du-mois\/\" target=\"_blank\">Sinuaisons<\/a>, <a href=\"http:\/\/tambour-major.blogspot.ca\/search\/label\/La%20photo%20du%20mois\" target=\"_blank\">Tambour Major<\/a>, <a href=\"http:\/\/www.testinaute.com\/\" target=\"_blank\">Testinaute<\/a>, <a href=\"http:\/\/macatou.wordpress.com\/\" target=\"_blank\">Thalie<\/a>, <a href=\"http:\/\/tuxana.blogspot.ca\/\" target=\"_blank\">Tuxana<\/a>, <a href=\"http:\/\/utopique-lily.blogspot.com\" target=\"_blank\">Utopique-Lily<\/a>, <a href=\"http:\/\/www.voyagerenphotos.com\" target=\"_blank\">Voyager en photo<\/a>, <a href=\"http:\/\/xoliv.blogspot.fr\" target=\"_blank\">Xoliv&rsquo;<\/a>, <a href=\"http:\/\/yvettelachouette.com\/\" target=\"_blank\">Yvette la Chouette<\/a>.<\/p>\n","protected":false},"excerpt":{"rendered":"<p>Le th\u00e8me du mois est un peu particulier ce mois-ci, car c\u2019\u00e9tait mon tour. J\u2019ai donc choisi le th\u00e8me suivant \u00abLe Flou et la Vie\u00bb. Avec la petite explication suivante (qui a plong\u00e9 certains participants dans une certaine perplexit\u00e9\u2026) : D\u00e8s son invention, la photographie est associ\u00e9e \u00e0 la nettet\u00e9 absolue qui devient sa caract\u00e9ristique [&hellip;]<\/p>\n","protected":false},"author":1,"featured_media":14894,"comment_status":"open","ping_status":"open","sticky":false,"template":"","format":"standard","meta":{"_import_markdown_pro_load_document_selector":0,"_import_markdown_pro_submit_text_textarea":"","_genesis_hide_title":false,"_genesis_hide_breadcrumbs":false,"_genesis_hide_singular_image":false,"_genesis_hide_footer_widgets":false,"_genesis_custom_body_class":"","_genesis_custom_post_class":"","_genesis_layout":"","jetpack_post_was_ever_published":false,"_jetpack_newsletter_access":"","_jetpack_dont_email_post_to_subs":false,"_jetpack_newsletter_tier_id":0,"_jetpack_memberships_contains_paywalled_content":false,"_jetpack_memberships_contains_paid_content":false,"activitypub_content_warning":"","activitypub_content_visibility":"","activitypub_max_image_attachments":3,"activitypub_interaction_policy_quote":"anyone","activitypub_status":"","footnotes":"","jetpack_publicize_message":"","jetpack_publicize_feature_enabled":true,"jetpack_social_post_already_shared":true,"jetpack_social_options":{"image_generator_settings":{"template":"fullscreen","default_image_id":0,"font":"","enabled":false},"version":2}},"categories":[4],"tags":[],"class_list":{"0":"post-14888","1":"post","2":"type-post","3":"status-publish","4":"format-standard","5":"has-post-thumbnail","7":"category-photo-du-mois","8":"entry"},"jetpack_publicize_connections":[],"featured_image_src":"https:\/\/i0.wp.com\/lyonelkaufmann.ch\/Blog\/wp-content\/uploads\/2015\/05\/IMGP0381.jpg?resize=600%2C400&ssl=1","featured_image_src_square":"https:\/\/i0.wp.com\/lyonelkaufmann.ch\/Blog\/wp-content\/uploads\/2015\/05\/IMGP0381.jpg?resize=600%2C600&ssl=1","author_info":{"display_name":"Lyonel Kaufmann","author_link":"https:\/\/lyonelkaufmann.ch\/Blog\/author\/lyonelk\/"},"jetpack_featured_media_url":"https:\/\/i0.wp.com\/lyonelkaufmann.ch\/Blog\/wp-content\/uploads\/2015\/05\/IMGP0381.jpg?fit=1024%2C681&ssl=1","jetpack_sharing_enabled":true,"jetpack_shortlink":"https:\/\/wp.me\/p1qtF4-3S8","jetpack-related-posts":[{"id":18129,"url":"https:\/\/lyonelkaufmann.ch\/Blog\/2017\/06\/15\/linstant-t-la-photo-du-mois\/","url_meta":{"origin":14888,"position":0},"title":"L&rsquo;instant T | La photo du mois","author":"Lyonel Kaufmann","date":"15 juin 2017","format":false,"excerpt":"Le th\u00e8me du mois, l'Instant T, a \u00e9t\u00e9 choisi par Aude (http:\/\/derriere-mes-yeux.blogspot.fr\/) Note de l'auteur-e Ou l'art de la photo prise pile poil au bon moment ! Mon interpr\u00e9tation du th\u00e8me : Photo prise en octobre 2015, lors de l'\u00e9chauffement du d\u00e9part \u00e0 La Tour-de-Peilz, du semi-marathon de Lausanne. Voici\u2026","rel":"","context":"Dans &quot;Photo du mois&quot;","block_context":{"text":"Photo du mois","link":"https:\/\/lyonelkaufmann.ch\/Blog\/category\/photo-du-mois\/"},"img":{"alt_text":"","src":"https:\/\/i0.wp.com\/lyonelkaufmann.ch\/Blog\/wp-content\/uploads\/2017\/06\/Image-11.06.17-11-58.jpeg?fit=1200%2C900&ssl=1&resize=350%2C200","width":350,"height":200,"srcset":"https:\/\/i0.wp.com\/lyonelkaufmann.ch\/Blog\/wp-content\/uploads\/2017\/06\/Image-11.06.17-11-58.jpeg?fit=1200%2C900&ssl=1&resize=350%2C200 1x, https:\/\/i0.wp.com\/lyonelkaufmann.ch\/Blog\/wp-content\/uploads\/2017\/06\/Image-11.06.17-11-58.jpeg?fit=1200%2C900&ssl=1&resize=525%2C300 1.5x, https:\/\/i0.wp.com\/lyonelkaufmann.ch\/Blog\/wp-content\/uploads\/2017\/06\/Image-11.06.17-11-58.jpeg?fit=1200%2C900&ssl=1&resize=700%2C400 2x, https:\/\/i0.wp.com\/lyonelkaufmann.ch\/Blog\/wp-content\/uploads\/2017\/06\/Image-11.06.17-11-58.jpeg?fit=1200%2C900&ssl=1&resize=1050%2C600 3x"},"classes":[]},{"id":9037,"url":"https:\/\/lyonelkaufmann.ch\/Blog\/2012\/12\/31\/tout-le-monde-est-photographe-retrospective-2012\/","url_meta":{"origin":14888,"position":1},"title":"Tout le monde est photographe | R\u00e9trospective 2012","author":"Lyonel Kaufmann","date":"31 d\u00e9cembre 2012","format":false,"excerpt":"Ce n'est nullement un hasard si en 2012 Facebook a rachet\u00e9 Instagram et Google le logiciel Snapspeed (Google lance Snapseed sur Android et veut bousculer Instagram) Dans leur lutte \u00e0 la domination des r\u00e9seaux sociaux, la photographie occupe une place centrale dans leur strat\u00e9gie. Il en est de m\u00eame d'ailleurs\u2026","rel":"","context":"Dans &quot;Blogcaf\u00e9&quot;","block_context":{"text":"Blogcaf\u00e9","link":"https:\/\/lyonelkaufmann.ch\/Blog\/category\/blogcafe-2\/"},"img":{"alt_text":"","src":"https:\/\/i0.wp.com\/lyonelkaufmann.ch\/Blog\/wp-content\/uploads\/2015\/03\/8314125504_773e48f8f2.jpg?fit=500%2C500&ssl=1&resize=350%2C200","width":350,"height":200},"classes":[]},{"id":12492,"url":"https:\/\/lyonelkaufmann.ch\/Blog\/2006\/04\/18\/photographes-et-site-internet-reponses-photos\/","url_meta":{"origin":14888,"position":2},"title":"Photographes et site internet (R\u00e9ponses Photos)","author":"Lyonel Kaufmann","date":"18 avril 2006","format":false,"excerpt":"Personnellement, tous les mois, j'ach\u00e8te R\u00e9ponses Photo. Chacun ses go\u00fbts. Dans son num\u00e9ro de mai 2006, R\u00e9ponses Photo consacre son enqu\u00eate \u00e0 Un photographe a-t-il absolument besoin d'avoir un site internet ? Faut dire, cependant, que pendant longtemps la photographie m'est rest\u00e9e relativement \u00e9trang\u00e8re. Je ne suis pas particuli\u00e8rement int\u00e9ress\u00e9\u2026","rel":"","context":"Dans &quot;Blogcaf\u00e9&quot;","block_context":{"text":"Blogcaf\u00e9","link":"https:\/\/lyonelkaufmann.ch\/Blog\/category\/blogcafe-2\/"},"img":{"alt_text":"","src":"https:\/\/i0.wp.com\/lyonelkaufmann.ch\/Blog\/wp-content\/uploads\/2015\/03\/blogcafe1.jpg?fit=1024%2C683&ssl=1&resize=350%2C200","width":350,"height":200,"srcset":"https:\/\/i0.wp.com\/lyonelkaufmann.ch\/Blog\/wp-content\/uploads\/2015\/03\/blogcafe1.jpg?fit=1024%2C683&ssl=1&resize=350%2C200 1x, https:\/\/i0.wp.com\/lyonelkaufmann.ch\/Blog\/wp-content\/uploads\/2015\/03\/blogcafe1.jpg?fit=1024%2C683&ssl=1&resize=525%2C300 1.5x, https:\/\/i0.wp.com\/lyonelkaufmann.ch\/Blog\/wp-content\/uploads\/2015\/03\/blogcafe1.jpg?fit=1024%2C683&ssl=1&resize=700%2C400 2x"},"classes":[]},{"id":11213,"url":"https:\/\/lyonelkaufmann.ch\/Blog\/2014\/02\/15\/chaudfroid-photo-du-mois\/","url_meta":{"origin":14888,"position":3},"title":"Chaud\/Froid | Photo du mois","author":"Lyonel Kaufmann","date":"15 f\u00e9vrier 2014","format":false,"excerpt":"Comme tous les 15 de chaque mois \u00e0 12:00 tapantes, c\u2019est l\u2019heure de la photo du mois. Ce mois-ci, le th\u00e8me est \u00able froid ou le chaud\u00bb, choisi par Renepaulhenry :\u00a0http:\/\/renepaulhenry.blogspot.com. L'explication du th\u00e8me par Renepaulhenry : \u00abJ'ai l'honneur de choisir le th\u00e8me du mois prochain. Ce sera un th\u00e8me\u2026","rel":"","context":"Dans &quot;Photo du mois&quot;","block_context":{"text":"Photo du mois","link":"https:\/\/lyonelkaufmann.ch\/Blog\/category\/photo-du-mois\/"},"img":{"alt_text":"","src":"https:\/\/i0.wp.com\/lyonelkaufmann.ch\/Blog\/wp-content\/uploads\/2014\/02\/14243725480_31c1f4bc6a_b.jpg?fit=683%2C1024&ssl=1&resize=350%2C200","width":350,"height":200,"srcset":"https:\/\/i0.wp.com\/lyonelkaufmann.ch\/Blog\/wp-content\/uploads\/2014\/02\/14243725480_31c1f4bc6a_b.jpg?fit=683%2C1024&ssl=1&resize=350%2C200 1x, https:\/\/i0.wp.com\/lyonelkaufmann.ch\/Blog\/wp-content\/uploads\/2014\/02\/14243725480_31c1f4bc6a_b.jpg?fit=683%2C1024&ssl=1&resize=525%2C300 1.5x"},"classes":[]},{"id":9537,"url":"https:\/\/lyonelkaufmann.ch\/Blog\/2013\/04\/15\/du-blanc-et-du-noir-mais-pas-en-noirblanc-photo-du-mois\/","url_meta":{"origin":14888,"position":4},"title":"du blanc et du noir mais pas en Noir&amp;Blanc | Photo du mois","author":"Lyonel Kaufmann","date":"15 avril 2013","format":"image","excerpt":"Histoire Deux a choisi le th\u00e8me du mois d'avril : Alors comme th\u00e8me pour avril je vous propose : \u00ab du blanc et du noir mais pas en Noir&Blanc \u00bb. Donc vous pouvez prendre une photo de ce que vous voulez qui soit noir et blanc (votre dalmatien, le sourire\u2026","rel":"","context":"Dans &quot;Photo du mois&quot;","block_context":{"text":"Photo du mois","link":"https:\/\/lyonelkaufmann.ch\/Blog\/category\/photo-du-mois\/"},"img":{"alt_text":"","src":"https:\/\/i0.wp.com\/lyonelkaufmann.ch\/Blog\/wp-content\/uploads\/2015\/03\/8626257414_ed2d5c3385_z.jpg?fit=639%2C640&ssl=1&resize=350%2C200","width":350,"height":200,"srcset":"https:\/\/i0.wp.com\/lyonelkaufmann.ch\/Blog\/wp-content\/uploads\/2015\/03\/8626257414_ed2d5c3385_z.jpg?fit=639%2C640&ssl=1&resize=350%2C200 1x, https:\/\/i0.wp.com\/lyonelkaufmann.ch\/Blog\/wp-content\/uploads\/2015\/03\/8626257414_ed2d5c3385_z.jpg?fit=639%2C640&ssl=1&resize=525%2C300 1.5x"},"classes":[]},{"id":18114,"url":"https:\/\/lyonelkaufmann.ch\/Blog\/2017\/05\/15\/lumieres-photo-du-mois\/","url_meta":{"origin":14888,"position":5},"title":"Lumiere(s) | Photo du mois","author":"Lyonel Kaufmann","date":"15 mai 2017","format":false,"excerpt":"Le th\u00e8me de la photo du mois, Lumi\u00e8re(s), a \u00e9t\u00e9 choisi par Eurydice (http:\/\/occident-express.hautetfort.com) Note de l'auteur-e : \"\u00e0 la fois pour saluer les beaux jours et pour revenir \u00e0 l\u2019\u00e9tymologie du terme \"photographie\".\" Mon interpr\u00e9tation du th\u00e8me : Kiental, Oberland bernois, printemps 2017 Le retour de la lumi\u00e8re au\u2026","rel":"","context":"Dans &quot;Photo du mois&quot;","block_context":{"text":"Photo du mois","link":"https:\/\/lyonelkaufmann.ch\/Blog\/category\/photo-du-mois\/"},"img":{"alt_text":"","src":"https:\/\/i0.wp.com\/lyonelkaufmann.ch\/Blog\/wp-content\/uploads\/2017\/05\/imgp5005.jpg?fit=1200%2C1200&ssl=1&resize=350%2C200","width":350,"height":200,"srcset":"https:\/\/i0.wp.com\/lyonelkaufmann.ch\/Blog\/wp-content\/uploads\/2017\/05\/imgp5005.jpg?fit=1200%2C1200&ssl=1&resize=350%2C200 1x, https:\/\/i0.wp.com\/lyonelkaufmann.ch\/Blog\/wp-content\/uploads\/2017\/05\/imgp5005.jpg?fit=1200%2C1200&ssl=1&resize=525%2C300 1.5x, https:\/\/i0.wp.com\/lyonelkaufmann.ch\/Blog\/wp-content\/uploads\/2017\/05\/imgp5005.jpg?fit=1200%2C1200&ssl=1&resize=700%2C400 2x, https:\/\/i0.wp.com\/lyonelkaufmann.ch\/Blog\/wp-content\/uploads\/2017\/05\/imgp5005.jpg?fit=1200%2C1200&ssl=1&resize=1050%2C600 3x"},"classes":[]}],"jetpack_likes_enabled":true,"_links":{"self":[{"href":"https:\/\/lyonelkaufmann.ch\/Blog\/wp-json\/wp\/v2\/posts\/14888","targetHints":{"allow":["GET"]}}],"collection":[{"href":"https:\/\/lyonelkaufmann.ch\/Blog\/wp-json\/wp\/v2\/posts"}],"about":[{"href":"https:\/\/lyonelkaufmann.ch\/Blog\/wp-json\/wp\/v2\/types\/post"}],"author":[{"embeddable":true,"href":"https:\/\/lyonelkaufmann.ch\/Blog\/wp-json\/wp\/v2\/users\/1"}],"replies":[{"embeddable":true,"href":"https:\/\/lyonelkaufmann.ch\/Blog\/wp-json\/wp\/v2\/comments?post=14888"}],"version-history":[{"count":0,"href":"https:\/\/lyonelkaufmann.ch\/Blog\/wp-json\/wp\/v2\/posts\/14888\/revisions"}],"wp:featuredmedia":[{"embeddable":true,"href":"https:\/\/lyonelkaufmann.ch\/Blog\/wp-json\/wp\/v2\/media\/14894"}],"wp:attachment":[{"href":"https:\/\/lyonelkaufmann.ch\/Blog\/wp-json\/wp\/v2\/media?parent=14888"}],"wp:term":[{"taxonomy":"category","embeddable":true,"href":"https:\/\/lyonelkaufmann.ch\/Blog\/wp-json\/wp\/v2\/categories?post=14888"},{"taxonomy":"post_tag","embeddable":true,"href":"https:\/\/lyonelkaufmann.ch\/Blog\/wp-json\/wp\/v2\/tags?post=14888"}],"curies":[{"name":"wp","href":"https:\/\/api.w.org\/{rel}","templated":true}]}}