{"id":15006,"date":"2015-06-30T09:25:05","date_gmt":"2015-06-30T08:25:05","guid":{"rendered":"https:\/\/lyonelkaufmann.ch\/Blog\/?p=15006"},"modified":"2015-06-30T09:26:49","modified_gmt":"2015-06-30T08:26:49","slug":"humour-noir-tsipras-est-un-voyou-communiste-causeur","status":"publish","type":"post","link":"https:\/\/lyonelkaufmann.ch\/Blog\/2015\/06\/30\/humour-noir-tsipras-est-un-voyou-communiste-causeur\/","title":{"rendered":"Humour noir : Tsipras est un voyou communiste | Causeur"},"content":{"rendered":"<p><strong>On a beau s\u2019y attendre, cela pique toujours un peu les yeux: le traitement de l\u2019affaire grecque par la presse de ce week-end rel\u00e8ve dans son immense majorit\u00e9 du parti-pris le plus \u00e9hont\u00e9. Illustration de la part de <em>Causeur<\/em>. Morceaux choisis.<\/strong><\/p>\n<blockquote><p><em>\u00abDe m\u00eame, il a paru au <\/em>JDD<em> \u00a0utile de s\u2019indigner du pass\u00e9 de Tsipras mais bizarrement il ne s\u2019est pas int\u00e9ress\u00e9 au pass\u00e9 des autres protagonistes de cette histoire : pourquoi ne pas signaler par exemple, par souci d\u2019\u00e9quit\u00e9, que Mme Lagarde, pr\u00e9sidente du FMI qui brigue un deuxi\u00e8me mandat, est mise en examen depuis ao\u00fbt 2014 dans l\u2019affaire de l\u2019arbitrage entre Tapie et le Cr\u00e9dit Lyonnais alors qu\u2019elle \u00e9tait ministre des Finances, pourquoi ne pas rappeler que Jean-Claude Junker, pr\u00e9sident de la Commission Europ\u00e9enne, est l\u2019ancien Premier ministre du Luxembourg qui a ferm\u00e9 les yeux sur le paradis fiscal qu\u2019\u00e9tait son pays \u00a0et connaissait forc\u00e9ment les accords fiscaux secrets entre le Luxembourg et 340 multinationales \u2013 dont Apple, Amazon, Ikea, Pepsi ou Axa \u2013 pass\u00e9s entre 2002 et 2010 comme l\u2019ont r\u00e9v\u00e9l\u00e9 pr\u00e8s de quarante m\u00e9dias internationaux.<\/em><\/p>\n<p><em>[\u2026] Quant \u00e0 Mario Draghi, pr\u00e9sident de la BCE, pourquoi le <\/em>JDD<em> ne rappelle-t-il pas aussi que c\u2019est un ancien de chez Goldman Sachs, vous savez, la banque \u00e0 l\u2019origine de la crise des \u00a0subprimes de 2008 et surtout, pour ce qui nous int\u00e9resse, la banque qui conseilla \u00e0 la Gr\u00e8ce l\u2019utilisation de produits financiers d\u00e9riv\u00e9s pour masquer ses d\u00e9ficits. Bref, aujourd\u2019hui, quand nos chers m\u00e9dias reprennent complaisamment l\u2019image d\u2019une Gr\u00e8ce shoot\u00e9e aux emprunts comme la derni\u00e8re des drogu\u00e9es, pourquoi ne pr\u00e9cise-t-on pas, \u00e0 l\u2019occasion, que c\u2019est son ancien dealer qui est charg\u00e9 de la cure de d\u00e9sintox\u00a0?\u00bb<\/em><\/p><\/blockquote>\n<p>Mais qu\u2019avait donc fait Tsipras, ce rouge sectaire et premier ministre grec, pour m\u00e9riter une telle haine froide de la part de nos m\u00e9dias ?<\/p>\n<blockquote><p><em>\u00abTsipras a juste dit qu\u2019il allait soumettre \u00e0 referendum les propositions des \u00ab\u00a0Europ\u00e9ens\u00a0\u00bb [\u2026]. \u00a0C\u2019est affreux, un communiste qui demande au peuple son avis !\u00bb<\/em><\/p><\/blockquote>\n<p>Comme le dit <em>Causeur<\/em>, on va finir <em>\u00abpar croire que l\u2019\u00ab\u00a0Europe\u00a0\u00bb veut surtout faire un exemple, parce qu\u2019il s\u2019agit d\u2019un gouvernement de gauche et qu\u2019il faut montrer aux autres (Podemos, par exemple) ce qui arrive quand on ne courbe plus assez l\u2019\u00e9chine\u2026\u00bb<\/em><\/p>\n<p>A lire :\u00a0<a href=\"http:\/\/www.causeur.fr\/grexit-tsipras-communiste-33559.html\">Tsipras est un voyou communiste | Causeur<\/a><\/p>\n","protected":false},"excerpt":{"rendered":"<p>On a beau s\u2019y attendre, cela pique toujours un peu les yeux: le traitement de l\u2019affaire grecque par la presse de ce week-end rel\u00e8ve dans son immense majorit\u00e9 du parti-pris le plus \u00e9hont\u00e9. Illustration de la part de Causeur. Morceaux choisis. \u00abDe m\u00eame, il a paru au JDD \u00a0utile de s\u2019indigner du pass\u00e9 de Tsipras [&hellip;]<\/p>\n","protected":false},"author":1,"featured_media":15007,"comment_status":"open","ping_status":"open","sticky":false,"template":"","format":"standard","meta":{"_import_markdown_pro_load_document_selector":0,"_import_markdown_pro_submit_text_textarea":"","_genesis_hide_title":false,"_genesis_hide_breadcrumbs":false,"_genesis_hide_singular_image":false,"_genesis_hide_footer_widgets":false,"_genesis_custom_body_class":"","_genesis_custom_post_class":"","_genesis_layout":"","jetpack_post_was_ever_published":false,"_jetpack_newsletter_access":"","_jetpack_dont_email_post_to_subs":false,"_jetpack_newsletter_tier_id":0,"_jetpack_memberships_contains_paywalled_content":false,"_jetpack_memberships_contains_paid_content":false,"activitypub_content_warning":"","activitypub_content_visibility":"","activitypub_max_image_attachments":3,"activitypub_interaction_policy_quote":"anyone","activitypub_status":"","footnotes":"","jetpack_publicize_message":"","jetpack_publicize_feature_enabled":true,"jetpack_social_post_already_shared":true,"jetpack_social_options":{"image_generator_settings":{"template":"fullscreen","default_image_id":0,"font":"","enabled":false},"version":2}},"categories":[1117],"tags":[],"class_list":{"0":"post-15006","1":"post","2":"type-post","3":"status-publish","4":"format-standard","5":"has-post-thumbnail","7":"category-politis","8":"entry"},"jetpack_publicize_connections":[],"featured_image_src":"https:\/\/i0.wp.com\/lyonelkaufmann.ch\/Blog\/wp-content\/uploads\/2015\/06\/grexit-tsipras-communiste.jpg?resize=460%2C280&ssl=1","featured_image_src_square":"https:\/\/i0.wp.com\/lyonelkaufmann.ch\/Blog\/wp-content\/uploads\/2015\/06\/grexit-tsipras-communiste.jpg?resize=460%2C280&ssl=1","author_info":{"display_name":"Lyonel Kaufmann","author_link":"https:\/\/lyonelkaufmann.ch\/Blog\/author\/lyonelk\/"},"jetpack_featured_media_url":"https:\/\/i0.wp.com\/lyonelkaufmann.ch\/Blog\/wp-content\/uploads\/2015\/06\/grexit-tsipras-communiste.jpg?fit=460%2C280&ssl=1","jetpack_sharing_enabled":true,"jetpack_shortlink":"https:\/\/wp.me\/p1qtF4-3U2","jetpack-related-posts":[{"id":15011,"url":"https:\/\/lyonelkaufmann.ch\/Blog\/2015\/06\/30\/deux-nobel-deconomie-au-secours-de-tsipras-liberation\/","url_meta":{"origin":15006,"position":0},"title":"Deux Nobel d\u2019\u00e9conomie au secours de Ts\u00edpras &#8211; Lib\u00e9ration","author":"Lyonel Kaufmann","date":"30 juin 2015","format":false,"excerpt":"VU SUR LE WEB. Contre la majorit\u00e9 des \u00e9conomistes classiques, Joseph Stiglitz et Paul Krugman, chacun de leur c\u00f4t\u00e9, prennent la d\u00e9fense du Premier ministre grec qui a choisi de proc\u00e9der \u00e0 un r\u00e9f\u00e9rendum. Extrait. \u00abSi un \u00aboui\u00bb signifierait une d\u00e9pression presque sans fin, peut-\u00eatre un pays appauvri, un \u00abnon\u2026","rel":"","context":"Dans &quot;Blogcaf\u00e9&quot;","block_context":{"text":"Blogcaf\u00e9","link":"https:\/\/lyonelkaufmann.ch\/Blog\/category\/blogcafe-2\/"},"img":{"alt_text":"","src":"https:\/\/i0.wp.com\/lyonelkaufmann.ch\/Blog\/wp-content\/uploads\/2015\/06\/785065-le-premier-ministre-grec-alexis-tsipras-devant-le-parlement-le-16-juin-2015.jpg?fit=750%2C502&ssl=1&resize=350%2C200","width":350,"height":200,"srcset":"https:\/\/i0.wp.com\/lyonelkaufmann.ch\/Blog\/wp-content\/uploads\/2015\/06\/785065-le-premier-ministre-grec-alexis-tsipras-devant-le-parlement-le-16-juin-2015.jpg?fit=750%2C502&ssl=1&resize=350%2C200 1x, https:\/\/i0.wp.com\/lyonelkaufmann.ch\/Blog\/wp-content\/uploads\/2015\/06\/785065-le-premier-ministre-grec-alexis-tsipras-devant-le-parlement-le-16-juin-2015.jpg?fit=750%2C502&ssl=1&resize=525%2C300 1.5x, https:\/\/i0.wp.com\/lyonelkaufmann.ch\/Blog\/wp-content\/uploads\/2015\/06\/785065-le-premier-ministre-grec-alexis-tsipras-devant-le-parlement-le-16-juin-2015.jpg?fit=750%2C502&ssl=1&resize=700%2C400 2x"},"classes":[]},{"id":1229,"url":"https:\/\/lyonelkaufmann.ch\/Blog\/2009\/03\/19\/la-france-est-de-retour-dans-lotan-causeur\/","url_meta":{"origin":15006,"position":1},"title":"La France est de retour ! (dans l\u2019Otan) &#8211; Causeur","author":"Lyonel Kaufmann","date":"19 mars 2009","format":false,"excerpt":"Int\u00e9ressants propos relativement \u00e0 la question de la m\u00e9moire collective, de l'acc\u00e9l\u00e9ration de l'histoire, des incertitudes de notre temps, de la g\u00e9opolitique actuelle et de la perception alors que la crise \u00e9conomique se d\u00e9veloppe que celle-ci pourrait d\u00e9boucher sur de nouvelles alliances, voire de nouveaux conflits. Quelle est \u00e9galement l'impact\u2026","rel":"","context":"Dans &quot;histoire&quot;","block_context":{"text":"histoire","link":"https:\/\/lyonelkaufmann.ch\/Blog\/category\/histoire-2\/"},"img":{"alt_text":"","src":"https:\/\/i0.wp.com\/lyonelkaufmann.ch\/Blog\/wp-content\/uploads\/2015\/03\/blogcafe1.jpg?fit=1024%2C683&ssl=1&resize=350%2C200","width":350,"height":200,"srcset":"https:\/\/i0.wp.com\/lyonelkaufmann.ch\/Blog\/wp-content\/uploads\/2015\/03\/blogcafe1.jpg?fit=1024%2C683&ssl=1&resize=350%2C200 1x, https:\/\/i0.wp.com\/lyonelkaufmann.ch\/Blog\/wp-content\/uploads\/2015\/03\/blogcafe1.jpg?fit=1024%2C683&ssl=1&resize=525%2C300 1.5x, https:\/\/i0.wp.com\/lyonelkaufmann.ch\/Blog\/wp-content\/uploads\/2015\/03\/blogcafe1.jpg?fit=1024%2C683&ssl=1&resize=700%2C400 2x"},"classes":[]},{"id":4210,"url":"https:\/\/lyonelkaufmann.ch\/Blog\/2010\/11\/14\/les-petits-mouchoirs-pourquoi-tant-de-haine\/","url_meta":{"origin":15006,"position":2},"title":"Les petits mouchoirs, pourquoi tant de haine?","author":"Lyonel Kaufmann","date":"14 novembre 2010","format":"aside","excerpt":"via CauseurUn lynchage qui vaut tous les C\u00e9sars. Une certaine critique, c\u2019est bien connu, ne se mouche pas du pied. Elle sait ce qui est bon pour le public, et ce qui m\u00e9rite au contraire son attention. M\u00eame si son audace de supermarch\u00e9 et ses pudeurs de vieille fille n\u2019interrogent\u2026","rel":"","context":"Dans &quot;L'Expresso&quot;","block_context":{"text":"L'Expresso","link":"https:\/\/lyonelkaufmann.ch\/Blog\/category\/breves\/"},"img":{"alt_text":"","src":"https:\/\/i0.wp.com\/lyonelkaufmann.ch\/Blog\/wp-content\/uploads\/2015\/03\/093.jpg?fit=480%2C360&ssl=1&resize=350%2C200","width":350,"height":200},"classes":[]},{"id":12661,"url":"https:\/\/lyonelkaufmann.ch\/Blog\/2010\/10\/17\/islam-ou-est-le-probleme\/","url_meta":{"origin":15006,"position":3},"title":"Islam : o\u00f9 est le probl\u00e8me ?","author":"Lyonel Kaufmann","date":"17 octobre 2010","format":"aside","excerpt":"via CauseurHalte aux\u00a0proph\u00e8tes de malheur Read More >>","rel":"","context":"Dans &quot;L'Expresso&quot;","block_context":{"text":"L'Expresso","link":"https:\/\/lyonelkaufmann.ch\/Blog\/category\/breves\/"},"img":{"alt_text":"","src":"https:\/\/i0.wp.com\/lyonelkaufmann.ch\/Blog\/wp-content\/uploads\/2015\/03\/blogcafe1.jpg?fit=1024%2C683&ssl=1&resize=350%2C200","width":350,"height":200,"srcset":"https:\/\/i0.wp.com\/lyonelkaufmann.ch\/Blog\/wp-content\/uploads\/2015\/03\/blogcafe1.jpg?fit=1024%2C683&ssl=1&resize=350%2C200 1x, https:\/\/i0.wp.com\/lyonelkaufmann.ch\/Blog\/wp-content\/uploads\/2015\/03\/blogcafe1.jpg?fit=1024%2C683&ssl=1&resize=525%2C300 1.5x, https:\/\/i0.wp.com\/lyonelkaufmann.ch\/Blog\/wp-content\/uploads\/2015\/03\/blogcafe1.jpg?fit=1024%2C683&ssl=1&resize=700%2C400 2x"},"classes":[]},{"id":3774,"url":"https:\/\/lyonelkaufmann.ch\/Blog\/2010\/10\/17\/ils-ont-du-bol-en-bolivie\/","url_meta":{"origin":15006,"position":4},"title":"Ils ont du bol, en Bolivie","author":"Lyonel Kaufmann","date":"17 octobre 2010","format":"aside","excerpt":"via CauseurDans les d\u00e9fil\u00e9s du 12 octobre, si l\u2019on n\u2019a pas vu, comme l\u2019a dit Gil Mihaely, le dernier prix Nobel d\u2019Economie favorable \u00e0 ce ... Read More >>","rel":"","context":"Dans &quot;L'Expresso&quot;","block_context":{"text":"L'Expresso","link":"https:\/\/lyonelkaufmann.ch\/Blog\/category\/breves\/"},"img":{"alt_text":"","src":"https:\/\/i0.wp.com\/lyonelkaufmann.ch\/Blog\/wp-content\/uploads\/2015\/03\/blogcafe1.jpg?fit=1024%2C683&ssl=1&resize=350%2C200","width":350,"height":200,"srcset":"https:\/\/i0.wp.com\/lyonelkaufmann.ch\/Blog\/wp-content\/uploads\/2015\/03\/blogcafe1.jpg?fit=1024%2C683&ssl=1&resize=350%2C200 1x, https:\/\/i0.wp.com\/lyonelkaufmann.ch\/Blog\/wp-content\/uploads\/2015\/03\/blogcafe1.jpg?fit=1024%2C683&ssl=1&resize=525%2C300 1.5x, https:\/\/i0.wp.com\/lyonelkaufmann.ch\/Blog\/wp-content\/uploads\/2015\/03\/blogcafe1.jpg?fit=1024%2C683&ssl=1&resize=700%2C400 2x"},"classes":[]},{"id":19749,"url":"https:\/\/lyonelkaufmann.ch\/Blog\/2018\/12\/06\/emmanuel-macron-fait-lobjet-dun-rejet-violent-et-spectaculaire\/","url_meta":{"origin":15006,"position":5},"title":"\u00ab Emmanuel Macron fait l\u2019objet d\u2019un rejet violent et spectaculaire \u00bb","author":"Lyonel Kaufmann","date":"6 d\u00e9cembre 2018","format":false,"excerpt":"Au lendemain des mesures d\u00e9voil\u00e9es par le premier ministre \u00c9douard Philippe pour tenter de calmer la col\u00e8re des \u00ab\u00a0gilets jaunes\u00a0\u00bb, l\u2019\u00e9ditorialiste politique du Monde G\u00e9rard Courtois a r\u00e9pondu aux questions des internautes. Romanin\u00a0: L\u2019affaiblissement d\u2019Emmanuel Macron semble \u00eatre tr\u00e8s profond, voire d\u00e9finitif, et se poursuit depuis l\u2019affaire Benalla. la d\u00e9mission\u2026","rel":"","context":"Dans &quot;politis&quot;","block_context":{"text":"politis","link":"https:\/\/lyonelkaufmann.ch\/Blog\/category\/politis\/"},"img":{"alt_text":"","src":"","width":0,"height":0},"classes":[]}],"jetpack_likes_enabled":true,"_links":{"self":[{"href":"https:\/\/lyonelkaufmann.ch\/Blog\/wp-json\/wp\/v2\/posts\/15006","targetHints":{"allow":["GET"]}}],"collection":[{"href":"https:\/\/lyonelkaufmann.ch\/Blog\/wp-json\/wp\/v2\/posts"}],"about":[{"href":"https:\/\/lyonelkaufmann.ch\/Blog\/wp-json\/wp\/v2\/types\/post"}],"author":[{"embeddable":true,"href":"https:\/\/lyonelkaufmann.ch\/Blog\/wp-json\/wp\/v2\/users\/1"}],"replies":[{"embeddable":true,"href":"https:\/\/lyonelkaufmann.ch\/Blog\/wp-json\/wp\/v2\/comments?post=15006"}],"version-history":[{"count":0,"href":"https:\/\/lyonelkaufmann.ch\/Blog\/wp-json\/wp\/v2\/posts\/15006\/revisions"}],"wp:featuredmedia":[{"embeddable":true,"href":"https:\/\/lyonelkaufmann.ch\/Blog\/wp-json\/wp\/v2\/media\/15007"}],"wp:attachment":[{"href":"https:\/\/lyonelkaufmann.ch\/Blog\/wp-json\/wp\/v2\/media?parent=15006"}],"wp:term":[{"taxonomy":"category","embeddable":true,"href":"https:\/\/lyonelkaufmann.ch\/Blog\/wp-json\/wp\/v2\/categories?post=15006"},{"taxonomy":"post_tag","embeddable":true,"href":"https:\/\/lyonelkaufmann.ch\/Blog\/wp-json\/wp\/v2\/tags?post=15006"}],"curies":[{"name":"wp","href":"https:\/\/api.w.org\/{rel}","templated":true}]}}