{"id":15039,"date":"2015-08-15T11:00:00","date_gmt":"2015-08-15T10:00:00","guid":{"rendered":"https:\/\/lyonelkaufmann.ch\/Blog\/?p=15039"},"modified":"2015-10-14T07:42:58","modified_gmt":"2015-10-14T06:42:58","slug":"renversant-photo-du-mois","status":"publish","type":"post","link":"https:\/\/lyonelkaufmann.ch\/Blog\/2015\/08\/15\/renversant-photo-du-mois\/","title":{"rendered":"Renversant |\u00a0Photo du mois"},"content":{"rendered":"<p style=\"margin: 0px 0px 6px; color: #141823; font-family: helvetica, arial, sans-serif; font-size: 14px; line-height: 19px;\">Pour le mois d\u2019ao\u00fbt, c\u2019est Carole qui s\u2019y colle et nous a propos\u00e9 <em><strong>\u00abRenversant\u00bb<\/strong><\/em> avec l\u2019explication suivante :<\/p>\n<blockquote>\n<p style=\"margin: 0px 0px 6px; color: #141823; font-family: helvetica, arial, sans-serif; font-size: 14px; line-height: 19px;\">Comme vous le savez (ou peut-\u00eatre pas!), je vis en Australie, le pays o\u00f9 on a la t\u00eate en bas.<br \/>Mon th\u00e8me sera donc&#8230; \u00ab\u00a0Renversant\u00a0\u00bb. Que ce soit l&rsquo;adjectif synonyme de Incroyable, Etonnant, Surprenant ou le participe pr\u00e9sent de Renverser. Tous les coups sont permis!<\/p>\n<\/blockquote>\n<p>Mon interpr\u00e9tation du th\u00e8me :<\/p>\n<p><a title=\"View 'WateRings Contest 2015' on Flickr.com\" href=\"https:\/\/www.flickr.com\/photos\/lyonelkaufmann\/20402591506\"><img data-recalc-dims=\"1\" loading=\"lazy\" decoding=\"async\" style=\"display: block; margin-left: auto; margin-right: auto;\" title=\"WateRings Contest 2015\" src=\"https:\/\/i0.wp.com\/farm1.staticflickr.com\/427\/20402591506_e907f112ca_c.jpg?resize=800%2C800&#038;ssl=1\" alt=\"WateRings Contest 2015\" width=\"800\" height=\"800\" border=\"0\" \/><\/a><\/p>\n<p>Les anneaux balan\u00e7ants sont une exclusivit\u00e9 de la gymnastique suisse. A tel point que pour leur spectacle consacr\u00e9 \u00e0 Michael Jackson, le cirque du soleil est venu sp\u00e9cialement recrut\u00e9 des gymnastes suisses sp\u00e9cialistes de cette discipline.<\/p>\n<p>Quelques passionn\u00e9s de la gymnastique aux agr\u00e8s de la r\u00e9gion de la Riviera vaudoise (entre Vevey et Montreux) se sont lanc\u00e9s dans un pari un peu fou : organiser une comp\u00e9tition aux anneaux balan\u00e7ants o\u00f9 les tapis de r\u00e9ception seraient remplac\u00e9s par une r\u00e9ception dans l\u2019eau. Ils ont nomm\u00e9 cela le WateRing Contest et ont organis\u00e9 la premi\u00e8re \u00e9dition de cette manifestation les 8-9 ao\u00fbt dernier sur les quais \u00e0 Montreux. Pour le plus grand plaisir du nombreux publics.\u00a0<\/p>\n<p>Devant le succ\u00e8s rencontr\u00e9s cette ann\u00e9e, les organisateurs ont d\u2019ores et d\u00e9j\u00e0 indiqu\u00e9 qu\u2019une deuxi\u00e8me \u00e9dition serait mise sur pied en 2016 toujours \u00e0 Montreux et au mois d\u2019ao\u00fbt. Leur site : <a href=\"http:\/\/waterings.ch\">http:\/\/waterings.ch<\/a><\/p>\n<p>Renversant, non ?<\/p>\n<p>Pour d\u2019autres images de la manifestation :\u00a0<a href=\"https:\/\/www.flickr.com\/photos\/lyonelkaufmann\/sets\/72157656595875470\">https:\/\/www.flickr.com\/photos\/lyonelkaufmann\/sets\/72157656595875470<\/a><\/p>\n<p>L&rsquo;interpr\u00e9tation de la part de mes petits camarades :<\/p>\n<p><a href=\"http:\/\/leblogdekat.com\" target=\"_blank\">A&rsquo;icha<\/a>, <a href=\"http:\/\/akai-inthesky.blogspot.com\" target=\"_blank\">Akaieric<\/a>, <a href=\"http:\/\/cocovin.net\/\" target=\"_blank\">Alban<\/a>, <a href=\"http:\/\/www.unitedstatesofparis.com\" target=\"_blank\">Alexinparis<\/a>, <a href=\"http:\/\/www.chiffonsandco.fr\" target=\"_blank\">Arwen<\/a>, <a href=\"http:\/\/derriere-mes-yeux.blogspot.fr\/\" target=\"_blank\">Aude<\/a>, <a href=\"http:\/\/mytravelswithlove.blogspot.fr\/\" target=\"_blank\">Autour de Cia<\/a>, <a href=\"http:\/\/toxiq.canalblog.com\" target=\"_blank\">BiGBuGS<\/a>, <a href=\"http:\/\/blogoth67.wordpress.com\" target=\"_blank\">Blogoth67<\/a>, <a href=\"http:\/\/calamonique.com\/\" target=\"_blank\">Calamonique<\/a>, <a href=\"https:\/\/eyeofcanaghanette.wordpress.com\/\" target=\"_blank\">Canaghanette<\/a>, <a href=\"http:\/\/c-est-reparti.blogspot.com\/\" target=\"_blank\">Cara<\/a>, <a href=\"http:\/\/bonsbaisersdaustralie.wordpress.com\/category\/la-photo-du-mois\/\" target=\"_blank\">Carole en Australie<\/a>, <a href=\"http:\/\/champagnefraise.wordpress.com\" target=\"_blank\">Champagne<\/a>, <a href=\"http:\/\/imageschatbleu.canalblog.com\/\" target=\"_blank\">Chat bleu<\/a>, <a href=\"http:\/\/suissexpress.wordpress.com\/\" target=\"_blank\">Christophe<\/a>, <a href=\"http:\/\/cukithca.wordpress.com\/\" target=\"_blank\">Cocazzz<\/a>, <a href=\"http:\/\/www.cricriyomfromparis.com\/search\/label\/La%20photo%20du%20mois\" target=\"_blank\">Cricriyom from Paris<\/a>, <a href=\"http:\/\/cpiro.fr\/\" target=\"_blank\">C\u00e9cileP<\/a>, <a href=\"http:\/\/frenchiesinparis.over-blog.com\" target=\"_blank\">C\u00e9line in Paris<\/a>, <a href=\"http:\/\/www.dameskarlette.com\/\" target=\"_blank\">Dame Skarlette<\/a>, <a href=\"http:\/\/mapassionbento.blogspot.fr\/\" target=\"_blank\">DelphineF<\/a>, <a href=\"http:\/\/aufildesvues.canalblog.com\/\" target=\"_blank\">Dom-Aufildesvues<\/a>, <a href=\"http:\/\/cestpasmoijeljure.com\/\" target=\"_blank\">Dr. CaSo<\/a>, <a href=\"http:\/\/elpadawan.wordpress.com\" target=\"_blank\">El Padawan<\/a>, <a href=\"http:\/\/lirerelire.blogspot.fr\" target=\"_blank\">Estelle<\/a>, <a href=\"http:\/\/inside-expat.com\" target=\"_blank\">Eva INside-EXpat<\/a>, <a href=\"http:\/\/fanfanraccoons.blogspot.com\" target=\"_blank\">Fanfan Raccoon<\/a>, <a href=\"http:\/\/vudubalcon.blogspot.fr\" target=\"_blank\">Fran\u00e7ois le Ni\u00e7ois<\/a>, <a href=\"http:\/\/zoursland.com\" target=\"_blank\">Fr\u00e9d\u00e9ric<\/a>, <a href=\"http:\/\/souslesgalets.blogspot.com\" target=\"_blank\">Gal\u00e9a<\/a>, <a href=\"http:\/\/www.legaletas.net\/blog\/index.php\" target=\"_blank\">Gilsoub<\/a>, <a href=\"http:\/\/lafeedulogis43.over-blog.fr\" target=\"_blank\">Giselle 43<\/a>, <a href=\"http:\/\/vraiefiction.blogspot.com\" target=\"_blank\">Guillaume<\/a>, <a href=\"http:\/\/homeos-tasie.blogspot.fr\/\" target=\"_blank\">Homeos-tasie<\/a>, <a href=\"http:\/\/irissousmonarbre.blogspot.ch\/\" target=\"_blank\">Iris<\/a>, <a href=\"http:\/\/waterfordmaville.over-blog.com\/\" target=\"_blank\">J&rsquo;habite \u00e0 Waterford<\/a>, <a href=\"http:\/\/josydhoest.wordpress.com\/\" target=\"_blank\">Josette<\/a>, <a href=\"http:\/\/toulonbyjulia.com\/\" target=\"_blank\">Julia<\/a>, <a href=\"http:\/\/cupsofenglishtea.com\/\" target=\"_blank\">Kenza<\/a>, <a href=\"http:\/\/www.kkhuete-en-bretannie.fr\/\" target=\"_blank\">KK-hu\u00e8te En Bretannie<\/a>, <a href=\"http:\/\/koalisa.com\/\" target=\"_blank\">Koalisa<\/a>, <a href=\"http:\/\/krn-defouloir.blogspot.com\" target=\"_blank\">Krn<\/a>, <a href=\"http:\/\/www.lafilledelair.com\/blog\/la-photo-du-mois\/\" target=\"_blank\">La Fille de l&rsquo;Air<\/a>, <a href=\"http:\/\/laudesmontagnes.wordpress.com\/\" target=\"_blank\">Lau* des montagnes<\/a>, <a href=\"http:\/\/www.laulinea.com\/\" target=\"_blank\">Laulinea<\/a>, <a href=\"http:\/\/www.malaxi.net\" target=\"_blank\">Laurent Nicolas<\/a>, <a href=\"http:\/\/lorgnettedunjour.canalblog.com\/\" target=\"_blank\">Lavandine<\/a>, <a href=\"http:\/\/www.mon-ecrin-de-passions.com\/\" target=\"_blank\">Lavandine83<\/a>, <a href=\"http:\/\/www.lesbonheurs.fr\/\" target=\"_blank\">Les bonheurs d&rsquo;Anne &amp; Alex<\/a>, <a href=\"http:\/\/www.lesfillesduweb.com\" target=\"_blank\">Les Filles du Web<\/a>, <a href=\"https:\/\/loqmanvues.wordpress.com\/\" target=\"_blank\">Loqman<\/a>, <a href=\"http:\/\/www.jenaique2pieds.blogspot.com\" target=\"_blank\">Loulou<\/a>, <a href=\"http:\/\/frederiqueboquerat.blogspot.fr\/\" target=\"_blank\">Luckasetmoi<\/a>, <a href=\"https:\/\/lyonelkaufmann.ch\/Blog\/category\/photo-du-mois\/\" target=\"_blank\">Lyonelk<\/a>, <a href=\"http:\/\/anteketborka.blogspot.com\" target=\"_blank\">magda627<\/a>, <a href=\"http:\/\/chezmamysoren.over-blog.com\" target=\"_blank\">Mamysoren<\/a>, <a href=\"http:\/\/mauricemonamour.blogspot.fr\/\" target=\"_blank\">MauriceMonAmour<\/a>, <a href=\"http:\/\/www.memoriesfromanywhere.fr\/\" target=\"_blank\">Memories from anywhere<\/a>, <a href=\"http:\/\/www.lagaleriemilla.blogspot.fr\/\" target=\"_blank\">Milla la galerie<\/a>, <a href=\"http:\/\/morganebyloosphoto.wordpress.com\" target=\"_blank\">Morgane Byloos Photography<\/a>, <a href=\"http:\/\/1jalf.blogspot.ca\/\" target=\"_blank\">Nanouk<\/a>, <a href=\"http:\/\/clicpassion.canalblog.com\" target=\"_blank\">Nicky<\/a>, <a href=\"http:\/\/lifeizbeautiful.over-blog.com\/\" target=\"_blank\">Noz &amp; &lsquo;Lo<\/a>, <a href=\"http:\/\/philae.over-blog.com\" target=\"_blank\">Philae<\/a>, <a href=\"http:\/\/jemelivre.blogspot.fr\/\" target=\"_blank\">Philisine Cave<\/a>, <a href=\"http:\/\/pilisi.over-blog.com\/tag\/Photo%20du%20mois\/\" target=\"_blank\">Pilisi<\/a>, <a href=\"http:\/\/www.overthevibes.com\/photo-du-mois\/\" target=\"_blank\">Pixeline<\/a>, <a href=\"http:\/\/blog.lesprincessesdemarie.com\/\" target=\"_blank\">princesse Emalia<\/a>, <a href=\"http:\/\/renepaulhenry.blogspot.com\" target=\"_blank\">Renepaulhenry<\/a>, <a href=\"http:\/\/rosa888.canalblog.com\/\" target=\"_blank\">Rosa<\/a>, <a href=\"http:\/\/rythme-indigo.blogspot.com\" target=\"_blank\">Rythme Indigo<\/a>, <a href=\"http:\/\/sinuaisons.wordpress.com\/category\/la-photo-du-mois\/\" target=\"_blank\">Sinuaisons<\/a>, <a href=\"http:\/\/naichatime.com\" target=\"_blank\">Suki<\/a>, <a href=\"http:\/\/www.testinaute.com\/\" target=\"_blank\">Testinaute<\/a>, <a href=\"http:\/\/macatou.wordpress.com\/\" target=\"_blank\">Thalie<\/a>, <a href=\"http:\/\/tuxana.blogspot.ca\/\" target=\"_blank\">Tuxana<\/a>, <a href=\"http:\/\/www.unjourunevie.fr\/tag\/la-photo-du-mois\/\" target=\"_blank\">Un jour, une vie<\/a>, <a href=\"http:\/\/woocares.wordpress.com\/\" target=\"_blank\">Woocares<\/a>, <a href=\"https:\/\/bazosengoguette.wordpress.com\/\" target=\"_blank\">Xelou<\/a>, <a href=\"http:\/\/xoliv.blogspot.fr\" target=\"_blank\">Xoliv&rsquo;<\/a>.<\/p>\n","protected":false},"excerpt":{"rendered":"<p>Pour le mois d\u2019ao\u00fbt, c\u2019est Carole qui s\u2019y colle et nous a propos\u00e9 \u00abRenversant\u00bb avec l\u2019explication suivante : Comme vous le savez (ou peut-\u00eatre pas!), je vis en Australie, le pays o\u00f9 on a la t\u00eate en bas.Mon th\u00e8me sera donc&#8230; \u00ab\u00a0Renversant\u00a0\u00bb. Que ce soit l&rsquo;adjectif synonyme de Incroyable, Etonnant, Surprenant ou le participe pr\u00e9sent [&hellip;]<\/p>\n","protected":false},"author":1,"featured_media":15167,"comment_status":"open","ping_status":"open","sticky":false,"template":"","format":"standard","meta":{"_import_markdown_pro_load_document_selector":0,"_import_markdown_pro_submit_text_textarea":"","_genesis_hide_title":false,"_genesis_hide_breadcrumbs":false,"_genesis_hide_singular_image":false,"_genesis_hide_footer_widgets":false,"_genesis_custom_body_class":"","_genesis_custom_post_class":"","_genesis_layout":"","jetpack_post_was_ever_published":false,"_jetpack_newsletter_access":"","_jetpack_dont_email_post_to_subs":false,"_jetpack_newsletter_tier_id":0,"_jetpack_memberships_contains_paywalled_content":false,"_jetpack_memberships_contains_paid_content":false,"activitypub_content_warning":"","activitypub_content_visibility":"","activitypub_max_image_attachments":3,"activitypub_interaction_policy_quote":"anyone","activitypub_status":"","footnotes":"","jetpack_publicize_message":"","jetpack_publicize_feature_enabled":true,"jetpack_social_post_already_shared":true,"jetpack_social_options":{"image_generator_settings":{"template":"fullscreen","default_image_id":0,"font":"","enabled":false},"version":2}},"categories":[4],"tags":[],"class_list":{"0":"post-15039","1":"post","2":"type-post","3":"status-publish","4":"format-standard","5":"has-post-thumbnail","7":"category-photo-du-mois","8":"entry"},"jetpack_publicize_connections":[],"featured_image_src":"https:\/\/i0.wp.com\/lyonelkaufmann.ch\/Blog\/wp-content\/uploads\/2015\/08\/20402591506_e907f112ca_c.jpg?resize=600%2C400&ssl=1","featured_image_src_square":"https:\/\/i0.wp.com\/lyonelkaufmann.ch\/Blog\/wp-content\/uploads\/2015\/08\/20402591506_e907f112ca_c.jpg?resize=600%2C600&ssl=1","author_info":{"display_name":"Lyonel Kaufmann","author_link":"https:\/\/lyonelkaufmann.ch\/Blog\/author\/lyonelk\/"},"jetpack_featured_media_url":"https:\/\/i0.wp.com\/lyonelkaufmann.ch\/Blog\/wp-content\/uploads\/2015\/08\/20402591506_e907f112ca_c.jpg?fit=800%2C800&ssl=1","jetpack_sharing_enabled":true,"jetpack_shortlink":"https:\/\/wp.me\/p1qtF4-3Uz","jetpack-related-posts":[{"id":9870,"url":"https:\/\/lyonelkaufmann.ch\/Blog\/2013\/06\/02\/lagern-cup-wettingen-photo-du-jour\/","url_meta":{"origin":15039,"position":0},"title":"L\u00e4gern-Cup @ Wettingen |\u00a0Photo du jour","author":"Lyonel Kaufmann","date":"2 juin 2013","format":"image","excerpt":"Le groupe M\u00e9ga-Mixte des Jeunes Patriotes participait le samedi 1er juin 2013 \u00e0 la 37e L\u00e4gern-Cup \u00e0 Wettingen. Celui-ci voit les principales soci\u00e9t\u00e9s suisses participer \u00e0 ce concours. Le M\u00e9ga-Mixte participait au concours des anneaux balan\u00e7ants et \u00e0 celui du sol. Renversant non ! Le site du concours :\u00a0lckmv.stv-wettingen.ch La\u2026","rel":"","context":"Dans &quot;Blogcaf\u00e9&quot;","block_context":{"text":"Blogcaf\u00e9","link":"https:\/\/lyonelkaufmann.ch\/Blog\/category\/blogcafe-2\/"},"img":{"alt_text":"","src":"https:\/\/i0.wp.com\/lyonelkaufmann.ch\/Blog\/wp-content\/uploads\/2015\/03\/8921654451_75b9173226_b.jpg?fit=1024%2C577&ssl=1&resize=350%2C200","width":350,"height":200,"srcset":"https:\/\/i0.wp.com\/lyonelkaufmann.ch\/Blog\/wp-content\/uploads\/2015\/03\/8921654451_75b9173226_b.jpg?fit=1024%2C577&ssl=1&resize=350%2C200 1x, https:\/\/i0.wp.com\/lyonelkaufmann.ch\/Blog\/wp-content\/uploads\/2015\/03\/8921654451_75b9173226_b.jpg?fit=1024%2C577&ssl=1&resize=525%2C300 1.5x, https:\/\/i0.wp.com\/lyonelkaufmann.ch\/Blog\/wp-content\/uploads\/2015\/03\/8921654451_75b9173226_b.jpg?fit=1024%2C577&ssl=1&resize=700%2C400 2x"},"classes":[]},{"id":18234,"url":"https:\/\/lyonelkaufmann.ch\/Blog\/2017\/07\/15\/provocation-photo-du-mois\/","url_meta":{"origin":15039,"position":1},"title":"Provocation | Photo du mois","author":"Lyonel Kaufmann","date":"15 juillet 2017","format":false,"excerpt":"Le th\u00e8me de la photo du mois Provocation\u00a0a \u00e9t\u00e9 choisi par Morgane Byloos Photography (http:\/\/morganebyloosphoto.wordpress.com). Note de l\u2019auteur-e : dans tous les sens du terme Mon interpr\u00e9tation du th\u00e8me : \u00a0 Est-ce le choix de la photo qui est en soi une provocation par rapport au th\u00e8me choisi ? Est-ce\u2026","rel":"","context":"Dans &quot;Photo du mois&quot;","block_context":{"text":"Photo du mois","link":"https:\/\/lyonelkaufmann.ch\/Blog\/category\/photo-du-mois\/"},"img":{"alt_text":"","src":"https:\/\/i0.wp.com\/lyonelkaufmann.ch\/Blog\/wp-content\/uploads\/2017\/07\/image.jpg?fit=1200%2C800&ssl=1&resize=350%2C200","width":350,"height":200,"srcset":"https:\/\/i0.wp.com\/lyonelkaufmann.ch\/Blog\/wp-content\/uploads\/2017\/07\/image.jpg?fit=1200%2C800&ssl=1&resize=350%2C200 1x, https:\/\/i0.wp.com\/lyonelkaufmann.ch\/Blog\/wp-content\/uploads\/2017\/07\/image.jpg?fit=1200%2C800&ssl=1&resize=525%2C300 1.5x, https:\/\/i0.wp.com\/lyonelkaufmann.ch\/Blog\/wp-content\/uploads\/2017\/07\/image.jpg?fit=1200%2C800&ssl=1&resize=700%2C400 2x, https:\/\/i0.wp.com\/lyonelkaufmann.ch\/Blog\/wp-content\/uploads\/2017\/07\/image.jpg?fit=1200%2C800&ssl=1&resize=1050%2C600 3x"},"classes":[]},{"id":12456,"url":"https:\/\/lyonelkaufmann.ch\/Blog\/2015\/03\/15\/mais-keskece-photo-du-mois\/","url_meta":{"origin":15039,"position":2},"title":"\u00ab Mais\u2026 kesk\u00e9c\u00e9 ? \u00bb | Photo du mois","author":"Lyonel Kaufmann","date":"15 mars 2015","format":false,"excerpt":"Le th\u00e8me du mois, \u00ab Mais\u2026 kesk\u00e9c\u00e9 ? \u00bb, a \u00e9t\u00e9 choisi par Eric Milesi (http:\/\/akai-inthesky.blogspot.com). Sa pr\u00e9sentation du th\u00e8me : Oui alors, si je comprends bien, c\u2019est \u00e0 moi de choisir le th\u00e8me de la photo du mois de Mars ? Je vous pr\u00e9viens \u00e7a va \u00eatre tordu! Alors\u2026","rel":"","context":"Dans &quot;Photo du mois&quot;","block_context":{"text":"Photo du mois","link":"https:\/\/lyonelkaufmann.ch\/Blog\/category\/photo-du-mois\/"},"img":{"alt_text":"","src":"https:\/\/i0.wp.com\/lyonelkaufmann.ch\/Blog\/wp-content\/uploads\/2015\/03\/IMGP0881.jpg?fit=796%2C1200&ssl=1&resize=350%2C200","width":350,"height":200,"srcset":"https:\/\/i0.wp.com\/lyonelkaufmann.ch\/Blog\/wp-content\/uploads\/2015\/03\/IMGP0881.jpg?fit=796%2C1200&ssl=1&resize=350%2C200 1x, https:\/\/i0.wp.com\/lyonelkaufmann.ch\/Blog\/wp-content\/uploads\/2015\/03\/IMGP0881.jpg?fit=796%2C1200&ssl=1&resize=525%2C300 1.5x, https:\/\/i0.wp.com\/lyonelkaufmann.ch\/Blog\/wp-content\/uploads\/2015\/03\/IMGP0881.jpg?fit=796%2C1200&ssl=1&resize=700%2C400 2x"},"classes":[]},{"id":16721,"url":"https:\/\/lyonelkaufmann.ch\/Blog\/2016\/07\/15\/reflet-photo-du-mois\/","url_meta":{"origin":15039,"position":3},"title":"Reflet |\u00a0Photo du mois","author":"Lyonel Kaufmann","date":"15 juillet 2016","format":false,"excerpt":"En ce mois de juillet 2016, c'est Testinaute (http:\/\/www.testinaute.com\/) qui a propos\u00e9 le th\u00e8me du mois et qui nous l'a pr\u00e9sent\u00e9 de la mani\u00e8re suivante : Apr\u00e8s 4 ans de participation, j'ai l'honneur de vous proposer le sujet du mois de Juillet. Le th\u00e8me est donc : \"Reflet\" Je vous\u2026","rel":"","context":"Dans &quot;Photo du mois&quot;","block_context":{"text":"Photo du mois","link":"https:\/\/lyonelkaufmann.ch\/Blog\/category\/photo-du-mois\/"},"img":{"alt_text":"","src":"https:\/\/i0.wp.com\/lyonelkaufmann.ch\/Blog\/wp-content\/uploads\/2016\/07\/reflets.png?fit=1200%2C800&ssl=1&resize=350%2C200","width":350,"height":200,"srcset":"https:\/\/i0.wp.com\/lyonelkaufmann.ch\/Blog\/wp-content\/uploads\/2016\/07\/reflets.png?fit=1200%2C800&ssl=1&resize=350%2C200 1x, https:\/\/i0.wp.com\/lyonelkaufmann.ch\/Blog\/wp-content\/uploads\/2016\/07\/reflets.png?fit=1200%2C800&ssl=1&resize=525%2C300 1.5x, https:\/\/i0.wp.com\/lyonelkaufmann.ch\/Blog\/wp-content\/uploads\/2016\/07\/reflets.png?fit=1200%2C800&ssl=1&resize=700%2C400 2x, https:\/\/i0.wp.com\/lyonelkaufmann.ch\/Blog\/wp-content\/uploads\/2016\/07\/reflets.png?fit=1200%2C800&ssl=1&resize=1050%2C600 3x"},"classes":[]},{"id":15559,"url":"https:\/\/lyonelkaufmann.ch\/Blog\/2016\/01\/15\/jardin-secret-photo-du-mois\/","url_meta":{"origin":15039,"position":4},"title":"Jardin secret | Photo du mois","author":"Lyonel Kaufmann","date":"15 janvier 2016","format":"image","excerpt":"Th\u00e8me de ce mois : Jardin Secret, choisi par Cara (http:\/\/c-est-reparti.blogspot.com\/). Sa pr\u00e9sentation du th\u00e8me : Puisque c'est moi qui ai l'honneur de choisir le th\u00e8me pour le mois de janvier (malgr\u00e9 mon retard d'aujourd'hui, j'ai honte), le voici : \"Jardin secret\" A interpr\u00e9ter au sens propre comme au figur\u00e9...\u2026","rel":"","context":"Dans &quot;Photo du mois&quot;","block_context":{"text":"Photo du mois","link":"https:\/\/lyonelkaufmann.ch\/Blog\/category\/photo-du-mois\/"},"img":{"alt_text":"","src":"https:\/\/i0.wp.com\/lyonelkaufmann.ch\/Blog\/wp-content\/uploads\/2016\/01\/IMG_3528-e1453032575496-1-e1453032733699.jpg?fit=439%2C640&ssl=1&resize=350%2C200","width":350,"height":200},"classes":[]},{"id":14970,"url":"https:\/\/lyonelkaufmann.ch\/Blog\/2015\/06\/15\/orange-la-photo-du-mois\/","url_meta":{"origin":15039,"position":5},"title":"Orange |\u00a0La photo du mois","author":"Lyonel Kaufmann","date":"15 juin 2015","format":false,"excerpt":"Le th\u00e8me du mois Orange a \u00e9t\u00e9\u00a0choisi par Xoliv'\u00a0(http:\/\/xoliv.blogspot.fr) : ORANGE, la couleur du bonheur (dixit le mus\u00e9e Beaubourg) alors mettez de l'orange, un ou plusieurs \u00e9l\u00e9ments vous \u00eates libre dans votre photo. Vous avez droit \u00e0 tout ce que vous voulez et \u00e0 toutes les nuances d'orange sauf les\u2026","rel":"","context":"Dans &quot;Photo du mois&quot;","block_context":{"text":"Photo du mois","link":"https:\/\/lyonelkaufmann.ch\/Blog\/category\/photo-du-mois\/"},"img":{"alt_text":"","src":"https:\/\/i0.wp.com\/lyonelkaufmann.ch\/Blog\/wp-content\/uploads\/2015\/06\/DSCF8315-L.jpg?fit=800%2C600&ssl=1&resize=350%2C200","width":350,"height":200,"srcset":"https:\/\/i0.wp.com\/lyonelkaufmann.ch\/Blog\/wp-content\/uploads\/2015\/06\/DSCF8315-L.jpg?fit=800%2C600&ssl=1&resize=350%2C200 1x, https:\/\/i0.wp.com\/lyonelkaufmann.ch\/Blog\/wp-content\/uploads\/2015\/06\/DSCF8315-L.jpg?fit=800%2C600&ssl=1&resize=525%2C300 1.5x, https:\/\/i0.wp.com\/lyonelkaufmann.ch\/Blog\/wp-content\/uploads\/2015\/06\/DSCF8315-L.jpg?fit=800%2C600&ssl=1&resize=700%2C400 2x"},"classes":[]}],"jetpack_likes_enabled":true,"_links":{"self":[{"href":"https:\/\/lyonelkaufmann.ch\/Blog\/wp-json\/wp\/v2\/posts\/15039","targetHints":{"allow":["GET"]}}],"collection":[{"href":"https:\/\/lyonelkaufmann.ch\/Blog\/wp-json\/wp\/v2\/posts"}],"about":[{"href":"https:\/\/lyonelkaufmann.ch\/Blog\/wp-json\/wp\/v2\/types\/post"}],"author":[{"embeddable":true,"href":"https:\/\/lyonelkaufmann.ch\/Blog\/wp-json\/wp\/v2\/users\/1"}],"replies":[{"embeddable":true,"href":"https:\/\/lyonelkaufmann.ch\/Blog\/wp-json\/wp\/v2\/comments?post=15039"}],"version-history":[{"count":0,"href":"https:\/\/lyonelkaufmann.ch\/Blog\/wp-json\/wp\/v2\/posts\/15039\/revisions"}],"wp:featuredmedia":[{"embeddable":true,"href":"https:\/\/lyonelkaufmann.ch\/Blog\/wp-json\/wp\/v2\/media\/15167"}],"wp:attachment":[{"href":"https:\/\/lyonelkaufmann.ch\/Blog\/wp-json\/wp\/v2\/media?parent=15039"}],"wp:term":[{"taxonomy":"category","embeddable":true,"href":"https:\/\/lyonelkaufmann.ch\/Blog\/wp-json\/wp\/v2\/categories?post=15039"},{"taxonomy":"post_tag","embeddable":true,"href":"https:\/\/lyonelkaufmann.ch\/Blog\/wp-json\/wp\/v2\/tags?post=15039"}],"curies":[{"name":"wp","href":"https:\/\/api.w.org\/{rel}","templated":true}]}}