{"id":15145,"date":"2015-08-06T10:32:56","date_gmt":"2015-08-06T09:32:56","guid":{"rendered":"https:\/\/lyonelkaufmann.ch\/Blog\/?p=15145"},"modified":"2015-08-06T10:32:56","modified_gmt":"2015-08-06T09:32:56","slug":"lecture-dete-bd-la-cite-des-chiens-livre-1-de-yohan-radomski-et-jakub-rebelka","status":"publish","type":"post","link":"https:\/\/lyonelkaufmann.ch\/Blog\/2015\/08\/06\/lecture-dete-bd-la-cite-des-chiens-livre-1-de-yohan-radomski-et-jakub-rebelka\/","title":{"rendered":"Lecture d&rsquo;\u00e9t\u00e9 : BD : \u00ab La Cit\u00e9 des chiens, livre 1 \u00bb, de Yohan Radomski et Jakub Rebelka"},"content":{"rendered":"<p><a href=\"http:\/\/www.lemonde.fr\/livres\/article\/2015\/08\/06\/la-selection-du-monde-des-livres_4713631_3260.html\"><img data-recalc-dims=\"1\" decoding=\"async\" class=\" size-full aligncenter\" src=\"https:\/\/i0.wp.com\/lyonelkaufmann.ch\/Blog\/wp-content\/uploads\/2015\/08\/4713627_6_1b07_2015-08-05-fd0e30c-27412-vl3gp2_0a7df236b4451b61fec8db3e9cf82f08.jpg\" alt=\"\" \/><\/a><\/p>\n<p>C\u2019est l\u2019histoire d\u2019une vengeance, froide comme la lame de Volas, le cruel seigneur de la Cit\u00e9 des chiens. Enora a d\u00e9cid\u00e9 d\u2019assassiner l\u2019oncle malveillant qui a d\u00e9capit\u00e9 son p\u00e8re et \u00e9pous\u00e9 sa m\u00e8re, et met la lande \u00e0 feu et \u00e0 sang, flanqu\u00e9 de ses molosses. Mais la jeune fille est seule. Elle ne peut compter que sur l\u2019aide des prostitu\u00e9es de Sarmuna-la-Louve et, peut-\u00eatre, sur les guerriers de la Confr\u00e9rie de l\u2019\u00eele des Pendus. Saura-t-elle convaincre Harald, leur \u00e9nigmatique chef, de la suivre\u00a0? Sorte de Game of Thrones revisit\u00e9 par Mucha, ce premier album \u00e9pate par le trait de Jakub Rebelka, jeune dessinateur polonais dont ce trait sombre et onirique colle parfaitement \u00e0 l\u2019univers sauvage d\u00e9velopp\u00e9 par le sc\u00e9nariste Yohan Radomski.<\/p>\n<p><em>La Cit\u00e9 des chiens. Livre 1,<\/em>\u00a0de Yohan Radomski et Jakub Rebelka (Akileos, 60 p., 15\u00a0\u20ac).<\/p>\n<p>Source\u00a0: <em><a href=\"http:\/\/www.lemonde.fr\/livres\/article\/2015\/08\/06\/la-selection-du-monde-des-livres_4713631_3260.html\">La s\u00e9lection du \u00ab\u00a0Monde des livres\u00a0\u00bb<\/a><\/em><\/p>\n","protected":false},"excerpt":{"rendered":"<p>C\u2019est l\u2019histoire d\u2019une vengeance, froide comme la lame de Volas, le cruel seigneur de la Cit\u00e9 des chiens. Enora a d\u00e9cid\u00e9 d\u2019assassiner l\u2019oncle malveillant qui a d\u00e9capit\u00e9 son p\u00e8re et \u00e9pous\u00e9 sa m\u00e8re, et met la lande \u00e0 feu et \u00e0 sang, flanqu\u00e9 de ses molosses. Mais la jeune fille est seule. Elle ne peut [&hellip;]<\/p>\n","protected":false},"author":1,"featured_media":15146,"comment_status":"open","ping_status":"open","sticky":false,"template":"","format":"standard","meta":{"_import_markdown_pro_load_document_selector":0,"_import_markdown_pro_submit_text_textarea":"","_genesis_hide_title":false,"_genesis_hide_breadcrumbs":false,"_genesis_hide_singular_image":false,"_genesis_hide_footer_widgets":false,"_genesis_custom_body_class":"","_genesis_custom_post_class":"","_genesis_layout":"","jetpack_post_was_ever_published":false,"_jetpack_newsletter_access":"","_jetpack_dont_email_post_to_subs":false,"_jetpack_newsletter_tier_id":0,"_jetpack_memberships_contains_paywalled_content":false,"_jetpack_memberships_contains_paid_content":false,"activitypub_content_warning":"","activitypub_content_visibility":"","activitypub_max_image_attachments":3,"activitypub_interaction_policy_quote":"anyone","activitypub_status":"","footnotes":"","jetpack_publicize_message":"","jetpack_publicize_feature_enabled":true,"jetpack_social_post_already_shared":true,"jetpack_social_options":{"image_generator_settings":{"template":"fullscreen","default_image_id":0,"font":"","enabled":false},"version":2}},"categories":[3],"tags":[],"class_list":{"0":"post-15145","1":"post","2":"type-post","3":"status-publish","4":"format-standard","5":"has-post-thumbnail","7":"category-blogcafe-2","8":"entry"},"jetpack_publicize_connections":[],"featured_image_src":"https:\/\/i0.wp.com\/lyonelkaufmann.ch\/Blog\/wp-content\/uploads\/2015\/08\/4713627_6_1b07_2015-08-05-fd0e30c-27412-vl3gp2_0a7df236b4451b61fec8db3e9cf82f08.jpg?resize=534%2C400&ssl=1","featured_image_src_square":"https:\/\/i0.wp.com\/lyonelkaufmann.ch\/Blog\/wp-content\/uploads\/2015\/08\/4713627_6_1b07_2015-08-05-fd0e30c-27412-vl3gp2_0a7df236b4451b61fec8db3e9cf82f08.jpg?resize=534%2C600&ssl=1","author_info":{"display_name":"Lyonel Kaufmann","author_link":"https:\/\/lyonelkaufmann.ch\/Blog\/author\/lyonelk\/"},"jetpack_featured_media_url":"https:\/\/i0.wp.com\/lyonelkaufmann.ch\/Blog\/wp-content\/uploads\/2015\/08\/4713627_6_1b07_2015-08-05-fd0e30c-27412-vl3gp2_0a7df236b4451b61fec8db3e9cf82f08.jpg?fit=534%2C735&ssl=1","jetpack_sharing_enabled":true,"jetpack_shortlink":"https:\/\/wp.me\/p1qtF4-3Wh","jetpack-related-posts":[{"id":12788,"url":"https:\/\/lyonelkaufmann.ch\/Blog\/2012\/11\/23\/rover-chien-robot-photo-du-jour\/","url_meta":{"origin":15145,"position":0},"title":"Rover, chien robot | Photo du jour","author":"Lyonel Kaufmann","date":"23 novembre 2012","format":"image","excerpt":"N\u2019h\u00e9sitez pas \u00e0 cliquer sur la photo pour la voir en XL.","rel":"","context":"Dans &quot;Photo du jour&quot;","block_context":{"text":"Photo du jour","link":"https:\/\/lyonelkaufmann.ch\/Blog\/category\/photo-du-jour\/"},"img":{"alt_text":"","src":"https:\/\/i0.wp.com\/lyonelkaufmann.ch\/Blog\/wp-content\/uploads\/2015\/03\/Rover-chien-robot-L.jpg?fit=398%2C600&ssl=1&resize=350%2C200","width":350,"height":200},"classes":[]},{"id":15203,"url":"https:\/\/lyonelkaufmann.ch\/Blog\/2015\/09\/24\/lecture-fordetroit-dalexandre-friederich\/","url_meta":{"origin":15145,"position":1},"title":"Lecture : Fordetroit d&rsquo;Alexandre Friederich","author":"Lyonel Kaufmann","date":"24 septembre 2015","format":false,"excerpt":"Nouvelle proposition de lecture d'un \u00e9crivain suisse avec\u00a0Fordetroit d'Alexandre Friederich aux Editions Allia.\u00a0Alexandre Friederich raconte le d\u00e9clin d\u2019une cit\u00e9 d\u00e9sert\u00e9e par ses habitants apr\u00e8s la crise des \u201csubprimes\u201d en 2008. L'envers du r\u00eave am\u00e9ricain dans un roman noir.\u00a0 Ce livre est propos\u00e9 cette fois-ci par BibliObs et Didier Jacob :\u2026","rel":"","context":"Dans &quot;Blogcaf\u00e9&quot;","block_context":{"text":"Blogcaf\u00e9","link":"https:\/\/lyonelkaufmann.ch\/Blog\/category\/blogcafe-2\/"},"img":{"alt_text":"","src":"https:\/\/i0.wp.com\/lyonelkaufmann.ch\/Blog\/wp-content\/uploads\/2015\/09\/book_715_image_cover-21.gif?fit=706%2C1200&ssl=1&resize=350%2C200","width":350,"height":200,"srcset":"https:\/\/i0.wp.com\/lyonelkaufmann.ch\/Blog\/wp-content\/uploads\/2015\/09\/book_715_image_cover-21.gif?fit=706%2C1200&ssl=1&resize=350%2C200 1x, https:\/\/i0.wp.com\/lyonelkaufmann.ch\/Blog\/wp-content\/uploads\/2015\/09\/book_715_image_cover-21.gif?fit=706%2C1200&ssl=1&resize=525%2C300 1.5x, https:\/\/i0.wp.com\/lyonelkaufmann.ch\/Blog\/wp-content\/uploads\/2015\/09\/book_715_image_cover-21.gif?fit=706%2C1200&ssl=1&resize=700%2C400 2x"},"classes":[]},{"id":925,"url":"https:\/\/lyonelkaufmann.ch\/Blog\/2008\/02\/17\/un-dimanche-de-chien\/","url_meta":{"origin":15145,"position":2},"title":"Un dimanche de chien!","author":"Lyonel Kaufmann","date":"17 f\u00e9vrier 2008","format":"aside","excerpt":"sun burn Hagao, Photo h\u00e9berg\u00e9e par phongs. Voil\u00e0. C'est dimanche. Apr\u00e8s une semaine de ski, la vie en plaine reprendra ses droits. Puis, je consulte Flickrville et je tombe sur cette photo. Quelle vie de chien ;-)","rel":"","context":"Dans &quot;Blogcaf\u00e9&quot;","block_context":{"text":"Blogcaf\u00e9","link":"https:\/\/lyonelkaufmann.ch\/Blog\/category\/blogcafe-2\/"},"img":{"alt_text":"","src":"https:\/\/i0.wp.com\/lyonelkaufmann.ch\/Blog\/wp-content\/uploads\/2015\/03\/2269325124_ea65368d6b.jpg?fit=500%2C333&ssl=1&resize=350%2C200","width":350,"height":200},"classes":[]},{"id":19326,"url":"https:\/\/lyonelkaufmann.ch\/Blog\/2018\/07\/23\/sonnez-pour-passer-a-table-et-ayez-du-chien-%f0%9f%8d%bd-%f0%9f%90%b6bmw-r1150r-scrambler-roadtrip-suisse%f0%9f%87%a8%f0%9f%87%ad-grisons\/","url_meta":{"origin":15145,"position":3},"title":"Sonnez pour passer \u00e0 table et ayez du chien ! ? ?#bmw #r1150r #scrambler #roadtrip #suisse?? #grisons","author":"Lyonel Kaufmann","date":"23 juillet 2018","format":false,"excerpt":"from Instagram: https:\/\/ift.tt\/2A3OXRM","rel":"","context":"Dans &quot;Blogcaf\u00e9&quot;","block_context":{"text":"Blogcaf\u00e9","link":"https:\/\/lyonelkaufmann.ch\/Blog\/category\/blogcafe-2\/"},"img":{"alt_text":"","src":"","width":0,"height":0},"classes":[]},{"id":3377,"url":"https:\/\/lyonelkaufmann.ch\/Blog\/2011\/01\/13\/un-historien-dans-la-cite-la-vie-des-idees\/","url_meta":{"origin":15145,"position":4},"title":"Un historien dans la cit\u00e9 | La Vie des id\u00e9es","author":"Lyonel Kaufmann","date":"13 janvier 2011","format":false,"excerpt":"Historien, auteur de nombreux livres sur la vie politique fran\u00e7aise, les milieux d\u2019affaires et les m\u00e9dias, Jean-No\u00ebl Jeanneney a aussi fait partie du gouvernement et dirig\u00e9 de grandes institutions publiques. Dans cet entretien vid\u00e9o accord\u00e9 \u00e0 la Vie des id\u00e9es, il s\u2019interroge sur la responsabilit\u00e9 civique de l\u2019historien. L'interview vid\u00e9o\u2026","rel":"","context":"Dans &quot;histoire&quot;","block_context":{"text":"histoire","link":"https:\/\/lyonelkaufmann.ch\/Blog\/category\/histoire-2\/"},"img":{"alt_text":"","src":"https:\/\/i0.wp.com\/lyonelkaufmann.ch\/histoire\/wp-content\/uploads\/2011\/01\/arton1288-8b3a9.jpg?resize=350%2C200","width":350,"height":200},"classes":[]},{"id":7699,"url":"https:\/\/lyonelkaufmann.ch\/Blog\/2006\/04\/29\/historiographie-la-democratie-athenienne\/","url_meta":{"origin":15145,"position":5},"title":"Historiographie : la d\u00e9mocratie ath\u00e9nienne","author":"Lyonel Kaufmann","date":"29 avril 2006","format":false,"excerpt":"Brul\u00e9 P. (1995). La cit\u00e9 grecque \u00e0 l'\u00e9poque classique. Paris: Presses Universitaires de Rennes M.I. Finley M.I. (1975). D\u00e9mocratie antique et d\u00e9mocratie moderne. Paris: Payot (r\u00e9\u00e9dition en 2003) Pr\u00e9sentation de l\u2019\u00e9diteur : En quoi la d\u00e9mocratie ath\u00e9nienne nous concerne-t-elle aujourd\u2019hui ? Telle est la question \u00e0 laquelle r\u00e9pond ce livre\u2026","rel":"","context":"Dans &quot;histoire&quot;","block_context":{"text":"histoire","link":"https:\/\/lyonelkaufmann.ch\/Blog\/category\/histoire-2\/"},"img":{"alt_text":"","src":"https:\/\/i0.wp.com\/lyonelkaufmann.ch\/Blog\/wp-content\/uploads\/2015\/03\/blogcafe1.jpg?fit=1024%2C683&ssl=1&resize=350%2C200","width":350,"height":200,"srcset":"https:\/\/i0.wp.com\/lyonelkaufmann.ch\/Blog\/wp-content\/uploads\/2015\/03\/blogcafe1.jpg?fit=1024%2C683&ssl=1&resize=350%2C200 1x, https:\/\/i0.wp.com\/lyonelkaufmann.ch\/Blog\/wp-content\/uploads\/2015\/03\/blogcafe1.jpg?fit=1024%2C683&ssl=1&resize=525%2C300 1.5x, https:\/\/i0.wp.com\/lyonelkaufmann.ch\/Blog\/wp-content\/uploads\/2015\/03\/blogcafe1.jpg?fit=1024%2C683&ssl=1&resize=700%2C400 2x"},"classes":[]}],"jetpack_likes_enabled":true,"_links":{"self":[{"href":"https:\/\/lyonelkaufmann.ch\/Blog\/wp-json\/wp\/v2\/posts\/15145","targetHints":{"allow":["GET"]}}],"collection":[{"href":"https:\/\/lyonelkaufmann.ch\/Blog\/wp-json\/wp\/v2\/posts"}],"about":[{"href":"https:\/\/lyonelkaufmann.ch\/Blog\/wp-json\/wp\/v2\/types\/post"}],"author":[{"embeddable":true,"href":"https:\/\/lyonelkaufmann.ch\/Blog\/wp-json\/wp\/v2\/users\/1"}],"replies":[{"embeddable":true,"href":"https:\/\/lyonelkaufmann.ch\/Blog\/wp-json\/wp\/v2\/comments?post=15145"}],"version-history":[{"count":0,"href":"https:\/\/lyonelkaufmann.ch\/Blog\/wp-json\/wp\/v2\/posts\/15145\/revisions"}],"wp:featuredmedia":[{"embeddable":true,"href":"https:\/\/lyonelkaufmann.ch\/Blog\/wp-json\/wp\/v2\/media\/15146"}],"wp:attachment":[{"href":"https:\/\/lyonelkaufmann.ch\/Blog\/wp-json\/wp\/v2\/media?parent=15145"}],"wp:term":[{"taxonomy":"category","embeddable":true,"href":"https:\/\/lyonelkaufmann.ch\/Blog\/wp-json\/wp\/v2\/categories?post=15145"},{"taxonomy":"post_tag","embeddable":true,"href":"https:\/\/lyonelkaufmann.ch\/Blog\/wp-json\/wp\/v2\/tags?post=15145"}],"curies":[{"name":"wp","href":"https:\/\/api.w.org\/{rel}","templated":true}]}}