{"id":15149,"date":"2015-08-10T18:15:55","date_gmt":"2015-08-10T17:15:55","guid":{"rendered":"https:\/\/lyonelkaufmann.ch\/Blog\/?p=15149"},"modified":"2015-08-10T18:15:55","modified_gmt":"2015-08-10T17:15:55","slug":"sur-les-traces-de-john-steinbeck-en-mer-de-cortez","status":"publish","type":"post","link":"https:\/\/lyonelkaufmann.ch\/Blog\/2015\/08\/10\/sur-les-traces-de-john-steinbeck-en-mer-de-cortez\/","title":{"rendered":"Sur les traces de John Steinbeck en mer de Cortez"},"content":{"rendered":"<p><a href=\"http:\/\/www.telerama.fr\/livre\/sur-les-traces-de-john-steinbeck-en-mer-de-cortez,130029.php#xtor=RSS-22\"><img data-recalc-dims=\"1\" decoding=\"async\" class=\"alignnone size-full\" src=\"https:\/\/i0.wp.com\/lyonelkaufmann.ch\/Blog\/wp-content\/uploads\/2015\/08\/sur-les-traces-de-john-steinbeck-en-mer-de-cortezM245660.jpg\" alt=\"\" \/><\/a><i>\u00ab Le monde est malade aujourd&rsquo;hui. Il y a des choses plus simples \u00e0 apprendre au fond d&rsquo;une crique que Hitler, le stalinisme ou la confusion du capitalisme\u2026 \u00bb,<\/i>\u00a0\u00e9crit\u00a0<a href=\"http:\/\/www.telerama.fr\/personnalite\/john-steinbeck,7969.php\">John Steinbeck<\/a>\u00a0en 1940. L&rsquo;oc\u00e9an est un refuge. Il largue les amarres et tire sa r\u00e9v\u00e9rence.\u00a0<i>\u00ab Le vaste monde s&rsquo;\u00e9loigne tr\u00e8s vite. La peur, la f\u00e9rocit\u00e9, la contagion de la guerre, les incertitudes d&rsquo;ordre \u00e9conomique\u2026 \u00bb<\/i>\u00a0La soci\u00e9t\u00e9 des hommes l&rsquo;effraie. En Europe, le chaos. En Am\u00e9rique, l&rsquo;hyst\u00e9rie.\u00a0<i>Les Raisins de la col\u00e8re,<\/i>\u00a0publi\u00e9s en 1939, font de lui la cible de toutes les passions. On le traite de pervers et de drogu\u00e9, on br\u00fble son livre dans les vall\u00e9es de Californie, des admirateurs campent devant sa porte et le FBI m\u00e8ne l&rsquo;enqu\u00eate pour voir si ce roman, sur les pauvres gens d\u00e9plac\u00e9s par la grande crise de 1929, ne cacherait pas la menace d&rsquo;un terrible activiste communiste. A bord du\u00a0<i>Western Flyer,<\/i>\u00a0qui a pris la mer \u00e0 Monterey, le rythme s&rsquo;alanguit, le moteur cogne doucement, le roulis amortit les humeurs, l&rsquo;angoisse est\u00a0<i>\u00ab aval\u00e9e par les anticorps de la tranquillit\u00e9 \u00bb.<\/i>\u00a0Rien de plus qu&rsquo;<i>\u00ab un bateau et la mer \u00bb.<\/i>Et les pens\u00e9es, les r\u00eaveries qu&rsquo;ils font na\u00eetre. Sans r\u00e9serves. Sans limites. Cap sur les luxuriances paradisiaques du golfe de Californie<\/p>\n<p>Lire la suite : <em><a href=\"http:\/\/www.telerama.fr\/livre\/sur-les-traces-de-john-steinbeck-en-mer-de-cortez,130029.php\">Sur les traces de John Steinbeck en mer de Cortez<\/a><\/em><\/p>\n","protected":false},"excerpt":{"rendered":"<p>\u00ab Le monde est malade aujourd&rsquo;hui. Il y a des choses plus simples \u00e0 apprendre au fond d&rsquo;une crique que Hitler, le stalinisme ou la confusion du capitalisme\u2026 \u00bb,\u00a0\u00e9crit\u00a0John Steinbeck\u00a0en 1940. L&rsquo;oc\u00e9an est un refuge. Il largue les amarres et tire sa r\u00e9v\u00e9rence.\u00a0\u00ab Le vaste monde s&rsquo;\u00e9loigne tr\u00e8s vite. La peur, la f\u00e9rocit\u00e9, la contagion [&hellip;]<\/p>\n","protected":false},"author":1,"featured_media":15150,"comment_status":"open","ping_status":"open","sticky":false,"template":"","format":"standard","meta":{"_import_markdown_pro_load_document_selector":0,"_import_markdown_pro_submit_text_textarea":"","_genesis_hide_title":false,"_genesis_hide_breadcrumbs":false,"_genesis_hide_singular_image":false,"_genesis_hide_footer_widgets":false,"_genesis_custom_body_class":"","_genesis_custom_post_class":"","_genesis_layout":"","jetpack_post_was_ever_published":false,"_jetpack_newsletter_access":"","_jetpack_dont_email_post_to_subs":false,"_jetpack_newsletter_tier_id":0,"_jetpack_memberships_contains_paywalled_content":false,"_jetpack_memberships_contains_paid_content":false,"activitypub_content_warning":"","activitypub_content_visibility":"","activitypub_max_image_attachments":3,"activitypub_interaction_policy_quote":"anyone","activitypub_status":"","footnotes":"","jetpack_publicize_message":"","jetpack_publicize_feature_enabled":true,"jetpack_social_post_already_shared":true,"jetpack_social_options":{"image_generator_settings":{"template":"fullscreen","default_image_id":0,"font":"","enabled":false},"version":2}},"categories":[3],"tags":[],"class_list":{"0":"post-15149","1":"post","2":"type-post","3":"status-publish","4":"format-standard","5":"has-post-thumbnail","7":"category-blogcafe-2","8":"entry"},"jetpack_publicize_connections":[],"featured_image_src":"https:\/\/i0.wp.com\/lyonelkaufmann.ch\/Blog\/wp-content\/uploads\/2015\/08\/sur-les-traces-de-john-steinbeck-en-mer-de-cortezM245660.jpg?resize=600%2C400&ssl=1","featured_image_src_square":"https:\/\/i0.wp.com\/lyonelkaufmann.ch\/Blog\/wp-content\/uploads\/2015\/08\/sur-les-traces-de-john-steinbeck-en-mer-de-cortezM245660.jpg?resize=600%2C600&ssl=1","author_info":{"display_name":"Lyonel Kaufmann","author_link":"https:\/\/lyonelkaufmann.ch\/Blog\/author\/lyonelk\/"},"jetpack_featured_media_url":"https:\/\/i0.wp.com\/lyonelkaufmann.ch\/Blog\/wp-content\/uploads\/2015\/08\/sur-les-traces-de-john-steinbeck-en-mer-de-cortezM245660.jpg?fit=1000%2C667&ssl=1","jetpack_sharing_enabled":true,"jetpack_shortlink":"https:\/\/wp.me\/p1qtF4-3Wl","jetpack-related-posts":[{"id":12476,"url":"https:\/\/lyonelkaufmann.ch\/Blog\/2006\/03\/24\/renegade-par-dr-john\/","url_meta":{"origin":15149,"position":0},"title":"Renegade par Dr. John","author":"Lyonel Kaufmann","date":"24 mars 2006","format":false,"excerpt":"Renegade de l'album \"Right Place, Right Time - Live at Tipitina's, Mardi Gras '89\" par Dr. John. I'm a runner in the jungle chante Dr John. Impayable artiste, cotoyant le vaudou, de La Nouvelle Orl\u00e9ans. Pour ma part, je l'ai d\u00e9couvert dans le film magnifique The Last Waltz, consacr\u00e9 au\u2026","rel":"","context":"Dans &quot;Blogcaf\u00e9&quot;","block_context":{"text":"Blogcaf\u00e9","link":"https:\/\/lyonelkaufmann.ch\/Blog\/category\/blogcafe-2\/"},"img":{"alt_text":"","src":"https:\/\/i0.wp.com\/lyonelkaufmann.ch\/Blog\/wp-content\/uploads\/2015\/03\/blogcafe1.jpg?fit=1024%2C683&ssl=1&resize=350%2C200","width":350,"height":200,"srcset":"https:\/\/i0.wp.com\/lyonelkaufmann.ch\/Blog\/wp-content\/uploads\/2015\/03\/blogcafe1.jpg?fit=1024%2C683&ssl=1&resize=350%2C200 1x, https:\/\/i0.wp.com\/lyonelkaufmann.ch\/Blog\/wp-content\/uploads\/2015\/03\/blogcafe1.jpg?fit=1024%2C683&ssl=1&resize=525%2C300 1.5x, https:\/\/i0.wp.com\/lyonelkaufmann.ch\/Blog\/wp-content\/uploads\/2015\/03\/blogcafe1.jpg?fit=1024%2C683&ssl=1&resize=700%2C400 2x"},"classes":[]},{"id":21086,"url":"https:\/\/lyonelkaufmann.ch\/Blog\/2020\/01\/25\/elton-john-live-from-moscow-virginemi\/","url_meta":{"origin":15149,"position":1},"title":"Vinyle : Elton John, \u201cLive from Moscow\u201d (Virgin\/EMI)","author":"Lyonel Kaufmann","date":"25 janvier 2020","format":false,"excerpt":"Une vraie curiosit\u00e9 que ce double album (vinyle). En 1979, Elton John a accompli un cycle. Il en sort essor\u00e9 et nous avec. Ses grands albums sont derri\u00e8re lui, ses grandes frasques aussi et il s\u2019est retir\u00e9 du circuit en plein burn out. Sa vir\u00e9e \u00e0 Moscou le remet en\u2026","rel":"","context":"Dans &quot;Blogcaf\u00e9&quot;","block_context":{"text":"Blogcaf\u00e9","link":"https:\/\/lyonelkaufmann.ch\/Blog\/category\/blogcafe-2\/"},"img":{"alt_text":"","src":"https:\/\/i0.wp.com\/lyonelkaufmann.ch\/Blog\/wp-content\/uploads\/2020\/01\/4DAD2C68-A2C5-413B-BD6E-B4EBBEAB5D75.f370c65aaa474671841b55f7bc2252cb.jpeg?fit=1000%2C649&ssl=1&resize=350%2C200","width":350,"height":200,"srcset":"https:\/\/i0.wp.com\/lyonelkaufmann.ch\/Blog\/wp-content\/uploads\/2020\/01\/4DAD2C68-A2C5-413B-BD6E-B4EBBEAB5D75.f370c65aaa474671841b55f7bc2252cb.jpeg?fit=1000%2C649&ssl=1&resize=350%2C200 1x, https:\/\/i0.wp.com\/lyonelkaufmann.ch\/Blog\/wp-content\/uploads\/2020\/01\/4DAD2C68-A2C5-413B-BD6E-B4EBBEAB5D75.f370c65aaa474671841b55f7bc2252cb.jpeg?fit=1000%2C649&ssl=1&resize=525%2C300 1.5x, https:\/\/i0.wp.com\/lyonelkaufmann.ch\/Blog\/wp-content\/uploads\/2020\/01\/4DAD2C68-A2C5-413B-BD6E-B4EBBEAB5D75.f370c65aaa474671841b55f7bc2252cb.jpeg?fit=1000%2C649&ssl=1&resize=700%2C400 2x"},"classes":[]},{"id":21455,"url":"https:\/\/lyonelkaufmann.ch\/Blog\/2020\/04\/12\/1978-sultans-of-swing-a-la-conquete-du-monde\/","url_meta":{"origin":15149,"position":2},"title":"1978, \u00ab\u00a0Sultans of Swing\u00a0\u00bb \u00e0 la conqu\u00eate du monde","author":"Lyonel Kaufmann","date":"12 avril 2020","format":false,"excerpt":"Sultans of Swing (1978) est la plus c\u00e9l\u00e8bre des chansons du groupe britannique Dire Straits. Aujourd'hui v\u00e9ritable standard, cette chanson comprenant l'un des plus beaux solos de guitare \u00e9lectrique de l'histoire du rock rencontre d'abord son public en Europe continentale, puis aux Etats-Unis, avant de toucher finalement son pays d'origine,\u2026","rel":"","context":"Dans &quot;Blogcaf\u00e9&quot;","block_context":{"text":"Blogcaf\u00e9","link":"https:\/\/lyonelkaufmann.ch\/Blog\/category\/blogcafe-2\/"},"img":{"alt_text":"","src":"","width":0,"height":0},"classes":[]},{"id":12477,"url":"https:\/\/lyonelkaufmann.ch\/Blog\/2006\/03\/25\/dr-john-photo\/","url_meta":{"origin":15149,"position":3},"title":"Dr. John &#8211; Photo","author":"Lyonel Kaufmann","date":"25 mars 2006","format":false,"excerpt":"Dr. John Originally uploaded by Belltown. Pour compl\u00e9ter le billet pr\u00e9c\u00e9dent, une magnifique photo couleur et r\u00e9cente du Dr John, trouv\u00e9e sur flickr.","rel":"","context":"Dans &quot;Blogcaf\u00e9&quot;","block_context":{"text":"Blogcaf\u00e9","link":"https:\/\/lyonelkaufmann.ch\/Blog\/category\/blogcafe-2\/"},"img":{"alt_text":"","src":"","width":0,"height":0},"classes":[]},{"id":11846,"url":"https:\/\/lyonelkaufmann.ch\/Blog\/2014\/07\/25\/lanniversaire-paleo2014\/","url_meta":{"origin":15149,"position":4},"title":"L&rsquo;Anniversaire #paleo2014","author":"Lyonel Kaufmann","date":"25 juillet 2014","format":false,"excerpt":"Ce jeudi 24 juillet, c'est l'anniversaire de maman. Elle aurait eu 89 ans. Dix ans que maman est morte. Je me rappelle la seule pr\u00e9sence de maman en 1984 au Pal\u00e9o avec sa couverture patchwork et son fauteuil de plage. Pal\u00e9o avait encore lieu au bord du lac. C\u2019\u00e9tait il\u2026","rel":"","context":"Dans &quot;Blogcaf\u00e9&quot;","block_context":{"text":"Blogcaf\u00e9","link":"https:\/\/lyonelkaufmann.ch\/Blog\/category\/blogcafe-2\/"},"img":{"alt_text":"affiche_paleo_1984.jpg","src":"https:\/\/i0.wp.com\/lyonelkaufmann.ch\/Blog\/wp-content\/uploads\/2014\/07\/affiche_paleo_1984.jpg?resize=350%2C200&ssl=1","width":350,"height":200},"classes":[]},{"id":5703,"url":"https:\/\/lyonelkaufmann.ch\/Blog\/2012\/03\/22\/vie-de-geek-hipstamatic-johns-kodotxgrizzled\/","url_meta":{"origin":15149,"position":5},"title":"Vie de geek\u2026 #Hipstamatic","author":"Lyonel Kaufmann","date":"22 mars 2012","format":"image","excerpt":"","rel":"","context":"Dans &quot;Blogcaf\u00e9&quot;","block_context":{"text":"Blogcaf\u00e9","link":"https:\/\/lyonelkaufmann.ch\/Blog\/category\/blogcafe-2\/"},"img":{"alt_text":"","src":"https:\/\/i0.wp.com\/lyonelkaufmann.ch\/Blog\/wp-content\/uploads\/2015\/03\/geek.jpg?fit=612%2C612&ssl=1&resize=350%2C200","width":350,"height":200,"srcset":"https:\/\/i0.wp.com\/lyonelkaufmann.ch\/Blog\/wp-content\/uploads\/2015\/03\/geek.jpg?fit=612%2C612&ssl=1&resize=350%2C200 1x, https:\/\/i0.wp.com\/lyonelkaufmann.ch\/Blog\/wp-content\/uploads\/2015\/03\/geek.jpg?fit=612%2C612&ssl=1&resize=525%2C300 1.5x"},"classes":[]}],"jetpack_likes_enabled":true,"_links":{"self":[{"href":"https:\/\/lyonelkaufmann.ch\/Blog\/wp-json\/wp\/v2\/posts\/15149","targetHints":{"allow":["GET"]}}],"collection":[{"href":"https:\/\/lyonelkaufmann.ch\/Blog\/wp-json\/wp\/v2\/posts"}],"about":[{"href":"https:\/\/lyonelkaufmann.ch\/Blog\/wp-json\/wp\/v2\/types\/post"}],"author":[{"embeddable":true,"href":"https:\/\/lyonelkaufmann.ch\/Blog\/wp-json\/wp\/v2\/users\/1"}],"replies":[{"embeddable":true,"href":"https:\/\/lyonelkaufmann.ch\/Blog\/wp-json\/wp\/v2\/comments?post=15149"}],"version-history":[{"count":0,"href":"https:\/\/lyonelkaufmann.ch\/Blog\/wp-json\/wp\/v2\/posts\/15149\/revisions"}],"wp:featuredmedia":[{"embeddable":true,"href":"https:\/\/lyonelkaufmann.ch\/Blog\/wp-json\/wp\/v2\/media\/15150"}],"wp:attachment":[{"href":"https:\/\/lyonelkaufmann.ch\/Blog\/wp-json\/wp\/v2\/media?parent=15149"}],"wp:term":[{"taxonomy":"category","embeddable":true,"href":"https:\/\/lyonelkaufmann.ch\/Blog\/wp-json\/wp\/v2\/categories?post=15149"},{"taxonomy":"post_tag","embeddable":true,"href":"https:\/\/lyonelkaufmann.ch\/Blog\/wp-json\/wp\/v2\/tags?post=15149"}],"curies":[{"name":"wp","href":"https:\/\/api.w.org\/{rel}","templated":true}]}}