{"id":15172,"date":"2015-08-17T18:21:09","date_gmt":"2015-08-17T17:21:09","guid":{"rendered":"https:\/\/lyonelkaufmann.ch\/Blog\/?p=15172"},"modified":"2015-08-17T18:21:41","modified_gmt":"2015-08-17T17:21:41","slug":"les-dames-pipi-de-la-ville-de-paris-a-la-rue-mediapart","status":"publish","type":"post","link":"https:\/\/lyonelkaufmann.ch\/Blog\/2015\/08\/17\/les-dames-pipi-de-la-ville-de-paris-a-la-rue-mediapart\/","title":{"rendered":"Les dames pipi de la Ville de Paris \u00e0 la rue | Mediapart"},"content":{"rendered":"<p><strong>En confiant le march\u00e9 des toilettes publiques des sites touristiques de la capitale \u00e0 la soci\u00e9t\u00e9 n\u00e9erlandaise 2theloo, qui se moque bien du droit du travail fran\u00e7ais, la mairie de Paris sacrifie le destin des onze \u00ab dames pipi \u00bb salari\u00e9es du pr\u00e9c\u00e9dent prestataire. Elles font gr\u00e8ve depuis le 22 juillet du soir au matin et ont rendez-vous devant le tribunal des prud&rsquo;hommes le 26 ao\u00fbt. Reportage de <em>Mediapart<\/em> au pied de la basilique du Sacr\u00e9-C\u0153ur.\u00a0<\/strong><\/p>\n<p><a href=\"http:\/\/www.mediapart.fr\/journal\/france\/170815\/les-dames-pipi-de-la-ville-de-paris-la-rue?onglet=full\">Les dames pipi de la Ville de Paris \u00e0 la rue | Mediapart<\/a>:<\/p>\n<blockquote><p>\n<em>Les gr\u00e8ves, les manifestations, les calicots\u2026 Fran\u00e7oise, coquette jusqu\u2019aux sourcils teint\u00e9s, jamais sans maquillage dans son sac de marque contrefait, voyait cela \u00ab\u00a0\u00e0 la t\u00e9l\u00e9vision, aux informations\u00a0\u00bb. Sans imaginer que son tour viendrait de scander\u00a0\u00ab\u00a0patron voyou\u00a0\u00bb devant les cam\u00e9ras, de porter le gilet rouge et les tee-shirts XXL de FEETS FO, le syndicat de la propret\u00e9 de Force ouvri\u00e8re. Elle croyait avoir \u00ab\u00a0la s\u00e9curit\u00e9 de l\u2019emploi\u00a0\u00bb, quand bien m\u00eame le sien est \u00e9prouvant. Dix-sept ans qu\u2019elle travaille, dit-elle comme un prestige, \u00ab\u00a0pour la mairie de Paris\u00a0\u00bb, en fait ses prestataires de nettoyage, des soci\u00e9t\u00e9s priv\u00e9es. Elle est agent d\u2019entretien, \u00ab\u00a0dame pipi\u00a0\u00bb au sourire toujours large dans les toilettes des lieux les plus touristiques de la capitale, la tour Eiffel, les Champs-\u00c9lys\u00e9es, le Sacr\u00e9-C\u0153ur\u2026<\/em><\/p>\n<p><em>Voil\u00e0 qu\u2019apr\u00e8s avoir nettoy\u00e9 \u00ab\u00a0la merde\u00a0\u00bb du monde entier pendant plus d\u2019une d\u00e9cennie pour 1 300 euros net primes comprises, elle est \u00ab\u00a0jet\u00e9e comme du papier toilette\u00a0\u00bb. Sans aucun pr\u00e9avis. Du jour au lendemain, dans la torpeur de l\u2019\u00e9t\u00e9, avec dix autres coll\u00e8gues. Que des femmes, entre 45 et 70 ans, qui n\u2019ont aucune autre exp\u00e9rience professionnelle que les \u00ab\u00a0lavatories\u00a0\u00bb de la Ville de Paris. Elles sont \u00ab\u00a0jet\u00e9es\u00a0\u00bb \u00e0 des \u00e2ges o\u00f9 \u00ab\u00a0personne\u00a0\u00bb ne voudra d\u2019elles, dans un no man\u2019s land juridique avant P\u00f4le emploi. Depuis le 10 juillet, elles sont sans travail, sans salaire, sans patron et ne sont sous le coup d\u2019aucune proc\u00e9dure de licenciement\u00a0!<\/em>\n<\/p><\/blockquote>\n<p>L\u2019article complet : \u00a0<a href=\"http:\/\/www.mediapart.fr\">www.mediapart.fr<\/a><\/p>\n","protected":false},"excerpt":{"rendered":"<p>En confiant le march\u00e9 des toilettes publiques des sites touristiques de la capitale \u00e0 la soci\u00e9t\u00e9 n\u00e9erlandaise 2theloo, qui se moque bien du droit du travail fran\u00e7ais, la mairie de Paris sacrifie le destin des onze \u00ab dames pipi \u00bb salari\u00e9es du pr\u00e9c\u00e9dent prestataire. Elles font gr\u00e8ve depuis le 22 juillet du soir au matin [&hellip;]<\/p>\n","protected":false},"author":1,"featured_media":14680,"comment_status":"open","ping_status":"closed","sticky":false,"template":"","format":"standard","meta":{"_import_markdown_pro_load_document_selector":0,"_import_markdown_pro_submit_text_textarea":"","_genesis_hide_title":false,"_genesis_hide_breadcrumbs":false,"_genesis_hide_singular_image":false,"_genesis_hide_footer_widgets":false,"_genesis_custom_body_class":"","_genesis_custom_post_class":"","_genesis_layout":"","jetpack_post_was_ever_published":false,"_jetpack_newsletter_access":"","_jetpack_dont_email_post_to_subs":false,"_jetpack_newsletter_tier_id":0,"_jetpack_memberships_contains_paywalled_content":false,"_jetpack_memberships_contains_paid_content":false,"activitypub_content_warning":"","activitypub_content_visibility":"","activitypub_max_image_attachments":3,"activitypub_interaction_policy_quote":"anyone","activitypub_status":"","footnotes":"","jetpack_publicize_message":"","jetpack_publicize_feature_enabled":true,"jetpack_social_post_already_shared":true,"jetpack_social_options":{"image_generator_settings":{"template":"fullscreen","default_image_id":0,"font":"","enabled":false},"version":2}},"categories":[1117],"tags":[],"class_list":{"0":"post-15172","1":"post","2":"type-post","3":"status-publish","4":"format-standard","5":"has-post-thumbnail","7":"category-politis","8":"entry"},"jetpack_publicize_connections":[],"featured_image_src":"https:\/\/i0.wp.com\/lyonelkaufmann.ch\/Blog\/wp-content\/uploads\/2015\/03\/blogcafe1.jpg?resize=600%2C400&ssl=1","featured_image_src_square":"https:\/\/i0.wp.com\/lyonelkaufmann.ch\/Blog\/wp-content\/uploads\/2015\/03\/blogcafe1.jpg?resize=600%2C600&ssl=1","author_info":{"display_name":"Lyonel Kaufmann","author_link":"https:\/\/lyonelkaufmann.ch\/Blog\/author\/lyonelk\/"},"jetpack_featured_media_url":"https:\/\/i0.wp.com\/lyonelkaufmann.ch\/Blog\/wp-content\/uploads\/2015\/03\/blogcafe1.jpg?fit=1024%2C683&ssl=1","jetpack_sharing_enabled":true,"jetpack_shortlink":"https:\/\/wp.me\/p1qtF4-3WI","jetpack-related-posts":[{"id":10563,"url":"https:\/\/lyonelkaufmann.ch\/Blog\/2013\/08\/07\/nyc-en-ruines-15-lucien-smith-guetteur-du-present-mediapart\/","url_meta":{"origin":15172,"position":0},"title":"NYC en ruines 1\/5. Lucien Smith, guetteur du pr\u00e9sent | Mediapart","author":"Lyonel Kaufmann","date":"7 ao\u00fbt 2013","format":"image","excerpt":"\u00a9 Lucien Smith, Courtesy Suzanne Geiss Company (NYC) Ballet de balais, polaro\u00efds encart\u00e9s, collage de journaux, le plasticien Lucien Smith, 24 ans, utilise tous les outils du pr\u00e9sent comme fragments de notre futur pass\u00e9. Un hommage \u00e0 New York dont la mis\u00e8re des rues a enfant\u00e9 le hip-hop et la\u2026","rel":"","context":"Dans &quot;Blogcaf\u00e9&quot;","block_context":{"text":"Blogcaf\u00e9","link":"https:\/\/lyonelkaufmann.ch\/Blog\/category\/blogcafe-2\/"},"img":{"alt_text":"","src":"https:\/\/i0.wp.com\/lyonelkaufmann.ch\/Blog\/wp-content\/uploads\/2015\/03\/Lucien701.jpg?fit=700%2C401&ssl=1&resize=350%2C200","width":350,"height":200,"srcset":"https:\/\/i0.wp.com\/lyonelkaufmann.ch\/Blog\/wp-content\/uploads\/2015\/03\/Lucien701.jpg?fit=700%2C401&ssl=1&resize=350%2C200 1x, https:\/\/i0.wp.com\/lyonelkaufmann.ch\/Blog\/wp-content\/uploads\/2015\/03\/Lucien701.jpg?fit=700%2C401&ssl=1&resize=525%2C300 1.5x, https:\/\/i0.wp.com\/lyonelkaufmann.ch\/Blog\/wp-content\/uploads\/2015\/03\/Lucien701.jpg?fit=700%2C401&ssl=1&resize=700%2C400 2x"},"classes":[]},{"id":4378,"url":"https:\/\/lyonelkaufmann.ch\/Blog\/2011\/11\/30\/zoos-humains-ce-quil-en-reste-mediapart\/","url_meta":{"origin":15172,"position":1},"title":"Zoos humains\u00a0: ce qu\u2019il en reste | Mediapart","author":"Lyonel Kaufmann","date":"30 novembre 2011","format":false,"excerpt":"Sur la photographie, un homme en chapeau, costume et \u00e9paisse moustache, se tient debout au milieu d\u2019une famille de pygm\u00e9es allong\u00e9s \u00e0 ses pieds, sur lesquels il pose une main et un regard dominateurs\u2026 L'affiche de l'exposition Exhibitions, l\u2019invention du sauvage qui vient d'ouvrir ses portes au Mus\u00e9e du quai\u2026","rel":"","context":"Dans &quot;histoire&quot;","block_context":{"text":"histoire","link":"https:\/\/lyonelkaufmann.ch\/Blog\/category\/histoire-2\/"},"img":{"alt_text":"","src":"https:\/\/i0.wp.com\/lyonelkaufmann.ch\/histoire\/wp-content\/uploads\/2011\/11\/ymago_affiche_exhibitions.jpg?resize=350%2C200","width":350,"height":200},"classes":[]},{"id":5398,"url":"https:\/\/lyonelkaufmann.ch\/Blog\/2012\/05\/16\/revue-de-presse-lhommage-a-jules-ferry-plus-complexe-quon-ne-le-croit-mediapart\/","url_meta":{"origin":15172,"position":2},"title":"Revue de presse : L\u2019hommage \u00e0 Jules Ferry\u2026 plus complexe qu\u2019on ne le croit ! | Mediapart","author":"Lyonel Kaufmann","date":"16 mai 2012","format":false,"excerpt":"Ainsi, Fran\u00e7ois Hollande commence son mandat pr\u00e9sidentiel par un hommage \u00e0 Jules Ferry et \u00e0 Marie Curie. Si cette derni\u00e8re fait consensus, la figure de Jules Ferry est l\u2019objet d\u2019un d\u00e9bat. On loue le fondateur de \u00ab l\u2019\u00e9cole la\u00efque, gratuite et obligatoire \u00bb ; on r\u00e9cuse le \u00ab colonialiste acharn\u00e9\u2026","rel":"","context":"Dans &quot;histoire&quot;","block_context":{"text":"histoire","link":"https:\/\/lyonelkaufmann.ch\/Blog\/category\/histoire-2\/"},"img":{"alt_text":"","src":"https:\/\/i0.wp.com\/lyonelkaufmann.ch\/Blog\/wp-content\/uploads\/2015\/03\/blogcafe1.jpg?fit=1024%2C683&ssl=1&resize=350%2C200","width":350,"height":200,"srcset":"https:\/\/i0.wp.com\/lyonelkaufmann.ch\/Blog\/wp-content\/uploads\/2015\/03\/blogcafe1.jpg?fit=1024%2C683&ssl=1&resize=350%2C200 1x, https:\/\/i0.wp.com\/lyonelkaufmann.ch\/Blog\/wp-content\/uploads\/2015\/03\/blogcafe1.jpg?fit=1024%2C683&ssl=1&resize=525%2C300 1.5x, https:\/\/i0.wp.com\/lyonelkaufmann.ch\/Blog\/wp-content\/uploads\/2015\/03\/blogcafe1.jpg?fit=1024%2C683&ssl=1&resize=700%2C400 2x"},"classes":[]},{"id":3980,"url":"https:\/\/lyonelkaufmann.ch\/Blog\/2011\/08\/23\/le-roman-du-remords-colonial-mediapart\/","url_meta":{"origin":15172,"position":3},"title":"Le roman du remords colonial | Mediapart","author":"Lyonel Kaufmann","date":"23 ao\u00fbt 2011","format":false,"excerpt":"En cette rentr\u00e9e litt\u00e9raire, certains \u00e9crivains, \u00e0 leur mani\u00e8re, r\u00e9pliquent aux criailleries de Nicolas Sarkozy concernant l'identit\u00e9 nationale. Tel est ainsi le cas d'A. Magoudi dans Un sujet fran\u00e7ais (Albin Michel). \u00abJe d\u00e9cide de rendre public le r\u00e9cit de ma qu\u00eate pour me forcer \u00e0 ne pas faire l'impasse sur\u2026","rel":"","context":"Dans &quot;histoire&quot;","block_context":{"text":"histoire","link":"https:\/\/lyonelkaufmann.ch\/Blog\/category\/histoire-2\/"},"img":{"alt_text":"","src":"https:\/\/i0.wp.com\/lyonelkaufmann.ch\/Blog\/wp-content\/uploads\/2015\/03\/blogcafe1.jpg?fit=1024%2C683&ssl=1&resize=350%2C200","width":350,"height":200,"srcset":"https:\/\/i0.wp.com\/lyonelkaufmann.ch\/Blog\/wp-content\/uploads\/2015\/03\/blogcafe1.jpg?fit=1024%2C683&ssl=1&resize=350%2C200 1x, https:\/\/i0.wp.com\/lyonelkaufmann.ch\/Blog\/wp-content\/uploads\/2015\/03\/blogcafe1.jpg?fit=1024%2C683&ssl=1&resize=525%2C300 1.5x, https:\/\/i0.wp.com\/lyonelkaufmann.ch\/Blog\/wp-content\/uploads\/2015\/03\/blogcafe1.jpg?fit=1024%2C683&ssl=1&resize=700%2C400 2x"},"classes":[]},{"id":7475,"url":"https:\/\/lyonelkaufmann.ch\/Blog\/2013\/09\/11\/11-septembre-1973-le-dernier-jour-dallende-mediapart\/","url_meta":{"origin":15172,"position":4},"title":"11 septembre 1973 : le dernier jour d&rsquo;Allende | Mediapart","author":"Lyonel Kaufmann","date":"11 septembre 2013","format":false,"excerpt":"Mediapart nous offre des documents sonores saisissants, longtemps gard\u00e9s secrets, permettant de revivre en direct le coup d\u2019\u00c9tat du 11 septembre 1973, au Chili, contre le pr\u00e9sident socialiste Salvador Allende. En effet, les fr\u00e9quences radio utilis\u00e9es par les chefs putschistes, dont le g\u00e9n\u00e9ral Pinochet, lors de l\u2019attaque du palais pr\u00e9sidentiel\u2026","rel":"","context":"Dans &quot;histoire&quot;","block_context":{"text":"histoire","link":"https:\/\/lyonelkaufmann.ch\/Blog\/category\/histoire-2\/"},"img":{"alt_text":"","src":"https:\/\/i0.wp.com\/lyonelkaufmann.ch\/histoire\/wp-content\/uploads\/2013\/09\/Image-1-240x371.jpg?resize=350%2C200","width":350,"height":200},"classes":[]},{"id":6269,"url":"https:\/\/lyonelkaufmann.ch\/Blog\/2012\/10\/13\/dans-les-meandres-du-congo-mediapart\/","url_meta":{"origin":15172,"position":5},"title":"Dans les m\u00e9andres du Congo | Mediapart","author":"Lyonel Kaufmann","date":"13 octobre 2012","format":false,"excerpt":"Au moment o\u00f9 le sommet de la Francophonie se tient en R\u00e9publique du Congo, ou Congo-Kinshasa, il est utile de revenir sur l'histoire mouvement\u00e9e de ce pays. A ce titre, la lecture de l'ouvrage de David Van Reybrouck \u00abCongo. Une histoire\u00bbs'impose. Cette histoire remonte bien avant l'arriv\u00e9e des Portugais au\u2026","rel":"","context":"Dans &quot;histoire&quot;","block_context":{"text":"histoire","link":"https:\/\/lyonelkaufmann.ch\/Blog\/category\/histoire-2\/"},"img":{"alt_text":"","src":"https:\/\/i0.wp.com\/www.politis.ch\/carnets\/wp-content\/uploads\/2012\/10\/Congo_une_histoire.jpg?resize=350%2C200","width":350,"height":200},"classes":[]}],"jetpack_likes_enabled":true,"_links":{"self":[{"href":"https:\/\/lyonelkaufmann.ch\/Blog\/wp-json\/wp\/v2\/posts\/15172","targetHints":{"allow":["GET"]}}],"collection":[{"href":"https:\/\/lyonelkaufmann.ch\/Blog\/wp-json\/wp\/v2\/posts"}],"about":[{"href":"https:\/\/lyonelkaufmann.ch\/Blog\/wp-json\/wp\/v2\/types\/post"}],"author":[{"embeddable":true,"href":"https:\/\/lyonelkaufmann.ch\/Blog\/wp-json\/wp\/v2\/users\/1"}],"replies":[{"embeddable":true,"href":"https:\/\/lyonelkaufmann.ch\/Blog\/wp-json\/wp\/v2\/comments?post=15172"}],"version-history":[{"count":0,"href":"https:\/\/lyonelkaufmann.ch\/Blog\/wp-json\/wp\/v2\/posts\/15172\/revisions"}],"wp:featuredmedia":[{"embeddable":true,"href":"https:\/\/lyonelkaufmann.ch\/Blog\/wp-json\/wp\/v2\/media\/14680"}],"wp:attachment":[{"href":"https:\/\/lyonelkaufmann.ch\/Blog\/wp-json\/wp\/v2\/media?parent=15172"}],"wp:term":[{"taxonomy":"category","embeddable":true,"href":"https:\/\/lyonelkaufmann.ch\/Blog\/wp-json\/wp\/v2\/categories?post=15172"},{"taxonomy":"post_tag","embeddable":true,"href":"https:\/\/lyonelkaufmann.ch\/Blog\/wp-json\/wp\/v2\/tags?post=15172"}],"curies":[{"name":"wp","href":"https:\/\/api.w.org\/{rel}","templated":true}]}}