{"id":15197,"date":"2015-09-24T08:30:50","date_gmt":"2015-09-24T07:30:50","guid":{"rendered":"https:\/\/lyonelkaufmann.ch\/Blog\/?p=15197"},"modified":"2015-09-24T08:30:50","modified_gmt":"2015-09-24T07:30:50","slug":"lecture-corto-maltese-sous-le-soleil-de-minuit","status":"publish","type":"post","link":"https:\/\/lyonelkaufmann.ch\/Blog\/2015\/09\/24\/lecture-corto-maltese-sous-le-soleil-de-minuit\/","title":{"rendered":"Lecture : \u00ab Corto Maltese. Sous le soleil de minuit \u00bb"},"content":{"rendered":"<p><strong>De retour de Venise, ayant notamment suivi les traces de Corto Maltese, la publication d&rsquo;une nouvelle aventure de Corto Maltese m&rsquo;interpelle\u2026 En voici la pr\u00e9sentation par l&rsquo;\u00e9quipe du <em>Monde des Livres.\u00a0<\/em><\/strong><\/p>\n<blockquote><p>O\u00f9 l\u2019on retrouve Corto Maltese, vingt ans apr\u00e8s la mort d\u2019Hugo Pratt, dans une\u00a0histoire\u00a0dont lui seul peut\u00a0\u00eatre\u00a0le h\u00e9ros. Son ami Jack London lui a demand\u00e9 d\u2019aller\u00a0remettre\u00a0une lettre \u00e0 une ancienne vedette de saloon du temps de la ru\u00e9e vers l\u2019or, reconvertie en <em>pasionaria<\/em> de la lutte contre la traite des Blanches. En route pour le Grand Nord, le flegmatique marin \u00e0 favoris et boucle d\u2019oreille va\u00a0croiser\u00a0le chemin d\u2019une pl\u00e9thore de personnages cocasses \u2013 des prox\u00e9n\u00e8tes japonais, des patriotes irlandais, un chef inuit se prenant pour Robespierre \u2013 ou ayant exist\u00e9, comme Matthew Henson, ex-compagnon d\u2019aventures de l\u2019explorateur de l\u2019Arctique Robert Peary, dont les exploits furent oubli\u00e9s parce qu\u2019il \u00e9tait noir. Comme c\u2019est souvent le cas chez Corto Maltese, l\u2019action, la po\u00e9sie et une certaine d\u00e9sinvolture fusionnent myst\u00e9rieusement dans cette reprise o\u00f9 dominent, non pas le trait exact de Pratt, mais les ambiances graphiques ch\u00e8res \u00e0\u00a0ses\u00a0lecteurs.\u00a0<strong>Fr\u00e9d\u00e9ric Potet<\/strong><\/p><\/blockquote>\n<figure class=\"illustration_haut   \"><img data-recalc-dims=\"1\" decoding=\"async\" class=\"lazy-retina\" title=\"Casterman\" src=\"https:\/\/i0.wp.com\/lyonelkaufmann.ch\/Blog\/wp-content\/uploads\/2015\/09\/4769211_6_841f_2015-09-23-3b9e83f-26535-1t8htpx_fed28eaefb2555bb8e850309e33fc8d2.jpg?w=534\" alt=\" \"  data-lazyload=\"false\" data-no-hd-src=\"http:\/\/s2.lemde.fr\/image\/2015\/09\/24\/534x0\/4769211_6_841f_2015-09-23-3b9e83f-26535-1t8htpx_fed28eaefb2555bb8e850309e33fc8d2.jpg\" data-hd-src=\"https:\/\/lyonelkaufmann.ch\/Blog\/wp-content\/uploads\/2015\/09\/4769211_6_841f_2015-09-23-3b9e83f-26535-1t8htpx_fed28eaefb2555bb8e850309e33fc8d2.jpg\" \/><\/figure>\n<p class=\"reference\"><em>Corto Maltese. Sous le soleil de minuit,\u00a0<\/em>de Ruben Pellejero et Juan Diaz Canales, traduit de l\u2019espagnol par Anne-Marie Ruiz, Casterman, 82 p., 16\u00a0euros.<\/p>\n<p class=\"reference\">\nEn savoir plus sur <a href=\"http:\/\/www.lemonde.fr\/livres\/article\/2015\/09\/24\/la-selection-du-monde-des-livres_4769213_3260.html#iMLQWE0fJ0xZf7vi.99\" target=\"_blank\">http:\/\/www.lemonde.fr\/livres\/article\/2015\/09\/24\/la-selection-du-monde-des-livres_4769213_3260.html#iMLQWE0fJ0xZf7vi.99<\/a><\/p>\n","protected":false},"excerpt":{"rendered":"<p>De retour de Venise, ayant notamment suivi les traces de Corto Maltese, la publication d&rsquo;une nouvelle aventure de Corto Maltese m&rsquo;interpelle\u2026 En voici la pr\u00e9sentation par l&rsquo;\u00e9quipe du Monde des Livres.\u00a0 O\u00f9 l\u2019on retrouve Corto Maltese, vingt ans apr\u00e8s la mort d\u2019Hugo Pratt, dans une\u00a0histoire\u00a0dont lui seul peut\u00a0\u00eatre\u00a0le h\u00e9ros. Son ami Jack London lui a [&hellip;]<\/p>\n","protected":false},"author":1,"featured_media":15198,"comment_status":"open","ping_status":"open","sticky":false,"template":"","format":"standard","meta":{"_import_markdown_pro_load_document_selector":0,"_import_markdown_pro_submit_text_textarea":"","_genesis_hide_title":false,"_genesis_hide_breadcrumbs":false,"_genesis_hide_singular_image":false,"_genesis_hide_footer_widgets":false,"_genesis_custom_body_class":"","_genesis_custom_post_class":"","_genesis_layout":"","jetpack_post_was_ever_published":false,"_jetpack_newsletter_access":"","_jetpack_dont_email_post_to_subs":false,"_jetpack_newsletter_tier_id":0,"_jetpack_memberships_contains_paywalled_content":false,"_jetpack_memberships_contains_paid_content":false,"activitypub_content_warning":"","activitypub_content_visibility":"","activitypub_max_image_attachments":3,"activitypub_interaction_policy_quote":"anyone","activitypub_status":"","footnotes":"","jetpack_publicize_message":"","jetpack_publicize_feature_enabled":true,"jetpack_social_post_already_shared":true,"jetpack_social_options":{"image_generator_settings":{"template":"fullscreen","default_image_id":0,"font":"","enabled":false},"version":2}},"categories":[3],"tags":[],"class_list":{"0":"post-15197","1":"post","2":"type-post","3":"status-publish","4":"format-standard","5":"has-post-thumbnail","7":"category-blogcafe-2","8":"entry"},"jetpack_publicize_connections":[],"featured_image_src":"https:\/\/i0.wp.com\/lyonelkaufmann.ch\/Blog\/wp-content\/uploads\/2015\/09\/4769211_6_841f_2015-09-23-3b9e83f-26535-1t8htpx_fed28eaefb2555bb8e850309e33fc8d2.jpg?resize=600%2C400&ssl=1","featured_image_src_square":"https:\/\/i0.wp.com\/lyonelkaufmann.ch\/Blog\/wp-content\/uploads\/2015\/09\/4769211_6_841f_2015-09-23-3b9e83f-26535-1t8htpx_fed28eaefb2555bb8e850309e33fc8d2.jpg?resize=600%2C600&ssl=1","author_info":{"display_name":"Lyonel Kaufmann","author_link":"https:\/\/lyonelkaufmann.ch\/Blog\/author\/lyonelk\/"},"jetpack_featured_media_url":"https:\/\/i0.wp.com\/lyonelkaufmann.ch\/Blog\/wp-content\/uploads\/2015\/09\/4769211_6_841f_2015-09-23-3b9e83f-26535-1t8htpx_fed28eaefb2555bb8e850309e33fc8d2.jpg?fit=1068%2C1399&ssl=1","jetpack_sharing_enabled":true,"jetpack_shortlink":"https:\/\/wp.me\/p1qtF4-3X7","jetpack-related-posts":[{"id":18254,"url":"https:\/\/lyonelkaufmann.ch\/Blog\/2017\/07\/17\/un-nouvel-album-pour-les-50-ans-de-corto-maltese\/","url_meta":{"origin":15197,"position":0},"title":"Un nouvel album pour les 50 ans de Corto Maltese","author":"Lyonel Kaufmann","date":"17 juillet 2017","format":false,"excerpt":"Certains h\u00e9ros ne meurent jamais. Corto Maltese, pourtant, avait presque disparu de la circulation apr\u00e8s la mort de son cr\u00e9ateur, Hugo Pratt, en 1995. Presque, mais voil\u00e0 que 20 ans plus tard paraissait un nouvel album de ses aventures, Sous le soleil de minuit. L'h\u00e9ritage a \u00e9t\u00e9 repris par le\u2026","rel":"","context":"Dans &quot;Blogcaf\u00e9&quot;","block_context":{"text":"Blogcaf\u00e9","link":"https:\/\/lyonelkaufmann.ch\/Blog\/category\/blogcafe-2\/"},"img":{"alt_text":"","src":"https:\/\/i0.wp.com\/lyonelkaufmann.ch\/Blog\/wp-content\/uploads\/2017\/07\/Image-18.07.17-00-42.jpeg?fit=805%2C1054&ssl=1&resize=350%2C200","width":350,"height":200,"srcset":"https:\/\/i0.wp.com\/lyonelkaufmann.ch\/Blog\/wp-content\/uploads\/2017\/07\/Image-18.07.17-00-42.jpeg?fit=805%2C1054&ssl=1&resize=350%2C200 1x, https:\/\/i0.wp.com\/lyonelkaufmann.ch\/Blog\/wp-content\/uploads\/2017\/07\/Image-18.07.17-00-42.jpeg?fit=805%2C1054&ssl=1&resize=525%2C300 1.5x, https:\/\/i0.wp.com\/lyonelkaufmann.ch\/Blog\/wp-content\/uploads\/2017\/07\/Image-18.07.17-00-42.jpeg?fit=805%2C1054&ssl=1&resize=700%2C400 2x"},"classes":[]},{"id":15556,"url":"https:\/\/lyonelkaufmann.ch\/Blog\/2015\/12\/14\/corto-de-grandvaux\/","url_meta":{"origin":15197,"position":1},"title":"Corto de Grandvaux\u2026","author":"Lyonel Kaufmann","date":"14 d\u00e9cembre 2015","format":"image","excerpt":"Scrutant l'horizon, Corto de Grandvaux esp\u00e8re toujours qu'Hugo lui fasse signe.","rel":"","context":"Dans &quot;Photo du jour&quot;","block_context":{"text":"Photo du jour","link":"https:\/\/lyonelkaufmann.ch\/Blog\/category\/photo-du-jour\/"},"img":{"alt_text":"","src":"https:\/\/i0.wp.com\/lyonelkaufmann.ch\/Blog\/wp-content\/uploads\/2015\/12\/23127116383_3d571416e7_c-1.jpg?fit=800%2C531&ssl=1&resize=350%2C200","width":350,"height":200,"srcset":"https:\/\/i0.wp.com\/lyonelkaufmann.ch\/Blog\/wp-content\/uploads\/2015\/12\/23127116383_3d571416e7_c-1.jpg?fit=800%2C531&ssl=1&resize=350%2C200 1x, https:\/\/i0.wp.com\/lyonelkaufmann.ch\/Blog\/wp-content\/uploads\/2015\/12\/23127116383_3d571416e7_c-1.jpg?fit=800%2C531&ssl=1&resize=525%2C300 1.5x, https:\/\/i0.wp.com\/lyonelkaufmann.ch\/Blog\/wp-content\/uploads\/2015\/12\/23127116383_3d571416e7_c-1.jpg?fit=800%2C531&ssl=1&resize=700%2C400 2x"},"classes":[]},{"id":22193,"url":"https:\/\/lyonelkaufmann.ch\/Blog\/2020\/12\/15\/en-route-vers-grandvaux-et-le-lavaux-avec-le-sony-alpha-7r-ii\/","url_meta":{"origin":15197,"position":2},"title":"En route vers Grandvaux et le Lavaux avec le Sony Alpha 7R II","author":"Lyonel Kaufmann","date":"15 d\u00e9cembre 2020","format":false,"excerpt":"Aujourd\u2019hui, un billet en deux parties compl\u00e9mentaire. En premi\u00e8re partie, les photos r\u00e9alis\u00e9s ce lundi en rentrant de Lausanne et en passant par Grandvaux et Chexbres. En seconde partie, la petite histoire du Sony Alpha 7R II achet\u00e9 d\u2019occasion. Vers 16h00, alors que j\u2019avais atteint mes objectifs du jour, le\u2026","rel":"","context":"Dans &quot;Blogcaf\u00e9&quot;","block_context":{"text":"Blogcaf\u00e9","link":"https:\/\/lyonelkaufmann.ch\/Blog\/category\/blogcafe-2\/"},"img":{"alt_text":"","src":"https:\/\/i0.wp.com\/lyonelkaufmann.ch\/Blog\/wp-content\/uploads\/2020\/12\/50721015452_1201f22e4b_b.jpg?fit=1024%2C683&ssl=1&resize=350%2C200","width":350,"height":200,"srcset":"https:\/\/i0.wp.com\/lyonelkaufmann.ch\/Blog\/wp-content\/uploads\/2020\/12\/50721015452_1201f22e4b_b.jpg?fit=1024%2C683&ssl=1&resize=350%2C200 1x, https:\/\/i0.wp.com\/lyonelkaufmann.ch\/Blog\/wp-content\/uploads\/2020\/12\/50721015452_1201f22e4b_b.jpg?fit=1024%2C683&ssl=1&resize=525%2C300 1.5x, https:\/\/i0.wp.com\/lyonelkaufmann.ch\/Blog\/wp-content\/uploads\/2020\/12\/50721015452_1201f22e4b_b.jpg?fit=1024%2C683&ssl=1&resize=700%2C400 2x"},"classes":[]},{"id":18673,"url":"https:\/\/lyonelkaufmann.ch\/Blog\/2017\/10\/18\/chronique-venitienne-du-troisieme-jour\/","url_meta":{"origin":15197,"position":3},"title":"Chronique v\u00e9nitienne du troisi\u00e8me jour","author":"Lyonel Kaufmann","date":"18 octobre 2017","format":false,"excerpt":"Changement de d\u00e9cor ce matin, c\u2019est un temps tr\u00e8s automnal et brumeux qui nous accueille au lever. L\u2019ambiance change instantan\u00e9ment. Venise se fait soudain fort myst\u00e9rieuse. La foule se transforme en spectre, les Vaporetti en bateaux fant\u00f4mes. La lagune a disparu. Le flot des touristes ne s\u2019interrompt pas pour autant.\u2026","rel":"","context":"Dans &quot;Diary&quot;","block_context":{"text":"Diary","link":"https:\/\/lyonelkaufmann.ch\/Blog\/category\/diary\/"},"img":{"alt_text":"","src":"https:\/\/i0.wp.com\/lyonelkaufmann.ch\/Blog\/wp-content\/uploads\/2017\/10\/imgp2879.jpg?fit=1200%2C1200&ssl=1&resize=350%2C200","width":350,"height":200,"srcset":"https:\/\/i0.wp.com\/lyonelkaufmann.ch\/Blog\/wp-content\/uploads\/2017\/10\/imgp2879.jpg?fit=1200%2C1200&ssl=1&resize=350%2C200 1x, https:\/\/i0.wp.com\/lyonelkaufmann.ch\/Blog\/wp-content\/uploads\/2017\/10\/imgp2879.jpg?fit=1200%2C1200&ssl=1&resize=525%2C300 1.5x, https:\/\/i0.wp.com\/lyonelkaufmann.ch\/Blog\/wp-content\/uploads\/2017\/10\/imgp2879.jpg?fit=1200%2C1200&ssl=1&resize=700%2C400 2x, https:\/\/i0.wp.com\/lyonelkaufmann.ch\/Blog\/wp-content\/uploads\/2017\/10\/imgp2879.jpg?fit=1200%2C1200&ssl=1&resize=1050%2C600 3x"},"classes":[]},{"id":6550,"url":"https:\/\/lyonelkaufmann.ch\/Blog\/2012\/12\/07\/la-construction-de-brasilia-une-aventure-mediatique-plancoupeimage\/","url_meta":{"origin":15197,"position":4},"title":"La construction de Brasilia, une aventure m\u00e9diatique | plan\/coupe\/image","author":"Lyonel Kaufmann","date":"7 d\u00e9cembre 2012","format":false,"excerpt":"Ren\u00e9 Burri, Brasilia (1960), Magnum Photos Oscar Niemeyer est mort hier \u00e0 l\u2019\u00e2ge de 104 ans. Dernier survivant de la derni\u00e8re g\u00e9n\u00e9ration des \u201cmaitres\u201d de l\u2019architecture moderne, l\u2019histoire de sa renomm\u00e9e est aussi celle d\u2019une grande aventure photographique et m\u00e9diatique. Ce m\u00eame jour, Marie-Madeleine Ozdoba ouvre son carnet de recherches\u2026","rel":"","context":"Dans &quot;histoire&quot;","block_context":{"text":"histoire","link":"https:\/\/lyonelkaufmann.ch\/Blog\/category\/histoire-2\/"},"img":{"alt_text":"","src":"https:\/\/i0.wp.com\/lyonelkaufmann.ch\/Blog\/wp-content\/uploads\/2015\/03\/rene-burri-brasilia_magnum-photos-450x300.jpg?fit=450%2C300&ssl=1&resize=350%2C200","width":350,"height":200},"classes":[]},{"id":7886,"url":"https:\/\/lyonelkaufmann.ch\/Blog\/2013\/12\/10\/revue-de-presse-vers-une-histoire-globale-de-laventure-industrielle-histoire-globale\/","url_meta":{"origin":15197,"position":5},"title":"Revue de presse : Vers une histoire globale de l\u2019aventure industrielle | Histoire Globale","author":"Lyonel Kaufmann","date":"10 d\u00e9cembre 2013","format":false,"excerpt":"Copieux et tr\u00e8s int\u00e9ressant compte-rendu de l\u2019ouvrage de Patrick Verley, L\u2019\u00e9chelle du Monde \u2013 Essai sur l\u2019industrialisation de l\u2019occident, Paris, Tel Gallimard, r\u00e9\u00e9dition 2013. Dont voici la conclusion : \u00abAu total, l\u2019\u00e9chelle du Monde est sans doute l\u2019un des premiers livres sur la r\u00e9volution industrielle \u00e0 donner l\u2019importance qu\u2019il m\u00e9rite\u2026","rel":"","context":"Dans &quot;histoire&quot;","block_context":{"text":"histoire","link":"https:\/\/lyonelkaufmann.ch\/Blog\/category\/histoire-2\/"},"img":{"alt_text":"","src":"","width":0,"height":0},"classes":[]}],"jetpack_likes_enabled":true,"_links":{"self":[{"href":"https:\/\/lyonelkaufmann.ch\/Blog\/wp-json\/wp\/v2\/posts\/15197","targetHints":{"allow":["GET"]}}],"collection":[{"href":"https:\/\/lyonelkaufmann.ch\/Blog\/wp-json\/wp\/v2\/posts"}],"about":[{"href":"https:\/\/lyonelkaufmann.ch\/Blog\/wp-json\/wp\/v2\/types\/post"}],"author":[{"embeddable":true,"href":"https:\/\/lyonelkaufmann.ch\/Blog\/wp-json\/wp\/v2\/users\/1"}],"replies":[{"embeddable":true,"href":"https:\/\/lyonelkaufmann.ch\/Blog\/wp-json\/wp\/v2\/comments?post=15197"}],"version-history":[{"count":0,"href":"https:\/\/lyonelkaufmann.ch\/Blog\/wp-json\/wp\/v2\/posts\/15197\/revisions"}],"wp:featuredmedia":[{"embeddable":true,"href":"https:\/\/lyonelkaufmann.ch\/Blog\/wp-json\/wp\/v2\/media\/15198"}],"wp:attachment":[{"href":"https:\/\/lyonelkaufmann.ch\/Blog\/wp-json\/wp\/v2\/media?parent=15197"}],"wp:term":[{"taxonomy":"category","embeddable":true,"href":"https:\/\/lyonelkaufmann.ch\/Blog\/wp-json\/wp\/v2\/categories?post=15197"},{"taxonomy":"post_tag","embeddable":true,"href":"https:\/\/lyonelkaufmann.ch\/Blog\/wp-json\/wp\/v2\/tags?post=15197"}],"curies":[{"name":"wp","href":"https:\/\/api.w.org\/{rel}","templated":true}]}}