{"id":15200,"date":"2015-09-24T08:35:53","date_gmt":"2015-09-24T07:35:53","guid":{"rendered":"https:\/\/lyonelkaufmann.ch\/Blog\/?p=15200"},"modified":"2015-09-24T08:35:53","modified_gmt":"2015-09-24T07:35:53","slug":"lecture-le-printemps-des-barbares-de-jonas-luscher","status":"publish","type":"post","link":"https:\/\/lyonelkaufmann.ch\/Blog\/2015\/09\/24\/lecture-le-printemps-des-barbares-de-jonas-luscher\/","title":{"rendered":"Lecture : \u00ab Le Printemps des barbares \u00bb, de Jonas L\u00fcscher"},"content":{"rendered":"<p><strong>Une autre proposition all\u00e9chante cette semaine de la s\u00e9lection du Monde des Livres. Le\u00a0livre\u00a0est disponible sous format broch\u00e9 ou pour votre liseuse (Kindle). A suivre\u2026<\/strong><\/p>\n<blockquote><p>Roman. \u00ab\u00a0Le Printemps des barbares\u00a0\u00bb, de Jonas L\u00fcscher<\/p><\/blockquote>\n<blockquote><p>De jeunes financiers de la City f\u00eatent un mariage en Tunisie, avant la \u00ab\u00a0r\u00e9volution du jasmin\u00a0\u00bb, dans un h\u00f4tel de luxe kitsch implant\u00e9 en plein d\u00e9sert. Soudain, cartes de cr\u00e9dit et portables cessent de fonctionner\u2026 Les yuppies vont alors r\u00e9v\u00e9ler leur vraie nature et se m\u00e9tamorphoser en une horde barbare. La description de cet univers inqui\u00e9tant, le n\u00f4tre, \u00e0 la veille de sa chute, fait du premier roman du Suisse Jonas L\u00fcscher un v\u00e9ritable coup de ma\u00eetre. Il m\u00e9lange les genres, superpose les intrigues, s\u2019appuie sur le grotesque et la satire pour suivre les convulsions du d\u00e9clin de l\u2019Occident avec une pr\u00e9cision d\u2019entomologiste, conscient du potentiel cr\u00e9atif de tout moment d\u2019effondrement. Nicolas Weill<\/p><\/blockquote>\n<p><a href=\"http:\/\/www.lemonde.fr\/livres\/article\/2015\/09\/24\/la-selection-du-monde-des-livres_4769213_3260.html\"><img data-recalc-dims=\"1\" decoding=\"async\" class=\"alignnone size-full\" src=\"https:\/\/i0.wp.com\/lyonelkaufmann.ch\/Blog\/wp-content\/uploads\/2015\/09\/4769210_6_1ab4_2015-09-23-e1cf49c-26559-1qxjuep_8b8446d2b52ecb15a06c6d98addd3167.jpg\" alt=\"\" \/><\/a><\/p>\n<p>Le Printemps des barbares (Fr\u00fchling der Barbaren), de Jonas L\u00fcscher, traduit de l\u2019allemand (Suisse) par Tatjana Marwinski, Autrement, 192 p., 17,50\u00a0euros.<\/p>\n<p>Source\u00a0: <em><a href=\"http:\/\/www.lemonde.fr\/livres\/article\/2015\/09\/24\/la-selection-du-monde-des-livres_4769213_3260.html\">La s\u00e9lection du \u00ab\u00a0Monde des livres\u00a0\u00bb<\/a><\/em><\/p>\n","protected":false},"excerpt":{"rendered":"<p>Une autre proposition all\u00e9chante cette semaine de la s\u00e9lection du Monde des Livres. Le\u00a0livre\u00a0est disponible sous format broch\u00e9 ou pour votre liseuse (Kindle). A suivre\u2026 Roman. \u00ab\u00a0Le Printemps des barbares\u00a0\u00bb, de Jonas L\u00fcscher De jeunes financiers de la City f\u00eatent un mariage en Tunisie, avant la \u00ab\u00a0r\u00e9volution du jasmin\u00a0\u00bb, dans un h\u00f4tel de luxe kitsch [&hellip;]<\/p>\n","protected":false},"author":1,"featured_media":15201,"comment_status":"open","ping_status":"open","sticky":false,"template":"","format":"standard","meta":{"_import_markdown_pro_load_document_selector":0,"_import_markdown_pro_submit_text_textarea":"","_genesis_hide_title":false,"_genesis_hide_breadcrumbs":false,"_genesis_hide_singular_image":false,"_genesis_hide_footer_widgets":false,"_genesis_custom_body_class":"","_genesis_custom_post_class":"","_genesis_layout":"","jetpack_post_was_ever_published":false,"_jetpack_newsletter_access":"","_jetpack_dont_email_post_to_subs":false,"_jetpack_newsletter_tier_id":0,"_jetpack_memberships_contains_paywalled_content":false,"_jetpack_memberships_contains_paid_content":false,"activitypub_content_warning":"","activitypub_content_visibility":"","activitypub_max_image_attachments":3,"activitypub_interaction_policy_quote":"anyone","activitypub_status":"","footnotes":"","jetpack_publicize_message":"","jetpack_publicize_feature_enabled":true,"jetpack_social_post_already_shared":true,"jetpack_social_options":{"image_generator_settings":{"template":"fullscreen","default_image_id":0,"font":"","enabled":false},"version":2}},"categories":[3],"tags":[],"class_list":{"0":"post-15200","1":"post","2":"type-post","3":"status-publish","4":"format-standard","5":"has-post-thumbnail","7":"category-blogcafe-2","8":"entry"},"jetpack_publicize_connections":[],"featured_image_src":"https:\/\/i0.wp.com\/lyonelkaufmann.ch\/Blog\/wp-content\/uploads\/2015\/09\/4769210_6_1ab4_2015-09-23-e1cf49c-26559-1qxjuep_8b8446d2b52ecb15a06c6d98addd3167.jpg?resize=600%2C400&ssl=1","featured_image_src_square":"https:\/\/i0.wp.com\/lyonelkaufmann.ch\/Blog\/wp-content\/uploads\/2015\/09\/4769210_6_1ab4_2015-09-23-e1cf49c-26559-1qxjuep_8b8446d2b52ecb15a06c6d98addd3167.jpg?resize=600%2C600&ssl=1","author_info":{"display_name":"Lyonel Kaufmann","author_link":"https:\/\/lyonelkaufmann.ch\/Blog\/author\/lyonelk\/"},"jetpack_featured_media_url":"https:\/\/i0.wp.com\/lyonelkaufmann.ch\/Blog\/wp-content\/uploads\/2015\/09\/4769210_6_1ab4_2015-09-23-e1cf49c-26559-1qxjuep_8b8446d2b52ecb15a06c6d98addd3167.jpg?fit=1068%2C1664&ssl=1","jetpack_sharing_enabled":true,"jetpack_shortlink":"https:\/\/wp.me\/p1qtF4-3Xa","jetpack-related-posts":[{"id":4951,"url":"https:\/\/lyonelkaufmann.ch\/Blog\/2012\/01\/26\/revue-de-presse-du-bon-usage-de-la-barbarie-la-vie-des-idees\/","url_meta":{"origin":15200,"position":0},"title":"Revue de presse : Du bon usage de la barbarie | La Vie des id\u00e9es","author":"Lyonel Kaufmann","date":"26 janvier 2012","format":false,"excerpt":"Dans Visages antiques de la Barbarie, Isabel Dejardin reconstitue la g\u00e9n\u00e9alogie d\u2019une notion controvers\u00e9e. Une premi\u00e8re partie de l\u2019ouvrage retrace la carri\u00e8re du concept de barbarie, de l\u2019\u00e9poque archa\u00efque jusqu\u2019\u00e0 la p\u00e9riode hell\u00e9nistique, en commentant les textes des g\u00e9ographes, des historiens, des po\u00e8tes \u00e9piques ou tragiques, et des philosophes. Une\u2026","rel":"","context":"Dans &quot;histoire&quot;","block_context":{"text":"histoire","link":"https:\/\/lyonelkaufmann.ch\/Blog\/category\/histoire-2\/"},"img":{"alt_text":"","src":"https:\/\/i0.wp.com\/lyonelkaufmann.ch\/Blog\/wp-content\/uploads\/2015\/03\/blogcafe1.jpg?fit=1024%2C683&ssl=1&resize=350%2C200","width":350,"height":200,"srcset":"https:\/\/i0.wp.com\/lyonelkaufmann.ch\/Blog\/wp-content\/uploads\/2015\/03\/blogcafe1.jpg?fit=1024%2C683&ssl=1&resize=350%2C200 1x, https:\/\/i0.wp.com\/lyonelkaufmann.ch\/Blog\/wp-content\/uploads\/2015\/03\/blogcafe1.jpg?fit=1024%2C683&ssl=1&resize=525%2C300 1.5x, https:\/\/i0.wp.com\/lyonelkaufmann.ch\/Blog\/wp-content\/uploads\/2015\/03\/blogcafe1.jpg?fit=1024%2C683&ssl=1&resize=700%2C400 2x"},"classes":[]},{"id":22093,"url":"https:\/\/lyonelkaufmann.ch\/Blog\/2020\/11\/17\/jon-henry-denonce-les-violences-racistes-aux-usa-dans-une-serie-bouleversante-2\/","url_meta":{"origin":15200,"position":1},"title":"Jon Henry d\u00e9nonce les violences racistes aux USA dans une s\u00e9rie bouleversante","author":"Lyonel Kaufmann","date":"17 novembre 2020","format":false,"excerpt":"Le photographe Jon Henry (Instagram ici) donne vie \u00e0 une s\u00e9rie bouleversante contre les violences racistes de la police aux Etats-Unis. Dans Stranger Fruit, des jeunes Afro-descendants posent, comme inertes, dans les bras de leurs m\u00e8res. Un hommage \u00e0 Sean Bell, George Floyd et les autres fils d'une Am\u00e9rique ingrate.\u2026","rel":"","context":"Dans &quot;Blogcaf\u00e9&quot;","block_context":{"text":"Blogcaf\u00e9","link":"https:\/\/lyonelkaufmann.ch\/Blog\/category\/blogcafe-2\/"},"img":{"alt_text":"","src":"https:\/\/i0.wp.com\/lyonelkaufmann.ch\/Blog\/wp-content\/uploads\/2020\/11\/E3FF55B6-0242-43D8-A4FF-FCE0E0CB136C-1.jpeg?fit=690%2C690&ssl=1&resize=350%2C200","width":350,"height":200,"srcset":"https:\/\/i0.wp.com\/lyonelkaufmann.ch\/Blog\/wp-content\/uploads\/2020\/11\/E3FF55B6-0242-43D8-A4FF-FCE0E0CB136C-1.jpeg?fit=690%2C690&ssl=1&resize=350%2C200 1x, https:\/\/i0.wp.com\/lyonelkaufmann.ch\/Blog\/wp-content\/uploads\/2020\/11\/E3FF55B6-0242-43D8-A4FF-FCE0E0CB136C-1.jpeg?fit=690%2C690&ssl=1&resize=525%2C300 1.5x"},"classes":[]},{"id":22966,"url":"https:\/\/lyonelkaufmann.ch\/Blog\/2021\/09\/21\/jon-and-roy-rising-sun\/","url_meta":{"origin":15200,"position":2},"title":"Jon and Roy &#8211; Rising Sun","author":"Lyonel Kaufmann","date":"21 septembre 2021","format":false,"excerpt":"Jolie petit d\u00e9couverte musicale du jour. Lien : https:\/\/open.spotify.com\/track\/3pEnh64tQcPwZs9pLvFPTI?si=6s5O9NUaTfOebS3wGlQ5uw&dl_branch=1","rel":"","context":"Dans &quot;TubesCaf\u00e9&quot;","block_context":{"text":"TubesCaf\u00e9","link":"https:\/\/lyonelkaufmann.ch\/Blog\/category\/tubescafe\/"},"img":{"alt_text":"","src":"","width":0,"height":0},"classes":[]},{"id":965,"url":"https:\/\/lyonelkaufmann.ch\/Blog\/2009\/01\/22\/vikings-le-vrai-visage-du-barbare\/","url_meta":{"origin":15200,"position":3},"title":"Vikings : le vrai visage du barbare","author":"Lyonel Kaufmann","date":"22 janvier 2009","format":false,"excerpt":"Vikings : le vrai visage du barbare: Pour reprendre et corriger notre description initiale du Viking...","rel":"","context":"Dans &quot;histoire&quot;","block_context":{"text":"histoire","link":"https:\/\/lyonelkaufmann.ch\/Blog\/category\/histoire-2\/"},"img":{"alt_text":"","src":"https:\/\/i0.wp.com\/lyonelkaufmann.ch\/Blog\/wp-content\/uploads\/2015\/03\/blogcafe1.jpg?fit=1024%2C683&ssl=1&resize=350%2C200","width":350,"height":200,"srcset":"https:\/\/i0.wp.com\/lyonelkaufmann.ch\/Blog\/wp-content\/uploads\/2015\/03\/blogcafe1.jpg?fit=1024%2C683&ssl=1&resize=350%2C200 1x, https:\/\/i0.wp.com\/lyonelkaufmann.ch\/Blog\/wp-content\/uploads\/2015\/03\/blogcafe1.jpg?fit=1024%2C683&ssl=1&resize=525%2C300 1.5x, https:\/\/i0.wp.com\/lyonelkaufmann.ch\/Blog\/wp-content\/uploads\/2015\/03\/blogcafe1.jpg?fit=1024%2C683&ssl=1&resize=700%2C400 2x"},"classes":[]},{"id":20572,"url":"https:\/\/lyonelkaufmann.ch\/Blog\/2019\/12\/26\/a-lecoute-blacck-live\/","url_meta":{"origin":15200,"position":4},"title":"A l\u2019\u00e9coute : BLACCK &#8211; Live","author":"Lyonel Kaufmann","date":"26 d\u00e9cembre 2019","format":false,"excerpt":"Jon Batiste - Chronology Of A Dream: Live At The Village Vanguard https:\/\/ift.tt\/2plUMWh https:\/\/youtu.be\/btTT5n8L80g Jon Batiste - Blacck (Live)","rel":"","context":"Dans &quot;TubesCaf\u00e9&quot;","block_context":{"text":"TubesCaf\u00e9","link":"https:\/\/lyonelkaufmann.ch\/Blog\/category\/tubescafe\/"},"img":{"alt_text":"","src":"https:\/\/i0.wp.com\/lyonelkaufmann.ch\/Blog\/wp-content\/uploads\/2019\/12\/image_d13a17fd-f620-4f3b-8fe1-527f96daa435.jpg?fit=676%2C1200&ssl=1&resize=350%2C200","width":350,"height":200,"srcset":"https:\/\/i0.wp.com\/lyonelkaufmann.ch\/Blog\/wp-content\/uploads\/2019\/12\/image_d13a17fd-f620-4f3b-8fe1-527f96daa435.jpg?fit=676%2C1200&ssl=1&resize=350%2C200 1x, https:\/\/i0.wp.com\/lyonelkaufmann.ch\/Blog\/wp-content\/uploads\/2019\/12\/image_d13a17fd-f620-4f3b-8fe1-527f96daa435.jpg?fit=676%2C1200&ssl=1&resize=525%2C300 1.5x"},"classes":[]},{"id":780,"url":"https:\/\/lyonelkaufmann.ch\/Blog\/2007\/11\/11\/quand-la-neige-revient-et-que-joni-mitchell-apparait-2\/","url_meta":{"origin":15200,"position":5},"title":"Quand la neige revient et que Joni Mitchell appara\u00eet\u2026","author":"Lyonel Kaufmann","date":"11 novembre 2007","format":"aside","excerpt":"Vendredi soir, l'hiver est arriv\u00e9 et la neige a d\u00e9pos\u00e9 son premier manteau blanc tout aux alentours de la maison. Elle arrivait \u00e0 point alors que nous montions vers Ch\u00e2teau d'Oex pour partager la fondue de l'amiti\u00e9. Ce soir-l\u00e0, nos camarades socialistes du lieu f\u00eataient les cinquante ans de leur\u2026","rel":"","context":"Dans &quot;Blogcaf\u00e9&quot;","block_context":{"text":"Blogcaf\u00e9","link":"https:\/\/lyonelkaufmann.ch\/Blog\/category\/blogcafe-2\/"},"img":{"alt_text":"","src":"https:\/\/i0.wp.com\/lyonelkaufmann.ch\/Blog\/wp-content\/uploads\/2015\/03\/030.jpg?fit=450%2C360&ssl=1&resize=350%2C200","width":350,"height":200},"classes":[]}],"jetpack_likes_enabled":true,"_links":{"self":[{"href":"https:\/\/lyonelkaufmann.ch\/Blog\/wp-json\/wp\/v2\/posts\/15200","targetHints":{"allow":["GET"]}}],"collection":[{"href":"https:\/\/lyonelkaufmann.ch\/Blog\/wp-json\/wp\/v2\/posts"}],"about":[{"href":"https:\/\/lyonelkaufmann.ch\/Blog\/wp-json\/wp\/v2\/types\/post"}],"author":[{"embeddable":true,"href":"https:\/\/lyonelkaufmann.ch\/Blog\/wp-json\/wp\/v2\/users\/1"}],"replies":[{"embeddable":true,"href":"https:\/\/lyonelkaufmann.ch\/Blog\/wp-json\/wp\/v2\/comments?post=15200"}],"version-history":[{"count":0,"href":"https:\/\/lyonelkaufmann.ch\/Blog\/wp-json\/wp\/v2\/posts\/15200\/revisions"}],"wp:featuredmedia":[{"embeddable":true,"href":"https:\/\/lyonelkaufmann.ch\/Blog\/wp-json\/wp\/v2\/media\/15201"}],"wp:attachment":[{"href":"https:\/\/lyonelkaufmann.ch\/Blog\/wp-json\/wp\/v2\/media?parent=15200"}],"wp:term":[{"taxonomy":"category","embeddable":true,"href":"https:\/\/lyonelkaufmann.ch\/Blog\/wp-json\/wp\/v2\/categories?post=15200"},{"taxonomy":"post_tag","embeddable":true,"href":"https:\/\/lyonelkaufmann.ch\/Blog\/wp-json\/wp\/v2\/tags?post=15200"}],"curies":[{"name":"wp","href":"https:\/\/api.w.org\/{rel}","templated":true}]}}