{"id":15203,"date":"2015-09-24T08:53:48","date_gmt":"2015-09-24T07:53:48","guid":{"rendered":"https:\/\/lyonelkaufmann.ch\/Blog\/?p=15203"},"modified":"2015-09-24T08:54:26","modified_gmt":"2015-09-24T07:54:26","slug":"lecture-fordetroit-dalexandre-friederich","status":"publish","type":"post","link":"https:\/\/lyonelkaufmann.ch\/Blog\/2015\/09\/24\/lecture-fordetroit-dalexandre-friederich\/","title":{"rendered":"Lecture : Fordetroit d&rsquo;Alexandre Friederich"},"content":{"rendered":"<p><strong>Nouvelle proposition de lecture d&rsquo;un \u00e9crivain suisse avec\u00a0<em>Fordetroit<\/em> d&rsquo;Alexandre Friederich aux Editions Allia.\u00a0Alexandre Friederich raconte le d\u00e9clin d\u2019une cit\u00e9 d\u00e9sert\u00e9e par ses habitants apr\u00e8s la crise des \u201csubprimes\u201d en 2008. L&rsquo;envers du r\u00eave am\u00e9ricain dans un roman noir.\u00a0<\/strong><\/p>\n<p>Ce livre est propos\u00e9 cette fois-ci par <a href=\"http:\/\/bibliobs.nouvelobs.com\/rentree-litteraire\/20150923.OBS6350\/detroit-ou-detroit-le-match-des-villes-fantomes.html?xtor=RSS-23\" target=\"_blank\">BibliObs et Didier Jacob<\/a> :<\/p>\n<blockquote><p>Alexandre Friederich, un Suisse qui a \u00e9tudi\u00e9 la philo \u00e0 Gen\u00e8ve, dit avoir toujours voulu \u00e9crire un trait\u00e9 de la disparition. A Detroit, il est servi. Il s\u2019est install\u00e9 dans une maison b\u00e2tie dans les ann\u00e9es 1950, \u00e0 l\u2019\u00e9poque o\u00f9 la ville incarnait le dynamisme \u00e9conomique le plus insolent avec ses usines automobiles.<\/p>\n<p><strong>D\u2019une fa\u00e7on ou d\u2019une autre, raconte Friederich, tous les myst\u00e8res de la ville, sa gen\u00e8se, sa puissance, sa d\u00e9route, tiennent \u00e0 l\u2019aventure fabuleuse de cet homme, Henry Ford. [&#8230;] A l\u2019\u00e9t\u00e9 1903, il rach\u00e8te un hangar \u00e0 fiacres et fait livrer son caoutchouc du Congo belge. Il travaille des moteurs, boulonne des ch\u00e2ssis, moule des pneus. Cinq ans passent. Un jour d\u2019ao\u00fbt, la Ford T, premi\u00e8re voiture de s\u00e9rie, envahit le monde. Le regard des peuples se tourne vers D\u00e9troit.\u00bb<\/strong><\/p><\/blockquote>\n<p>La pr\u00e9sentation du livre par son \u00e9diteur :<\/p>\n<blockquote><p>La fin d\u2019une \u00e9poque \u2013 les conditions du vrai T\u00e9moignages\u00a0\u00bbC&rsquo;est bien les kilom\u00e8tres bruts, le fait d&rsquo;\u00eatre coup\u00e9 de son histoire, en lieu inconnu, avec des chiens et un homme qui manipule une lampe, un homme coup\u00e9 de soi, le fait d&rsquo;explorer cet abri neuf, dormant peu, ne dormant pas puis dormant dix, douze, quatorze heures, physiquement soustrait, c&rsquo;est bien ce refuge hors de soi que je viens trouver et les voitures qui filent le long de la John C. Lodge Freeway emportent des parties de mon corps. Dans quelques jours, quand elles auront tout emport\u00e9, j&rsquo;obtiendrai ce que nul n&rsquo;obtient dans un monde familier : une disparition.<\/p>\n<p>\u00ab\u00a0Autrefois m\u00e9tropole tr\u00e9pidante, D\u00e9troit forme aujourd&rsquo;hui un d\u00e9cor de carton-p\u00e2te. Enti\u00e8rement d\u00e9vast\u00e9e, elle r\u00e9pond d\u00e9sormais aux besoins de l&rsquo;industrie du cin\u00e9ma, ou bien de photographes n\u00e9o-romantiques, en arr\u00eat devant ces splendides ruines postindustrielles. Alexandre Friederich a choisi, lui, de p\u00e9n\u00e9trer, par la petite porte, si d\u00e9sert\u00e9e soit-elle, de s&rsquo;y installer momentan\u00e9ment, de se laisser absorber par cette ville anthropophage. D\u00e9troit lui a inspir\u00e9 un texte fulgurant, mi-r\u00e9cit d&rsquo;aventure mi-reportage, forme qui lui permet, insidieusement, d&rsquo;\u00e9crire un v\u00e9ritable roman d&rsquo;anticipation. Puisque la fin du monde a d\u00e9j\u00e0 eu lieu ici, tentons de voir dans cet espace-laboratoire ce qu&rsquo;il en reste. Quelle forme de vie est encore possible apr\u00e8s la faillite d&rsquo;une cit\u00e9 enti\u00e8re, autrefois th\u00e9\u00e2tre d&rsquo;\u2019un essor \u00e9conomique sans pr\u00e9c\u00e9dent\u2009? La\u00a0d\u00e9brouille \u00e0 petite \u00e9chelle, l&rsquo;autogestion localis\u00e9e. L&rsquo;auteur d\u00e9crit avec humour ces menus bricolages, ces petits potagers, ces traces aussi insignifiantes que significatives d&rsquo;une vie en devenir. Enfourchant son Roadster (d&rsquo;occasion), il recherche moins les vestiges du pass\u00e9 que la pr\u00e9sence. La fascination pour la ville-\u00adfant\u00f4me c\u00e8de devant celle de ses habitants en chair et en os, \u00e2mes \u00e9gar\u00e9es, voyous, buveurs, ouvriers, ch\u00f4meurs et autres \u00e9clop\u00e9s du Henry Ford Hospital. \u00c0 la grandiloquence des images de d\u00e9vastation, il pr\u00e9f\u00e8re la trivialit\u00e9 d&rsquo;instants ou de conversations vol\u00e9s, sauv\u00e9s de l&rsquo;oubli \u2013\u00a0une m\u00e8re \u00e9bahie devant son enfant, soi-disant pr\u00e9coce, les recommandations litt\u00e9raires d&rsquo;un ancien pousse-caddie ou Lee et sa sombre histoire de lapins. D\u00e9troit forme une maquette \u00e0 grande \u00e9chelle du monde \u00e0 venir. Ce livre en est la parabole.<\/p><\/blockquote>\n<p><a href=\"https:\/\/i0.wp.com\/lyonelkaufmann.ch\/Blog\/wp-content\/uploads\/2015\/09\/book_715_image_cover-2.gif\"><img data-recalc-dims=\"1\" loading=\"lazy\" decoding=\"async\" data-attachment-id=\"15204\" data-permalink=\"https:\/\/lyonelkaufmann.ch\/Blog\/2015\/09\/24\/lecture-fordetroit-dalexandre-friederich\/book_715_image_cover-2\/\" data-orig-file=\"https:\/\/i0.wp.com\/lyonelkaufmann.ch\/Blog\/wp-content\/uploads\/2015\/09\/book_715_image_cover-2.gif?fit=1181%2C2008&amp;ssl=1\" data-orig-size=\"1181,2008\" data-comments-opened=\"1\" data-image-meta=\"{&quot;aperture&quot;:&quot;0&quot;,&quot;credit&quot;:&quot;&quot;,&quot;camera&quot;:&quot;&quot;,&quot;caption&quot;:&quot;&quot;,&quot;created_timestamp&quot;:&quot;0&quot;,&quot;copyright&quot;:&quot;&quot;,&quot;focal_length&quot;:&quot;0&quot;,&quot;iso&quot;:&quot;0&quot;,&quot;shutter_speed&quot;:&quot;0&quot;,&quot;title&quot;:&quot;&quot;,&quot;orientation&quot;:&quot;0&quot;}\" data-image-title=\"book_715_image_cover-2\" data-image-description=\"\" data-image-caption=\"\" data-large-file=\"https:\/\/i0.wp.com\/lyonelkaufmann.ch\/Blog\/wp-content\/uploads\/2015\/09\/book_715_image_cover-2.gif?fit=602%2C1024&amp;ssl=1\" class=\"aligncenter size-full wp-image-15204\" src=\"https:\/\/i0.wp.com\/lyonelkaufmann.ch\/Blog\/wp-content\/uploads\/2015\/09\/book_715_image_cover-21.gif?resize=1181%2C2008\" alt=\"book_715_image_cover-2\" width=\"1181\" height=\"2008\" \/><\/a><\/p>\n<p>Source\u00a0: <em><a href=\"http:\/\/www.editions-allia.com\/fr\/livre\/715\/fordetroit\">Editions Allia &#8211; Livre &#8211; Fordetroit<\/a><\/em><\/p>\n","protected":false},"excerpt":{"rendered":"<p>Nouvelle proposition de lecture d&rsquo;un \u00e9crivain suisse avec\u00a0Fordetroit d&rsquo;Alexandre Friederich aux Editions Allia.\u00a0Alexandre Friederich raconte le d\u00e9clin d\u2019une cit\u00e9 d\u00e9sert\u00e9e par ses habitants apr\u00e8s la crise des \u201csubprimes\u201d en 2008. L&rsquo;envers du r\u00eave am\u00e9ricain dans un roman noir.\u00a0 Ce livre est propos\u00e9 cette fois-ci par BibliObs et Didier Jacob : Alexandre Friederich, un Suisse qui [&hellip;]<\/p>\n","protected":false},"author":1,"featured_media":15205,"comment_status":"open","ping_status":"open","sticky":false,"template":"","format":"standard","meta":{"_import_markdown_pro_load_document_selector":0,"_import_markdown_pro_submit_text_textarea":"","_genesis_hide_title":false,"_genesis_hide_breadcrumbs":false,"_genesis_hide_singular_image":false,"_genesis_hide_footer_widgets":false,"_genesis_custom_body_class":"","_genesis_custom_post_class":"","_genesis_layout":"","jetpack_post_was_ever_published":false,"_jetpack_newsletter_access":"","_jetpack_dont_email_post_to_subs":false,"_jetpack_newsletter_tier_id":0,"_jetpack_memberships_contains_paywalled_content":false,"_jetpack_memberships_contains_paid_content":false,"activitypub_content_warning":"","activitypub_content_visibility":"","activitypub_max_image_attachments":3,"activitypub_interaction_policy_quote":"anyone","activitypub_status":"","footnotes":"","jetpack_publicize_message":"","jetpack_publicize_feature_enabled":true,"jetpack_social_post_already_shared":true,"jetpack_social_options":{"image_generator_settings":{"template":"fullscreen","default_image_id":0,"font":"","enabled":false},"version":2}},"categories":[3],"tags":[],"class_list":{"0":"post-15203","1":"post","2":"type-post","3":"status-publish","4":"format-standard","5":"has-post-thumbnail","7":"category-blogcafe-2","8":"entry"},"jetpack_publicize_connections":[],"featured_image_src":"https:\/\/i0.wp.com\/lyonelkaufmann.ch\/Blog\/wp-content\/uploads\/2015\/09\/book_715_image_cover-21.gif?resize=600%2C400&ssl=1","featured_image_src_square":"https:\/\/i0.wp.com\/lyonelkaufmann.ch\/Blog\/wp-content\/uploads\/2015\/09\/book_715_image_cover-21.gif?resize=600%2C600&ssl=1","author_info":{"display_name":"Lyonel Kaufmann","author_link":"https:\/\/lyonelkaufmann.ch\/Blog\/author\/lyonelk\/"},"jetpack_featured_media_url":"https:\/\/i0.wp.com\/lyonelkaufmann.ch\/Blog\/wp-content\/uploads\/2015\/09\/book_715_image_cover-21.gif?fit=1181%2C2008&ssl=1","jetpack_sharing_enabled":true,"jetpack_shortlink":"https:\/\/wp.me\/p1qtF4-3Xd","jetpack-related-posts":[{"id":16738,"url":"https:\/\/lyonelkaufmann.ch\/Blog\/2016\/06\/26\/alexandre-jardin-petit-fils-de-collabo-je-ne-laisserai-pas-la-france-a-lextreme-droite\/","url_meta":{"origin":15203,"position":0},"title":"Alexandre Jardin\u00a0: \u00ab\u00a0Petit-fils de collabo, je ne laisserai pas la France \u00e0 l\u2019extr\u00eame droite\u00a0\u00bb","author":"Lyonel Kaufmann","date":"26 juin 2016","format":false,"excerpt":"Ecrivain populaire, fondateur de plusieurs associations, dont Lire et faire lire et Bleu Blanc Z\u00e8bre, Alexandre Jardin vient d\u2019appeler \u00e0 une \u00ab\u00a0Alliance des citoyens en marche\u00a0\u00bb pour l\u2019\u00e9lection pr\u00e9sidentielle de 2017. A noter que son grand-p\u00e8re collaborateur a ensuite pass\u00e9 la fin de sa vie au bord du lac \u00e0\u2026","rel":"","context":"Dans &quot;L'Expresso&quot;","block_context":{"text":"L'Expresso","link":"https:\/\/lyonelkaufmann.ch\/Blog\/category\/breves\/"},"img":{"alt_text":"","src":"https:\/\/i0.wp.com\/lyonelkaufmann.ch\/Blog\/wp-content\/uploads\/2016\/06\/4958313_8_7855_alexandre-jardin-le-20-avril-2015-a-paris_5a6a516d2210aacb0e8ea567cd997f54.jpg?fit=534%2C684&ssl=1&resize=350%2C200","width":350,"height":200,"srcset":"https:\/\/i0.wp.com\/lyonelkaufmann.ch\/Blog\/wp-content\/uploads\/2016\/06\/4958313_8_7855_alexandre-jardin-le-20-avril-2015-a-paris_5a6a516d2210aacb0e8ea567cd997f54.jpg?fit=534%2C684&ssl=1&resize=350%2C200 1x, https:\/\/i0.wp.com\/lyonelkaufmann.ch\/Blog\/wp-content\/uploads\/2016\/06\/4958313_8_7855_alexandre-jardin-le-20-avril-2015-a-paris_5a6a516d2210aacb0e8ea567cd997f54.jpg?fit=534%2C684&ssl=1&resize=525%2C300 1.5x"},"classes":[]},{"id":3001,"url":"https:\/\/lyonelkaufmann.ch\/Blog\/2009\/10\/14\/la-suisse-a-appris-a-gagner-sans-seduire-le-temps\/","url_meta":{"origin":15203,"position":1},"title":"La Suisse a appris \u00e0 gagner, sans s\u00e9duire | Le Temps","author":"Lyonel Kaufmann","date":"14 octobre 2009","format":"aside","excerpt":"Alexander Frei, buteur national, conna\u00eet bien son pays: \u00abEn Suisse, les gens ont toujours besoin de mettre un \u00abmais\u00bb devant tout [lire ci-dessous].\u00bb La s\u00e9lection helv\u00e9tique est en passe de se qualifier pour la Coupe du monde; \u00abmais\u00bb elle ne joue pas bien. Il s\u2019agirait d\u2019une quatri\u00e8me participation cons\u00e9cutive \u00e0\u2026","rel":"","context":"Dans &quot;Blogcaf\u00e9&quot;","block_context":{"text":"Blogcaf\u00e9","link":"https:\/\/lyonelkaufmann.ch\/Blog\/category\/blogcafe-2\/"},"img":{"alt_text":"","src":"https:\/\/i0.wp.com\/lyonelkaufmann.ch\/Blog\/wp-content\/uploads\/2015\/03\/blogcafe1.jpg?fit=1024%2C683&ssl=1&resize=350%2C200","width":350,"height":200,"srcset":"https:\/\/i0.wp.com\/lyonelkaufmann.ch\/Blog\/wp-content\/uploads\/2015\/03\/blogcafe1.jpg?fit=1024%2C683&ssl=1&resize=350%2C200 1x, https:\/\/i0.wp.com\/lyonelkaufmann.ch\/Blog\/wp-content\/uploads\/2015\/03\/blogcafe1.jpg?fit=1024%2C683&ssl=1&resize=525%2C300 1.5x, https:\/\/i0.wp.com\/lyonelkaufmann.ch\/Blog\/wp-content\/uploads\/2015\/03\/blogcafe1.jpg?fit=1024%2C683&ssl=1&resize=700%2C400 2x"},"classes":[]},{"id":5929,"url":"https:\/\/lyonelkaufmann.ch\/Blog\/2012\/08\/15\/colloque-la-narration-en-images-de-la-colonne-trajane-a-la-bande-dessinee-latelier-des-icones\/","url_meta":{"origin":15203,"position":2},"title":"Colloque \u201cLa narration en images. De la colonne Trajane \u00e0 la bande dessin\u00e9e\u201d | L&rsquo;Atelier des ic\u00f4nes","author":"Lyonel Kaufmann","date":"15 ao\u00fbt 2012","format":false,"excerpt":"Tapisserie de Bayeux, d\u00e9tail Ce colloque qui a lieu du lundi 27 ao\u00fbt 2012 au vendredi 31 ao\u00fbt 2012 \u00e0 Angoul\u00eame offre des conf\u00e9rences tr\u00e8s int\u00e9ressantes pour un enseignant d'histoire et l'utilisation de l'image en classe d'histoire.\u00a0 Voici une s\u00e9lection de contributions en ce sens: Mardi 28 ao\u00fbt 2012: Antiquit\u00e9\u2026","rel":"","context":"Dans &quot;histoire&quot;","block_context":{"text":"histoire","link":"https:\/\/lyonelkaufmann.ch\/Blog\/category\/histoire-2\/"},"img":{"alt_text":"","src":"","width":0,"height":0},"classes":[]},{"id":19834,"url":"https:\/\/lyonelkaufmann.ch\/Blog\/2018\/12\/29\/le-low-cost-est-un-leurre-il-ne-vend-ni-liberte-ni-exotisme-ni-voyage\/","url_meta":{"origin":15203,"position":3},"title":"\u00abLe low cost est un leurre: il ne vend ni libert\u00e9, ni exotisme, ni voyage\u00bb","author":"Lyonel Kaufmann","date":"29 d\u00e9cembre 2018","format":false,"excerpt":"Tourisme. L\u2019aviation \u00e0 bas prix a boulevers\u00e9 notre rapport au voyage. Conversation avec un \u00e9crivain et un historien. Chacun \u00e0 leur mani\u00e8re, avec leurs m\u00e9thodes et leurs mots, ils portent un regard particulier sur le d\u00e9veloppement de l\u2019aviation \u00e0 bas co\u00fbt. Le premier, un \u00e9crivain, a embarqu\u00e9 17 fois en\u2026","rel":"","context":"Dans &quot;Blogcaf\u00e9&quot;","block_context":{"text":"Blogcaf\u00e9","link":"https:\/\/lyonelkaufmann.ch\/Blog\/category\/blogcafe-2\/"},"img":{"alt_text":"","src":"https:\/\/i0.wp.com\/lyonelkaufmann.ch\/Blog\/wp-content\/uploads\/2018\/12\/6FE2527E-DA12-4759-9E0C-2FADDBCC7ED7.4841b799f3e14e399b6bf8cbfca95e60.jpeg?fit=640%2C426&ssl=1&resize=350%2C200","width":350,"height":200,"srcset":"https:\/\/i0.wp.com\/lyonelkaufmann.ch\/Blog\/wp-content\/uploads\/2018\/12\/6FE2527E-DA12-4759-9E0C-2FADDBCC7ED7.4841b799f3e14e399b6bf8cbfca95e60.jpeg?fit=640%2C426&ssl=1&resize=350%2C200 1x, https:\/\/i0.wp.com\/lyonelkaufmann.ch\/Blog\/wp-content\/uploads\/2018\/12\/6FE2527E-DA12-4759-9E0C-2FADDBCC7ED7.4841b799f3e14e399b6bf8cbfca95e60.jpeg?fit=640%2C426&ssl=1&resize=525%2C300 1.5x"},"classes":[]},{"id":6812,"url":"https:\/\/lyonelkaufmann.ch\/Blog\/2013\/02\/15\/revue-de-presse-pedago-comment-faire-tweeter-des-enfants-de-7-ans-rue89\/","url_meta":{"origin":15203,"position":4},"title":"Revue de presse : P\u00e9dago\u00a0: comment faire tweeter des enfants de 7\u00a0ans\u00a0? | Rue89","author":"Lyonel Kaufmann","date":"15 f\u00e9vrier 2013","format":false,"excerpt":"Twitter d\u00e8s le CE1, pour donner le go\u00fbt d\u2019\u00e9crire, de lire et de l\u2019orthographe : un ma\u00eetre raconte comment il a entra\u00een\u00e9 \u00e9l\u00e8ves et parents dans cette exp\u00e9rience. Fran\u00e7ois Lamoureux a \u00e9t\u00e9 inspir\u00e9 dans ses activit\u00e9s par d\u2019autres professeurs comme Laurence Juin (en lyc\u00e9e), Alexandre Acou (CM2) et Jean-Roch Masson\u2026","rel":"","context":"Dans &quot;histoire&quot;","block_context":{"text":"histoire","link":"https:\/\/lyonelkaufmann.ch\/Blog\/category\/histoire-2\/"},"img":{"alt_text":"","src":"https:\/\/i0.wp.com\/lyonelkaufmann.ch\/Blog\/wp-content\/uploads\/2015\/03\/blogcafe1.jpg?fit=1024%2C683&ssl=1&resize=350%2C200","width":350,"height":200,"srcset":"https:\/\/i0.wp.com\/lyonelkaufmann.ch\/Blog\/wp-content\/uploads\/2015\/03\/blogcafe1.jpg?fit=1024%2C683&ssl=1&resize=350%2C200 1x, https:\/\/i0.wp.com\/lyonelkaufmann.ch\/Blog\/wp-content\/uploads\/2015\/03\/blogcafe1.jpg?fit=1024%2C683&ssl=1&resize=525%2C300 1.5x, https:\/\/i0.wp.com\/lyonelkaufmann.ch\/Blog\/wp-content\/uploads\/2015\/03\/blogcafe1.jpg?fit=1024%2C683&ssl=1&resize=700%2C400 2x"},"classes":[]},{"id":8084,"url":"https:\/\/lyonelkaufmann.ch\/Blog\/2014\/06\/30\/exposition-virtuelle-medecine-et-alimentation-infoclio-ch\/","url_meta":{"origin":15203,"position":5},"title":"Exposition virtuelle: M\u00e9decine et alimentation | infoclio.ch","author":"Lyonel Kaufmann","date":"30 juin 2014","format":false,"excerpt":"Un petit verre ? L'Universit\u00e9 de Fribourg \u00e0 mis en ligne une exposition virtuelle, en Fran\u00e7ais et en Allemand, consacr\u00e9e \u00e0 l'histoire des rapports entre m\u00e9decine et alimentation. L\u2019exposition consiste en une exp\u00e9rimentation num\u00e9rique qui propose une strat\u00e9gie mus\u00e9ographique innovante reposant les fonds de plusieurs institutions culturelles suisses: le Mus\u00e9e\u2026","rel":"","context":"Dans &quot;histoire&quot;","block_context":{"text":"histoire","link":"https:\/\/lyonelkaufmann.ch\/Blog\/category\/histoire-2\/"},"img":{"alt_text":"wpid-6_1024-2014-06-30-21-41.png","src":"https:\/\/i0.wp.com\/lyonelkaufmann.ch\/histoire\/wp-content\/uploads\/2014\/06\/wpid-6_1024-2014-06-30-21-41.png?resize=350%2C200","width":350,"height":200,"srcset":"https:\/\/i0.wp.com\/lyonelkaufmann.ch\/histoire\/wp-content\/uploads\/2014\/06\/wpid-6_1024-2014-06-30-21-41.png?resize=350%2C200 1x, https:\/\/i0.wp.com\/lyonelkaufmann.ch\/histoire\/wp-content\/uploads\/2014\/06\/wpid-6_1024-2014-06-30-21-41.png?resize=525%2C300 1.5x, https:\/\/i0.wp.com\/lyonelkaufmann.ch\/histoire\/wp-content\/uploads\/2014\/06\/wpid-6_1024-2014-06-30-21-41.png?resize=700%2C400 2x"},"classes":[]}],"jetpack_likes_enabled":true,"_links":{"self":[{"href":"https:\/\/lyonelkaufmann.ch\/Blog\/wp-json\/wp\/v2\/posts\/15203","targetHints":{"allow":["GET"]}}],"collection":[{"href":"https:\/\/lyonelkaufmann.ch\/Blog\/wp-json\/wp\/v2\/posts"}],"about":[{"href":"https:\/\/lyonelkaufmann.ch\/Blog\/wp-json\/wp\/v2\/types\/post"}],"author":[{"embeddable":true,"href":"https:\/\/lyonelkaufmann.ch\/Blog\/wp-json\/wp\/v2\/users\/1"}],"replies":[{"embeddable":true,"href":"https:\/\/lyonelkaufmann.ch\/Blog\/wp-json\/wp\/v2\/comments?post=15203"}],"version-history":[{"count":0,"href":"https:\/\/lyonelkaufmann.ch\/Blog\/wp-json\/wp\/v2\/posts\/15203\/revisions"}],"wp:featuredmedia":[{"embeddable":true,"href":"https:\/\/lyonelkaufmann.ch\/Blog\/wp-json\/wp\/v2\/media\/15205"}],"wp:attachment":[{"href":"https:\/\/lyonelkaufmann.ch\/Blog\/wp-json\/wp\/v2\/media?parent=15203"}],"wp:term":[{"taxonomy":"category","embeddable":true,"href":"https:\/\/lyonelkaufmann.ch\/Blog\/wp-json\/wp\/v2\/categories?post=15203"},{"taxonomy":"post_tag","embeddable":true,"href":"https:\/\/lyonelkaufmann.ch\/Blog\/wp-json\/wp\/v2\/tags?post=15203"}],"curies":[{"name":"wp","href":"https:\/\/api.w.org\/{rel}","templated":true}]}}