{"id":15215,"date":"2015-10-15T11:00:00","date_gmt":"2015-10-15T10:00:00","guid":{"rendered":"https:\/\/lyonelkaufmann.ch\/Blog\/?p=15215"},"modified":"2015-11-16T01:25:09","modified_gmt":"2015-11-16T00:25:09","slug":"nuages-photo-du-mois","status":"publish","type":"post","link":"https:\/\/lyonelkaufmann.ch\/Blog\/2015\/10\/15\/nuages-photo-du-mois\/","title":{"rendered":"Nuage(s) |\u00a0Photo du mois"},"content":{"rendered":"<p>Le th\u00e8me du mois a \u00e9t\u00e9 choisi par\u00a0Dame Skarlette (<a>http:\/\/www.dameskarlette.com\/<\/a>):<\/p>\n<blockquote><p><span style=\"color: #141823; font-family: helvetica, arial, sans-serif; font-size: 14px;\"><em>\u00ab\u00a0NUAGE : Que vous ayez la t\u00eate dans les nuages, que vous soyez sur un petit nuage, que vous rajoutiez un nuage de lait ou tout simplement que vous aimiez regarder les nuages et imaginer des formes avec ceux-ci, \u00e0 vous d&rsquo;interpr\u00e9ter \u00e0 votre mani\u00e8re le mot NUAGE(S) comme vous l&rsquo;entendez. A vos appareils&#8230;.<\/em><\/span><\/p><\/blockquote>\n<p><span style=\"color: #141823; font-family: helvetica, arial, sans-serif; font-size: 14px;\">Mon interpr\u00e9tation du th\u00e8me :<\/span><\/p>\n<p><a href=\"https:\/\/i0.wp.com\/lyonelkaufmann.ch\/Blog\/wp-content\/uploads\/2015\/10\/Nuage_Murano_Venise-1.jpg\"><img data-recalc-dims=\"1\" loading=\"lazy\" decoding=\"async\" data-attachment-id=\"15254\" data-permalink=\"https:\/\/lyonelkaufmann.ch\/Blog\/2015\/10\/15\/nuages-photo-du-mois\/olympus-digital-camera\/\" data-orig-file=\"https:\/\/i0.wp.com\/lyonelkaufmann.ch\/Blog\/wp-content\/uploads\/2015\/10\/Nuage_Murano_Venise-1.jpg?fit=1360%2C2048&amp;ssl=1\" data-orig-size=\"1360,2048\" data-comments-opened=\"1\" data-image-meta=\"{&quot;aperture&quot;:&quot;10&quot;,&quot;credit&quot;:&quot;&quot;,&quot;camera&quot;:&quot;E-M10&quot;,&quot;caption&quot;:&quot;OLYMPUS DIGITAL CAMERA&quot;,&quot;created_timestamp&quot;:&quot;1442680144&quot;,&quot;copyright&quot;:&quot;&quot;,&quot;focal_length&quot;:&quot;18&quot;,&quot;iso&quot;:&quot;200&quot;,&quot;shutter_speed&quot;:&quot;0.0025&quot;,&quot;title&quot;:&quot;OLYMPUS DIGITAL CAMERA&quot;,&quot;orientation&quot;:&quot;1&quot;}\" data-image-title=\"OLYMPUS DIGITAL CAMERA\" data-image-description=\"\" data-image-caption=\"&lt;p&gt;OLYMPUS DIGITAL CAMERA&lt;\/p&gt;\n\" data-large-file=\"https:\/\/i0.wp.com\/lyonelkaufmann.ch\/Blog\/wp-content\/uploads\/2015\/10\/Nuage_Murano_Venise-1.jpg?fit=680%2C1024&amp;ssl=1\" class=\"aligncenter wp-image-15254\" src=\"https:\/\/i0.wp.com\/lyonelkaufmann.ch\/Blog\/wp-content\/uploads\/2015\/10\/Nuage_Murano_Venise-1-680x1024.jpg?resize=531%2C800\" alt=\"OLYMPUS DIGITAL CAMERA\" width=\"531\" height=\"800\" srcset=\"https:\/\/i0.wp.com\/lyonelkaufmann.ch\/Blog\/wp-content\/uploads\/2015\/10\/Nuage_Murano_Venise-1.jpg?resize=680%2C1024&amp;ssl=1 680w, https:\/\/i0.wp.com\/lyonelkaufmann.ch\/Blog\/wp-content\/uploads\/2015\/10\/Nuage_Murano_Venise-1.jpg?resize=199%2C300&amp;ssl=1 199w, https:\/\/i0.wp.com\/lyonelkaufmann.ch\/Blog\/wp-content\/uploads\/2015\/10\/Nuage_Murano_Venise-1.jpg?w=1360&amp;ssl=1 1360w\" sizes=\"auto, (max-width: 531px) 100vw, 531px\" \/><\/a><\/p>\n<p style=\"text-align: center;\">Murano @ Venise &#8211; septembre 2015<\/p>\n<p>L\u2019interpr\u00e9tation des autres participants : <a href=\"http:\/\/leblogdekat.com\" target=\"_blank\">A&rsquo;icha<\/a>, <a href=\"http:\/\/akai-inthesky.blogspot.com\" target=\"_blank\">Akaieric<\/a>, <a href=\"http:\/\/cocovin.net\/\" target=\"_blank\">Alban<\/a>, <a href=\"http:\/\/www.unitedstatesofparis.com\" target=\"_blank\">Alexinparis<\/a>, <a href=\"http:\/\/derriere-mes-yeux.blogspot.fr\/\" target=\"_blank\">Aude<\/a>, <a href=\"http:\/\/mytravelswithlove.blogspot.fr\/\" target=\"_blank\">Autour de Cia<\/a>, <a href=\"http:\/\/toxiq.canalblog.com\" target=\"_blank\">BiGBuGS<\/a>, <a href=\"http:\/\/blogoth67.wordpress.com\" target=\"_blank\">Blogoth67<\/a>, <a href=\"http:\/\/brindille33.wordpress.com\/\" target=\"_blank\">Brindille<\/a>, <a href=\"https:\/\/eyeofcanaghanette.wordpress.com\/\" target=\"_blank\">Canaghanette<\/a>, <a href=\"http:\/\/c-est-reparti.blogspot.com\/\" target=\"_blank\">Cara<\/a>, <a href=\"http:\/\/bonsbaisersdaustralie.wordpress.com\/category\/la-photo-du-mois\/\" target=\"_blank\">Carole en Australie<\/a>, <a href=\"http:\/\/champagnefraise.wordpress.com\" target=\"_blank\">Champagne<\/a>, <a href=\"http:\/\/imageschatbleu.canalblog.com\/\" target=\"_blank\">Chat bleu<\/a>, <a href=\"http:\/\/www.chiffonsandco.fr\" target=\"_blank\">Chiffons and Co<\/a>, <a href=\"http:\/\/mysweetescape.fr\/\" target=\"_blank\">Chlo\u00e9<\/a>, <a href=\"http:\/\/suissexpress.wordpress.com\/\" target=\"_blank\">Christophe<\/a>, <a href=\"http:\/\/www.cricriyomfromparis.com\/search\/label\/La%20photo%20du%20mois\" target=\"_blank\">Cricriyom from Paris<\/a>, <a href=\"http:\/\/cpiro.fr\/\" target=\"_blank\">C\u00e9cileP<\/a>, <a href=\"http:\/\/frenchiesinparis.over-blog.com\" target=\"_blank\">C\u00e9line in Paris<\/a>, <a href=\"http:\/\/www.dameskarlette.com\/\" target=\"_blank\">Dame Skarlette<\/a>, <a href=\"http:\/\/www.casaphoto06.com\/\" target=\"_blank\">Dani\u00e8le.B<\/a>, <a href=\"http:\/\/mapassionbento.blogspot.fr\/\" target=\"_blank\">DelphineF<\/a>, <a href=\"http:\/\/aufildesvues.canalblog.com\/\" target=\"_blank\">Dom-Aufildesvues<\/a>, <a href=\"http:\/\/cestpasmoijeljure.com\/\" target=\"_blank\">Dr. CaSo<\/a>, <a href=\"http:\/\/elpadawan.wordpress.com\" target=\"_blank\">El Padawan<\/a>, <a href=\"http:\/\/lirerelire.blogspot.fr\" target=\"_blank\">Estelle<\/a>, <a href=\"http:\/\/inside-expat.com\" target=\"_blank\">Eva INside-EXpat<\/a>, <a href=\"http:\/\/fanfanraccoons.blogspot.com\" target=\"_blank\">Fanfan Raccoon<\/a>, <a href=\"http:\/\/vudubalcon.blogspot.fr\" target=\"_blank\">Fran\u00e7ois le Ni\u00e7ois<\/a>, <a href=\"http:\/\/zoursland.com\" target=\"_blank\">Fr\u00e9d\u00e9ric<\/a>, <a href=\"http:\/\/souslesgalets.blogspot.com\" target=\"_blank\">Gal\u00e9a<\/a>, <a href=\"http:\/\/www.legaletas.net\/blog\/index.php\" target=\"_blank\">Gilsoub<\/a>, <a href=\"http:\/\/lafeedulogis43.over-blog.fr\" target=\"_blank\">Giselle 43<\/a>, <a href=\"http:\/\/vraiefiction.blogspot.com\" target=\"_blank\">Guillaume<\/a>, <a href=\"http:\/\/homeos-tasie.blogspot.fr\/\" target=\"_blank\">Homeos-tasie<\/a>, <a href=\"http:\/\/irissousmonarbre.blogspot.ch\/\" target=\"_blank\">Iris<\/a>, <a href=\"http:\/\/isaquarel.canalblog.com\/archives\/la_photo_du_mois\/index.html\" target=\"_blank\">Isaquarel<\/a>, <a href=\"http:\/\/waterfordmaville.over-blog.com\/\" target=\"_blank\">J&rsquo;habite \u00e0 Waterford<\/a>, <a href=\"http:\/\/josydhoest.wordpress.com\/\" target=\"_blank\">Josette<\/a>, <a href=\"http:\/\/toulonbyjulia.com\/\" target=\"_blank\">Julia<\/a>, <a href=\"http:\/\/cupsofenglishtea.com\/\" target=\"_blank\">Kenza<\/a>, <a href=\"http:\/\/www.kkhuete-en-bretannie.fr\/\" target=\"_blank\">KK-hu\u00e8te En Bretannie<\/a>, <a href=\"http:\/\/koalisa.com\/\" target=\"_blank\">Koalisa<\/a>, <a href=\"http:\/\/krn-defouloir.blogspot.com\" target=\"_blank\">Krn<\/a>, <a href=\"http:\/\/www.lafilledelair.com\/blog\/la-photo-du-mois\/\" target=\"_blank\">La Fille de l&rsquo;Air<\/a>, <a href=\"http:\/\/laudesmontagnes.wordpress.com\/\" target=\"_blank\">Lau* des montagnes<\/a>, <a href=\"http:\/\/www.laulinea.com\/\" target=\"_blank\">Laulinea<\/a>, <a href=\"http:\/\/www.malaxi.net\" target=\"_blank\">Laurent Nicolas<\/a>, <a href=\"http:\/\/lorgnettedunjour.canalblog.com\/\" target=\"_blank\">Lavandine<\/a>, <a href=\"http:\/\/www.mon-ecrin-de-passions.com\/\" target=\"_blank\">Lavandine83<\/a>, <a href=\"https:\/\/bazosengoguette.wordpress.com\/\" target=\"_blank\">Les Bazos en Goguette<\/a>, <a href=\"http:\/\/www.lesbonheurs.fr\/\" target=\"_blank\">Les bonheurs d&rsquo;Anne &amp; Alex<\/a>, <a href=\"http:\/\/www.lesfillesduweb.com\" target=\"_blank\">Les Filles du Web<\/a>, <a href=\"https:\/\/loqmanvues.wordpress.com\/\" target=\"_blank\">Loqman<\/a>, <a href=\"http:\/\/www.jenaique2pieds.blogspot.com\" target=\"_blank\">Loulou<\/a>, <a href=\"http:\/\/frederiqueboquerat.blogspot.fr\/\" target=\"_blank\">Luckasetmoi<\/a>, <a href=\"https:\/\/lyonelkaufmann.ch\/Blog\/category\/photo-du-mois\/\" target=\"_blank\">Lyonelk<\/a>, <a href=\"http:\/\/anteketborka.blogspot.com\" target=\"_blank\">magda627<\/a>, <a href=\"http:\/\/chezmamysoren.over-blog.com\" target=\"_blank\">Mamysoren<\/a>, <a href=\"http:\/\/marisse.hautetfort.com\" target=\"_blank\">Marie<\/a>, <a href=\"http:\/\/mauricemonamour.blogspot.fr\/\" target=\"_blank\">MauriceMonAmour<\/a>, <a href=\"http:\/\/www.memoriesfromanywhere.fr\/\" target=\"_blank\">Memories from anywhere<\/a>, <a href=\"http:\/\/www.lagaleriemilla.blogspot.fr\/\" target=\"_blank\">Milla la galerie<\/a>, <a href=\"http:\/\/morganebyloosphoto.wordpress.com\" target=\"_blank\">Morgane Byloos Photography<\/a>, <a href=\"http:\/\/www.mylittleroad.com\/\" target=\"_blank\">MyLittleRoad<\/a>, <a href=\"http:\/\/1jalf.blogspot.ca\/\" target=\"_blank\">Nanouk<\/a>, <a href=\"http:\/\/clicpassion.canalblog.com\" target=\"_blank\">Nicky<\/a>, <a href=\"http:\/\/lifeizbeautiful.over-blog.com\/\" target=\"_blank\">Noz &amp; &lsquo;Lo<\/a>, <a href=\"http:\/\/pat2811.over-blog.com\/\" target=\"_blank\">Pat<\/a>, <a href=\"http:\/\/philae.over-blog.com\" target=\"_blank\">Philae<\/a>, <a href=\"http:\/\/jemelivre.blogspot.fr\/\" target=\"_blank\">Philisine Cave<\/a>, <a href=\"http:\/\/pilisi.over-blog.com\/tag\/Photo%20du%20mois\/\" target=\"_blank\">Pilisi<\/a>, <a href=\"http:\/\/www.overthevibes.com\/photo-du-mois\/\" target=\"_blank\">Pixeline<\/a>, <a href=\"http:\/\/blog.lesprincessesdemarie.com\/\" target=\"_blank\">princesse Emalia<\/a>, <a href=\"http:\/\/ratonreal.canalblog.com\/\" target=\"_blank\">ratonreal<\/a>, <a href=\"http:\/\/renepaulhenry.blogspot.com\" target=\"_blank\">Renepaulhenry<\/a>, <a href=\"http:\/\/rosa888.canalblog.com\/\" target=\"_blank\">Rosa<\/a>, <a href=\"http:\/\/rythme-indigo.blogspot.com\" target=\"_blank\">Rythme Indigo<\/a>, <a href=\"http:\/\/sinuaisons.wordpress.com\/category\/la-photo-du-mois\/\" target=\"_blank\">Sinuaisons<\/a>, <a href=\"http:\/\/naichatime.com\" target=\"_blank\">Suki<\/a>, <a href=\"http:\/\/tambour-major.blogspot.ca\/search\/label\/La%20photo%20du%20mois\" target=\"_blank\">Tambour Major<\/a>, <a href=\"http:\/\/www.testinaute.com\/\" target=\"_blank\">Testinaute<\/a>, <a href=\"http:\/\/macatou.wordpress.com\/\" target=\"_blank\">Thalie<\/a>, <a href=\"http:\/\/tuxana.blogspot.ca\/\" target=\"_blank\">Tuxana<\/a>, <a href=\"http:\/\/www.unjourunevie.fr\/tag\/la-photo-du-mois\/\" target=\"_blank\">Un jour, une vie<\/a>, <a href=\"https:\/\/visitesetvoyages.wordpress.com\/\" target=\"_blank\">Visites et voyages<\/a>, <a href=\"http:\/\/www.voyagerenphotos.com\" target=\"_blank\">Voyager en photo<\/a>, <a href=\"http:\/\/woocares.wordpress.com\/\" target=\"_blank\">Woocares<\/a>, <a href=\"http:\/\/xoliv.blogspot.fr\" target=\"_blank\">Xoliv&rsquo;<\/a>.<\/p>\n","protected":false},"excerpt":{"rendered":"<p>Le th\u00e8me du mois a \u00e9t\u00e9 choisi par\u00a0Dame Skarlette (http:\/\/www.dameskarlette.com\/): \u00ab\u00a0NUAGE : Que vous ayez la t\u00eate dans les nuages, que vous soyez sur un petit nuage, que vous rajoutiez un nuage de lait ou tout simplement que vous aimiez regarder les nuages et imaginer des formes avec ceux-ci, \u00e0 vous d&rsquo;interpr\u00e9ter \u00e0 votre mani\u00e8re [&hellip;]<\/p>\n","protected":false},"author":1,"featured_media":15267,"comment_status":"open","ping_status":"open","sticky":false,"template":"","format":"standard","meta":{"_import_markdown_pro_load_document_selector":0,"_import_markdown_pro_submit_text_textarea":"","_genesis_hide_title":false,"_genesis_hide_breadcrumbs":false,"_genesis_hide_singular_image":false,"_genesis_hide_footer_widgets":false,"_genesis_custom_body_class":"","_genesis_custom_post_class":"","_genesis_layout":"","jetpack_post_was_ever_published":false,"_jetpack_newsletter_access":"","_jetpack_dont_email_post_to_subs":false,"_jetpack_newsletter_tier_id":0,"_jetpack_memberships_contains_paywalled_content":false,"_jetpack_memberships_contains_paid_content":false,"activitypub_content_warning":"","activitypub_content_visibility":"","activitypub_max_image_attachments":3,"activitypub_interaction_policy_quote":"anyone","activitypub_status":"","footnotes":"","jetpack_publicize_message":"","jetpack_publicize_feature_enabled":true,"jetpack_social_post_already_shared":true,"jetpack_social_options":{"image_generator_settings":{"template":"fullscreen","default_image_id":0,"font":"","enabled":false},"version":2}},"categories":[4],"tags":[],"class_list":{"0":"post-15215","1":"post","2":"type-post","3":"status-publish","4":"format-standard","5":"has-post-thumbnail","7":"category-photo-du-mois","8":"entry"},"jetpack_publicize_connections":[],"featured_image_src":"https:\/\/i0.wp.com\/lyonelkaufmann.ch\/Blog\/wp-content\/uploads\/2015\/10\/Nuage_Murano_Venise-1-680x10241.jpg?resize=600%2C400&ssl=1","featured_image_src_square":"https:\/\/i0.wp.com\/lyonelkaufmann.ch\/Blog\/wp-content\/uploads\/2015\/10\/Nuage_Murano_Venise-1-680x10241.jpg?resize=600%2C600&ssl=1","author_info":{"display_name":"Lyonel Kaufmann","author_link":"https:\/\/lyonelkaufmann.ch\/Blog\/author\/lyonelk\/"},"jetpack_featured_media_url":"https:\/\/i0.wp.com\/lyonelkaufmann.ch\/Blog\/wp-content\/uploads\/2015\/10\/Nuage_Murano_Venise-1-680x10241.jpg?fit=680%2C1024&ssl=1","jetpack_sharing_enabled":true,"jetpack_shortlink":"https:\/\/wp.me\/p1qtF4-3Xp","jetpack-related-posts":[{"id":14088,"url":"https:\/\/lyonelkaufmann.ch\/Blog\/2012\/08\/07\/jungfrau-schilthorn\/","url_meta":{"origin":15215,"position":0},"title":"Jungfrau @ Schilthorn","author":"Lyonel Kaufmann","date":"7 ao\u00fbt 2012","format":false,"excerpt":"Ce vendredi-l\u00e0, l'occasion nous \u00e9tait donn\u00e9e de monter au Schilthorn. Les montagnes jouaient \u00e0 cache-cache avec le soleil et les nuages. Et c'est ainsi notamment que la Jungfrau nous est apparue enrob\u00e9e de nuages.","rel":"","context":"Dans &quot;Photo du jour&quot;","block_context":{"text":"Photo du jour","link":"https:\/\/lyonelkaufmann.ch\/Blog\/category\/photo-du-jour\/"},"img":{"alt_text":"","src":"https:\/\/i0.wp.com\/lyonelkaufmann.ch\/Blog\/wp-content\/uploads\/2015\/03\/a0fd1b21-72f8-483d-ae00-4fc1e8e538981.png?fit=650%2C487&ssl=1&resize=350%2C200","width":350,"height":200,"srcset":"https:\/\/i0.wp.com\/lyonelkaufmann.ch\/Blog\/wp-content\/uploads\/2015\/03\/a0fd1b21-72f8-483d-ae00-4fc1e8e538981.png?fit=650%2C487&ssl=1&resize=350%2C200 1x, https:\/\/i0.wp.com\/lyonelkaufmann.ch\/Blog\/wp-content\/uploads\/2015\/03\/a0fd1b21-72f8-483d-ae00-4fc1e8e538981.png?fit=650%2C487&ssl=1&resize=525%2C300 1.5x"},"classes":[]},{"id":6998,"url":"https:\/\/lyonelkaufmann.ch\/Blog\/2012\/08\/07\/photo-du-jour-jungfrau-schilthorn\/","url_meta":{"origin":15215,"position":1},"title":"Photo du jour | Jungfrau @ Schilthorn","author":"Lyonel Kaufmann","date":"7 ao\u00fbt 2012","format":"image","excerpt":"Vendredi pass\u00e9, l'occasion nous \u00e9tait donn\u00e9e de monter au Schilthorn. Les montagnes jouaient \u00e0 cache-cache avec le soleil et les nuages. Et c'est ainsi notamment que la Jungfrau nous est apparue enrob\u00e9e de nuages.","rel":"","context":"Dans &quot;Blogcaf\u00e9&quot;","block_context":{"text":"Blogcaf\u00e9","link":"https:\/\/lyonelkaufmann.ch\/Blog\/category\/blogcafe-2\/"},"img":{"alt_text":"","src":"https:\/\/i0.wp.com\/lyonelkaufmann.ch\/Blog\/wp-content\/uploads\/2015\/03\/a0fd1b21-72f8-483d-ae00-4fc1e8e53898.png?fit=650%2C487&ssl=1&resize=350%2C200","width":350,"height":200,"srcset":"https:\/\/i0.wp.com\/lyonelkaufmann.ch\/Blog\/wp-content\/uploads\/2015\/03\/a0fd1b21-72f8-483d-ae00-4fc1e8e53898.png?fit=650%2C487&ssl=1&resize=350%2C200 1x, https:\/\/i0.wp.com\/lyonelkaufmann.ch\/Blog\/wp-content\/uploads\/2015\/03\/a0fd1b21-72f8-483d-ae00-4fc1e8e53898.png?fit=650%2C487&ssl=1&resize=525%2C300 1.5x"},"classes":[]},{"id":18381,"url":"https:\/\/lyonelkaufmann.ch\/Blog\/2017\/08\/03\/le-nuage-egare-plus-la-christk64-%f0%9f%91%bb%f0%9f%91%bb%f0%9f%98%98%f0%9f%98%98%f0%9f%98%98\/","url_meta":{"origin":15215,"position":2},"title":"Le nuage \u00e9gar\u00e9 ? Plus l\u00e0 ! @christk64 ?????","author":"Lyonel Kaufmann","date":"3 ao\u00fbt 2017","format":false,"excerpt":"from Instagram: http:\/\/ift.tt\/2u4s8pD","rel":"","context":"Dans &quot;Blogcaf\u00e9&quot;","block_context":{"text":"Blogcaf\u00e9","link":"https:\/\/lyonelkaufmann.ch\/Blog\/category\/blogcafe-2\/"},"img":{"alt_text":"","src":"","width":0,"height":0},"classes":[]},{"id":187,"url":"https:\/\/lyonelkaufmann.ch\/Blog\/2015\/02\/12\/revue-de-presse-le-nuage-personnel-owncloud-8-met-laccent-sur-le-partage\/","url_meta":{"origin":15215,"position":3},"title":"Revue de Presse : Le nuage personnel ownCloud 8 met l&rsquo;accent sur le partage","author":"Lyonel Kaufmann","date":"12 f\u00e9vrier 2015","format":false,"excerpt":"ownCloud, la plateforme open source d'h\u00e9bergement et de gestion de donn\u00e9es personnelles, passe d\u00e9j\u00e0 \u00e0 la version 8.0. La pr\u00e9c\u00e9dente mouture majeure avait notamment am\u00e9lior\u00e9 les fonctions de partage. ownCloud 8 continue dans cette voie en permettant aux utilisateurs de partager un dossier simplement en sp\u00e9cifiant l'adresse du serveur du\u2026","rel":"","context":"Dans &quot;Diary&quot;","block_context":{"text":"Diary","link":"https:\/\/lyonelkaufmann.ch\/Blog\/category\/diary\/"},"img":{"alt_text":"","src":"https:\/\/i0.wp.com\/lyonelkaufmann.ch\/Blog\/wp-content\/uploads\/2015\/03\/blogcafe1.jpg?fit=1024%2C683&ssl=1&resize=350%2C200","width":350,"height":200,"srcset":"https:\/\/i0.wp.com\/lyonelkaufmann.ch\/Blog\/wp-content\/uploads\/2015\/03\/blogcafe1.jpg?fit=1024%2C683&ssl=1&resize=350%2C200 1x, https:\/\/i0.wp.com\/lyonelkaufmann.ch\/Blog\/wp-content\/uploads\/2015\/03\/blogcafe1.jpg?fit=1024%2C683&ssl=1&resize=525%2C300 1.5x, https:\/\/i0.wp.com\/lyonelkaufmann.ch\/Blog\/wp-content\/uploads\/2015\/03\/blogcafe1.jpg?fit=1024%2C683&ssl=1&resize=700%2C400 2x"},"classes":[]},{"id":12525,"url":"https:\/\/lyonelkaufmann.ch\/Blog\/2006\/06\/24\/un-nuage-de-tags-pour-anne-dominique-et-fredoche\/","url_meta":{"origin":15215,"position":4},"title":"Un Nuage de Tags pour Anne Dominique et Fredoche","author":"Lyonel Kaufmann","date":"24 juin 2006","format":false,"excerpt":"Comment concilier deux conceptions de la cat\u00e9gorisation des billets de blogs ? Voil\u00e0 en r\u00e9sum\u00e9, la discussion lanc\u00e9e dans mon dernier billet et r\u00e9percut\u00e9e dans les commentaires. A ma droite, Steph [sans \u00e9 ;-)] pour laquelle le nombre de cat\u00e9gories ne devrait pas \u00eatre de beaucoup sup\u00e9rieur \u00e0 trois. A\u2026","rel":"","context":"Dans &quot;Blogcaf\u00e9&quot;","block_context":{"text":"Blogcaf\u00e9","link":"https:\/\/lyonelkaufmann.ch\/Blog\/category\/blogcafe-2\/"},"img":{"alt_text":"","src":"https:\/\/i0.wp.com\/lyonelkaufmann.ch\/Blog\/wp-content\/uploads\/2015\/03\/blogcafe1.jpg?fit=1024%2C683&ssl=1&resize=350%2C200","width":350,"height":200,"srcset":"https:\/\/i0.wp.com\/lyonelkaufmann.ch\/Blog\/wp-content\/uploads\/2015\/03\/blogcafe1.jpg?fit=1024%2C683&ssl=1&resize=350%2C200 1x, https:\/\/i0.wp.com\/lyonelkaufmann.ch\/Blog\/wp-content\/uploads\/2015\/03\/blogcafe1.jpg?fit=1024%2C683&ssl=1&resize=525%2C300 1.5x, https:\/\/i0.wp.com\/lyonelkaufmann.ch\/Blog\/wp-content\/uploads\/2015\/03\/blogcafe1.jpg?fit=1024%2C683&ssl=1&resize=700%2C400 2x"},"classes":[]},{"id":9298,"url":"https:\/\/lyonelkaufmann.ch\/Blog\/2013\/01\/27\/qui-est-la-plus-belle-photo-du-jour\/","url_meta":{"origin":15215,"position":5},"title":"Qui est le plus beau? |\u00a0Photo du jour","author":"Lyonel Kaufmann","date":"27 janvier 2013","format":"image","excerpt":"Sous l'oeil goguenard de la montagne, les nuages se miraient et susurraient, \u00aboh mon beau port, dis-moi qui est le plus beau\u2026\u00bb\u00a0@La Tour-de-Peilz 16.01.2013","rel":"","context":"Dans &quot;Photo du jour&quot;","block_context":{"text":"Photo du jour","link":"https:\/\/lyonelkaufmann.ch\/Blog\/category\/photo-du-jour\/"},"img":{"alt_text":"","src":"https:\/\/i0.wp.com\/lyonelkaufmann.ch\/Blog\/wp-content\/uploads\/2015\/03\/IMGP2000-L.jpg?fit=600%2C600&ssl=1&resize=350%2C200","width":350,"height":200,"srcset":"https:\/\/i0.wp.com\/lyonelkaufmann.ch\/Blog\/wp-content\/uploads\/2015\/03\/IMGP2000-L.jpg?fit=600%2C600&ssl=1&resize=350%2C200 1x, https:\/\/i0.wp.com\/lyonelkaufmann.ch\/Blog\/wp-content\/uploads\/2015\/03\/IMGP2000-L.jpg?fit=600%2C600&ssl=1&resize=525%2C300 1.5x"},"classes":[]}],"jetpack_likes_enabled":true,"_links":{"self":[{"href":"https:\/\/lyonelkaufmann.ch\/Blog\/wp-json\/wp\/v2\/posts\/15215","targetHints":{"allow":["GET"]}}],"collection":[{"href":"https:\/\/lyonelkaufmann.ch\/Blog\/wp-json\/wp\/v2\/posts"}],"about":[{"href":"https:\/\/lyonelkaufmann.ch\/Blog\/wp-json\/wp\/v2\/types\/post"}],"author":[{"embeddable":true,"href":"https:\/\/lyonelkaufmann.ch\/Blog\/wp-json\/wp\/v2\/users\/1"}],"replies":[{"embeddable":true,"href":"https:\/\/lyonelkaufmann.ch\/Blog\/wp-json\/wp\/v2\/comments?post=15215"}],"version-history":[{"count":0,"href":"https:\/\/lyonelkaufmann.ch\/Blog\/wp-json\/wp\/v2\/posts\/15215\/revisions"}],"wp:featuredmedia":[{"embeddable":true,"href":"https:\/\/lyonelkaufmann.ch\/Blog\/wp-json\/wp\/v2\/media\/15267"}],"wp:attachment":[{"href":"https:\/\/lyonelkaufmann.ch\/Blog\/wp-json\/wp\/v2\/media?parent=15215"}],"wp:term":[{"taxonomy":"category","embeddable":true,"href":"https:\/\/lyonelkaufmann.ch\/Blog\/wp-json\/wp\/v2\/categories?post=15215"},{"taxonomy":"post_tag","embeddable":true,"href":"https:\/\/lyonelkaufmann.ch\/Blog\/wp-json\/wp\/v2\/tags?post=15215"}],"curies":[{"name":"wp","href":"https:\/\/api.w.org\/{rel}","templated":true}]}}