{"id":15265,"date":"2015-10-14T13:31:23","date_gmt":"2015-10-14T12:31:23","guid":{"rendered":"https:\/\/lyonelkaufmann.ch\/Blog\/?p=15265"},"modified":"2015-10-14T13:31:23","modified_gmt":"2015-10-14T12:31:23","slug":"debat-democrate-hillary-clinton-presidentielle-bernie-sanders-grand-seigneur","status":"publish","type":"post","link":"https:\/\/lyonelkaufmann.ch\/Blog\/2015\/10\/14\/debat-democrate-hillary-clinton-presidentielle-bernie-sanders-grand-seigneur\/","title":{"rendered":"D\u00e9bat d\u00e9mocrate: Hillary Clinton pr\u00e9sidentielle, Bernie Sanders grand seigneur"},"content":{"rendered":"<p><a href=\"http:\/\/www.letemps.ch\/monde\/2015\/10\/14\/debat-democrate-hillary-clinton-presidentielle-bernie-sanders-grand-seigneur\">D\u00e9bat d\u00e9mocrate: Hillary Clinton pr\u00e9sidentielle, Bernie Sanders grand seigneur<\/a>:<\/p>\n<blockquote><p>\nLe premier d\u00e9bat t\u00e9l\u00e9vis\u00e9 des d\u00e9mocrates pour les primaires de l\u2019\u00e9lection pr\u00e9sidentielle am\u00e9ricaine a donc eu lieu dans un h\u00f4tel de Las Vegas et la presse am\u00e9ricaine est unanime sur un point au moins, \u00e0 l\u2019image du <a href=\"https:\/\/www.washingtonpost.com\/politics\/clinton-sanders-dominate-democrats-first-go-on-the-debate-stage\/2015\/10\/13\/94d399a6-71cc-11e5-8d93-0af317ed58c9_story.html\">Washington Post<\/a>: \u00abClinton, Sanders dominent la conversation du d\u00e9bat d\u00e9mocrate.\u00bb. Ce que le <a href=\"http:\/\/www.baltimoresun.com\/news\/maryland\/bs-md-omalley-debate-las-vegas-20151013-story.html\">Baltimore Sun<\/a>\u00a0exprime \u00e0 sa mani\u00e8re: \u00abClinton, Sanders bataillent pour la gauche dans ce premier d\u00e9bat\u00bb. Tandis que le <a href=\"https:\/\/www.bostonglobe.com\/news\/politics\/2015\/10\/13\/clinton-sanders-class-over-economic-issues-democrats-debate-las-vegas\/LNrl6AiifYOqU8SbFyBqdI\/story.html\">Boston Globe<\/a>\u00a0constate: \u00abClinton et Sanders se clashent \u00e0 propos du capitalisme et du contr\u00f4le des armes.\u00bb C\u2019est dire si l\u2019on peine, dans les titres des journaux am\u00e9ricains \u00e0 trouver la trace des autres challengers, r\u00e9duits \u00e0 observer, en quelque sorte, le clash des titans.\n<\/p><\/blockquote>\n<p>(Via <a href=\"http:\/\/www.letemps.ch\/feed\">Le Temps<\/a>)<\/p>\n","protected":false},"excerpt":{"rendered":"<p>D\u00e9bat d\u00e9mocrate: Hillary Clinton pr\u00e9sidentielle, Bernie Sanders grand seigneur: Le premier d\u00e9bat t\u00e9l\u00e9vis\u00e9 des d\u00e9mocrates pour les primaires de l\u2019\u00e9lection pr\u00e9sidentielle am\u00e9ricaine a donc eu lieu dans un h\u00f4tel de Las Vegas et la presse am\u00e9ricaine est unanime sur un point au moins, \u00e0 l\u2019image du Washington Post: \u00abClinton, Sanders dominent la conversation du d\u00e9bat [&hellip;]<\/p>\n","protected":false},"author":1,"featured_media":14680,"comment_status":"open","ping_status":"open","sticky":false,"template":"","format":"standard","meta":{"_import_markdown_pro_load_document_selector":0,"_import_markdown_pro_submit_text_textarea":"","_genesis_hide_title":false,"_genesis_hide_breadcrumbs":false,"_genesis_hide_singular_image":false,"_genesis_hide_footer_widgets":false,"_genesis_custom_body_class":"","_genesis_custom_post_class":"","_genesis_layout":"","jetpack_post_was_ever_published":false,"_jetpack_newsletter_access":"","_jetpack_dont_email_post_to_subs":false,"_jetpack_newsletter_tier_id":0,"_jetpack_memberships_contains_paywalled_content":false,"_jetpack_memberships_contains_paid_content":false,"activitypub_content_warning":"","activitypub_content_visibility":"","activitypub_max_image_attachments":3,"activitypub_interaction_policy_quote":"anyone","activitypub_status":"","footnotes":"","jetpack_publicize_message":"","jetpack_publicize_feature_enabled":true,"jetpack_social_post_already_shared":true,"jetpack_social_options":{"image_generator_settings":{"template":"fullscreen","default_image_id":0,"font":"","enabled":false},"version":2}},"categories":[660,1117],"tags":[],"class_list":{"0":"post-15265","1":"post","2":"type-post","3":"status-publish","4":"format-standard","5":"has-post-thumbnail","7":"category-breves","8":"category-politis","9":"entry"},"jetpack_publicize_connections":[],"featured_image_src":"https:\/\/i0.wp.com\/lyonelkaufmann.ch\/Blog\/wp-content\/uploads\/2015\/03\/blogcafe1.jpg?resize=600%2C400&ssl=1","featured_image_src_square":"https:\/\/i0.wp.com\/lyonelkaufmann.ch\/Blog\/wp-content\/uploads\/2015\/03\/blogcafe1.jpg?resize=600%2C600&ssl=1","author_info":{"display_name":"Lyonel Kaufmann","author_link":"https:\/\/lyonelkaufmann.ch\/Blog\/author\/lyonelk\/"},"jetpack_featured_media_url":"https:\/\/i0.wp.com\/lyonelkaufmann.ch\/Blog\/wp-content\/uploads\/2015\/03\/blogcafe1.jpg?fit=1024%2C683&ssl=1","jetpack_sharing_enabled":true,"jetpack_shortlink":"https:\/\/wp.me\/p1qtF4-3Yd","jetpack-related-posts":[{"id":16049,"url":"https:\/\/lyonelkaufmann.ch\/Blog\/2016\/02\/10\/gagnant-dans-le-new-hampshire-sanders-force-clinton-a-virer-a-gauche\/","url_meta":{"origin":15265,"position":0},"title":"Gagnant dans le New Hampshire, Sanders force Clinton \u00e0 virer \u00e0 gauche","author":"Lyonel Kaufmann","date":"10 f\u00e9vrier 2016","format":false,"excerpt":"\u00a0 Apr\u00e8s avoir fait jeu \u00e9gal avec sa rivale dans l'Iowa, Bernie Sanders a marqu\u00e9 des points ce mardi 9 f\u00e9vrier, mais la route est encore longue. Le s\u00e9nateur du Vermont Bernie Sanders a recueilli pr\u00e8s de 60% des voix lors de la primaire du New Hampshire, mardi 9 f\u00e9vrier,\u2026","rel":"","context":"Dans &quot;Blogcaf\u00e9&quot;","block_context":{"text":"Blogcaf\u00e9","link":"https:\/\/lyonelkaufmann.ch\/Blog\/category\/blogcafe-2\/"},"img":{"alt_text":"","src":"https:\/\/i0.wp.com\/lyonelkaufmann.ch\/Blog\/wp-content\/uploads\/2016\/02\/berniesanders.jpg?fit=1090%2C500&ssl=1&resize=350%2C200","width":350,"height":200,"srcset":"https:\/\/i0.wp.com\/lyonelkaufmann.ch\/Blog\/wp-content\/uploads\/2016\/02\/berniesanders.jpg?fit=1090%2C500&ssl=1&resize=350%2C200 1x, https:\/\/i0.wp.com\/lyonelkaufmann.ch\/Blog\/wp-content\/uploads\/2016\/02\/berniesanders.jpg?fit=1090%2C500&ssl=1&resize=525%2C300 1.5x, https:\/\/i0.wp.com\/lyonelkaufmann.ch\/Blog\/wp-content\/uploads\/2016\/02\/berniesanders.jpg?fit=1090%2C500&ssl=1&resize=700%2C400 2x, https:\/\/i0.wp.com\/lyonelkaufmann.ch\/Blog\/wp-content\/uploads\/2016\/02\/berniesanders.jpg?fit=1090%2C500&ssl=1&resize=1050%2C600 3x"},"classes":[]},{"id":16318,"url":"https:\/\/lyonelkaufmann.ch\/Blog\/2016\/04\/12\/kevin-spacey-recite-shakespeare-en-imitant-al-pacino-et-bill-clinton\/","url_meta":{"origin":15265,"position":1},"title":"Kevin Spacey r\u00e9cite Shakespeare en imitant Al Pacino et Bill Clinton","author":"Lyonel Kaufmann","date":"12 avril 2016","format":false,"excerpt":"Il a d\u00e9but\u00e9 sa carri\u00e8re en jouant du Shakespeare. Alors l'\u00e9quipe de C \u00e0 vous, qui recevait Kevin Spacey lundi 11 avril, lui a demand\u00e9 de r\u00e9citer la c\u00e9l\u00e8bre phrase tir\u00e9e d'Hamlet : \"\u00catre ou ne pas \u00eatre, Telle est la question\", dans diff\u00e9rentes situations. En bonus, vous avez \u00e9galement\u2026","rel":"","context":"Dans &quot;Blogcaf\u00e9&quot;","block_context":{"text":"Blogcaf\u00e9","link":"https:\/\/lyonelkaufmann.ch\/Blog\/category\/blogcafe-2\/"},"img":{"alt_text":"","src":"","width":0,"height":0},"classes":[]},{"id":1294,"url":"https:\/\/lyonelkaufmann.ch\/Blog\/2008\/11\/02\/links-for-2008-11-02\/","url_meta":{"origin":15265,"position":2},"title":"USA2008: derni\u00e8re ligne droite | Michel Rocard s\u2019en va","author":"Lyonel Kaufmann","date":"2 novembre 2008","format":"aside","excerpt":"Projections s\u00e9natoriales | En Am\u00e9rique Il n'y aura pas que l'\u00e9lection pr\u00e9sidentielle le 4 novembre aux Etats-Unis, mais \u00e9galement des \u00e9lections s\u00e9natoriales pour lesquelles les d\u00e9mocrates ont \u00e9galement beaucoup d'ambition. Cet article les rappelle. A noter aussi qu'il y a deux ans, Howard Dean avait \u00e9t\u00e9 critiqu\u00e9 ne pas avoir\u2026","rel":"","context":"Dans &quot;Blogcaf\u00e9&quot;","block_context":{"text":"Blogcaf\u00e9","link":"https:\/\/lyonelkaufmann.ch\/Blog\/category\/blogcafe-2\/"},"img":{"alt_text":"","src":"https:\/\/i0.wp.com\/lyonelkaufmann.ch\/Blog\/wp-content\/uploads\/2015\/03\/blogcafe1.jpg?fit=1024%2C683&ssl=1&resize=350%2C200","width":350,"height":200,"srcset":"https:\/\/i0.wp.com\/lyonelkaufmann.ch\/Blog\/wp-content\/uploads\/2015\/03\/blogcafe1.jpg?fit=1024%2C683&ssl=1&resize=350%2C200 1x, https:\/\/i0.wp.com\/lyonelkaufmann.ch\/Blog\/wp-content\/uploads\/2015\/03\/blogcafe1.jpg?fit=1024%2C683&ssl=1&resize=525%2C300 1.5x, https:\/\/i0.wp.com\/lyonelkaufmann.ch\/Blog\/wp-content\/uploads\/2015\/03\/blogcafe1.jpg?fit=1024%2C683&ssl=1&resize=700%2C400 2x"},"classes":[]},{"id":3187,"url":"https:\/\/lyonelkaufmann.ch\/Blog\/2010\/04\/26\/les-americains-et-la-reforme-de-wall-street-richard-hetu\/","url_meta":{"origin":15265,"position":3},"title":"Les Am\u00e9ricains et la r\u00e9forme de Wall Street | Richard H\u00e9tu","author":"Lyonel Kaufmann","date":"26 avril 2010","format":"aside","excerpt":"Pr\u00e8s de deux Am\u00e9ricains sur trois sont en faveur d\u2019une r\u00e9gulation plus s\u00e9v\u00e8re du syst\u00e8me financier, selon un sondage Washington Post\/ABC News publi\u00e9 aujourd\u2019hui. De quoi r\u00e9jouir les d\u00e9mocrates du S\u00e9nat, qui semblent \u00eatre pr\u00eats \u00e0 d\u00e9fier les r\u00e9publicains de recourir au filibuster pour emp\u00eacher l\u2019ouverture des d\u00e9bats en s\u00e9ance\u2026","rel":"","context":"Dans &quot;Blogcaf\u00e9&quot;","block_context":{"text":"Blogcaf\u00e9","link":"https:\/\/lyonelkaufmann.ch\/Blog\/category\/blogcafe-2\/"},"img":{"alt_text":"","src":"https:\/\/i0.wp.com\/lyonelkaufmann.ch\/Blog\/wp-content\/uploads\/2015\/03\/blogcafe1.jpg?fit=1024%2C683&ssl=1&resize=350%2C200","width":350,"height":200,"srcset":"https:\/\/i0.wp.com\/lyonelkaufmann.ch\/Blog\/wp-content\/uploads\/2015\/03\/blogcafe1.jpg?fit=1024%2C683&ssl=1&resize=350%2C200 1x, https:\/\/i0.wp.com\/lyonelkaufmann.ch\/Blog\/wp-content\/uploads\/2015\/03\/blogcafe1.jpg?fit=1024%2C683&ssl=1&resize=525%2C300 1.5x, https:\/\/i0.wp.com\/lyonelkaufmann.ch\/Blog\/wp-content\/uploads\/2015\/03\/blogcafe1.jpg?fit=1024%2C683&ssl=1&resize=700%2C400 2x"},"classes":[]},{"id":7304,"url":"https:\/\/lyonelkaufmann.ch\/Blog\/2013\/08\/06\/histoire-memoire-les-filles-du-roy-nous-ne-serions-pas-la-sans-elles\/","url_meta":{"origin":15265,"position":4},"title":"Histoire &amp; M\u00e9moire : Les Filles du Roy  &#8211; \u00abNous ne serions pas l\u00e0 sans elles\u00bb","author":"Lyonel Kaufmann","date":"6 ao\u00fbt 2013","format":false,"excerpt":"Photo : Luc Allaire Quelques-unes des figurantes qui personnifient les 36 femmes du premier contingent des Filles du Roy. Elles \u00e9taient \u00e0 Paris en juin (ci-dessus) au d\u00e9but d\u2019un p\u00e9riple qui les m\u00e8nera \u00e0 Qu\u00e9bec le 7 ao\u00fbt. \u00ab36 Filles du Roy\u00bb d\u00e9barqueront \u00e0 Qu\u00e9bec le 7 ao\u00fbt prochain pour\u2026","rel":"","context":"Dans &quot;histoire&quot;","block_context":{"text":"histoire","link":"https:\/\/lyonelkaufmann.ch\/Blog\/category\/histoire-2\/"},"img":{"alt_text":"","src":"https:\/\/i0.wp.com\/lyonelkaufmann.ch\/Blog\/wp-content\/uploads\/2015\/03\/20130806-153619.jpg?fit=915%2C590&ssl=1&resize=350%2C200","width":350,"height":200,"srcset":"https:\/\/i0.wp.com\/lyonelkaufmann.ch\/Blog\/wp-content\/uploads\/2015\/03\/20130806-153619.jpg?fit=915%2C590&ssl=1&resize=350%2C200 1x, https:\/\/i0.wp.com\/lyonelkaufmann.ch\/Blog\/wp-content\/uploads\/2015\/03\/20130806-153619.jpg?fit=915%2C590&ssl=1&resize=525%2C300 1.5x, https:\/\/i0.wp.com\/lyonelkaufmann.ch\/Blog\/wp-content\/uploads\/2015\/03\/20130806-153619.jpg?fit=915%2C590&ssl=1&resize=700%2C400 2x"},"classes":[]},{"id":21430,"url":"https:\/\/lyonelkaufmann.ch\/Blog\/2020\/04\/08\/opinion-la-distanciation-sociale-est-un-privilege-the-new-york-times\/","url_meta":{"origin":15265,"position":5},"title":"Opinion | La distanciation sociale est un privil\u00e8ge &#8211; The New York Times","author":"Lyonel Kaufmann","date":"8 avril 2020","format":false,"excerpt":"Cet tribune du New York Times met en \u00e9vidence que le covid-19 est d\u00e9vastateur pour les personnes les plus vuln\u00e9rables de la soci\u00e9t\u00e9. Et aux Etats-Unis, en premier lieu, la population noire et les pauvres.\u00a0 People like to say that the coronavirus is no respecter of race, class or country,\u2026","rel":"","context":"Dans &quot;Blogcaf\u00e9&quot;","block_context":{"text":"Blogcaf\u00e9","link":"https:\/\/lyonelkaufmann.ch\/Blog\/category\/blogcafe-2\/"},"img":{"alt_text":"","src":"https:\/\/i0.wp.com\/richardhetu.com\/wp-content\/uploads\/2020\/04\/07wisconsin-briefing-v2-1-articleLarge-1.jpg?resize=350%2C200&ssl=1","width":350,"height":200,"srcset":"https:\/\/i0.wp.com\/richardhetu.com\/wp-content\/uploads\/2020\/04\/07wisconsin-briefing-v2-1-articleLarge-1.jpg?resize=350%2C200&ssl=1 1x, https:\/\/i0.wp.com\/richardhetu.com\/wp-content\/uploads\/2020\/04\/07wisconsin-briefing-v2-1-articleLarge-1.jpg?resize=525%2C300&ssl=1 1.5x"},"classes":[]}],"jetpack_likes_enabled":true,"_links":{"self":[{"href":"https:\/\/lyonelkaufmann.ch\/Blog\/wp-json\/wp\/v2\/posts\/15265","targetHints":{"allow":["GET"]}}],"collection":[{"href":"https:\/\/lyonelkaufmann.ch\/Blog\/wp-json\/wp\/v2\/posts"}],"about":[{"href":"https:\/\/lyonelkaufmann.ch\/Blog\/wp-json\/wp\/v2\/types\/post"}],"author":[{"embeddable":true,"href":"https:\/\/lyonelkaufmann.ch\/Blog\/wp-json\/wp\/v2\/users\/1"}],"replies":[{"embeddable":true,"href":"https:\/\/lyonelkaufmann.ch\/Blog\/wp-json\/wp\/v2\/comments?post=15265"}],"version-history":[{"count":0,"href":"https:\/\/lyonelkaufmann.ch\/Blog\/wp-json\/wp\/v2\/posts\/15265\/revisions"}],"wp:featuredmedia":[{"embeddable":true,"href":"https:\/\/lyonelkaufmann.ch\/Blog\/wp-json\/wp\/v2\/media\/14680"}],"wp:attachment":[{"href":"https:\/\/lyonelkaufmann.ch\/Blog\/wp-json\/wp\/v2\/media?parent=15265"}],"wp:term":[{"taxonomy":"category","embeddable":true,"href":"https:\/\/lyonelkaufmann.ch\/Blog\/wp-json\/wp\/v2\/categories?post=15265"},{"taxonomy":"post_tag","embeddable":true,"href":"https:\/\/lyonelkaufmann.ch\/Blog\/wp-json\/wp\/v2\/tags?post=15265"}],"curies":[{"name":"wp","href":"https:\/\/api.w.org\/{rel}","templated":true}]}}