{"id":15363,"date":"2015-11-13T23:40:05","date_gmt":"2015-11-13T22:40:05","guid":{"rendered":"https:\/\/lyonelkaufmann.ch\/Blog\/?p=15363"},"modified":"2015-11-13T23:41:01","modified_gmt":"2015-11-13T22:41:01","slug":"revue-de-presse-le-roman-dont-vous-etes-le-curateur-le-temps","status":"publish","type":"post","link":"https:\/\/lyonelkaufmann.ch\/Blog\/2015\/11\/13\/revue-de-presse-le-roman-dont-vous-etes-le-curateur-le-temps\/","title":{"rendered":"Revue de Presse : Le roman dont vous \u00eates le curateur | Le Temps"},"content":{"rendered":"<blockquote><p><a href=\"http:\/\/www.letemps.ch\/culture\/2015\/11\/13\/roman-dont-etes-curateur\"><img data-recalc-dims=\"1\" decoding=\"async\" class=\"alignnone size-full\" src=\"https:\/\/i0.wp.com\/lyonelkaufmann.ch\/Blog\/wp-content\/uploads\/2015\/11\/file6n409a4zcuu19wg049gh.jpg\" alt=\"\" \/><\/a>\u00abArcadia\u00bb, le dernier roman du Britannique Iain Pears, para\u00eet sous forme de livre papier et d\u2019app. Celle-ci donne la possibilit\u00e9 de choisir son cheminement dans le labyrinthe de l\u2019histoire.<\/p>\n<p>Un roman comme un plan de m\u00e9tro? Les points de d\u00e9part et d\u2019arriv\u00e9e sont les m\u00eames, mais les chemins qui les relient sont multiples et tortueux. Voil\u00e0 la proposition d\u2019Arcadia, un r\u00e9cit du Britannique Iain Pears, publi\u00e9 simultan\u00e9ment (en anglais) sous forme de livre papier et d\u2019app pour iPhone et iPad. La version \u00e9lectronique permet de choisir le cheminement narratif: \u00e0 la fin de chaque chapitre, on peut d\u00e9cider de suivre l\u2019un ou l\u2019autre des personnages principaux. Il y en a trois, et autant d\u2019univers parall\u00e8les.<\/p><\/blockquote>\n<p>Source\u00a0: <em><a href=\"http:\/\/www.letemps.ch\/culture\/2015\/11\/13\/roman-dont-etes-curateur\">Le roman dont vous \u00eates le curateur &#8211; Le Temps<\/a><\/em><\/p>\n","protected":false},"excerpt":{"rendered":"<p>\u00abArcadia\u00bb, le dernier roman du Britannique Iain Pears, para\u00eet sous forme de livre papier et d\u2019app. Celle-ci donne la possibilit\u00e9 de choisir son cheminement dans le labyrinthe de l\u2019histoire. Un roman comme un plan de m\u00e9tro? Les points de d\u00e9part et d\u2019arriv\u00e9e sont les m\u00eames, mais les chemins qui les relient sont multiples et tortueux. [&hellip;]<\/p>\n","protected":false},"author":1,"featured_media":15364,"comment_status":"open","ping_status":"open","sticky":false,"template":"","format":"standard","meta":{"_import_markdown_pro_load_document_selector":0,"_import_markdown_pro_submit_text_textarea":"","_genesis_hide_title":false,"_genesis_hide_breadcrumbs":false,"_genesis_hide_singular_image":false,"_genesis_hide_footer_widgets":false,"_genesis_custom_body_class":"","_genesis_custom_post_class":"","_genesis_layout":"","jetpack_post_was_ever_published":false,"_jetpack_newsletter_access":"","_jetpack_dont_email_post_to_subs":false,"_jetpack_newsletter_tier_id":0,"_jetpack_memberships_contains_paywalled_content":false,"_jetpack_memberships_contains_paid_content":false,"activitypub_content_warning":"","activitypub_content_visibility":"","activitypub_max_image_attachments":3,"activitypub_interaction_policy_quote":"anyone","activitypub_status":"","footnotes":"","jetpack_publicize_message":"","jetpack_publicize_feature_enabled":true,"jetpack_social_post_already_shared":true,"jetpack_social_options":{"image_generator_settings":{"template":"fullscreen","default_image_id":0,"font":"","enabled":false},"version":2}},"categories":[3],"tags":[],"class_list":{"0":"post-15363","1":"post","2":"type-post","3":"status-publish","4":"format-standard","5":"has-post-thumbnail","7":"category-blogcafe-2","8":"entry"},"jetpack_publicize_connections":[],"featured_image_src":"https:\/\/i0.wp.com\/lyonelkaufmann.ch\/Blog\/wp-content\/uploads\/2015\/11\/file6n409a4zcuu19wg049gh.jpg?resize=600%2C400&ssl=1","featured_image_src_square":"https:\/\/i0.wp.com\/lyonelkaufmann.ch\/Blog\/wp-content\/uploads\/2015\/11\/file6n409a4zcuu19wg049gh.jpg?resize=600%2C505&ssl=1","author_info":{"display_name":"Lyonel Kaufmann","author_link":"https:\/\/lyonelkaufmann.ch\/Blog\/author\/lyonelk\/"},"jetpack_featured_media_url":"https:\/\/i0.wp.com\/lyonelkaufmann.ch\/Blog\/wp-content\/uploads\/2015\/11\/file6n409a4zcuu19wg049gh.jpg?fit=1400%2C505&ssl=1","jetpack_sharing_enabled":true,"jetpack_shortlink":"https:\/\/wp.me\/p1qtF4-3ZN","jetpack-related-posts":[{"id":19427,"url":"https:\/\/lyonelkaufmann.ch\/Blog\/2018\/08\/06\/quand-tu-repasses-a-la-fontaine-et-que-tu-avais-oublie-que-dautres-livres-tattendaient-rendez-vous-a-positano-est-un-roman-damour-de-goliarda-sapienza-dont\/","url_meta":{"origin":15363,"position":0},"title":"Quand tu repasses \u00e0 La Fontaine et que tu avais oubli\u00e9 que d\u2019autres livres t\u2019attendaient&#8230; \u00ab Rendez-vous \u00e0 Positano \u00bb est un roman d\u2019amour de Goliarda Sapienza dont la vie elle-m\u00eame est d\u00e9j\u00e0 un roman. Ce texte est d\u00e9di\u00e9 \u00e0 une femme et \u00e0 un lieu, Positano. Le livre n\u2019a \u00e9t\u00e9 publi\u00e9 qu\u2019apr\u00e8s la mort de son auteure, consid\u00e9r\u00e9e aujourd\u2019hui comme une \u00e9crivaine majeure de la litt\u00e9rature italienne.","author":"Lyonel Kaufmann","date":"6 ao\u00fbt 2018","format":false,"excerpt":"from Instagram: https:\/\/ift.tt\/2KtmXqE","rel":"","context":"Dans &quot;Blogcaf\u00e9&quot;","block_context":{"text":"Blogcaf\u00e9","link":"https:\/\/lyonelkaufmann.ch\/Blog\/category\/blogcafe-2\/"},"img":{"alt_text":"","src":"https:\/\/i0.wp.com\/lyonelkaufmann.ch\/Blog\/wp-content\/uploads\/2018\/08\/38471682_496820270788830_3464528935457390592_n.jpg?resize=350%2C200&ssl=1","width":350,"height":200,"srcset":"https:\/\/i0.wp.com\/lyonelkaufmann.ch\/Blog\/wp-content\/uploads\/2018\/08\/38471682_496820270788830_3464528935457390592_n.jpg?resize=350%2C200&ssl=1 1x, https:\/\/i0.wp.com\/lyonelkaufmann.ch\/Blog\/wp-content\/uploads\/2018\/08\/38471682_496820270788830_3464528935457390592_n.jpg?resize=525%2C300&ssl=1 1.5x"},"classes":[]},{"id":15181,"url":"https:\/\/lyonelkaufmann.ch\/Blog\/2015\/08\/24\/le-roman-est-depasse-par-dautres-formes-artistiques-plus-populaires-telerama\/","url_meta":{"origin":15363,"position":1},"title":"\u201cLe roman est d\u00e9pass\u00e9 par d\u2019autres formes artistiques plus populaires\u201d | T\u00e9l\u00e9rama","author":"Lyonel Kaufmann","date":"24 ao\u00fbt 2015","format":false,"excerpt":"\u201cLe roman est d\u00e9pass\u00e9 par d\u2019autres formes artistiques plus populaires\u201d - Livres - T\u00e9l\u00e9rama.fr: Xabi Molia, \u00e9crivain, r\u00e9alisateur (\u201c8 fois debout\u201d et \u201cLes Conqu\u00e9rants\u201d) : \u201cLa lecture rel\u00e8ve de l'insularit\u00e9\u201d \u00ab La lecture implique une forme d\u2019insularit\u00e9. Celui qui lit s\u2019isole, fait s\u00e9cession avec le monde. Or cette insularit\u00e9 est\u2026","rel":"","context":"Dans &quot;Blogcaf\u00e9&quot;","block_context":{"text":"Blogcaf\u00e9","link":"https:\/\/lyonelkaufmann.ch\/Blog\/category\/blogcafe-2\/"},"img":{"alt_text":"","src":"https:\/\/i0.wp.com\/lyonelkaufmann.ch\/Blog\/wp-content\/uploads\/2015\/03\/blogcafe1.jpg?fit=1024%2C683&ssl=1&resize=350%2C200","width":350,"height":200,"srcset":"https:\/\/i0.wp.com\/lyonelkaufmann.ch\/Blog\/wp-content\/uploads\/2015\/03\/blogcafe1.jpg?fit=1024%2C683&ssl=1&resize=350%2C200 1x, https:\/\/i0.wp.com\/lyonelkaufmann.ch\/Blog\/wp-content\/uploads\/2015\/03\/blogcafe1.jpg?fit=1024%2C683&ssl=1&resize=525%2C300 1.5x, https:\/\/i0.wp.com\/lyonelkaufmann.ch\/Blog\/wp-content\/uploads\/2015\/03\/blogcafe1.jpg?fit=1024%2C683&ssl=1&resize=700%2C400 2x"},"classes":[]},{"id":20002,"url":"https:\/\/lyonelkaufmann.ch\/Blog\/2019\/02\/23\/livre-le-magicien-de-magdalena-parys-edition-agullo-noir\/","url_meta":{"origin":15363,"position":2},"title":"Livre : Le Magicien de Magdalena Parys. Edition Agullo Noir\u00a0","author":"Lyonel Kaufmann","date":"23 f\u00e9vrier 2019","format":false,"excerpt":"Dans \u00able Magicien\u00bb, la polonaise Magdalena Parys remonte la machine polici\u00e8re qui a tenu quarante ans durant l'Allemagne de l'Est dans une poigne de fer.\u00a0 Pr\u00e9sentation de l'\u00e9diteur :\u00a0 D\u00e8s 1970, la Stasi et les garde-fronti\u00e8res bulgares montent une op\u00e9ration pour arr\u00eater tous ceux qui tentent de fuir le bloc\u2026","rel":"","context":"Dans &quot;Blogcaf\u00e9&quot;","block_context":{"text":"Blogcaf\u00e9","link":"https:\/\/lyonelkaufmann.ch\/Blog\/category\/blogcafe-2\/"},"img":{"alt_text":"","src":"https:\/\/i0.wp.com\/lyonelkaufmann.ch\/Blog\/wp-content\/uploads\/2019\/02\/arton34895-02725.jpg?fit=434%2C620&ssl=1&resize=350%2C200","width":350,"height":200},"classes":[]},{"id":16743,"url":"https:\/\/lyonelkaufmann.ch\/Blog\/2016\/06\/28\/bande-dessinee-du-papier-au-numerique-une-rupture-2\/","url_meta":{"origin":15363,"position":3},"title":"Bande dessin\u00e9e : du papier au num\u00e9rique, une rupture ?","author":"Lyonel Kaufmann","date":"28 juin 2016","format":false,"excerpt":"L\u2019av\u00e8nement de la bande dessin\u00e9e est une histoire ancienne, mais son passage vers les supports num\u00e9riques est une tout autre comptine. Tout semble opposer l\u2019exp\u00e9rience de lecture sur \u00e9cran de celle op\u00e9r\u00e9e sur un support imprim\u00e9, alors m\u00eame que le r\u00e9cit par case pourrait \u00eatre un facteur commun. Si le\u2026","rel":"","context":"Dans &quot;L'Expresso&quot;","block_context":{"text":"L'Expresso","link":"https:\/\/lyonelkaufmann.ch\/Blog\/category\/breves\/"},"img":{"alt_text":"","src":"https:\/\/i0.wp.com\/lyonelkaufmann.ch\/Blog\/wp-content\/uploads\/2015\/03\/blogcafe1.jpg?fit=1024%2C683&ssl=1&resize=350%2C200","width":350,"height":200,"srcset":"https:\/\/i0.wp.com\/lyonelkaufmann.ch\/Blog\/wp-content\/uploads\/2015\/03\/blogcafe1.jpg?fit=1024%2C683&ssl=1&resize=350%2C200 1x, https:\/\/i0.wp.com\/lyonelkaufmann.ch\/Blog\/wp-content\/uploads\/2015\/03\/blogcafe1.jpg?fit=1024%2C683&ssl=1&resize=525%2C300 1.5x, https:\/\/i0.wp.com\/lyonelkaufmann.ch\/Blog\/wp-content\/uploads\/2015\/03\/blogcafe1.jpg?fit=1024%2C683&ssl=1&resize=700%2C400 2x"},"classes":[]},{"id":17925,"url":"https:\/\/lyonelkaufmann.ch\/Blog\/2017\/01\/12\/roman-le-cas-malaussene-de-daniel-pennac\/","url_meta":{"origin":15363,"position":4},"title":"Roman \u00abLe cas Malauss\u00e8ne\u00bb de Daniel Pennac","author":"Lyonel Kaufmann","date":"12 janvier 2017","format":false,"excerpt":"Le retour de mon anti-h\u00e9ros pr\u00e9f\u00e9r\u00e9 du roman fran\u00e7ais. La presentation du Monde des Livres: Un agent sportif v\u00e9reux, qui sp\u00e9cule sur des joueurs mineurs. Un homme d\u2019affaires, ancien ministre, naufrageur d\u2019entreprises en difficult\u00e9. Face \u00e0 ces deux incarnations du mal, une juge d\u2019instruction intraitable et une bande d\u2019apprentis justiciers,\u2026","rel":"","context":"Dans &quot;Blogcaf\u00e9&quot;","block_context":{"text":"Blogcaf\u00e9","link":"https:\/\/lyonelkaufmann.ch\/Blog\/category\/blogcafe-2\/"},"img":{"alt_text":"","src":"https:\/\/i0.wp.com\/lyonelkaufmann.ch\/Blog\/wp-content\/uploads\/2017\/01\/Image-12.01.17-11-04.jpeg?fit=534%2C782&ssl=1&resize=350%2C200","width":350,"height":200,"srcset":"https:\/\/i0.wp.com\/lyonelkaufmann.ch\/Blog\/wp-content\/uploads\/2017\/01\/Image-12.01.17-11-04.jpeg?fit=534%2C782&ssl=1&resize=350%2C200 1x, https:\/\/i0.wp.com\/lyonelkaufmann.ch\/Blog\/wp-content\/uploads\/2017\/01\/Image-12.01.17-11-04.jpeg?fit=534%2C782&ssl=1&resize=525%2C300 1.5x"},"classes":[]},{"id":20358,"url":"https:\/\/lyonelkaufmann.ch\/Blog\/2019\/09\/30\/derniere-sommation-le-roman-dune-guerre-sociale-en-france-par-david-dufresne\/","url_meta":{"origin":15363,"position":5},"title":"\u201cDerni\u00e8re sommation\u201d\u2009: le roman d\u2019une guerre sociale en France, par David Dufresne","author":"Lyonel Kaufmann","date":"30 septembre 2019","format":false,"excerpt":"Par la voie de la fiction, David Dufresne rend compte du soul\u00e8vement des Gilets jaunes depuis novembre 2018 et de la d\u00e9rive autoritaire du maintien de l\u2019ordre. Un roman tr\u00e8s politique, qui donne de grandes claques de r\u00e9alit\u00e9. La sid\u00e9ration et la col\u00e8re ont conduit Etienne Dardel, le personnage principal\u2026","rel":"","context":"Dans &quot;Blogcaf\u00e9&quot;","block_context":{"text":"Blogcaf\u00e9","link":"https:\/\/lyonelkaufmann.ch\/Blog\/category\/blogcafe-2\/"},"img":{"alt_text":"","src":"https:\/\/i0.wp.com\/lyonelkaufmann.ch\/Blog\/wp-content\/uploads\/2019\/09\/28ABDDF2-6A93-40BB-9E4A-52F9C5CD064E.jpeg?fit=715%2C1126&ssl=1&resize=350%2C200","width":350,"height":200,"srcset":"https:\/\/i0.wp.com\/lyonelkaufmann.ch\/Blog\/wp-content\/uploads\/2019\/09\/28ABDDF2-6A93-40BB-9E4A-52F9C5CD064E.jpeg?fit=715%2C1126&ssl=1&resize=350%2C200 1x, https:\/\/i0.wp.com\/lyonelkaufmann.ch\/Blog\/wp-content\/uploads\/2019\/09\/28ABDDF2-6A93-40BB-9E4A-52F9C5CD064E.jpeg?fit=715%2C1126&ssl=1&resize=525%2C300 1.5x, https:\/\/i0.wp.com\/lyonelkaufmann.ch\/Blog\/wp-content\/uploads\/2019\/09\/28ABDDF2-6A93-40BB-9E4A-52F9C5CD064E.jpeg?fit=715%2C1126&ssl=1&resize=700%2C400 2x"},"classes":[]}],"jetpack_likes_enabled":true,"_links":{"self":[{"href":"https:\/\/lyonelkaufmann.ch\/Blog\/wp-json\/wp\/v2\/posts\/15363","targetHints":{"allow":["GET"]}}],"collection":[{"href":"https:\/\/lyonelkaufmann.ch\/Blog\/wp-json\/wp\/v2\/posts"}],"about":[{"href":"https:\/\/lyonelkaufmann.ch\/Blog\/wp-json\/wp\/v2\/types\/post"}],"author":[{"embeddable":true,"href":"https:\/\/lyonelkaufmann.ch\/Blog\/wp-json\/wp\/v2\/users\/1"}],"replies":[{"embeddable":true,"href":"https:\/\/lyonelkaufmann.ch\/Blog\/wp-json\/wp\/v2\/comments?post=15363"}],"version-history":[{"count":0,"href":"https:\/\/lyonelkaufmann.ch\/Blog\/wp-json\/wp\/v2\/posts\/15363\/revisions"}],"wp:featuredmedia":[{"embeddable":true,"href":"https:\/\/lyonelkaufmann.ch\/Blog\/wp-json\/wp\/v2\/media\/15364"}],"wp:attachment":[{"href":"https:\/\/lyonelkaufmann.ch\/Blog\/wp-json\/wp\/v2\/media?parent=15363"}],"wp:term":[{"taxonomy":"category","embeddable":true,"href":"https:\/\/lyonelkaufmann.ch\/Blog\/wp-json\/wp\/v2\/categories?post=15363"},{"taxonomy":"post_tag","embeddable":true,"href":"https:\/\/lyonelkaufmann.ch\/Blog\/wp-json\/wp\/v2\/tags?post=15363"}],"curies":[{"name":"wp","href":"https:\/\/api.w.org\/{rel}","templated":true}]}}