{"id":15375,"date":"2015-11-15T12:00:00","date_gmt":"2015-11-15T11:00:00","guid":{"rendered":"https:\/\/lyonelkaufmann.ch\/Blog\/?p=15375"},"modified":"2015-12-15T14:14:15","modified_gmt":"2015-12-15T13:14:15","slug":"in-memoriam-photo-du-mois","status":"publish","type":"post","link":"https:\/\/lyonelkaufmann.ch\/Blog\/2015\/11\/15\/in-memoriam-photo-du-mois\/","title":{"rendered":"In Memoriam |\u00a0Photo du mois"},"content":{"rendered":"<p>Ce mois, le th\u00e8me est<strong>\u00a0<\/strong><strong style=\"font-style: italic;\">M\u00e9moire<\/strong>. Il a \u00e9t\u00e9\u00a0choisi par Elpadawan (<a href=\"https:\/\/elpadawan.wordpress.com\/\" target=\"_blank\" rel=\"nofollow\">https:\/\/elpadawan.wordpress.com\/<\/a>)<\/p>\n<blockquote><p>Pas de note ni d&rsquo;explication. Je vous laisse la libert\u00e9 d&rsquo;interpr\u00e9ter le th\u00e8me comme bon vous semble. En dire plus serait d\u00e9j\u00e0 vous orienter&#8230;<\/p><\/blockquote>\n<p>Mon interpr\u00e9tation du th\u00e8me :<\/p>\n<p><a href=\"https:\/\/i0.wp.com\/lyonelkaufmann.ch\/Blog\/wp-content\/uploads\/2015\/11\/PB130049.jpg\"><img data-recalc-dims=\"1\" loading=\"lazy\" decoding=\"async\" data-attachment-id=\"15374\" data-permalink=\"https:\/\/lyonelkaufmann.ch\/Blog\/2015\/11\/15\/in-memoriam-photo-du-mois\/pb130049-jpg\/\" data-orig-file=\"https:\/\/i0.wp.com\/lyonelkaufmann.ch\/Blog\/wp-content\/uploads\/2015\/11\/PB130049.jpg?fit=1600%2C1066&amp;ssl=1\" data-orig-size=\"1600,1066\" data-comments-opened=\"1\" data-image-meta=\"{&quot;aperture&quot;:&quot;0&quot;,&quot;credit&quot;:&quot;&quot;,&quot;camera&quot;:&quot;&quot;,&quot;caption&quot;:&quot;&quot;,&quot;created_timestamp&quot;:&quot;0&quot;,&quot;copyright&quot;:&quot;&quot;,&quot;focal_length&quot;:&quot;0&quot;,&quot;iso&quot;:&quot;0&quot;,&quot;shutter_speed&quot;:&quot;0&quot;,&quot;title&quot;:&quot;&quot;,&quot;orientation&quot;:&quot;0&quot;}\" data-image-title=\"PB130049.JPG\" data-image-description=\"\" data-image-caption=\"\" data-large-file=\"https:\/\/i0.wp.com\/lyonelkaufmann.ch\/Blog\/wp-content\/uploads\/2015\/11\/PB130049.jpg?fit=700%2C466&amp;ssl=1\" class=\"aligncenter wp-image-15374 size-large\" src=\"https:\/\/i0.wp.com\/lyonelkaufmann.ch\/Blog\/wp-content\/uploads\/2015\/11\/PB130049-1024x682.jpg?resize=970%2C646\" alt=\"PB130049.JPG\" width=\"970\" height=\"646\" srcset=\"https:\/\/i0.wp.com\/lyonelkaufmann.ch\/Blog\/wp-content\/uploads\/2015\/11\/PB130049.jpg?resize=1024%2C682&amp;ssl=1 1024w, https:\/\/i0.wp.com\/lyonelkaufmann.ch\/Blog\/wp-content\/uploads\/2015\/11\/PB130049.jpg?resize=300%2C200&amp;ssl=1 300w, https:\/\/i0.wp.com\/lyonelkaufmann.ch\/Blog\/wp-content\/uploads\/2015\/11\/PB130049.jpg?resize=970%2C646&amp;ssl=1 970w, https:\/\/i0.wp.com\/lyonelkaufmann.ch\/Blog\/wp-content\/uploads\/2015\/11\/PB130049.jpg?w=1600&amp;ssl=1 1600w\" sizes=\"auto, (max-width: 970px) 100vw, 970px\" \/><\/a><\/p>\n<p>La photo a \u00e9t\u00e9 prise le vendredi 13 novembre \u00e0 18h11. A ce moment-l\u00e0, elle illustrait la m\u00e9moire de cette journ\u00e9e d\u2019automne o\u00f9 la photo \u00e9voquerait plus tard l\u2019extr\u00eame douceur des temp\u00e9ratures du jour.<\/p>\n<p>Plus tard, en soir\u00e9e, c\u2019est l\u2019horreur qui s\u2019est abattue sur Paris et la France avec d\u2019ignobles attentats frappant \u00e0 plusieurs endroits de la capitale et tuant \u00e0 l\u2019aveugle. A l\u2019heure o\u00f9 je r\u00e9dige ce billet, il est 1h26 du matin le samedi 14 novembre et on parle de plus de 140 victimes\u2026<\/p>\n<p><em>In memoriam<\/em> de celles et ceux qui sont morts ce soir-l\u00e0. #JeSuisParis<\/p>\n<p>L\u2019interpr\u00e9tation du th\u00e8me par les autres :<\/p>\n<p><a href=\"http:\/\/leblogdekat.com\" target=\"_blank\">A&rsquo;icha<\/a>, <a href=\"http:\/\/www.afnewstravel.com\/\" target=\"_blank\">AF News<\/a>, <a href=\"http:\/\/akai-inthesky.blogspot.com\" target=\"_blank\">Akaieric<\/a>, <a href=\"http:\/\/cocovin.net\/\" target=\"_blank\">Alban<\/a>, <a href=\"http:\/\/www.unitedstatesofparis.com\" target=\"_blank\">Alexinparis<\/a>, <a href=\"http:\/\/derriere-mes-yeux.blogspot.fr\/\" target=\"_blank\">Aude<\/a>, <a href=\"http:\/\/mytravelswithlove.blogspot.fr\/\" target=\"_blank\">Autour de Cia<\/a>, <a href=\"http:\/\/toxiq.canalblog.com\" target=\"_blank\">BiGBuGS<\/a>, <a href=\"http:\/\/blogoth67.wordpress.com\" target=\"_blank\">Blogoth67<\/a>, <a href=\"http:\/\/brindille33.wordpress.com\/\" target=\"_blank\">Brindille<\/a>, <a href=\"http:\/\/calamonique.com\/\" target=\"_blank\">Calamonique<\/a>, <a href=\"https:\/\/eyeofcanaghanette.wordpress.com\/\" target=\"_blank\">Canaghanette<\/a>, <a href=\"http:\/\/c-est-reparti.blogspot.com\/\" target=\"_blank\">Cara<\/a>, <a href=\"http:\/\/bonsbaisersdaustralie.wordpress.com\/category\/la-photo-du-mois\/\" target=\"_blank\">Carole en Australie<\/a>, <a href=\"http:\/\/champagnefraise.wordpress.com\" target=\"_blank\">Champagne<\/a>, <a href=\"http:\/\/imageschatbleu.canalblog.com\/\" target=\"_blank\">Chat bleu<\/a>, <a href=\"http:\/\/www.chiffonsandco.fr\" target=\"_blank\">Chiffons and Co<\/a>, <a href=\"http:\/\/mysweetescape.fr\/la-photo-du-mois\/\" target=\"_blank\">Chlo\u00e9<\/a>, <a href=\"http:\/\/suissexpress.wordpress.com\/\" target=\"_blank\">Christophe<\/a>, <a href=\"http:\/\/www.cricriyomfromparis.com\/search\/label\/La%20photo%20du%20mois\" target=\"_blank\">Cricriyom from Paris<\/a>, <a href=\"http:\/\/cpiro.fr\/\" target=\"_blank\">C\u00e9cileP<\/a>, <a href=\"http:\/\/frenchiesinparis.over-blog.com\" target=\"_blank\">C\u00e9line in Paris<\/a>, <a href=\"http:\/\/www.dameskarlette.com\/\" target=\"_blank\">Dame Skarlette<\/a>, <a href=\"http:\/\/www.casaphoto06.com\/\" target=\"_blank\">Dani\u00e8le.B<\/a>, <a href=\"http:\/\/mapassionbento.blogspot.fr\/\" target=\"_blank\">DelphineF<\/a>, <a href=\"http:\/\/aufildesvues.canalblog.com\/\" target=\"_blank\">Dom-Aufildesvues<\/a>, <a href=\"http:\/\/cestpasmoijeljure.com\/\" target=\"_blank\">Dr. CaSo<\/a>, <a href=\"http:\/\/histoiresdeux.blogspot.com\" target=\"_blank\">E<\/a>, <a href=\"http:\/\/elpadawan.wordpress.com\" target=\"_blank\">El Padawan<\/a>, <a href=\"http:\/\/lirerelire.blogspot.fr\" target=\"_blank\">Estelle<\/a>, <a href=\"http:\/\/inside-expat.com\" target=\"_blank\">Eva INside-EXpat<\/a>, <a href=\"http:\/\/vudubalcon.blogspot.fr\" target=\"_blank\">Fran\u00e7ois le Ni\u00e7ois<\/a>, <a href=\"http:\/\/zoursland.com\" target=\"_blank\">Fr\u00e9d\u00e9ric<\/a>, <a href=\"http:\/\/souslesgalets.blogspot.com\" target=\"_blank\">Gal\u00e9a<\/a>, <a href=\"http:\/\/www.legaletas.net\/blog\/index.php\" target=\"_blank\">Gilsoub<\/a>, <a href=\"http:\/\/lafeedulogis43.over-blog.fr\" target=\"_blank\">Giselle 43<\/a>, <a href=\"http:\/\/vraiefiction.blogspot.com\" target=\"_blank\">Guillaume<\/a>, <a href=\"http:\/\/homeos-tasie.blogspot.fr\/\" target=\"_blank\">Homeos-tasie<\/a>, <a href=\"http:\/\/waterfordmaville.over-blog.com\/\" target=\"_blank\">J&rsquo;habite \u00e0 Waterford<\/a>, <a href=\"http:\/\/josydhoest.wordpress.com\/\" target=\"_blank\">Josette<\/a>, <a href=\"http:\/\/toulonbyjulia.com\/\" target=\"_blank\">Julia<\/a>, <a href=\"http:\/\/horsdutemps.fr\/\" target=\"_blank\">Julie<\/a>, <a href=\"http:\/\/cupsofenglishtea.com\/\" target=\"_blank\">Kenza<\/a>, <a href=\"http:\/\/www.kkhuete-en-bretannie.fr\/\" target=\"_blank\">KK-hu\u00e8te En Bretannie<\/a>, <a href=\"http:\/\/koalisa.com\/\" target=\"_blank\">Koalisa<\/a>, <a href=\"http:\/\/krn-defouloir.blogspot.com\" target=\"_blank\">Krn<\/a>, <a href=\"http:\/\/www.lafilledelair.com\/blog\/la-photo-du-mois\/\" target=\"_blank\">La Fille de l&rsquo;Air<\/a>, <a href=\"http:\/\/laudesmontagnes.wordpress.com\/\" target=\"_blank\">Lau* des montagnes<\/a>, <a href=\"http:\/\/www.laulinea.com\/\" target=\"_blank\">Laulinea<\/a>, <a href=\"http:\/\/www.malaxi.net\" target=\"_blank\">Laurent Nicolas<\/a>, <a href=\"http:\/\/lorgnettedunjour.canalblog.com\/\" target=\"_blank\">Lavandine<\/a>, <a href=\"http:\/\/www.mon-ecrin-de-passions.com\/\" target=\"_blank\">Lavandine83<\/a>, <a href=\"https:\/\/bazosengoguette.wordpress.com\/\" target=\"_blank\">Les Bazos en Goguette<\/a>, <a href=\"http:\/\/www.lesbonheurs.fr\/\" target=\"_blank\">Les bonheurs d&rsquo;Anne &amp; Alex<\/a>, <a href=\"http:\/\/www.lesfillesduweb.com\" target=\"_blank\">Les Filles du Web<\/a>, <a href=\"http:\/\/www.jenaique2pieds.blogspot.com\" target=\"_blank\">Loulou<\/a>, <a href=\"http:\/\/frederiqueboquerat.blogspot.fr\/\" target=\"_blank\">Luckasetmoi<\/a>, <a href=\"https:\/\/lyonelkaufmann.ch\/Blog\/category\/photo-du-mois\/\" target=\"_blank\">Lyonelk<\/a>, <a href=\"http:\/\/anteketborka.blogspot.com\" target=\"_blank\">magda627<\/a>, <a href=\"http:\/\/chezmamysoren.over-blog.com\" target=\"_blank\">Mamysoren<\/a>, <a href=\"http:\/\/marisse.hautetfort.com\" target=\"_blank\">Marie<\/a>, <a href=\"http:\/\/mauricemonamour.blogspot.fr\/\" target=\"_blank\">MauriceMonAmour<\/a>, <a href=\"http:\/\/www.memoriesfromanywhere.fr\/\" target=\"_blank\">Memories from anywhere<\/a>, <a href=\"http:\/\/www.lagaleriemilla.blogspot.fr\/\" target=\"_blank\">Milla la galerie<\/a>, <a href=\"http:\/\/mimireliton2.blogspot.fr\" target=\"_blank\">Mimireliton<\/a>, <a href=\"http:\/\/monalbumphoto.over-blog.com\/\" target=\"_blank\">Mon Album Photo<\/a>, <a href=\"http:\/\/morganebyloosphoto.wordpress.com\" target=\"_blank\">Morgane Byloos Photography<\/a>, <a href=\"http:\/\/www.mylittleroad.com\/\" target=\"_blank\">MyLittleRoad<\/a>, <a href=\"http:\/\/n-madiot.simplesite.com\/\" target=\"_blank\">N. Madiot<\/a>, <a href=\"http:\/\/1jalf.blogspot.ca\/\" target=\"_blank\">Nanouk<\/a>, <a href=\"http:\/\/clicpassion.canalblog.com\" target=\"_blank\">Nicky<\/a>, <a href=\"http:\/\/lifeizbeautiful.over-blog.com\/\" target=\"_blank\">Noz &amp; &lsquo;Lo<\/a>, <a href=\"http:\/\/pat2811.over-blog.com\/\" target=\"_blank\">Pat<\/a>, <a href=\"http:\/\/philae.over-blog.com\" target=\"_blank\">Philae<\/a>, <a href=\"http:\/\/jemelivre.blogspot.fr\/\" target=\"_blank\">Philisine Cave<\/a>, <a href=\"http:\/\/pilisi.over-blog.com\/tag\/Photo%20du%20mois\/\" target=\"_blank\">Pilisi<\/a>, <a href=\"http:\/\/www.overthevibes.com\/photo-du-mois\/\" target=\"_blank\">Pixeline<\/a>, <a href=\"http:\/\/ratonreal.canalblog.com\/\" target=\"_blank\">ratonreal<\/a>, <a href=\"http:\/\/renepaulhenry.blogspot.com\" target=\"_blank\">Renepaulhenry<\/a>, <a href=\"http:\/\/rosa888.canalblog.com\/\" target=\"_blank\">Rosa<\/a>, <a href=\"http:\/\/rythme-indigo.blogspot.com\" target=\"_blank\">Rythme Indigo<\/a>, <a href=\"http:\/\/sinuaisons.wordpress.com\/category\/la-photo-du-mois\/\" target=\"_blank\">Sinuaisons<\/a>, <a href=\"http:\/\/irissousmonarbre.blogspot.ch\/\" target=\"_blank\">Sous mon arbre<\/a>, <a href=\"http:\/\/naichatime.com\" target=\"_blank\">Suki<\/a>, <a href=\"http:\/\/tambour-major.blogspot.ca\/search\/label\/La%20photo%20du%20mois\" target=\"_blank\">Tambour Major<\/a>, <a href=\"http:\/\/www.testinaute.com\/\" target=\"_blank\">Testinaute<\/a>, <a href=\"http:\/\/macatou.wordpress.com\/\" target=\"_blank\">Thalie<\/a>, <a href=\"http:\/\/tuxana.blogspot.ca\/\" target=\"_blank\">Tuxana<\/a>, <a href=\"http:\/\/www.unjourunevie.fr\/tag\/la-photo-du-mois\/\" target=\"_blank\">Un jour, une vie<\/a>, <a href=\"https:\/\/visitesetvoyages.wordpress.com\/\" target=\"_blank\">Visites et voyages<\/a>, <a href=\"http:\/\/www.voyagerenphotos.com\" target=\"_blank\">Voyager en photo<\/a>, <a href=\"http:\/\/woocares.wordpress.com\/\" target=\"_blank\">Woocares<\/a>, <a href=\"http:\/\/xoliv.blogspot.fr\" target=\"_blank\">Xoliv&rsquo;<\/a>.<\/p>\n","protected":false},"excerpt":{"rendered":"<p>Ce mois, le th\u00e8me est\u00a0M\u00e9moire. Il a \u00e9t\u00e9\u00a0choisi par Elpadawan (https:\/\/elpadawan.wordpress.com\/) Pas de note ni d&rsquo;explication. Je vous laisse la libert\u00e9 d&rsquo;interpr\u00e9ter le th\u00e8me comme bon vous semble. En dire plus serait d\u00e9j\u00e0 vous orienter&#8230; Mon interpr\u00e9tation du th\u00e8me : La photo a \u00e9t\u00e9 prise le vendredi 13 novembre \u00e0 18h11. A ce moment-l\u00e0, elle [&hellip;]<\/p>\n","protected":false},"author":1,"featured_media":15374,"comment_status":"open","ping_status":"open","sticky":false,"template":"","format":"image","meta":{"_import_markdown_pro_load_document_selector":0,"_import_markdown_pro_submit_text_textarea":"","_genesis_hide_title":false,"_genesis_hide_breadcrumbs":false,"_genesis_hide_singular_image":false,"_genesis_hide_footer_widgets":false,"_genesis_custom_body_class":"","_genesis_custom_post_class":"","_genesis_layout":"","jetpack_post_was_ever_published":false,"_jetpack_newsletter_access":"","_jetpack_dont_email_post_to_subs":false,"_jetpack_newsletter_tier_id":0,"_jetpack_memberships_contains_paywalled_content":false,"_jetpack_memberships_contains_paid_content":false,"activitypub_content_warning":"","activitypub_content_visibility":"","activitypub_max_image_attachments":3,"activitypub_interaction_policy_quote":"anyone","activitypub_status":"","footnotes":"","jetpack_publicize_message":"","jetpack_publicize_feature_enabled":true,"jetpack_social_post_already_shared":true,"jetpack_social_options":{"image_generator_settings":{"template":"fullscreen","default_image_id":0,"font":"","enabled":false},"version":2}},"categories":[4],"tags":[],"class_list":{"0":"post-15375","1":"post","2":"type-post","3":"status-publish","4":"format-image","5":"has-post-thumbnail","7":"category-photo-du-mois","8":"post_format-post-format-image","9":"entry"},"jetpack_publicize_connections":[],"featured_image_src":"https:\/\/i0.wp.com\/lyonelkaufmann.ch\/Blog\/wp-content\/uploads\/2015\/11\/PB130049.jpg?resize=600%2C400&ssl=1","featured_image_src_square":"https:\/\/i0.wp.com\/lyonelkaufmann.ch\/Blog\/wp-content\/uploads\/2015\/11\/PB130049.jpg?resize=600%2C600&ssl=1","author_info":{"display_name":"Lyonel Kaufmann","author_link":"https:\/\/lyonelkaufmann.ch\/Blog\/author\/lyonelk\/"},"jetpack_featured_media_url":"https:\/\/i0.wp.com\/lyonelkaufmann.ch\/Blog\/wp-content\/uploads\/2015\/11\/PB130049.jpg?fit=1600%2C1066&ssl=1","jetpack_sharing_enabled":true,"jetpack_shortlink":"https:\/\/wp.me\/p1qtF4-3ZZ","jetpack-related-posts":[{"id":18234,"url":"https:\/\/lyonelkaufmann.ch\/Blog\/2017\/07\/15\/provocation-photo-du-mois\/","url_meta":{"origin":15375,"position":0},"title":"Provocation | Photo du mois","author":"Lyonel Kaufmann","date":"15 juillet 2017","format":false,"excerpt":"Le th\u00e8me de la photo du mois Provocation\u00a0a \u00e9t\u00e9 choisi par Morgane Byloos Photography (http:\/\/morganebyloosphoto.wordpress.com). Note de l\u2019auteur-e : dans tous les sens du terme Mon interpr\u00e9tation du th\u00e8me : \u00a0 Est-ce le choix de la photo qui est en soi une provocation par rapport au th\u00e8me choisi ? Est-ce\u2026","rel":"","context":"Dans &quot;Photo du mois&quot;","block_context":{"text":"Photo du mois","link":"https:\/\/lyonelkaufmann.ch\/Blog\/category\/photo-du-mois\/"},"img":{"alt_text":"","src":"https:\/\/i0.wp.com\/lyonelkaufmann.ch\/Blog\/wp-content\/uploads\/2017\/07\/image.jpg?fit=1200%2C800&ssl=1&resize=350%2C200","width":350,"height":200,"srcset":"https:\/\/i0.wp.com\/lyonelkaufmann.ch\/Blog\/wp-content\/uploads\/2017\/07\/image.jpg?fit=1200%2C800&ssl=1&resize=350%2C200 1x, https:\/\/i0.wp.com\/lyonelkaufmann.ch\/Blog\/wp-content\/uploads\/2017\/07\/image.jpg?fit=1200%2C800&ssl=1&resize=525%2C300 1.5x, https:\/\/i0.wp.com\/lyonelkaufmann.ch\/Blog\/wp-content\/uploads\/2017\/07\/image.jpg?fit=1200%2C800&ssl=1&resize=700%2C400 2x, https:\/\/i0.wp.com\/lyonelkaufmann.ch\/Blog\/wp-content\/uploads\/2017\/07\/image.jpg?fit=1200%2C800&ssl=1&resize=1050%2C600 3x"},"classes":[]},{"id":16493,"url":"https:\/\/lyonelkaufmann.ch\/Blog\/2016\/05\/15\/linfini-la-photo-du-mois\/","url_meta":{"origin":15375,"position":1},"title":"L&rsquo;infini | La Photo du mois","author":"Lyonel Kaufmann","date":"15 mai 2016","format":false,"excerpt":"Ce mois, le th\u00e8me Infini a \u00e9t\u00e9 choisi par Christophe (http:\/\/suissexpress.wordpress.com) Son commentaire : J'ai choisi de vous proposer le th\u00e8me suivant: infini. Vous \u00eates totalement libre d'interpr\u00e9ter l'infini comme bon vous semble: philosophiquement, math\u00e9matiquement, etc... Mon interpr\u00e9tation du th\u00e8me : Pour ma part, j'ai choisi une photo de paysage\u2026","rel":"","context":"Dans &quot;Photo du mois&quot;","block_context":{"text":"Photo du mois","link":"https:\/\/lyonelkaufmann.ch\/Blog\/category\/photo-du-mois\/"},"img":{"alt_text":"","src":"https:\/\/i0.wp.com\/lyonelkaufmann.ch\/Blog\/wp-content\/uploads\/2016\/05\/image-7.jpeg?fit=1200%2C800&ssl=1&resize=350%2C200","width":350,"height":200,"srcset":"https:\/\/i0.wp.com\/lyonelkaufmann.ch\/Blog\/wp-content\/uploads\/2016\/05\/image-7.jpeg?fit=1200%2C800&ssl=1&resize=350%2C200 1x, https:\/\/i0.wp.com\/lyonelkaufmann.ch\/Blog\/wp-content\/uploads\/2016\/05\/image-7.jpeg?fit=1200%2C800&ssl=1&resize=525%2C300 1.5x, https:\/\/i0.wp.com\/lyonelkaufmann.ch\/Blog\/wp-content\/uploads\/2016\/05\/image-7.jpeg?fit=1200%2C800&ssl=1&resize=700%2C400 2x, https:\/\/i0.wp.com\/lyonelkaufmann.ch\/Blog\/wp-content\/uploads\/2016\/05\/image-7.jpeg?fit=1200%2C800&ssl=1&resize=1050%2C600 3x"},"classes":[]},{"id":16061,"url":"https:\/\/lyonelkaufmann.ch\/Blog\/2016\/02\/15\/photo-du-mois-en-chantant\/","url_meta":{"origin":15375,"position":2},"title":"Photo du mois : En chantant","author":"Lyonel Kaufmann","date":"15 f\u00e9vrier 2016","format":false,"excerpt":"Th\u00e8me:\u00a0En chantant, choisi par\u00a0Thalie\u00a0(http:\/\/macatou.wordpress.com) Note de l'auteur-e:\u00a0Comme le dit la chanson : \"quand j'\u00e9tais petit gar\u00e7on je repassais mes le\u00e7ons en chantant ; et bien des ann\u00e9es plus tard je chassais mes id\u00e9es noires en chantant [...] la vie c'est plus marrant c'est moins d\u00e9sesp\u00e9rant en chantant\" Votre photo devra\u2026","rel":"","context":"Dans &quot;Photo du mois&quot;","block_context":{"text":"Photo du mois","link":"https:\/\/lyonelkaufmann.ch\/Blog\/category\/photo-du-mois\/"},"img":{"alt_text":"","src":"https:\/\/i0.wp.com\/lyonelkaufmann.ch\/Blog\/wp-content\/uploads\/2016\/02\/Mirza-1.jpg?fit=800%2C800&ssl=1&resize=350%2C200","width":350,"height":200,"srcset":"https:\/\/i0.wp.com\/lyonelkaufmann.ch\/Blog\/wp-content\/uploads\/2016\/02\/Mirza-1.jpg?fit=800%2C800&ssl=1&resize=350%2C200 1x, https:\/\/i0.wp.com\/lyonelkaufmann.ch\/Blog\/wp-content\/uploads\/2016\/02\/Mirza-1.jpg?fit=800%2C800&ssl=1&resize=525%2C300 1.5x, https:\/\/i0.wp.com\/lyonelkaufmann.ch\/Blog\/wp-content\/uploads\/2016\/02\/Mirza-1.jpg?fit=800%2C800&ssl=1&resize=700%2C400 2x"},"classes":[]},{"id":18822,"url":"https:\/\/lyonelkaufmann.ch\/Blog\/2017\/11\/15\/ambiance-automnale-photo-du-mois\/","url_meta":{"origin":15375,"position":3},"title":"Ambiance automnale |\u00a0Photo du mois","author":"Lyonel Kaufmann","date":"15 novembre 2017","format":false,"excerpt":"Le th\u00e8me de ce mois Ambiance automnale a \u00e9t\u00e9 choisi par Josette (http:\/\/josydhoest.wordpress.com\/) Elle est partout en ce moment ! Dans la couleur \u2026 Dans les balades \u2026 Dans les fruits et les l\u00e9gumes \u2026 Dans les f\u00eates, les fleurs et les comm\u00e9morations \u2026 Et plus encore ! Je ne\u2026","rel":"","context":"Dans &quot;Photo du mois&quot;","block_context":{"text":"Photo du mois","link":"https:\/\/lyonelkaufmann.ch\/Blog\/category\/photo-du-mois\/"},"img":{"alt_text":"","src":"https:\/\/i0.wp.com\/lyonelkaufmann.ch\/Blog\/wp-content\/uploads\/2017\/11\/IMG_0567.jpg?fit=1200%2C800&ssl=1&resize=350%2C200","width":350,"height":200,"srcset":"https:\/\/i0.wp.com\/lyonelkaufmann.ch\/Blog\/wp-content\/uploads\/2017\/11\/IMG_0567.jpg?fit=1200%2C800&ssl=1&resize=350%2C200 1x, https:\/\/i0.wp.com\/lyonelkaufmann.ch\/Blog\/wp-content\/uploads\/2017\/11\/IMG_0567.jpg?fit=1200%2C800&ssl=1&resize=525%2C300 1.5x, https:\/\/i0.wp.com\/lyonelkaufmann.ch\/Blog\/wp-content\/uploads\/2017\/11\/IMG_0567.jpg?fit=1200%2C800&ssl=1&resize=700%2C400 2x, https:\/\/i0.wp.com\/lyonelkaufmann.ch\/Blog\/wp-content\/uploads\/2017\/11\/IMG_0567.jpg?fit=1200%2C800&ssl=1&resize=1050%2C600 3x"},"classes":[]},{"id":16721,"url":"https:\/\/lyonelkaufmann.ch\/Blog\/2016\/07\/15\/reflet-photo-du-mois\/","url_meta":{"origin":15375,"position":4},"title":"Reflet |\u00a0Photo du mois","author":"Lyonel Kaufmann","date":"15 juillet 2016","format":false,"excerpt":"En ce mois de juillet 2016, c'est Testinaute (http:\/\/www.testinaute.com\/) qui a propos\u00e9 le th\u00e8me du mois et qui nous l'a pr\u00e9sent\u00e9 de la mani\u00e8re suivante : Apr\u00e8s 4 ans de participation, j'ai l'honneur de vous proposer le sujet du mois de Juillet. Le th\u00e8me est donc : \"Reflet\" Je vous\u2026","rel":"","context":"Dans &quot;Photo du mois&quot;","block_context":{"text":"Photo du mois","link":"https:\/\/lyonelkaufmann.ch\/Blog\/category\/photo-du-mois\/"},"img":{"alt_text":"","src":"https:\/\/i0.wp.com\/lyonelkaufmann.ch\/Blog\/wp-content\/uploads\/2016\/07\/reflets.png?fit=1200%2C800&ssl=1&resize=350%2C200","width":350,"height":200,"srcset":"https:\/\/i0.wp.com\/lyonelkaufmann.ch\/Blog\/wp-content\/uploads\/2016\/07\/reflets.png?fit=1200%2C800&ssl=1&resize=350%2C200 1x, https:\/\/i0.wp.com\/lyonelkaufmann.ch\/Blog\/wp-content\/uploads\/2016\/07\/reflets.png?fit=1200%2C800&ssl=1&resize=525%2C300 1.5x, https:\/\/i0.wp.com\/lyonelkaufmann.ch\/Blog\/wp-content\/uploads\/2016\/07\/reflets.png?fit=1200%2C800&ssl=1&resize=700%2C400 2x, https:\/\/i0.wp.com\/lyonelkaufmann.ch\/Blog\/wp-content\/uploads\/2016\/07\/reflets.png?fit=1200%2C800&ssl=1&resize=1050%2C600 3x"},"classes":[]},{"id":15559,"url":"https:\/\/lyonelkaufmann.ch\/Blog\/2016\/01\/15\/jardin-secret-photo-du-mois\/","url_meta":{"origin":15375,"position":5},"title":"Jardin secret | Photo du mois","author":"Lyonel Kaufmann","date":"15 janvier 2016","format":"image","excerpt":"Th\u00e8me de ce mois : Jardin Secret, choisi par Cara (http:\/\/c-est-reparti.blogspot.com\/). Sa pr\u00e9sentation du th\u00e8me : Puisque c'est moi qui ai l'honneur de choisir le th\u00e8me pour le mois de janvier (malgr\u00e9 mon retard d'aujourd'hui, j'ai honte), le voici : \"Jardin secret\" A interpr\u00e9ter au sens propre comme au figur\u00e9...\u2026","rel":"","context":"Dans &quot;Photo du mois&quot;","block_context":{"text":"Photo du mois","link":"https:\/\/lyonelkaufmann.ch\/Blog\/category\/photo-du-mois\/"},"img":{"alt_text":"","src":"https:\/\/i0.wp.com\/lyonelkaufmann.ch\/Blog\/wp-content\/uploads\/2016\/01\/IMG_3528-e1453032575496-1-e1453032733699.jpg?fit=439%2C640&ssl=1&resize=350%2C200","width":350,"height":200},"classes":[]}],"jetpack_likes_enabled":true,"_links":{"self":[{"href":"https:\/\/lyonelkaufmann.ch\/Blog\/wp-json\/wp\/v2\/posts\/15375","targetHints":{"allow":["GET"]}}],"collection":[{"href":"https:\/\/lyonelkaufmann.ch\/Blog\/wp-json\/wp\/v2\/posts"}],"about":[{"href":"https:\/\/lyonelkaufmann.ch\/Blog\/wp-json\/wp\/v2\/types\/post"}],"author":[{"embeddable":true,"href":"https:\/\/lyonelkaufmann.ch\/Blog\/wp-json\/wp\/v2\/users\/1"}],"replies":[{"embeddable":true,"href":"https:\/\/lyonelkaufmann.ch\/Blog\/wp-json\/wp\/v2\/comments?post=15375"}],"version-history":[{"count":0,"href":"https:\/\/lyonelkaufmann.ch\/Blog\/wp-json\/wp\/v2\/posts\/15375\/revisions"}],"wp:featuredmedia":[{"embeddable":true,"href":"https:\/\/lyonelkaufmann.ch\/Blog\/wp-json\/wp\/v2\/media\/15374"}],"wp:attachment":[{"href":"https:\/\/lyonelkaufmann.ch\/Blog\/wp-json\/wp\/v2\/media?parent=15375"}],"wp:term":[{"taxonomy":"category","embeddable":true,"href":"https:\/\/lyonelkaufmann.ch\/Blog\/wp-json\/wp\/v2\/categories?post=15375"},{"taxonomy":"post_tag","embeddable":true,"href":"https:\/\/lyonelkaufmann.ch\/Blog\/wp-json\/wp\/v2\/tags?post=15375"}],"curies":[{"name":"wp","href":"https:\/\/api.w.org\/{rel}","templated":true}]}}