{"id":15438,"date":"2015-11-17T10:05:11","date_gmt":"2015-11-17T09:05:11","guid":{"rendered":"https:\/\/lyonelkaufmann.ch\/Blog\/?p=15438"},"modified":"2015-11-17T10:05:11","modified_gmt":"2015-11-17T09:05:11","slug":"joann-sfar-un-recit-bd-poignant-en-reaction-aux-attentats-de-paris","status":"publish","type":"post","link":"https:\/\/lyonelkaufmann.ch\/Blog\/2015\/11\/17\/joann-sfar-un-recit-bd-poignant-en-reaction-aux-attentats-de-paris\/","title":{"rendered":"Joann Sfar : un r\u00e9cit BD poignant en r\u00e9action aux attentats de Paris"},"content":{"rendered":"<p><strong>Joann Sfar, dessinateur de bande dessin\u00e9e et\u00a0commentateur r\u00e9gulier de l\u2019actualit\u00e9, a livr\u00e9 vendredi 13 novembre une s\u00e9rie de dessins en r\u00e9action aux tueries perp\u00e9tr\u00e9es dans les Xe et XIe arrondissements parisiens.<\/strong><\/p>\n<p><a href=\"https:\/\/i0.wp.com\/lyonelkaufmann.ch\/Blog\/wp-content\/uploads\/2015\/11\/Joann_Sfar.png\"><img data-recalc-dims=\"1\" loading=\"lazy\" decoding=\"async\" data-attachment-id=\"15439\" data-permalink=\"https:\/\/lyonelkaufmann.ch\/Blog\/2015\/11\/17\/joann-sfar-un-recit-bd-poignant-en-reaction-aux-attentats-de-paris\/joann_sfar\/\" data-orig-file=\"https:\/\/i0.wp.com\/lyonelkaufmann.ch\/Blog\/wp-content\/uploads\/2015\/11\/Joann_Sfar.png?fit=1068%2C1200&amp;ssl=1\" data-orig-size=\"1068,1200\" data-comments-opened=\"1\" data-image-meta=\"{&quot;aperture&quot;:&quot;0&quot;,&quot;credit&quot;:&quot;&quot;,&quot;camera&quot;:&quot;&quot;,&quot;caption&quot;:&quot;&quot;,&quot;created_timestamp&quot;:&quot;0&quot;,&quot;copyright&quot;:&quot;&quot;,&quot;focal_length&quot;:&quot;0&quot;,&quot;iso&quot;:&quot;0&quot;,&quot;shutter_speed&quot;:&quot;0&quot;,&quot;title&quot;:&quot;&quot;,&quot;orientation&quot;:&quot;0&quot;}\" data-image-title=\"Joann_Sfar\" data-image-description=\"\" data-image-caption=\"\" data-large-file=\"https:\/\/i0.wp.com\/lyonelkaufmann.ch\/Blog\/wp-content\/uploads\/2015\/11\/Joann_Sfar.png?fit=700%2C787&amp;ssl=1\" class=\"aligncenter size-large wp-image-15439\" src=\"https:\/\/i0.wp.com\/lyonelkaufmann.ch\/Blog\/wp-content\/uploads\/2015\/11\/Joann_Sfar-911x1024.png?resize=891%2C1002\" alt=\"Joann_Sfar\" width=\"891\" height=\"1002\" srcset=\"https:\/\/i0.wp.com\/lyonelkaufmann.ch\/Blog\/wp-content\/uploads\/2015\/11\/Joann_Sfar.png?resize=911%2C1024&amp;ssl=1 911w, https:\/\/i0.wp.com\/lyonelkaufmann.ch\/Blog\/wp-content\/uploads\/2015\/11\/Joann_Sfar.png?resize=267%2C300&amp;ssl=1 267w, https:\/\/i0.wp.com\/lyonelkaufmann.ch\/Blog\/wp-content\/uploads\/2015\/11\/Joann_Sfar.png?w=1068&amp;ssl=1 1068w\" sizes=\"auto, (max-width: 891px) 100vw, 891px\" \/><\/a><\/p>\n<p>Ce vendredi 13 novembre, il a \u00e0 nouveau pris ses crayons pour livrer une s\u00e9rie de dessins sobres et poignants, d\u00e8s qu\u2019il a appris que des attentats avaient \u00e9t\u00e9 perp\u00e9tr\u00e9s dans cinq lieux au c\u0153ur des Xe et XIe arrondissements parisiens.<br \/>\n<em>Le Figaro<\/em>\u00a0a r\u00e9uni ses douze vignettes. Un message d\u2019amour pour Paris et un appel \u00e0 la tol\u00e9rance.<\/p>\n<p>Les autres dessins :\u00a0<a href=\"http:\/\/www.lefigaro.fr\/bd\/2015\/11\/14\/03014-20151114ARTFIG00107-joann-sfar-un-recit-bd-poignant-en-reaction-aux-attentats-de-paris.php\">Joann Sfar : un r\u00e9cit BD poignant en r\u00e9action aux attentats de Paris<\/a>.<\/p>\n","protected":false},"excerpt":{"rendered":"<p>Joann Sfar, dessinateur de bande dessin\u00e9e et\u00a0commentateur r\u00e9gulier de l\u2019actualit\u00e9, a livr\u00e9 vendredi 13 novembre une s\u00e9rie de dessins en r\u00e9action aux tueries perp\u00e9tr\u00e9es dans les Xe et XIe arrondissements parisiens. Ce vendredi 13 novembre, il a \u00e0 nouveau pris ses crayons pour livrer une s\u00e9rie de dessins sobres et poignants, d\u00e8s qu\u2019il a appris [&hellip;]<\/p>\n","protected":false},"author":1,"featured_media":15440,"comment_status":"open","ping_status":"open","sticky":false,"template":"","format":"standard","meta":{"_import_markdown_pro_load_document_selector":0,"_import_markdown_pro_submit_text_textarea":"","_genesis_hide_title":false,"_genesis_hide_breadcrumbs":false,"_genesis_hide_singular_image":false,"_genesis_hide_footer_widgets":false,"_genesis_custom_body_class":"","_genesis_custom_post_class":"","_genesis_layout":"","jetpack_post_was_ever_published":false,"_jetpack_newsletter_access":"","_jetpack_dont_email_post_to_subs":false,"_jetpack_newsletter_tier_id":0,"_jetpack_memberships_contains_paywalled_content":false,"_jetpack_memberships_contains_paid_content":false,"activitypub_content_warning":"","activitypub_content_visibility":"","activitypub_max_image_attachments":3,"activitypub_interaction_policy_quote":"anyone","activitypub_status":"","footnotes":"","jetpack_publicize_message":"","jetpack_publicize_feature_enabled":true,"jetpack_social_post_already_shared":true,"jetpack_social_options":{"image_generator_settings":{"template":"fullscreen","default_image_id":0,"font":"","enabled":false},"version":2}},"categories":[3,1117],"tags":[],"class_list":{"0":"post-15438","1":"post","2":"type-post","3":"status-publish","4":"format-standard","5":"has-post-thumbnail","7":"category-blogcafe-2","8":"category-politis","9":"entry"},"jetpack_publicize_connections":[],"featured_image_src":"https:\/\/i0.wp.com\/lyonelkaufmann.ch\/Blog\/wp-content\/uploads\/2015\/11\/Joann_Sfar-911x10241.png?resize=600%2C400&ssl=1","featured_image_src_square":"https:\/\/i0.wp.com\/lyonelkaufmann.ch\/Blog\/wp-content\/uploads\/2015\/11\/Joann_Sfar-911x10241.png?resize=600%2C600&ssl=1","author_info":{"display_name":"Lyonel Kaufmann","author_link":"https:\/\/lyonelkaufmann.ch\/Blog\/author\/lyonelk\/"},"jetpack_featured_media_url":"https:\/\/i0.wp.com\/lyonelkaufmann.ch\/Blog\/wp-content\/uploads\/2015\/11\/Joann_Sfar-911x10241.png?fit=911%2C1024&ssl=1","jetpack_sharing_enabled":true,"jetpack_shortlink":"https:\/\/wp.me\/p1qtF4-410","jetpack-related-posts":[{"id":15383,"url":"https:\/\/lyonelkaufmann.ch\/Blog\/2015\/11\/15\/jesuisparis-lhorreur-et-leffroi\/","url_meta":{"origin":15438,"position":0},"title":"#JeSuisParis : l&rsquo;horreur et l&rsquo;effroi","author":"Lyonel Kaufmann","date":"15 novembre 2015","format":false,"excerpt":"Aujourd\u2019hui nous sommes saisis par l\u2019effroi de ces actes terroristes, par nature ignobles, qui ont frapp\u00e9 Paris et la France en ce vendredi 13 novembre 2015. Les r\u00e9seaux sociaux sont satur\u00e9s par les avis de recherche angoissants et angoiss\u00e9s des proches. L\u2019heure n\u2019est m\u00eame d\u00e9j\u00e0 plus au recueillement que certains\u2026","rel":"","context":"Dans &quot;Blogcaf\u00e9&quot;","block_context":{"text":"Blogcaf\u00e9","link":"https:\/\/lyonelkaufmann.ch\/Blog\/category\/blogcafe-2\/"},"img":{"alt_text":"","src":"https:\/\/i0.wp.com\/lyonelkaufmann.ch\/Blog\/wp-content\/uploads\/2015\/11\/12246893_10153641169933956_3366632127574016404_n.jpg?fit=432%2C432&ssl=1&resize=350%2C200","width":350,"height":200},"classes":[]},{"id":16173,"url":"https:\/\/lyonelkaufmann.ch\/Blog\/2016\/03\/23\/attentats-de-bruxelles-il-ne-faut-surtout-pas-jouer-le-jeu-de-la-guerre-des-identites\/","url_meta":{"origin":15438,"position":1},"title":"Attentats de Bruxelles : \u00ab\u00a0Il ne faut surtout pas jouer le jeu de la guerre des identit\u00e9s\u00a0\u00bb","author":"Lyonel Kaufmann","date":"23 mars 2016","format":false,"excerpt":"\u00a0 Dans la foul\u00e9e des attentats de Bruxelles de mardi 22 mars, survenues \u00e0 peine plus de quatre mois apr\u00e8s les attentats parisiens de novembre, le gouvernement fran\u00e7ais a annonc\u00e9 que les mesures de s\u00e9curit\u00e9 ont \u00e9t\u00e9 rehauss\u00e9es encore d'un cran en France, notamment dans les a\u00e9roports et les gares,\u2026","rel":"","context":"Dans &quot;Blogcaf\u00e9&quot;","block_context":{"text":"Blogcaf\u00e9","link":"https:\/\/lyonelkaufmann.ch\/Blog\/category\/blogcafe-2\/"},"img":{"alt_text":"","src":"https:\/\/i0.wp.com\/lyonelkaufmann.ch\/Blog\/wp-content\/uploads\/2016\/03\/img_0229-1.jpg?fit=965%2C466&ssl=1&resize=350%2C200","width":350,"height":200,"srcset":"https:\/\/i0.wp.com\/lyonelkaufmann.ch\/Blog\/wp-content\/uploads\/2016\/03\/img_0229-1.jpg?fit=965%2C466&ssl=1&resize=350%2C200 1x, https:\/\/i0.wp.com\/lyonelkaufmann.ch\/Blog\/wp-content\/uploads\/2016\/03\/img_0229-1.jpg?fit=965%2C466&ssl=1&resize=525%2C300 1.5x, https:\/\/i0.wp.com\/lyonelkaufmann.ch\/Blog\/wp-content\/uploads\/2016\/03\/img_0229-1.jpg?fit=965%2C466&ssl=1&resize=700%2C400 2x"},"classes":[]},{"id":15399,"url":"https:\/\/lyonelkaufmann.ch\/Blog\/2015\/11\/16\/jesuisparis-les-symboles-de-solidarite\/","url_meta":{"origin":15438,"position":2},"title":"#JeSuisParis : les symboles de solidarit\u00e9","author":"Lyonel Kaufmann","date":"16 novembre 2015","format":false,"excerpt":"Fatima Aziz est doctorante en histoire visuelle au\u00a0Cehta,\u00a0\u00e0 l\u2019EHESS, Paris sous la direction d\u2019Andr\u00e9 Gunthert\u00a0(EHESS). Dans son carnet de recherche\u00a0Visual Transactions, accompagnant son travail de th\u00e8se sur\u00a0\u00ab\u00a0Les images et la sociabilit\u00e9 sur les m\u00e9dias sociaux\u00a0\u00bb, elle a, rapidement apr\u00e8s les attentats de Paris, suivi la circulation des images de soutien\u2026","rel":"","context":"Dans &quot;Blogcaf\u00e9&quot;","block_context":{"text":"Blogcaf\u00e9","link":"https:\/\/lyonelkaufmann.ch\/Blog\/category\/blogcafe-2\/"},"img":{"alt_text":"","src":"https:\/\/i0.wp.com\/lyonelkaufmann.ch\/Blog\/wp-content\/uploads\/2015\/11\/DraggedImage.82be60037e1342d6bd8270432506e0e6.png?resize=350%2C200&ssl=1","width":350,"height":200,"srcset":"https:\/\/i0.wp.com\/lyonelkaufmann.ch\/Blog\/wp-content\/uploads\/2015\/11\/DraggedImage.82be60037e1342d6bd8270432506e0e6.png?resize=350%2C200&ssl=1 1x, https:\/\/i0.wp.com\/lyonelkaufmann.ch\/Blog\/wp-content\/uploads\/2015\/11\/DraggedImage.82be60037e1342d6bd8270432506e0e6.png?resize=525%2C300&ssl=1 1.5x, https:\/\/i0.wp.com\/lyonelkaufmann.ch\/Blog\/wp-content\/uploads\/2015\/11\/DraggedImage.82be60037e1342d6bd8270432506e0e6.png?resize=700%2C400&ssl=1 2x"},"classes":[]},{"id":15525,"url":"https:\/\/lyonelkaufmann.ch\/Blog\/2015\/11\/29\/marche-de-noel-a-ornans\/","url_meta":{"origin":15438,"position":3},"title":"March\u00e9 de No\u00ebl \u00e0 Ornans","author":"Lyonel Kaufmann","date":"29 novembre 2015","format":false,"excerpt":"En ce dernier week-end de novembre, Ornans vivait au rythme de son traditionnel march\u00e9 de No\u00ebl. Avec les attentats de Paris, l'ambiance \u00e9tait particuli\u00e8re. Cela n'a pas emp\u00each\u00e9 le p\u00e8re No\u00ebl de descendre la Loue en cano\u00eb. March\u00e9 de No\u00ebl \u00e0 Ornans, vendredi 27.11.2015\u2014Lyonel KaufmannDocs.com","rel":"","context":"Dans &quot;Blogcaf\u00e9&quot;","block_context":{"text":"Blogcaf\u00e9","link":"https:\/\/lyonelkaufmann.ch\/Blog\/category\/blogcafe-2\/"},"img":{"alt_text":"","src":"https:\/\/i0.wp.com\/lyonelkaufmann.ch\/Blog\/wp-content\/uploads\/2015\/11\/IMG_3275.jpg?fit=1200%2C797&ssl=1&resize=350%2C200","width":350,"height":200,"srcset":"https:\/\/i0.wp.com\/lyonelkaufmann.ch\/Blog\/wp-content\/uploads\/2015\/11\/IMG_3275.jpg?fit=1200%2C797&ssl=1&resize=350%2C200 1x, https:\/\/i0.wp.com\/lyonelkaufmann.ch\/Blog\/wp-content\/uploads\/2015\/11\/IMG_3275.jpg?fit=1200%2C797&ssl=1&resize=525%2C300 1.5x, https:\/\/i0.wp.com\/lyonelkaufmann.ch\/Blog\/wp-content\/uploads\/2015\/11\/IMG_3275.jpg?fit=1200%2C797&ssl=1&resize=700%2C400 2x, https:\/\/i0.wp.com\/lyonelkaufmann.ch\/Blog\/wp-content\/uploads\/2015\/11\/IMG_3275.jpg?fit=1200%2C797&ssl=1&resize=1050%2C600 3x"},"classes":[]},{"id":18497,"url":"https:\/\/lyonelkaufmann.ch\/Blog\/2017\/09\/15\/rafael-yaghobzadeh-ukraine-dune-guerre-a-lautre\/","url_meta":{"origin":15438,"position":4},"title":"Rafael Yaghobzadeh : \u00ab Ukraine : D\u2019une guerre \u00e0 l\u2019autre \u00bb","author":"Lyonel Kaufmann","date":"15 septembre 2017","format":false,"excerpt":"Pour le photojournaliste Rafael Yaghobzadeh, 26 ans, la photographie est devenue un mode de vie. En 2014, il commence \u00e0 documenter le conflit de l\u2019Ukraine de l\u2019est. Sa s\u00e9rie Ukraine : D\u2019une Guerre \u00e0 l\u2019Autre\u00a0est le r\u00e9cit d\u2019une guerre complexe et multiple. Il analyse le conflit arm\u00e9 \u00e0 travers les\u2026","rel":"","context":"Dans &quot;Blogcaf\u00e9&quot;","block_context":{"text":"Blogcaf\u00e9","link":"https:\/\/lyonelkaufmann.ch\/Blog\/category\/blogcafe-2\/"},"img":{"alt_text":"","src":"https:\/\/i0.wp.com\/lyonelkaufmann.ch\/Blog\/wp-content\/uploads\/2017\/09\/Image-15.09.17-22-48.jpeg?fit=960%2C640&ssl=1&resize=350%2C200","width":350,"height":200,"srcset":"https:\/\/i0.wp.com\/lyonelkaufmann.ch\/Blog\/wp-content\/uploads\/2017\/09\/Image-15.09.17-22-48.jpeg?fit=960%2C640&ssl=1&resize=350%2C200 1x, https:\/\/i0.wp.com\/lyonelkaufmann.ch\/Blog\/wp-content\/uploads\/2017\/09\/Image-15.09.17-22-48.jpeg?fit=960%2C640&ssl=1&resize=525%2C300 1.5x, https:\/\/i0.wp.com\/lyonelkaufmann.ch\/Blog\/wp-content\/uploads\/2017\/09\/Image-15.09.17-22-48.jpeg?fit=960%2C640&ssl=1&resize=700%2C400 2x"},"classes":[]},{"id":12561,"url":"https:\/\/lyonelkaufmann.ch\/Blog\/2006\/08\/28\/choses-vues-marjane-satrapi\/","url_meta":{"origin":15438,"position":5},"title":"Choses vues (Marjane Satrapi)","author":"Lyonel Kaufmann","date":"28 ao\u00fbt 2006","format":false,"excerpt":"\u201cLorsqu\u2019on traverse la guerre et la r\u00e9volution, il n\u2019y a qu\u2019une chose \u00e0 faire : rire. \" (Marjane Satrapi) Le Courrier international a choisi cet \u00e9t\u00e9 de faire d\u00e9couvrir la bande dessin\u00e9e f\u00e9minine \u00e0 ses lecteurs. Cette semaine (no 825), l'invit\u00e9e est Marjane Satrapi, dessinatrice d'origine iranienne et aujourd'hui r\u00e9sidant\u2026","rel":"","context":"Dans &quot;Blogcaf\u00e9&quot;","block_context":{"text":"Blogcaf\u00e9","link":"https:\/\/lyonelkaufmann.ch\/Blog\/category\/blogcafe-2\/"},"img":{"alt_text":"","src":"https:\/\/i0.wp.com\/lyonelkaufmann.ch\/Blog\/wp-content\/uploads\/2015\/03\/arton246.jpg?fit=240%2C218&ssl=1&resize=350%2C200","width":350,"height":200},"classes":[]}],"jetpack_likes_enabled":true,"_links":{"self":[{"href":"https:\/\/lyonelkaufmann.ch\/Blog\/wp-json\/wp\/v2\/posts\/15438","targetHints":{"allow":["GET"]}}],"collection":[{"href":"https:\/\/lyonelkaufmann.ch\/Blog\/wp-json\/wp\/v2\/posts"}],"about":[{"href":"https:\/\/lyonelkaufmann.ch\/Blog\/wp-json\/wp\/v2\/types\/post"}],"author":[{"embeddable":true,"href":"https:\/\/lyonelkaufmann.ch\/Blog\/wp-json\/wp\/v2\/users\/1"}],"replies":[{"embeddable":true,"href":"https:\/\/lyonelkaufmann.ch\/Blog\/wp-json\/wp\/v2\/comments?post=15438"}],"version-history":[{"count":0,"href":"https:\/\/lyonelkaufmann.ch\/Blog\/wp-json\/wp\/v2\/posts\/15438\/revisions"}],"wp:featuredmedia":[{"embeddable":true,"href":"https:\/\/lyonelkaufmann.ch\/Blog\/wp-json\/wp\/v2\/media\/15440"}],"wp:attachment":[{"href":"https:\/\/lyonelkaufmann.ch\/Blog\/wp-json\/wp\/v2\/media?parent=15438"}],"wp:term":[{"taxonomy":"category","embeddable":true,"href":"https:\/\/lyonelkaufmann.ch\/Blog\/wp-json\/wp\/v2\/categories?post=15438"},{"taxonomy":"post_tag","embeddable":true,"href":"https:\/\/lyonelkaufmann.ch\/Blog\/wp-json\/wp\/v2\/tags?post=15438"}],"curies":[{"name":"wp","href":"https:\/\/api.w.org\/{rel}","templated":true}]}}