{"id":15534,"date":"2015-12-07T22:57:52","date_gmt":"2015-12-07T21:57:52","guid":{"rendered":"https:\/\/lyonelkaufmann.ch\/Blog\/?p=15534"},"modified":"2015-12-07T22:57:52","modified_gmt":"2015-12-07T21:57:52","slug":"revue-de-presse-lideologie-de-domination-des-etoiles-de-la-mort","status":"publish","type":"post","link":"https:\/\/lyonelkaufmann.ch\/Blog\/2015\/12\/07\/revue-de-presse-lideologie-de-domination-des-etoiles-de-la-mort\/","title":{"rendered":"Revue de presse :\u00a0L\u2019id\u00e9ologie de domination des \u00e9toiles de la mort"},"content":{"rendered":"<p><strong>Les professeurs\u00a0<a href=\"http:\/\/www.therowboat.com\/\">Nathan Schneider<\/a>\u00a0(<a href=\"https:\/\/twitter.com\/nathanairplane\">@nathanairplaine<\/a>) et Trebor Scholz (<a href=\"https:\/\/twitter.com\/trebors\">@trebors<\/a>, le p\u00e8re du concept de\u00a0<a href=\"http:\/\/www.internetactu.net\/?s=%22Digital+Labor%22\">Digital Labor<\/a>) publient sur\u00a0<a href=\"http:\/\/www.thenextsystem.org\/\">The Next System Project<\/a>\u00a0(<a href=\"https:\/\/twitter.com\/TheNextSystem\">@thenextsystem<\/a>) un\u00a0<a href=\"http:\/\/www.thenextsystem.org\/the-internet-needs-a-new-economy\/\">int\u00e9ressant manifeste<\/a>\u00a0sur des plateformes r\u00e9ellement coop\u00e9rative. Extrait relativement \u00e0 des entreprises comme Uber ou Airbnb.<\/strong><\/p>\n<h3>L\u2019id\u00e9ologie de domination des\u00a0\u00e9toiles de la mort<\/h3>\n<p><a href=\"http:\/\/www.shareable.net\/blog\/how-platform-coops-can-beat-death-stars-like-uber-to-create-a-real-sharing-economy\">Sur Shareable<\/a>,\u00a0<a href=\"https:\/\/twitter.com\/gorenflo\">Neal Gorenflo<\/a>\u00a0revient sur la proposition de Scholz et Schneider. Pour lui, les entreprises comme Uber ou Airbnb, par leur id\u00e9ologie de domination sont semblables \u00e0 l\u2019Etoile de la mort de\u00a0<i>la Guerre des \u00e9toiles<\/i>\u00a0: elles exploitent l\u2019ins\u00e9curit\u00e9 \u00e9conomique et le vide politique actuel de r\u00e9ponses autour des transformations qu\u2019elles imposent. Leur mod\u00e8le d\u2019affaires repose sur le pr\u00e9cariat (voir notre dossier :\u00a0<a href=\"http:\/\/www.internetactu.net\/2014\/07\/08\/quest-ce-que-leconomie-du-partage-partage-13-la-professionnalisation-de-nos-rapports-sociaux\/\">\u201cQu\u2019est-ce que l\u2019\u00e9conomie du partage partage ?\u201d<\/a>). Elles se drapent dans le manteau du progr\u00e8s, du libre march\u00e9 et du bien commun pour asseoir leur domination.\u00a0<a href=\"http:\/\/www.wsj.com\/articles\/peter-thiel-competition-is-for-losers-1410535536\">Comme le dit l\u2019investisseur lib\u00e9ral Peter Thiel<\/a>\u00a0pour encourager les entrepreneurs \u00e0 \u00e9tablir des monopoles (des \u00e9toiles de la mort ou des licornes selon le vocabulaire qu\u2019on utilise) :\u00a0<i>\u201cla concurrence est pour les perdants\u201d<\/i>.<\/p>\n<p><a href=\"https:\/\/i0.wp.com\/www.internetactu.net\/wp-content\/uploads\/2015\/11\/Star-Wars-Unicorns.jpg\"><img data-recalc-dims=\"1\" decoding=\"async\" src=\"https:\/\/i0.wp.com\/lyonelkaufmann.ch\/Blog\/wp-content\/uploads\/2015\/12\/Star-Wars-Unicorns.jpg?w=540\" alt=\"Star-Wars-Unicorns\"  \/><\/a><\/p>\n<p>Apr\u00e8s avoir soulign\u00e9 l\u2019intense lobbying que r\u00e9alisent les \u00e9toiles de la mort pour asseoir leur pouvoir \u00e9conomique et politique, Gorenflo estime que les plateformes coop\u00e9ratives d\u00e9fendues par Scholz et Schneider lui apparaissent comme le seul espoir pour d\u00e9passer le d\u00e9veloppement de ces nouveaux monopoles. Certes, les d\u00e9fis \u00e0 lever sont nombreux,\u00a0<a href=\"http:\/\/www.internetactu.net\/tag\/sharevolution\/\">comme nous le pointions dans les r\u00e9sultats du groupe de travail de la Fing, Sharevolution<\/a>, et mettre en place ces nouvelles formes d\u2019organisation prendra certainement beaucoup de temps, mais Scholz et Schneider esp\u00e8rent pouvoir r\u00e9ussir \u00e0 canaliser un mouvement, o\u00f9 les pilotes \u2013 plus que les investisseurs \u2013 exercent le pouvoir par la possession et le contr\u00f4le de leurs moyens de production.<\/p>\n<p>Pour Gorenflo, leur d\u00e9veloppement n\u00e9cessite n\u00e9anmoins d\u2019am\u00e9liorer l\u2019incubation des mod\u00e8les coop\u00e9ratifs, d\u2019am\u00e9liorer les services comme le niveau de coop\u00e9ration (notamment au niveau de la gouvernance de ces structures), de cr\u00e9er un \u00e9cosyst\u00e8me qui distribue la richesse plut\u00f4t que de la retenir et enfin de construire un mouvement de masse. Pas si simple, bien s\u00fbr. Mais, comme il en fait la remarque en conclusion : pour vaincre les \u00e9toiles de la mort, nous devons utiliser la force, pas une \u00e9nergie mystique qui viendrait d\u2019on ne sait o\u00f9, mais celle qui est en nous.<\/p>\n<p>Source\u00a0: <em><a href=\"http:\/\/www.internetactu.net\/2015\/11\/25\/leconomie-solidaire-necessite-un-internet-de-la-solidarite\/\">Vers des plateformes r\u00e9ellement coop\u00e9ratives \u00ab InternetActu.net<\/a><\/em><\/p>\n","protected":false},"excerpt":{"rendered":"<p>Les professeurs\u00a0Nathan Schneider\u00a0(@nathanairplaine) et Trebor Scholz (@trebors, le p\u00e8re du concept de\u00a0Digital Labor) publient sur\u00a0The Next System Project\u00a0(@thenextsystem) un\u00a0int\u00e9ressant manifeste\u00a0sur des plateformes r\u00e9ellement coop\u00e9rative. Extrait relativement \u00e0 des entreprises comme Uber ou Airbnb. L\u2019id\u00e9ologie de domination des\u00a0\u00e9toiles de la mort Sur Shareable,\u00a0Neal Gorenflo\u00a0revient sur la proposition de Scholz et Schneider. Pour lui, les entreprises comme [&hellip;]<\/p>\n","protected":false},"author":1,"featured_media":15535,"comment_status":"open","ping_status":"open","sticky":false,"template":"","format":"standard","meta":{"_import_markdown_pro_load_document_selector":0,"_import_markdown_pro_submit_text_textarea":"","_genesis_hide_title":false,"_genesis_hide_breadcrumbs":false,"_genesis_hide_singular_image":false,"_genesis_hide_footer_widgets":false,"_genesis_custom_body_class":"","_genesis_custom_post_class":"","_genesis_layout":"","jetpack_post_was_ever_published":false,"_jetpack_newsletter_access":"","_jetpack_dont_email_post_to_subs":false,"_jetpack_newsletter_tier_id":0,"_jetpack_memberships_contains_paywalled_content":false,"_jetpack_memberships_contains_paid_content":false,"activitypub_content_warning":"","activitypub_content_visibility":"","activitypub_max_image_attachments":3,"activitypub_interaction_policy_quote":"anyone","activitypub_status":"","footnotes":"","jetpack_publicize_message":"","jetpack_publicize_feature_enabled":true,"jetpack_social_post_already_shared":true,"jetpack_social_options":{"image_generator_settings":{"template":"fullscreen","default_image_id":0,"font":"","enabled":false},"version":2}},"categories":[3,1117],"tags":[],"class_list":{"0":"post-15534","1":"post","2":"type-post","3":"status-publish","4":"format-standard","5":"has-post-thumbnail","7":"category-blogcafe-2","8":"category-politis","9":"entry"},"jetpack_publicize_connections":[],"featured_image_src":"https:\/\/i0.wp.com\/lyonelkaufmann.ch\/Blog\/wp-content\/uploads\/2015\/12\/Star-Wars-Unicorns.jpg?resize=600%2C400&ssl=1","featured_image_src_square":"https:\/\/i0.wp.com\/lyonelkaufmann.ch\/Blog\/wp-content\/uploads\/2015\/12\/Star-Wars-Unicorns.jpg?resize=600%2C434&ssl=1","author_info":{"display_name":"Lyonel Kaufmann","author_link":"https:\/\/lyonelkaufmann.ch\/Blog\/author\/lyonelk\/"},"jetpack_featured_media_url":"https:\/\/i0.wp.com\/lyonelkaufmann.ch\/Blog\/wp-content\/uploads\/2015\/12\/Star-Wars-Unicorns.jpg?fit=600%2C434&ssl=1","jetpack_sharing_enabled":true,"jetpack_shortlink":"https:\/\/wp.me\/p1qtF4-42y","jetpack-related-posts":[{"id":12299,"url":"https:\/\/lyonelkaufmann.ch\/Blog\/2014\/12\/21\/reflexions-sur-la-gauche-le-travail-et-leconomie-en-mode-digital\/","url_meta":{"origin":15534,"position":0},"title":"R\u00e9flexions sur la gauche, le travail et l\u2019\u00e9conomie en mode digital","author":"Lyonel Kaufmann","date":"21 d\u00e9cembre 2014","format":false,"excerpt":"Au d\u00e9but des ann\u00e9es 1990, de nombreux experts ont vu dans la cr\u00e9ation du Web l\u2019acte de naissance d\u2019une communaut\u00e9 virtuelle. Les ordinateurs en r\u00e9seau rendaient possible le d\u00e9passement des fronti\u00e8res physiques et ouvraient une \u00e8re de communion \u00e9lectronique. Cette utopie \u00e0 port\u00e9e de main trouve son origine dans la\u2026","rel":"","context":"Dans &quot;Blogcaf\u00e9&quot;","block_context":{"text":"Blogcaf\u00e9","link":"https:\/\/lyonelkaufmann.ch\/Blog\/category\/blogcafe-2\/"},"img":{"alt_text":"","src":"https:\/\/i0.wp.com\/lyonelkaufmann.ch\/Blog\/wp-content\/uploads\/2015\/03\/blogcafe1.jpg?fit=1024%2C683&ssl=1&resize=350%2C200","width":350,"height":200,"srcset":"https:\/\/i0.wp.com\/lyonelkaufmann.ch\/Blog\/wp-content\/uploads\/2015\/03\/blogcafe1.jpg?fit=1024%2C683&ssl=1&resize=350%2C200 1x, https:\/\/i0.wp.com\/lyonelkaufmann.ch\/Blog\/wp-content\/uploads\/2015\/03\/blogcafe1.jpg?fit=1024%2C683&ssl=1&resize=525%2C300 1.5x, https:\/\/i0.wp.com\/lyonelkaufmann.ch\/Blog\/wp-content\/uploads\/2015\/03\/blogcafe1.jpg?fit=1024%2C683&ssl=1&resize=700%2C400 2x"},"classes":[]},{"id":20949,"url":"https:\/\/lyonelkaufmann.ch\/Blog\/2020\/01\/16\/a-lecoute-blood-and-bones-par-bob-schneider\/","url_meta":{"origin":15534,"position":1},"title":"A l\u2019\u00e9coute: Blood and Bones par Bob Schneider","author":"Lyonel Kaufmann","date":"16 janvier 2020","format":false,"excerpt":"https:\/\/youtu.be\/hyTtAWVRhRY Blood and Bones Par Bob Schneider De l\u2019album Blood and Bones Listen on Spotify Une vieille connaissance que Bob Schneider. En m\u00eame temps, je l\u2019avais quelque peu perdu de vue apr\u00e8s son album \u00a0\u201dI\u2019m Good Now\u201d (2004). Ind\u00e9pendamment de la qualit\u00e9 musicale de ce morceau, la pochette est absolument\u2026","rel":"","context":"Dans &quot;TubesCaf\u00e9&quot;","block_context":{"text":"TubesCaf\u00e9","link":"https:\/\/lyonelkaufmann.ch\/Blog\/category\/tubescafe\/"},"img":{"alt_text":"","src":"https:\/\/i0.wp.com\/lyonelkaufmann.ch\/Blog\/wp-content\/uploads\/2020\/01\/018881DB-AD0B-4338-948B-3B8C21C759F2.jpeg?fit=640%2C640&ssl=1&resize=350%2C200","width":350,"height":200,"srcset":"https:\/\/i0.wp.com\/lyonelkaufmann.ch\/Blog\/wp-content\/uploads\/2020\/01\/018881DB-AD0B-4338-948B-3B8C21C759F2.jpeg?fit=640%2C640&ssl=1&resize=350%2C200 1x, https:\/\/i0.wp.com\/lyonelkaufmann.ch\/Blog\/wp-content\/uploads\/2020\/01\/018881DB-AD0B-4338-948B-3B8C21C759F2.jpeg?fit=640%2C640&ssl=1&resize=525%2C300 1.5x"},"classes":[]},{"id":25140,"url":"https:\/\/lyonelkaufmann.ch\/Blog\/2024\/03\/05\/asma-mhalla-les-geants-de-la-tech-ont-une-aversion-ideologique-assez-viscerale-pour-la-democratie\/","url_meta":{"origin":15534,"position":2},"title":"Asma Mhalla: \u00ab\u00a0Les g\u00e9ants de la tech ont une aversion id\u00e9ologique assez visc\u00e9rale pour la d\u00e9mocratie\u00a0\u00bb","author":"Lyonel Kaufmann","date":"5 mars 2024","format":false,"excerpt":"Sp\u00e9cialiste des enjeux politiques et g\u00e9opolitiques, de la technologie et de l'intelligence artificielle, Asma Mhalla a publi\u00e9 mi-f\u00e9vrier \"Technopolitique: Comment la technologie fait de nous des soldats\" (Seuil), un essai dans lequel elle invite \u00e0 garder la t\u00eate froide face \u00e0 l'acc\u00e9l\u00e9ration technologique, \u00e0 poser les bonnes questions et \u00e0\u2026","rel":"","context":"Dans &quot;politis&quot;","block_context":{"text":"politis","link":"https:\/\/lyonelkaufmann.ch\/Blog\/category\/politis\/"},"img":{"alt_text":"","src":"https:\/\/i0.wp.com\/lyonelkaufmann.ch\/Blog\/wp-content\/uploads\/2024\/03\/5a8c09860558fdbf77fddce2541f2706.png?fit=264%2C387&ssl=1&resize=350%2C200","width":350,"height":200},"classes":[]},{"id":21965,"url":"https:\/\/lyonelkaufmann.ch\/Blog\/2020\/10\/18\/lemotion-qui-fonde-qanon-cest-la-mefiance-contre-les-institutions-et-les-elites\/","url_meta":{"origin":15534,"position":3},"title":"\u00ab\u00a0L\u2019\u00e9motion qui fonde QAnon, c\u2019est la m\u00e9fiance contre les institutions et les \u00e9lites\u00a0\u00bb","author":"Lyonel Kaufmann","date":"18 octobre 2020","format":false,"excerpt":"Cette th\u00e9orie complotiste, qui a fortement gagn\u00e9 en popularit\u00e9 ces derni\u00e8res ann\u00e9es, est \u00e9tudi\u00e9e par le professeur am\u00e9ricain Ethan Zuckerman, sp\u00e9cialiste des r\u00e9seaux sociaux. Ethan Zuckermann spricht auf der re:publica 2015 am 05.05.2015 in Berlin..Copyright: re:publica\/Jan Zappner En 1964, 77 % des Am\u00e9ricains faisaient confiance \u00e0 leur gouvernement pour prendre\u2026","rel":"","context":"Dans &quot;politis&quot;","block_context":{"text":"politis","link":"https:\/\/lyonelkaufmann.ch\/Blog\/category\/politis\/"},"img":{"alt_text":"","src":"https:\/\/i0.wp.com\/lyonelkaufmann.ch\/Blog\/wp-content\/uploads\/2020\/10\/img_0015.jpg?fit=688%2C688&ssl=1&resize=350%2C200","width":350,"height":200,"srcset":"https:\/\/i0.wp.com\/lyonelkaufmann.ch\/Blog\/wp-content\/uploads\/2020\/10\/img_0015.jpg?fit=688%2C688&ssl=1&resize=350%2C200 1x, https:\/\/i0.wp.com\/lyonelkaufmann.ch\/Blog\/wp-content\/uploads\/2020\/10\/img_0015.jpg?fit=688%2C688&ssl=1&resize=525%2C300 1.5x"},"classes":[]},{"id":17963,"url":"https:\/\/lyonelkaufmann.ch\/Blog\/2017\/01\/25\/comment-linternet-mobile-est-en-train-de-tuer-lordinateur-de-bureau\/","url_meta":{"origin":15534,"position":4},"title":"Comment l\u2019internet mobile est en train de tuer l\u2019ordinateur de bureau","author":"Lyonel Kaufmann","date":"25 janvier 2017","format":false,"excerpt":"Pour la premi\u00e8re fois dans l\u2019histoire, il y a plus de personnes se connectant \u00e0 internet \u00e0 partir de mobiles que depuis un ordinateur. Si le mobile absorbe nos usages digitaux, les ordinateurs auront-ils encore leur place sur les bureaux de l\u2019entreprise du futur ? La plupart des services num\u00e9riques\u2026","rel":"","context":"Dans &quot;Blogcaf\u00e9&quot;","block_context":{"text":"Blogcaf\u00e9","link":"https:\/\/lyonelkaufmann.ch\/Blog\/category\/blogcafe-2\/"},"img":{"alt_text":"","src":"https:\/\/i0.wp.com\/lyonelkaufmann.ch\/Blog\/wp-content\/uploads\/2017\/01\/Image-25.01.17-10-03.55bf09bcabe041deac358e320a1714c2.png?fit=587%2C310&ssl=1&resize=350%2C200","width":350,"height":200,"srcset":"https:\/\/i0.wp.com\/lyonelkaufmann.ch\/Blog\/wp-content\/uploads\/2017\/01\/Image-25.01.17-10-03.55bf09bcabe041deac358e320a1714c2.png?fit=587%2C310&ssl=1&resize=350%2C200 1x, https:\/\/i0.wp.com\/lyonelkaufmann.ch\/Blog\/wp-content\/uploads\/2017\/01\/Image-25.01.17-10-03.55bf09bcabe041deac358e320a1714c2.png?fit=587%2C310&ssl=1&resize=525%2C300 1.5x"},"classes":[]},{"id":8523,"url":"https:\/\/lyonelkaufmann.ch\/Blog\/2014\/11\/09\/pour-repondre-a-eric-zemmour-sur-vichy\/","url_meta":{"origin":15534,"position":5},"title":"Pour r\u00e9pondre \u00e0 Eric #Zemmour sur #Vichy","author":"Lyonel Kaufmann","date":"9 novembre 2014","format":false,"excerpt":"En laissant complaisamment Eric Zemmour redonner ses lettres de noblesse \u00e0 cette pourriture qu'a constitu\u00e9 le r\u00e9gime de Vichy, nous nous pr\u00e9parons \u00e0 des lendemains difficiles. Le documentaire\u00a0de J\u00e9r\u00f4me Prieur\u00a0\u201cH\u00e9l\u00e8ne Berr, une jeune fille dans Paris occup\u00e9\u201d est probablement une des meilleures r\u00e9ponses aux propos\u00a0ignominieux\u00a0d'Eric Zemmour. C'est un article de\u2026","rel":"","context":"Dans &quot;histoire&quot;","block_context":{"text":"histoire","link":"https:\/\/lyonelkaufmann.ch\/Blog\/category\/histoire-2\/"},"img":{"alt_text":"","src":"https:\/\/i0.wp.com\/lyonelkaufmann.ch\/Blog\/wp-content\/uploads\/2015\/02\/regardez-helene-berr-une-jeune-fille-dans-paris-occupe-un-documentaire-de-jerome-prieurm176321.jpg?fit=1000%2C769&ssl=1&resize=350%2C200","width":350,"height":200,"srcset":"https:\/\/i0.wp.com\/lyonelkaufmann.ch\/Blog\/wp-content\/uploads\/2015\/02\/regardez-helene-berr-une-jeune-fille-dans-paris-occupe-un-documentaire-de-jerome-prieurm176321.jpg?fit=1000%2C769&ssl=1&resize=350%2C200 1x, https:\/\/i0.wp.com\/lyonelkaufmann.ch\/Blog\/wp-content\/uploads\/2015\/02\/regardez-helene-berr-une-jeune-fille-dans-paris-occupe-un-documentaire-de-jerome-prieurm176321.jpg?fit=1000%2C769&ssl=1&resize=525%2C300 1.5x, https:\/\/i0.wp.com\/lyonelkaufmann.ch\/Blog\/wp-content\/uploads\/2015\/02\/regardez-helene-berr-une-jeune-fille-dans-paris-occupe-un-documentaire-de-jerome-prieurm176321.jpg?fit=1000%2C769&ssl=1&resize=700%2C400 2x"},"classes":[]}],"jetpack_likes_enabled":true,"_links":{"self":[{"href":"https:\/\/lyonelkaufmann.ch\/Blog\/wp-json\/wp\/v2\/posts\/15534","targetHints":{"allow":["GET"]}}],"collection":[{"href":"https:\/\/lyonelkaufmann.ch\/Blog\/wp-json\/wp\/v2\/posts"}],"about":[{"href":"https:\/\/lyonelkaufmann.ch\/Blog\/wp-json\/wp\/v2\/types\/post"}],"author":[{"embeddable":true,"href":"https:\/\/lyonelkaufmann.ch\/Blog\/wp-json\/wp\/v2\/users\/1"}],"replies":[{"embeddable":true,"href":"https:\/\/lyonelkaufmann.ch\/Blog\/wp-json\/wp\/v2\/comments?post=15534"}],"version-history":[{"count":0,"href":"https:\/\/lyonelkaufmann.ch\/Blog\/wp-json\/wp\/v2\/posts\/15534\/revisions"}],"wp:featuredmedia":[{"embeddable":true,"href":"https:\/\/lyonelkaufmann.ch\/Blog\/wp-json\/wp\/v2\/media\/15535"}],"wp:attachment":[{"href":"https:\/\/lyonelkaufmann.ch\/Blog\/wp-json\/wp\/v2\/media?parent=15534"}],"wp:term":[{"taxonomy":"category","embeddable":true,"href":"https:\/\/lyonelkaufmann.ch\/Blog\/wp-json\/wp\/v2\/categories?post=15534"},{"taxonomy":"post_tag","embeddable":true,"href":"https:\/\/lyonelkaufmann.ch\/Blog\/wp-json\/wp\/v2\/tags?post=15534"}],"curies":[{"name":"wp","href":"https:\/\/api.w.org\/{rel}","templated":true}]}}