{"id":15542,"date":"2015-12-10T08:39:17","date_gmt":"2015-12-10T07:39:17","guid":{"rendered":"https:\/\/lyonelkaufmann.ch\/Blog\/?p=15542"},"modified":"2015-12-10T08:39:17","modified_gmt":"2015-12-10T07:39:17","slug":"la-punition-parmelin-lhebdo","status":"publish","type":"post","link":"https:\/\/lyonelkaufmann.ch\/Blog\/2015\/12\/10\/la-punition-parmelin-lhebdo\/","title":{"rendered":"La punition Parmelin | L&rsquo;Hebdo"},"content":{"rendered":"<p>Billet cinglant et sans concession de Fran\u00e7ois Cherix \u00e0 la suite de l&rsquo;accession au Conseil f\u00e9d\u00e9ral de Guy Parmelin.<\/p>\n<blockquote><p>Par paresse, le Parlement n\u2019a jamais r\u00e9form\u00e9 l\u2019\u00e9lection au Conseil f\u00e9d\u00e9ral pour lui donner un semblant de coh\u00e9rence programmatique. Construction arithm\u00e9tique, le Coll\u00e8ge n\u2019est plus qu\u2019une somme al\u00e9atoire de personnalit\u00e9s aux objectifs divergents. Par l\u00e2chet\u00e9, les Suisses n\u2019osent pas affronter l\u2019UDC, ni m\u00eame ouvrir les yeux sur les dangers qu\u2019elle repr\u00e9sente. D\u00e9sormais renforc\u00e9e, l\u2019influence croissante au sommet de l\u2019Etat d\u2019un mouvement populiste, souverainiste, europhobe et x\u00e9nophobe est consid\u00e9r\u00e9e comme \u00ab\u00a0un retour \u00e0 la normale\u00a0\u00bb.<\/p><\/blockquote>\n<p>via <a href=\"http:\/\/www.hebdo.ch\/les-blogs\/cherix-fran\u00e7ois-blog-politique-europ\u00e9enne\/la-punition-parmelin\">La punition Parmelin | L&rsquo;Hebdo<\/a>.<\/p>\n","protected":false},"excerpt":{"rendered":"<p>Billet cinglant et sans concession de Fran\u00e7ois Cherix \u00e0 la suite de l&rsquo;accession au Conseil f\u00e9d\u00e9ral de Guy Parmelin. Par paresse, le Parlement n\u2019a jamais r\u00e9form\u00e9 l\u2019\u00e9lection au Conseil f\u00e9d\u00e9ral pour lui donner un semblant de coh\u00e9rence programmatique. Construction arithm\u00e9tique, le Coll\u00e8ge n\u2019est plus qu\u2019une somme al\u00e9atoire de personnalit\u00e9s aux objectifs divergents. Par l\u00e2chet\u00e9, les [&hellip;]<\/p>\n","protected":false},"author":1,"featured_media":14680,"comment_status":"open","ping_status":"open","sticky":false,"template":"","format":"standard","meta":{"_import_markdown_pro_load_document_selector":0,"_import_markdown_pro_submit_text_textarea":"","_genesis_hide_title":false,"_genesis_hide_breadcrumbs":false,"_genesis_hide_singular_image":false,"_genesis_hide_footer_widgets":false,"_genesis_custom_body_class":"","_genesis_custom_post_class":"","_genesis_layout":"","jetpack_post_was_ever_published":false,"_jetpack_newsletter_access":"","_jetpack_dont_email_post_to_subs":false,"_jetpack_newsletter_tier_id":0,"_jetpack_memberships_contains_paywalled_content":false,"_jetpack_memberships_contains_paid_content":false,"activitypub_content_warning":"","activitypub_content_visibility":"","activitypub_max_image_attachments":3,"activitypub_interaction_policy_quote":"anyone","activitypub_status":"","footnotes":"","jetpack_publicize_message":"","jetpack_publicize_feature_enabled":true,"jetpack_social_post_already_shared":true,"jetpack_social_options":{"image_generator_settings":{"template":"fullscreen","default_image_id":0,"font":"","enabled":false},"version":2}},"categories":[660,1117],"tags":[],"class_list":{"0":"post-15542","1":"post","2":"type-post","3":"status-publish","4":"format-standard","5":"has-post-thumbnail","7":"category-breves","8":"category-politis","9":"entry"},"jetpack_publicize_connections":[],"featured_image_src":"https:\/\/i0.wp.com\/lyonelkaufmann.ch\/Blog\/wp-content\/uploads\/2015\/03\/blogcafe1.jpg?resize=600%2C400&ssl=1","featured_image_src_square":"https:\/\/i0.wp.com\/lyonelkaufmann.ch\/Blog\/wp-content\/uploads\/2015\/03\/blogcafe1.jpg?resize=600%2C600&ssl=1","author_info":{"display_name":"Lyonel Kaufmann","author_link":"https:\/\/lyonelkaufmann.ch\/Blog\/author\/lyonelk\/"},"jetpack_featured_media_url":"https:\/\/i0.wp.com\/lyonelkaufmann.ch\/Blog\/wp-content\/uploads\/2015\/03\/blogcafe1.jpg?fit=1024%2C683&ssl=1","jetpack_sharing_enabled":true,"jetpack_shortlink":"https:\/\/wp.me\/p1qtF4-42G","jetpack-related-posts":[{"id":19892,"url":"https:\/\/lyonelkaufmann.ch\/Blog\/2019\/01\/04\/photo-officielle-du-conseil-federal-un-travail-damateurs\/","url_meta":{"origin":15542,"position":0},"title":"Photo officielle du Conseil f\u00e9d\u00e9ral, un travail d\u2019amateurs","author":"Lyonel Kaufmann","date":"4 janvier 2019","format":false,"excerpt":"Un travail d\u2019amateurs. C\u2019est en substance le message d\u00e9livr\u00e9 par les professionnels de la photographie de presse \u00e0 propos de la traditionnelle photo de groupe du Conseil f\u00e9d\u00e9ral pour l\u2019\u00e9dition 2019. Voici le communiqu\u00e9 de presse de Photojournalistes suisses \u2013 impressum, dans sa version int\u00e9grale. La section Photojournalistes suisses \u2013\u2026","rel":"","context":"Dans &quot;politis&quot;","block_context":{"text":"politis","link":"https:\/\/lyonelkaufmann.ch\/Blog\/category\/politis\/"},"img":{"alt_text":"","src":"https:\/\/i0.wp.com\/lyonelkaufmann.ch\/Blog\/wp-content\/uploads\/2019\/01\/10E8A2E4-6405-4426-A08A-8B723F66CB72.jpeg?fit=728%2C485&ssl=1&resize=350%2C200","width":350,"height":200,"srcset":"https:\/\/i0.wp.com\/lyonelkaufmann.ch\/Blog\/wp-content\/uploads\/2019\/01\/10E8A2E4-6405-4426-A08A-8B723F66CB72.jpeg?fit=728%2C485&ssl=1&resize=350%2C200 1x, https:\/\/i0.wp.com\/lyonelkaufmann.ch\/Blog\/wp-content\/uploads\/2019\/01\/10E8A2E4-6405-4426-A08A-8B723F66CB72.jpeg?fit=728%2C485&ssl=1&resize=525%2C300 1.5x, https:\/\/i0.wp.com\/lyonelkaufmann.ch\/Blog\/wp-content\/uploads\/2019\/01\/10E8A2E4-6405-4426-A08A-8B723F66CB72.jpeg?fit=728%2C485&ssl=1&resize=700%2C400 2x"},"classes":[]},{"id":1712,"url":"https:\/\/lyonelkaufmann.ch\/Blog\/2009\/12\/16\/les-debats-du-parlement-suisse-disponibles-en-ligne-fragments-actuels\/","url_meta":{"origin":15542,"position":1},"title":"Les d\u00e9bats du Parlement suisse disponibles en ligne | Fragments actuels","author":"Lyonel Kaufmann","date":"16 d\u00e9cembre 2009","format":false,"excerpt":"Tous les d\u00e9bats du Conseil national et du Conseil des Etats depuis 1971 sont d\u00e9sormais disponibles en ligne. Les Services du Parlement et les Archives f\u00e9d\u00e9rales suisses ont proc\u00e9d\u00e9 \u00e0 la num\u00e9risation du Bulletin officiel de l\u2019Assembl\u00e9e f\u00e9d\u00e9rale de 1971 \u00e0 1995 et le publient aujourd\u2019hui sur www.amtsdruckschriften.bar.admin.ch. On y\u2026","rel":"","context":"Dans &quot;histoire&quot;","block_context":{"text":"histoire","link":"https:\/\/lyonelkaufmann.ch\/Blog\/category\/histoire-2\/"},"img":{"alt_text":"","src":"https:\/\/i0.wp.com\/lyonelkaufmann.ch\/Blog\/wp-content\/uploads\/2015\/03\/blogcafe1.jpg?fit=1024%2C683&ssl=1&resize=350%2C200","width":350,"height":200,"srcset":"https:\/\/i0.wp.com\/lyonelkaufmann.ch\/Blog\/wp-content\/uploads\/2015\/03\/blogcafe1.jpg?fit=1024%2C683&ssl=1&resize=350%2C200 1x, https:\/\/i0.wp.com\/lyonelkaufmann.ch\/Blog\/wp-content\/uploads\/2015\/03\/blogcafe1.jpg?fit=1024%2C683&ssl=1&resize=525%2C300 1.5x, https:\/\/i0.wp.com\/lyonelkaufmann.ch\/Blog\/wp-content\/uploads\/2015\/03\/blogcafe1.jpg?fit=1024%2C683&ssl=1&resize=700%2C400 2x"},"classes":[]},{"id":4730,"url":"https:\/\/lyonelkaufmann.ch\/Blog\/2011\/12\/13\/ef-2011-la-concordance-ce-nest-pas-la-formule-magique-urs-altermatt\/","url_meta":{"origin":15542,"position":2},"title":"La concordance? Ce n&rsquo;est pas la formule magique\u2026","author":"Lyonel Kaufmann","date":"13 d\u00e9cembre 2011","format":false,"excerpt":"\u00abIl est erron\u00e9 de r\u00e9duire la concordance \u2013 \u00e0 ne pas confondre avec la formule magique \u2013 aux simples calculs arithm\u00e9tiques. La concordance a d\u00e9but\u00e9 au XIXe si\u00e8cle, apr\u00e8s la fondation de la Suisse moderne, lorsque les radicaux ont accord\u00e9 un, puis deux si\u00e8ges aux catholiques conservateurs (ndlr: anc\u00eatres des\u2026","rel":"","context":"Dans &quot;histoire&quot;","block_context":{"text":"histoire","link":"https:\/\/lyonelkaufmann.ch\/Blog\/category\/histoire-2\/"},"img":{"alt_text":"","src":"https:\/\/i0.wp.com\/lyonelkaufmann.ch\/Blog\/wp-content\/uploads\/2015\/03\/blogcafe1.jpg?fit=1024%2C683&ssl=1&resize=350%2C200","width":350,"height":200,"srcset":"https:\/\/i0.wp.com\/lyonelkaufmann.ch\/Blog\/wp-content\/uploads\/2015\/03\/blogcafe1.jpg?fit=1024%2C683&ssl=1&resize=350%2C200 1x, https:\/\/i0.wp.com\/lyonelkaufmann.ch\/Blog\/wp-content\/uploads\/2015\/03\/blogcafe1.jpg?fit=1024%2C683&ssl=1&resize=525%2C300 1.5x, https:\/\/i0.wp.com\/lyonelkaufmann.ch\/Blog\/wp-content\/uploads\/2015\/03\/blogcafe1.jpg?fit=1024%2C683&ssl=1&resize=700%2C400 2x"},"classes":[]},{"id":4383,"url":"https:\/\/lyonelkaufmann.ch\/Blog\/2011\/12\/02\/revue-de-presse-1-decembre-2011\/","url_meta":{"origin":15542,"position":3},"title":"La concordance est aussi ancienne que la Suisse moderne | Domaine Public","author":"Lyonel Kaufmann","date":"2 d\u00e9cembre 2011","format":false,"excerpt":"La concordance est aussi ancienne que la Suisse moderne | Domaine Public- La composition du Conseil f\u00e9d\u00e9ral ob\u00e9it \u00e0 la r\u00e8gle de la concordance depuis 1848 d\u00e9j\u00e0, rappelle l\u2019historien et homme de m\u00e9dias Roger Blum (NZZ, 21.11).De l\u2019observation du comportement \u00e9lectoral du Parlement depuis 1848, Roger Blum d\u00e9gage trois principes.\u2026","rel":"","context":"Dans &quot;histoire&quot;","block_context":{"text":"histoire","link":"https:\/\/lyonelkaufmann.ch\/Blog\/category\/histoire-2\/"},"img":{"alt_text":"","src":"https:\/\/i0.wp.com\/lyonelkaufmann.ch\/Blog\/wp-content\/uploads\/2015\/03\/blogcafe1.jpg?fit=1024%2C683&ssl=1&resize=350%2C200","width":350,"height":200,"srcset":"https:\/\/i0.wp.com\/lyonelkaufmann.ch\/Blog\/wp-content\/uploads\/2015\/03\/blogcafe1.jpg?fit=1024%2C683&ssl=1&resize=350%2C200 1x, https:\/\/i0.wp.com\/lyonelkaufmann.ch\/Blog\/wp-content\/uploads\/2015\/03\/blogcafe1.jpg?fit=1024%2C683&ssl=1&resize=525%2C300 1.5x, https:\/\/i0.wp.com\/lyonelkaufmann.ch\/Blog\/wp-content\/uploads\/2015\/03\/blogcafe1.jpg?fit=1024%2C683&ssl=1&resize=700%2C400 2x"},"classes":[]},{"id":8647,"url":"https:\/\/lyonelkaufmann.ch\/Blog\/2015\/01\/14\/charlie-hebdo-le-crayon-guidant-le-peuple-decryptage-dune-photo\/","url_meta":{"origin":15542,"position":4},"title":"\u00ab\u00a0Charlie Hebdo\u00a0\u00bb : \u00ab\u00a0Le crayon guidant le peuple\u00a0\u00bb, d\u00e9cryptage d&rsquo;une photo","author":"Lyonel Kaufmann","date":"14 janvier 2015","format":false,"excerpt":"\"Le Triomphe de la R\u00e9publique.\" C'est le nom de la statue qui domine la place de la Nation, \u00e0 Paris. C'est aussi le titre qu'on est tent\u00e9 de donner, par m\u00e9tonymie, \u00e0 cette photo prise \u00e0 la fin de la Marche r\u00e9publicaine du 11 janvier par Martin Argyroglo, jeune photographe\u2026","rel":"","context":"Dans &quot;histoire&quot;","block_context":{"text":"histoire","link":"https:\/\/lyonelkaufmann.ch\/Blog\/category\/histoire-2\/"},"img":{"alt_text":"","src":"https:\/\/i0.wp.com\/lyonelkaufmann.ch\/Blog\/wp-content\/uploads\/2015\/02\/13612739.jpg?fit=801%2C1200&ssl=1&resize=350%2C200","width":350,"height":200,"srcset":"https:\/\/i0.wp.com\/lyonelkaufmann.ch\/Blog\/wp-content\/uploads\/2015\/02\/13612739.jpg?fit=801%2C1200&ssl=1&resize=350%2C200 1x, https:\/\/i0.wp.com\/lyonelkaufmann.ch\/Blog\/wp-content\/uploads\/2015\/02\/13612739.jpg?fit=801%2C1200&ssl=1&resize=525%2C300 1.5x, https:\/\/i0.wp.com\/lyonelkaufmann.ch\/Blog\/wp-content\/uploads\/2015\/02\/13612739.jpg?fit=801%2C1200&ssl=1&resize=700%2C400 2x"},"classes":[]},{"id":23214,"url":"https:\/\/lyonelkaufmann.ch\/Blog\/2022\/03\/07\/le-fronton-du-palais-federal-aura-un-visage-avec-un-hommage-a-tilo-frey\/","url_meta":{"origin":15542,"position":5},"title":"Le fronton du Palais f\u00e9d\u00e9ral aura un visage avec un hommage \u00e0 Tilo Frey","author":"Lyonel Kaufmann","date":"7 mars 2022","format":false,"excerpt":"Le Palais f\u00e9d\u00e9ral n'aura bient\u00f4t plus tout a fait le m\u00eame visage. Laiss\u00e9 libre provisoirement depuis 120 ans, le \"tympan\", soit le sommet de la fa\u00e7ade principale, sera recouvert d'une mosa\u00efque en hommage \u00e0 la Neuch\u00e2teloise Tilo Frey (1923-2008), une des douze premi\u00e8res femmes, et la premi\u00e8re femme de couleur,\u2026","rel":"","context":"Dans &quot;Blogcaf\u00e9&quot;","block_context":{"text":"Blogcaf\u00e9","link":"https:\/\/lyonelkaufmann.ch\/Blog\/category\/blogcafe-2\/"},"img":{"alt_text":"","src":"https:\/\/i0.wp.com\/lyonelkaufmann.ch\/Blog\/wp-content\/uploads\/2022\/03\/12917279.image_.jpeg?fit=1200%2C675&ssl=1&resize=350%2C200","width":350,"height":200,"srcset":"https:\/\/i0.wp.com\/lyonelkaufmann.ch\/Blog\/wp-content\/uploads\/2022\/03\/12917279.image_.jpeg?fit=1200%2C675&ssl=1&resize=350%2C200 1x, https:\/\/i0.wp.com\/lyonelkaufmann.ch\/Blog\/wp-content\/uploads\/2022\/03\/12917279.image_.jpeg?fit=1200%2C675&ssl=1&resize=525%2C300 1.5x, https:\/\/i0.wp.com\/lyonelkaufmann.ch\/Blog\/wp-content\/uploads\/2022\/03\/12917279.image_.jpeg?fit=1200%2C675&ssl=1&resize=700%2C400 2x, https:\/\/i0.wp.com\/lyonelkaufmann.ch\/Blog\/wp-content\/uploads\/2022\/03\/12917279.image_.jpeg?fit=1200%2C675&ssl=1&resize=1050%2C600 3x"},"classes":[]}],"jetpack_likes_enabled":true,"_links":{"self":[{"href":"https:\/\/lyonelkaufmann.ch\/Blog\/wp-json\/wp\/v2\/posts\/15542","targetHints":{"allow":["GET"]}}],"collection":[{"href":"https:\/\/lyonelkaufmann.ch\/Blog\/wp-json\/wp\/v2\/posts"}],"about":[{"href":"https:\/\/lyonelkaufmann.ch\/Blog\/wp-json\/wp\/v2\/types\/post"}],"author":[{"embeddable":true,"href":"https:\/\/lyonelkaufmann.ch\/Blog\/wp-json\/wp\/v2\/users\/1"}],"replies":[{"embeddable":true,"href":"https:\/\/lyonelkaufmann.ch\/Blog\/wp-json\/wp\/v2\/comments?post=15542"}],"version-history":[{"count":0,"href":"https:\/\/lyonelkaufmann.ch\/Blog\/wp-json\/wp\/v2\/posts\/15542\/revisions"}],"wp:featuredmedia":[{"embeddable":true,"href":"https:\/\/lyonelkaufmann.ch\/Blog\/wp-json\/wp\/v2\/media\/14680"}],"wp:attachment":[{"href":"https:\/\/lyonelkaufmann.ch\/Blog\/wp-json\/wp\/v2\/media?parent=15542"}],"wp:term":[{"taxonomy":"category","embeddable":true,"href":"https:\/\/lyonelkaufmann.ch\/Blog\/wp-json\/wp\/v2\/categories?post=15542"},{"taxonomy":"post_tag","embeddable":true,"href":"https:\/\/lyonelkaufmann.ch\/Blog\/wp-json\/wp\/v2\/tags?post=15542"}],"curies":[{"name":"wp","href":"https:\/\/api.w.org\/{rel}","templated":true}]}}