{"id":15676,"date":"2015-12-19T23:13:07","date_gmt":"2015-12-19T22:13:07","guid":{"rendered":"https:\/\/lyonelkaufmann.ch\/Blog\/?p=15676"},"modified":"2015-12-20T14:16:38","modified_gmt":"2015-12-20T13:16:38","slug":"noel-au-chateau-2015-la-tour-de-peilz","status":"publish","type":"post","link":"https:\/\/lyonelkaufmann.ch\/Blog\/2015\/12\/19\/noel-au-chateau-2015-la-tour-de-peilz\/","title":{"rendered":"No\u00ebl au Ch\u00e2teau 2015 @ La Tour-de-Peilz"},"content":{"rendered":"<p>Traditionnelle manifestation, juste avant les festivit\u00e9s de l&rsquo;Avent, No\u00ebl au Ch\u00e2teau s&rsquo;est d\u00e9roul\u00e9 ce samedi 19 d\u00e9cembre au Ch\u00e2teau de La Tour-de-Peilz sous une temp\u00e9rature fort cl\u00e9mente pour la saison. Voici quelques photos de la chant\u00e9e qui a ravi petits et grands.<\/p>\n<div class=\"tiled-gallery type-rectangular tiled-gallery-unresized\" data-original-width=\"500\" data-carousel-extra='{&quot;blog_id&quot;:1,&quot;permalink&quot;:&quot;https:\\\/\\\/lyonelkaufmann.ch\\\/Blog\\\/2015\\\/12\\\/19\\\/noel-au-chateau-2015-la-tour-de-peilz\\\/&quot;,&quot;likes_blog_id&quot;:21086886}' itemscope itemtype=\"http:\/\/schema.org\/ImageGallery\" > <div class=\"gallery-row\" style=\"width: 500px; height: 429px;\" data-original-width=\"500\" data-original-height=\"429\" > <div class=\"gallery-group images-1\" style=\"width: 286px; height: 429px;\" data-original-width=\"286\" data-original-height=\"429\" > <div class=\"tiled-gallery-item tiled-gallery-item-large\" itemprop=\"associatedMedia\" itemscope itemtype=\"http:\/\/schema.org\/ImageObject\"> <a href=\"https:\/\/lyonelkaufmann.ch\/Blog\/2015\/12\/19\/noel-au-chateau-2015-la-tour-de-peilz\/attachment\/15678\/\" border=\"0\" itemprop=\"url\"> <meta itemprop=\"width\" content=\"282\"> <meta itemprop=\"height\" content=\"425\"> <img decoding=\"async\" class=\"\" data-attachment-id=\"15678\" data-orig-file=\"https:\/\/lyonelkaufmann.ch\/Blog\/wp-content\/uploads\/2015\/12\/IMG_0095-680x1024-1.png\" data-orig-size=\"680,1024\" data-comments-opened=\"1\" data-image-meta=\"{&quot;aperture&quot;:&quot;0&quot;,&quot;credit&quot;:&quot;&quot;,&quot;camera&quot;:&quot;&quot;,&quot;caption&quot;:&quot;&quot;,&quot;created_timestamp&quot;:&quot;0&quot;,&quot;copyright&quot;:&quot;&quot;,&quot;focal_length&quot;:&quot;0&quot;,&quot;iso&quot;:&quot;0&quot;,&quot;shutter_speed&quot;:&quot;0&quot;,&quot;title&quot;:&quot;&quot;,&quot;orientation&quot;:&quot;0&quot;}\" data-image-title=\"\" data-image-description=\"\" data-medium-file=\"https:\/\/i0.wp.com\/lyonelkaufmann.ch\/Blog\/wp-content\/uploads\/2015\/12\/IMG_0095-680x1024-1.png?fit=199%2C300&#038;ssl=1\" data-large-file=\"https:\/\/i0.wp.com\/lyonelkaufmann.ch\/Blog\/wp-content\/uploads\/2015\/12\/IMG_0095-680x1024-1.png?fit=680%2C1024&#038;ssl=1\" src=\"https:\/\/i0.wp.com\/lyonelkaufmann.ch\/Blog\/wp-content\/uploads\/2015\/12\/IMG_0095-680x1024-1.png?w=282&#038;h=425&#038;ssl=1\" srcset=\"https:\/\/i0.wp.com\/lyonelkaufmann.ch\/Blog\/wp-content\/uploads\/2015\/12\/IMG_0095-680x1024-1.png?w=680&amp;ssl=1 680w, https:\/\/i0.wp.com\/lyonelkaufmann.ch\/Blog\/wp-content\/uploads\/2015\/12\/IMG_0095-680x1024-1.png?resize=199%2C300&amp;ssl=1 199w\" width=\"282\" height=\"425\" loading=\"lazy\" data-original-width=\"282\" data-original-height=\"425\" itemprop=\"http:\/\/schema.org\/image\" title=\"\" alt=\"No\u00ebl au Ch\u00e2teau\" style=\"width: 282px; height: 425px;\" \/> <\/a> <div class=\"tiled-gallery-caption\" itemprop=\"caption description\"> No\u00ebl au Ch\u00e2teau <\/div> <\/div> <\/div> <!-- close group --> <div class=\"gallery-group images-3\" style=\"width: 214px; height: 429px;\" data-original-width=\"214\" data-original-height=\"429\" > <div class=\"tiled-gallery-item tiled-gallery-item-small\" itemprop=\"associatedMedia\" itemscope itemtype=\"http:\/\/schema.org\/ImageObject\"> <a href=\"https:\/\/lyonelkaufmann.ch\/Blog\/2015\/12\/19\/noel-au-chateau-2015-la-tour-de-peilz\/olympus-digital-camera-8\/\" border=\"0\" itemprop=\"url\"> <meta itemprop=\"width\" content=\"210\"> <meta itemprop=\"height\" content=\"139\"> <img decoding=\"async\" class=\"\" data-attachment-id=\"15685\" data-orig-file=\"https:\/\/lyonelkaufmann.ch\/Blog\/wp-content\/uploads\/2015\/12\/IMG_0103.jpg\" data-orig-size=\"2048,1360\" data-comments-opened=\"1\" data-image-meta=\"{&quot;aperture&quot;:&quot;4&quot;,&quot;credit&quot;:&quot;&quot;,&quot;camera&quot;:&quot;E-M10&quot;,&quot;caption&quot;:&quot;OLYMPUS DIGITAL CAMERA&quot;,&quot;created_timestamp&quot;:&quot;1450547366&quot;,&quot;copyright&quot;:&quot;&quot;,&quot;focal_length&quot;:&quot;14&quot;,&quot;iso&quot;:&quot;1600&quot;,&quot;shutter_speed&quot;:&quot;0.16666666666667&quot;,&quot;title&quot;:&quot;OLYMPUS DIGITAL CAMERA&quot;,&quot;orientation&quot;:&quot;1&quot;}\" data-image-title=\"OLYMPUS DIGITAL CAMERA\" data-image-description=\"\" data-medium-file=\"https:\/\/i0.wp.com\/lyonelkaufmann.ch\/Blog\/wp-content\/uploads\/2015\/12\/IMG_0103.jpg?fit=300%2C199&#038;ssl=1\" data-large-file=\"https:\/\/i0.wp.com\/lyonelkaufmann.ch\/Blog\/wp-content\/uploads\/2015\/12\/IMG_0103.jpg?fit=700%2C465&#038;ssl=1\" src=\"https:\/\/i0.wp.com\/lyonelkaufmann.ch\/Blog\/wp-content\/uploads\/2015\/12\/IMG_0103.jpg?w=210&#038;h=139&#038;ssl=1\" srcset=\"https:\/\/i0.wp.com\/lyonelkaufmann.ch\/Blog\/wp-content\/uploads\/2015\/12\/IMG_0103.jpg?w=2048&amp;ssl=1 2048w, https:\/\/i0.wp.com\/lyonelkaufmann.ch\/Blog\/wp-content\/uploads\/2015\/12\/IMG_0103.jpg?resize=300%2C199&amp;ssl=1 300w, https:\/\/i0.wp.com\/lyonelkaufmann.ch\/Blog\/wp-content\/uploads\/2015\/12\/IMG_0103.jpg?resize=768%2C510&amp;ssl=1 768w, https:\/\/i0.wp.com\/lyonelkaufmann.ch\/Blog\/wp-content\/uploads\/2015\/12\/IMG_0103.jpg?resize=1024%2C680&amp;ssl=1 1024w\" width=\"210\" height=\"139\" loading=\"lazy\" data-original-width=\"210\" data-original-height=\"139\" itemprop=\"http:\/\/schema.org\/image\" title=\"OLYMPUS DIGITAL CAMERA\" alt=\"No\u00ebl au Ch\u00e2teau\" style=\"width: 210px; height: 139px;\" \/> <\/a> <div class=\"tiled-gallery-caption\" itemprop=\"caption description\"> No\u00ebl au Ch\u00e2teau <\/div> <\/div> <div class=\"tiled-gallery-item tiled-gallery-item-small\" itemprop=\"associatedMedia\" itemscope itemtype=\"http:\/\/schema.org\/ImageObject\"> <a href=\"https:\/\/lyonelkaufmann.ch\/Blog\/2015\/12\/19\/noel-au-chateau-2015-la-tour-de-peilz\/olympus-digital-camera-9\/\" border=\"0\" itemprop=\"url\"> <meta itemprop=\"width\" content=\"210\"> <meta itemprop=\"height\" content=\"139\"> <img decoding=\"async\" class=\"\" data-attachment-id=\"15686\" data-orig-file=\"https:\/\/lyonelkaufmann.ch\/Blog\/wp-content\/uploads\/2015\/12\/IMG_0104.jpg\" data-orig-size=\"2048,1360\" data-comments-opened=\"1\" data-image-meta=\"{&quot;aperture&quot;:&quot;5.5&quot;,&quot;credit&quot;:&quot;&quot;,&quot;camera&quot;:&quot;E-M10&quot;,&quot;caption&quot;:&quot;OLYMPUS DIGITAL CAMERA&quot;,&quot;created_timestamp&quot;:&quot;1450547392&quot;,&quot;copyright&quot;:&quot;&quot;,&quot;focal_length&quot;:&quot;90&quot;,&quot;iso&quot;:&quot;2500&quot;,&quot;shutter_speed&quot;:&quot;0.033333333333333&quot;,&quot;title&quot;:&quot;OLYMPUS DIGITAL CAMERA&quot;,&quot;orientation&quot;:&quot;1&quot;}\" data-image-title=\"OLYMPUS DIGITAL CAMERA\" data-image-description=\"\" data-medium-file=\"https:\/\/i0.wp.com\/lyonelkaufmann.ch\/Blog\/wp-content\/uploads\/2015\/12\/IMG_0104.jpg?fit=300%2C199&#038;ssl=1\" data-large-file=\"https:\/\/i0.wp.com\/lyonelkaufmann.ch\/Blog\/wp-content\/uploads\/2015\/12\/IMG_0104.jpg?fit=700%2C465&#038;ssl=1\" src=\"https:\/\/i0.wp.com\/lyonelkaufmann.ch\/Blog\/wp-content\/uploads\/2015\/12\/IMG_0104.jpg?w=210&#038;h=139&#038;ssl=1\" srcset=\"https:\/\/i0.wp.com\/lyonelkaufmann.ch\/Blog\/wp-content\/uploads\/2015\/12\/IMG_0104.jpg?w=2048&amp;ssl=1 2048w, https:\/\/i0.wp.com\/lyonelkaufmann.ch\/Blog\/wp-content\/uploads\/2015\/12\/IMG_0104.jpg?resize=300%2C199&amp;ssl=1 300w, https:\/\/i0.wp.com\/lyonelkaufmann.ch\/Blog\/wp-content\/uploads\/2015\/12\/IMG_0104.jpg?resize=768%2C510&amp;ssl=1 768w, https:\/\/i0.wp.com\/lyonelkaufmann.ch\/Blog\/wp-content\/uploads\/2015\/12\/IMG_0104.jpg?resize=1024%2C680&amp;ssl=1 1024w\" width=\"210\" height=\"139\" loading=\"lazy\" data-original-width=\"210\" data-original-height=\"139\" itemprop=\"http:\/\/schema.org\/image\" title=\"OLYMPUS DIGITAL CAMERA\" alt=\"No\u00ebl au Ch\u00e2teau\" style=\"width: 210px; height: 139px;\" \/> <\/a> <div class=\"tiled-gallery-caption\" itemprop=\"caption description\"> No\u00ebl au Ch\u00e2teau <\/div> <\/div> <div class=\"tiled-gallery-item tiled-gallery-item-small\" itemprop=\"associatedMedia\" itemscope itemtype=\"http:\/\/schema.org\/ImageObject\"> <a href=\"https:\/\/lyonelkaufmann.ch\/Blog\/2015\/12\/19\/noel-au-chateau-2015-la-tour-de-peilz\/olympus-digital-camera-10\/\" border=\"0\" itemprop=\"url\"> <meta itemprop=\"width\" content=\"210\"> <meta itemprop=\"height\" content=\"139\"> <img decoding=\"async\" class=\"\" data-attachment-id=\"15687\" data-orig-file=\"https:\/\/lyonelkaufmann.ch\/Blog\/wp-content\/uploads\/2015\/12\/IMG_0107.jpg\" data-orig-size=\"2048,1360\" data-comments-opened=\"1\" data-image-meta=\"{&quot;aperture&quot;:&quot;4&quot;,&quot;credit&quot;:&quot;&quot;,&quot;camera&quot;:&quot;E-M10&quot;,&quot;caption&quot;:&quot;OLYMPUS DIGITAL CAMERA&quot;,&quot;created_timestamp&quot;:&quot;1450547487&quot;,&quot;copyright&quot;:&quot;&quot;,&quot;focal_length&quot;:&quot;14&quot;,&quot;iso&quot;:&quot;1600&quot;,&quot;shutter_speed&quot;:&quot;0.125&quot;,&quot;title&quot;:&quot;OLYMPUS DIGITAL CAMERA&quot;,&quot;orientation&quot;:&quot;1&quot;}\" data-image-title=\"OLYMPUS DIGITAL CAMERA\" data-image-description=\"\" data-medium-file=\"https:\/\/i0.wp.com\/lyonelkaufmann.ch\/Blog\/wp-content\/uploads\/2015\/12\/IMG_0107.jpg?fit=300%2C199&#038;ssl=1\" data-large-file=\"https:\/\/i0.wp.com\/lyonelkaufmann.ch\/Blog\/wp-content\/uploads\/2015\/12\/IMG_0107.jpg?fit=700%2C465&#038;ssl=1\" src=\"https:\/\/i0.wp.com\/lyonelkaufmann.ch\/Blog\/wp-content\/uploads\/2015\/12\/IMG_0107.jpg?w=210&#038;h=139&#038;ssl=1\" srcset=\"https:\/\/i0.wp.com\/lyonelkaufmann.ch\/Blog\/wp-content\/uploads\/2015\/12\/IMG_0107.jpg?w=2048&amp;ssl=1 2048w, https:\/\/i0.wp.com\/lyonelkaufmann.ch\/Blog\/wp-content\/uploads\/2015\/12\/IMG_0107.jpg?resize=300%2C199&amp;ssl=1 300w, https:\/\/i0.wp.com\/lyonelkaufmann.ch\/Blog\/wp-content\/uploads\/2015\/12\/IMG_0107.jpg?resize=768%2C510&amp;ssl=1 768w, https:\/\/i0.wp.com\/lyonelkaufmann.ch\/Blog\/wp-content\/uploads\/2015\/12\/IMG_0107.jpg?resize=1024%2C680&amp;ssl=1 1024w\" width=\"210\" height=\"139\" loading=\"lazy\" data-original-width=\"210\" data-original-height=\"139\" itemprop=\"http:\/\/schema.org\/image\" title=\"OLYMPUS DIGITAL CAMERA\" alt=\"No\u00ebl au Ch\u00e2teau\" style=\"width: 210px; height: 139px;\" \/> <\/a> <div class=\"tiled-gallery-caption\" itemprop=\"caption description\"> No\u00ebl au Ch\u00e2teau <\/div> <\/div> <\/div> <!-- close group --> <\/div> <!-- close row --> <div class=\"gallery-row\" style=\"width: 500px; height: 223px;\" data-original-width=\"500\" data-original-height=\"223\" > <div class=\"gallery-group images-1\" style=\"width: 334px; height: 223px;\" data-original-width=\"334\" data-original-height=\"223\" > <div class=\"tiled-gallery-item tiled-gallery-item-large\" itemprop=\"associatedMedia\" itemscope itemtype=\"http:\/\/schema.org\/ImageObject\"> <a href=\"https:\/\/lyonelkaufmann.ch\/Blog\/2015\/12\/19\/noel-au-chateau-2015-la-tour-de-peilz\/olympus-digital-camera-11\/\" border=\"0\" itemprop=\"url\"> <meta itemprop=\"width\" content=\"330\"> <meta itemprop=\"height\" content=\"219\"> <img decoding=\"async\" class=\"\" data-attachment-id=\"15688\" data-orig-file=\"https:\/\/lyonelkaufmann.ch\/Blog\/wp-content\/uploads\/2015\/12\/IMG_0109.jpg\" data-orig-size=\"2048,1360\" data-comments-opened=\"1\" data-image-meta=\"{&quot;aperture&quot;:&quot;4.7&quot;,&quot;credit&quot;:&quot;&quot;,&quot;camera&quot;:&quot;E-M10&quot;,&quot;caption&quot;:&quot;OLYMPUS DIGITAL CAMERA&quot;,&quot;created_timestamp&quot;:&quot;1450547950&quot;,&quot;copyright&quot;:&quot;&quot;,&quot;focal_length&quot;:&quot;25&quot;,&quot;iso&quot;:&quot;1600&quot;,&quot;shutter_speed&quot;:&quot;0.16666666666667&quot;,&quot;title&quot;:&quot;OLYMPUS DIGITAL CAMERA&quot;,&quot;orientation&quot;:&quot;1&quot;}\" data-image-title=\"OLYMPUS DIGITAL CAMERA\" data-image-description=\"\" data-medium-file=\"https:\/\/i0.wp.com\/lyonelkaufmann.ch\/Blog\/wp-content\/uploads\/2015\/12\/IMG_0109.jpg?fit=300%2C199&#038;ssl=1\" data-large-file=\"https:\/\/i0.wp.com\/lyonelkaufmann.ch\/Blog\/wp-content\/uploads\/2015\/12\/IMG_0109.jpg?fit=700%2C465&#038;ssl=1\" src=\"https:\/\/i0.wp.com\/lyonelkaufmann.ch\/Blog\/wp-content\/uploads\/2015\/12\/IMG_0109.jpg?w=330&#038;h=219&#038;ssl=1\" srcset=\"https:\/\/i0.wp.com\/lyonelkaufmann.ch\/Blog\/wp-content\/uploads\/2015\/12\/IMG_0109.jpg?w=2048&amp;ssl=1 2048w, https:\/\/i0.wp.com\/lyonelkaufmann.ch\/Blog\/wp-content\/uploads\/2015\/12\/IMG_0109.jpg?resize=300%2C199&amp;ssl=1 300w, https:\/\/i0.wp.com\/lyonelkaufmann.ch\/Blog\/wp-content\/uploads\/2015\/12\/IMG_0109.jpg?resize=768%2C510&amp;ssl=1 768w, https:\/\/i0.wp.com\/lyonelkaufmann.ch\/Blog\/wp-content\/uploads\/2015\/12\/IMG_0109.jpg?resize=1024%2C680&amp;ssl=1 1024w\" width=\"330\" height=\"219\" loading=\"lazy\" data-original-width=\"330\" data-original-height=\"219\" itemprop=\"http:\/\/schema.org\/image\" title=\"OLYMPUS DIGITAL CAMERA\" alt=\"No\u00ebl au Ch\u00e2teau\" style=\"width: 330px; height: 219px;\" \/> <\/a> <div class=\"tiled-gallery-caption\" itemprop=\"caption description\"> No\u00ebl au Ch\u00e2teau <\/div> <\/div> <\/div> <!-- close group --> <div class=\"gallery-group images-2\" style=\"width: 166px; height: 223px;\" data-original-width=\"166\" data-original-height=\"223\" > <div class=\"tiled-gallery-item tiled-gallery-item-small\" itemprop=\"associatedMedia\" itemscope itemtype=\"http:\/\/schema.org\/ImageObject\"> <a href=\"https:\/\/lyonelkaufmann.ch\/Blog\/2015\/12\/19\/noel-au-chateau-2015-la-tour-de-peilz\/olympus-digital-camera-12\/\" border=\"0\" itemprop=\"url\"> <meta itemprop=\"width\" content=\"162\"> <meta itemprop=\"height\" content=\"108\"> <img decoding=\"async\" class=\"\" data-attachment-id=\"15689\" data-orig-file=\"https:\/\/lyonelkaufmann.ch\/Blog\/wp-content\/uploads\/2015\/12\/IMG_0114.jpg\" data-orig-size=\"2048,1360\" data-comments-opened=\"1\" data-image-meta=\"{&quot;aperture&quot;:&quot;5.5&quot;,&quot;credit&quot;:&quot;&quot;,&quot;camera&quot;:&quot;E-M10&quot;,&quot;caption&quot;:&quot;OLYMPUS DIGITAL CAMERA&quot;,&quot;created_timestamp&quot;:&quot;1450548027&quot;,&quot;copyright&quot;:&quot;&quot;,&quot;focal_length&quot;:&quot;70&quot;,&quot;iso&quot;:&quot;1600&quot;,&quot;shutter_speed&quot;:&quot;0.16666666666667&quot;,&quot;title&quot;:&quot;OLYMPUS DIGITAL CAMERA&quot;,&quot;orientation&quot;:&quot;1&quot;}\" data-image-title=\"OLYMPUS DIGITAL CAMERA\" data-image-description=\"\" data-medium-file=\"https:\/\/i0.wp.com\/lyonelkaufmann.ch\/Blog\/wp-content\/uploads\/2015\/12\/IMG_0114.jpg?fit=300%2C199&#038;ssl=1\" data-large-file=\"https:\/\/i0.wp.com\/lyonelkaufmann.ch\/Blog\/wp-content\/uploads\/2015\/12\/IMG_0114.jpg?fit=700%2C465&#038;ssl=1\" src=\"https:\/\/i0.wp.com\/lyonelkaufmann.ch\/Blog\/wp-content\/uploads\/2015\/12\/IMG_0114.jpg?w=162&#038;h=108&#038;ssl=1\" srcset=\"https:\/\/i0.wp.com\/lyonelkaufmann.ch\/Blog\/wp-content\/uploads\/2015\/12\/IMG_0114.jpg?w=2048&amp;ssl=1 2048w, https:\/\/i0.wp.com\/lyonelkaufmann.ch\/Blog\/wp-content\/uploads\/2015\/12\/IMG_0114.jpg?resize=300%2C199&amp;ssl=1 300w, https:\/\/i0.wp.com\/lyonelkaufmann.ch\/Blog\/wp-content\/uploads\/2015\/12\/IMG_0114.jpg?resize=768%2C510&amp;ssl=1 768w, https:\/\/i0.wp.com\/lyonelkaufmann.ch\/Blog\/wp-content\/uploads\/2015\/12\/IMG_0114.jpg?resize=1024%2C680&amp;ssl=1 1024w\" width=\"162\" height=\"108\" loading=\"lazy\" data-original-width=\"162\" data-original-height=\"108\" itemprop=\"http:\/\/schema.org\/image\" title=\"OLYMPUS DIGITAL CAMERA\" alt=\"No\u00ebl au Ch\u00e2teau\" style=\"width: 162px; height: 108px;\" \/> <\/a> <div class=\"tiled-gallery-caption\" itemprop=\"caption description\"> No\u00ebl au Ch\u00e2teau <\/div> <\/div> <div class=\"tiled-gallery-item tiled-gallery-item-small\" itemprop=\"associatedMedia\" itemscope itemtype=\"http:\/\/schema.org\/ImageObject\"> <a href=\"https:\/\/lyonelkaufmann.ch\/Blog\/2015\/12\/19\/noel-au-chateau-2015-la-tour-de-peilz\/olympus-digital-camera-13\/\" border=\"0\" itemprop=\"url\"> <meta itemprop=\"width\" content=\"162\"> <meta itemprop=\"height\" content=\"107\"> <img decoding=\"async\" class=\"\" data-attachment-id=\"15690\" data-orig-file=\"https:\/\/lyonelkaufmann.ch\/Blog\/wp-content\/uploads\/2015\/12\/IMG_0119.jpg\" data-orig-size=\"2048,1360\" data-comments-opened=\"1\" data-image-meta=\"{&quot;aperture&quot;:&quot;4&quot;,&quot;credit&quot;:&quot;&quot;,&quot;camera&quot;:&quot;E-M10&quot;,&quot;caption&quot;:&quot;OLYMPUS DIGITAL CAMERA&quot;,&quot;created_timestamp&quot;:&quot;1450548089&quot;,&quot;copyright&quot;:&quot;&quot;,&quot;focal_length&quot;:&quot;14&quot;,&quot;iso&quot;:&quot;1600&quot;,&quot;shutter_speed&quot;:&quot;0.125&quot;,&quot;title&quot;:&quot;OLYMPUS DIGITAL CAMERA&quot;,&quot;orientation&quot;:&quot;1&quot;}\" data-image-title=\"\" data-image-description=\"\" data-medium-file=\"https:\/\/i0.wp.com\/lyonelkaufmann.ch\/Blog\/wp-content\/uploads\/2015\/12\/IMG_0119.jpg?fit=300%2C199&#038;ssl=1\" data-large-file=\"https:\/\/i0.wp.com\/lyonelkaufmann.ch\/Blog\/wp-content\/uploads\/2015\/12\/IMG_0119.jpg?fit=700%2C465&#038;ssl=1\" src=\"https:\/\/i0.wp.com\/lyonelkaufmann.ch\/Blog\/wp-content\/uploads\/2015\/12\/IMG_0119.jpg?w=162&#038;h=107&#038;ssl=1\" srcset=\"https:\/\/i0.wp.com\/lyonelkaufmann.ch\/Blog\/wp-content\/uploads\/2015\/12\/IMG_0119.jpg?w=2048&amp;ssl=1 2048w, https:\/\/i0.wp.com\/lyonelkaufmann.ch\/Blog\/wp-content\/uploads\/2015\/12\/IMG_0119.jpg?resize=300%2C199&amp;ssl=1 300w, https:\/\/i0.wp.com\/lyonelkaufmann.ch\/Blog\/wp-content\/uploads\/2015\/12\/IMG_0119.jpg?resize=768%2C510&amp;ssl=1 768w, https:\/\/i0.wp.com\/lyonelkaufmann.ch\/Blog\/wp-content\/uploads\/2015\/12\/IMG_0119.jpg?resize=1024%2C680&amp;ssl=1 1024w\" width=\"162\" height=\"107\" loading=\"lazy\" data-original-width=\"162\" data-original-height=\"107\" itemprop=\"http:\/\/schema.org\/image\" title=\"\" alt=\"No\u00ebl au Ch\u00e2teau\" style=\"width: 162px; height: 107px;\" \/> <\/a> <div class=\"tiled-gallery-caption\" itemprop=\"caption description\"> No\u00ebl au Ch\u00e2teau <\/div> <\/div> <\/div> <!-- close group --> <\/div> <!-- close row --> <\/div>\n","protected":false},"excerpt":{"rendered":"<p>Traditionnelle manifestation, juste avant les festivit\u00e9s de l&rsquo;Avent, No\u00ebl au Ch\u00e2teau s&rsquo;est d\u00e9roul\u00e9 ce samedi 19 d\u00e9cembre au Ch\u00e2teau de La Tour-de-Peilz sous une temp\u00e9rature fort cl\u00e9mente pour la saison. Voici quelques photos de la chant\u00e9e qui a ravi petits et grands.<\/p>\n","protected":false},"author":1,"featured_media":15685,"comment_status":"open","ping_status":"open","sticky":false,"template":"","format":"standard","meta":{"_import_markdown_pro_load_document_selector":0,"_import_markdown_pro_submit_text_textarea":"","_genesis_hide_title":false,"_genesis_hide_breadcrumbs":false,"_genesis_hide_singular_image":false,"_genesis_hide_footer_widgets":false,"_genesis_custom_body_class":"","_genesis_custom_post_class":"","_genesis_layout":"","jetpack_post_was_ever_published":false,"_jetpack_newsletter_access":"","_jetpack_dont_email_post_to_subs":false,"_jetpack_newsletter_tier_id":0,"_jetpack_memberships_contains_paywalled_content":false,"_jetpack_memberships_contains_paid_content":false,"activitypub_content_warning":"","activitypub_content_visibility":"","activitypub_max_image_attachments":3,"activitypub_interaction_policy_quote":"anyone","activitypub_status":"","footnotes":"","jetpack_publicize_message":"","jetpack_publicize_feature_enabled":true,"jetpack_social_post_already_shared":true,"jetpack_social_options":{"image_generator_settings":{"template":"fullscreen","default_image_id":0,"font":"","enabled":false},"version":2}},"categories":[3],"tags":[],"class_list":{"0":"post-15676","1":"post","2":"type-post","3":"status-publish","4":"format-standard","5":"has-post-thumbnail","7":"category-blogcafe-2","8":"entry"},"jetpack_publicize_connections":[],"featured_image_src":"https:\/\/i0.wp.com\/lyonelkaufmann.ch\/Blog\/wp-content\/uploads\/2015\/12\/IMG_0103.jpg?resize=600%2C400&ssl=1","featured_image_src_square":"https:\/\/i0.wp.com\/lyonelkaufmann.ch\/Blog\/wp-content\/uploads\/2015\/12\/IMG_0103.jpg?resize=600%2C600&ssl=1","author_info":{"display_name":"Lyonel Kaufmann","author_link":"https:\/\/lyonelkaufmann.ch\/Blog\/author\/lyonelk\/"},"jetpack_featured_media_url":"https:\/\/i0.wp.com\/lyonelkaufmann.ch\/Blog\/wp-content\/uploads\/2015\/12\/IMG_0103.jpg?fit=2048%2C1360&ssl=1","jetpack_sharing_enabled":true,"jetpack_shortlink":"https:\/\/wp.me\/p1qtF4-44Q","jetpack-related-posts":[{"id":7273,"url":"https:\/\/lyonelkaufmann.ch\/Blog\/2012\/09\/10\/chateau-des-jeux-2012-photo-du-jour\/","url_meta":{"origin":15676,"position":0},"title":"Ch\u00e2teau des Jeux 2012 |\u00a0Photo du jour","author":"Lyonel Kaufmann","date":"10 septembre 2012","format":"image","excerpt":"Ce dimanche, le Mus\u00e9e suisse du Jeu organisait son d\u00e9sormais traditionnel \u00abCh\u00e2teau des Jeux\u00bb. La manifestation r\u00e9unit petits et grands autour de diff\u00e9rentes associations actives dans le domaine des jeux. Elle permet \u00e0 tout en chacun de s'essayer \u00e0 des jeux dans le cadre historique et bucolique du Ch\u00e2teau de\u2026","rel":"","context":"Dans &quot;Photo du jour&quot;","block_context":{"text":"Photo du jour","link":"https:\/\/lyonelkaufmann.ch\/Blog\/category\/photo-du-jour\/"},"img":{"alt_text":"","src":"https:\/\/i0.wp.com\/lyonelkaufmann.ch\/Blog\/wp-content\/uploads\/2015\/03\/Ch%C3%A2teau-de-Jeux-2012-XL.jpg?fit=512%2C768&ssl=1&resize=350%2C200","width":350,"height":200},"classes":[]},{"id":5605,"url":"https:\/\/lyonelkaufmann.ch\/Blog\/2012\/02\/28\/ciel-en-feu-la-tour-de-peilz\/","url_meta":{"origin":15676,"position":1},"title":"Ciel en feu | La Tour-de-Peilz","author":"Lyonel Kaufmann","date":"28 f\u00e9vrier 2012","format":"image","excerpt":"L\u00e0 je pensais que la journ\u00e9e \u00e9tait finie et puis, juste avant une s\u00e9ance au Ch\u00e2teau de La Tour-de-Peilz au Mus\u00e9e suisse du Jeu, le coucher de soleil sur le lac L\u00e9man s'est impos\u00e9 \u00e0 moi. J'ai plong\u00e9 la main dans mon sac, sorti mon appareil et voil\u00e0.\u00a0Tout simplement. N'h\u00e9sitez\u2026","rel":"","context":"Dans &quot;Blogcaf\u00e9&quot;","block_context":{"text":"Blogcaf\u00e9","link":"https:\/\/lyonelkaufmann.ch\/Blog\/category\/blogcafe-2\/"},"img":{"alt_text":"","src":"https:\/\/i0.wp.com\/lyonelkaufmann.ch\/Blog\/wp-content\/uploads\/2015\/03\/DSCN0955.jpg?fit=600%2C450&ssl=1&resize=350%2C200","width":350,"height":200,"srcset":"https:\/\/i0.wp.com\/lyonelkaufmann.ch\/Blog\/wp-content\/uploads\/2015\/03\/DSCN0955.jpg?fit=600%2C450&ssl=1&resize=350%2C200 1x, https:\/\/i0.wp.com\/lyonelkaufmann.ch\/Blog\/wp-content\/uploads\/2015\/03\/DSCN0955.jpg?fit=600%2C450&ssl=1&resize=525%2C300 1.5x"},"classes":[]},{"id":7389,"url":"https:\/\/lyonelkaufmann.ch\/Blog\/2012\/09\/30\/courbet-au-jeu-de-loie-photo-du-jour\/","url_meta":{"origin":15676,"position":2},"title":"Courbet au jeu de l&rsquo;oie | Photo du jour","author":"Lyonel Kaufmann","date":"30 septembre 2012","format":"image","excerpt":"","rel":"","context":"Dans &quot;Photo du jour&quot;","block_context":{"text":"Photo du jour","link":"https:\/\/lyonelkaufmann.ch\/Blog\/category\/photo-du-jour\/"},"img":{"alt_text":"","src":"https:\/\/i0.wp.com\/lyonelkaufmann.ch\/Blog\/wp-content\/uploads\/2015\/03\/Courbet-Jeu-de-loie-L.jpg?fit=443%2C600&ssl=1&resize=350%2C200","width":350,"height":200},"classes":[]},{"id":19781,"url":"https:\/\/lyonelkaufmann.ch\/Blog\/2018\/12\/15\/au-temps-suspends-ton-vol\/","url_meta":{"origin":15676,"position":3},"title":"Oh temps suspends ton vol","author":"Lyonel Kaufmann","date":"15 d\u00e9cembre 2018","format":false,"excerpt":"Au bord du lac L\u00e9man \u00e0 Vevey, le regard tourn\u00e9 en direction de La Tour-de-Peilz et son ch\u00e2teau.","rel":"","context":"Dans &quot;Photo du jour&quot;","block_context":{"text":"Photo du jour","link":"https:\/\/lyonelkaufmann.ch\/Blog\/category\/photo-du-jour\/"},"img":{"alt_text":"","src":"https:\/\/i0.wp.com\/lyonelkaufmann.ch\/Blog\/wp-content\/uploads\/2018\/12\/image_566522076443444.jpg?resize=350%2C200&ssl=1","width":350,"height":200,"srcset":"https:\/\/i0.wp.com\/lyonelkaufmann.ch\/Blog\/wp-content\/uploads\/2018\/12\/image_566522076443444.jpg?resize=350%2C200&ssl=1 1x, https:\/\/i0.wp.com\/lyonelkaufmann.ch\/Blog\/wp-content\/uploads\/2018\/12\/image_566522076443444.jpg?resize=525%2C300&ssl=1 1.5x, https:\/\/i0.wp.com\/lyonelkaufmann.ch\/Blog\/wp-content\/uploads\/2018\/12\/image_566522076443444.jpg?resize=700%2C400&ssl=1 2x, https:\/\/i0.wp.com\/lyonelkaufmann.ch\/Blog\/wp-content\/uploads\/2018\/12\/image_566522076443444.jpg?resize=1050%2C600&ssl=1 3x, https:\/\/i0.wp.com\/lyonelkaufmann.ch\/Blog\/wp-content\/uploads\/2018\/12\/image_566522076443444.jpg?resize=1400%2C800&ssl=1 4x"},"classes":[]},{"id":19819,"url":"https:\/\/lyonelkaufmann.ch\/Blog\/2018\/12\/26\/la-tour-de-peilz-un-parcours-pour-gustave-courbet-le-boeland\/","url_meta":{"origin":15676,"position":4},"title":"La Tour-de-Peilz &#8211; Un parcours pour Gustave Courbet le Boe\u0301land","author":"Lyonel Kaufmann","date":"26 d\u00e9cembre 2018","format":false,"excerpt":"\u00c0 l\u2019occasion des 200 ans de sa naissance, la municipalit\u00e9 de La Tour-de-Peilz propose sept panneaux et un site internet pour rappeler la p\u00e9riode locale de l\u2019artiste fran\u00e7ais. Un pr\u00e9avis pour un montant de 100\u2019000.- francs est d\u00e9pos\u00e9 au Conseil communal.\u00a0 Sept lieux ayant compt\u00e9 lors du s\u00e9jour du ma\u00eetre\u2026","rel":"","context":"Dans &quot;Blogcaf\u00e9&quot;","block_context":{"text":"Blogcaf\u00e9","link":"https:\/\/lyonelkaufmann.ch\/Blog\/category\/blogcafe-2\/"},"img":{"alt_text":"","src":"https:\/\/i0.wp.com\/lyonelkaufmann.ch\/Blog\/wp-content\/uploads\/2018\/12\/img_0212.jpg?resize=350%2C200&ssl=1","width":350,"height":200,"srcset":"https:\/\/i0.wp.com\/lyonelkaufmann.ch\/Blog\/wp-content\/uploads\/2018\/12\/img_0212.jpg?resize=350%2C200&ssl=1 1x, https:\/\/i0.wp.com\/lyonelkaufmann.ch\/Blog\/wp-content\/uploads\/2018\/12\/img_0212.jpg?resize=525%2C300&ssl=1 1.5x, https:\/\/i0.wp.com\/lyonelkaufmann.ch\/Blog\/wp-content\/uploads\/2018\/12\/img_0212.jpg?resize=700%2C400&ssl=1 2x, https:\/\/i0.wp.com\/lyonelkaufmann.ch\/Blog\/wp-content\/uploads\/2018\/12\/img_0212.jpg?resize=1050%2C600&ssl=1 3x"},"classes":[]},{"id":10815,"url":"https:\/\/lyonelkaufmann.ch\/Blog\/2013\/10\/13\/championnat-suisse-de-dressage-la-tour-de-peilz\/","url_meta":{"origin":15676,"position":5},"title":"Championnat suisse de dressage @La Tour-de-Peilz","author":"Lyonel Kaufmann","date":"13 octobre 2013","format":false,"excerpt":"Dimanche 6 octobre : Championnat suisse de dressage @La Tour-de-Peilz Sony RX-100","rel":"","context":"Dans &quot;Photo du jour&quot;","block_context":{"text":"Photo du jour","link":"https:\/\/lyonelkaufmann.ch\/Blog\/category\/photo-du-jour\/"},"img":{"alt_text":"","src":"https:\/\/i0.wp.com\/lyonelkaufmann.ch\/Blog\/wp-content\/uploads\/2015\/03\/20131013-103117.jpg?fit=480%2C480&ssl=1&resize=350%2C200","width":350,"height":200},"classes":[]}],"jetpack_likes_enabled":true,"_links":{"self":[{"href":"https:\/\/lyonelkaufmann.ch\/Blog\/wp-json\/wp\/v2\/posts\/15676","targetHints":{"allow":["GET"]}}],"collection":[{"href":"https:\/\/lyonelkaufmann.ch\/Blog\/wp-json\/wp\/v2\/posts"}],"about":[{"href":"https:\/\/lyonelkaufmann.ch\/Blog\/wp-json\/wp\/v2\/types\/post"}],"author":[{"embeddable":true,"href":"https:\/\/lyonelkaufmann.ch\/Blog\/wp-json\/wp\/v2\/users\/1"}],"replies":[{"embeddable":true,"href":"https:\/\/lyonelkaufmann.ch\/Blog\/wp-json\/wp\/v2\/comments?post=15676"}],"version-history":[{"count":0,"href":"https:\/\/lyonelkaufmann.ch\/Blog\/wp-json\/wp\/v2\/posts\/15676\/revisions"}],"wp:featuredmedia":[{"embeddable":true,"href":"https:\/\/lyonelkaufmann.ch\/Blog\/wp-json\/wp\/v2\/media\/15685"}],"wp:attachment":[{"href":"https:\/\/lyonelkaufmann.ch\/Blog\/wp-json\/wp\/v2\/media?parent=15676"}],"wp:term":[{"taxonomy":"category","embeddable":true,"href":"https:\/\/lyonelkaufmann.ch\/Blog\/wp-json\/wp\/v2\/categories?post=15676"},{"taxonomy":"post_tag","embeddable":true,"href":"https:\/\/lyonelkaufmann.ch\/Blog\/wp-json\/wp\/v2\/tags?post=15676"}],"curies":[{"name":"wp","href":"https:\/\/api.w.org\/{rel}","templated":true}]}}