{"id":15922,"date":"2015-12-30T09:36:07","date_gmt":"2015-12-30T08:36:07","guid":{"rendered":"https:\/\/lyonelkaufmann.ch\/Blog\/?p=15922"},"modified":"2015-12-30T09:36:07","modified_gmt":"2015-12-30T08:36:07","slug":"analyse-le-retour-de-la-revanche-du-reveil-de-la-force-limage-sociale","status":"publish","type":"post","link":"https:\/\/lyonelkaufmann.ch\/Blog\/2015\/12\/30\/analyse-le-retour-de-la-revanche-du-reveil-de-la-force-limage-sociale\/","title":{"rendered":"Analyse : Le retour de la revanche du R\u00e9veil de la Force | L&rsquo;image sociale"},"content":{"rendered":"<p><strong>Un grand merci \u00e0 Andr\u00e9 Gunthert pour son analyse pertinente du 7e opus de la sage <em>Star Wars<\/em>. Morceau choisi.<\/strong><\/p>\n<p><img loading=\"lazy\" decoding=\"async\" style=\"vertical-align: middle;\" src=\"http:\/\/i0.wp.com\/imagesociale.fr\/wp-content\/uploads\/Empirestrikesback_1980a.jpg\" alt=\"\" width=\"800\" height=\"609\" \/><\/p>\n<p><a href=\"http:\/\/imagesociale.fr\/2646\">Le retour de la revanche du R\u00e9veil de la Force \u2013 L&rsquo;image sociale<\/a><\/p>\n<blockquote><p><em>Star Wars<\/em> est bien l\u2019\u0153uvre phare de la mythologie spatiale, celle qui s\u2019ouvre avec <em>Plan\u00e8te interdite<\/em> (Wilcox, 1956), et qui r\u00e9adapte les p\u00e9rip\u00e9ties du roman de chevalerie en les projetant hors du temps historique, vers l\u2019horizon futuriste et incertain de l\u2019espace fictionnel (\u00ab<em>A long time ago in a galaxy far, far away<\/em>\u00bb). Tout comme <em>Les Aventuriers de l\u2019Arche perdue<\/em> ne sont pas une \u0153uvre du g\u00e9nie cr\u00e9ateur, mais le pastiche pour rire de s\u00e9ries Z na\u00efves et ridicules, la premi\u00e8re trilogie de la <em>Guerre des \u00e9toiles<\/em> se pr\u00e9sente comme une d\u00e9clinaison de <em>Flash Gordon<\/em> et du genre d\u00e9j\u00e0 \u00e9puis\u00e9 de l\u2019\u00e9pop\u00e9e spatiale. Pour Spielberg comme pour Lucas, l\u2019exercice hollywoodien constitue une adaptation tardive d\u2019une source issue de la culture populaire et du monde de l\u2019enfance.<\/p>\n<p>[\u2026]<\/p>\n<p>Dans une histoire bient\u00f4t quarantenaire, le septi\u00e8me \u00e9pisode pr\u00e9sente la caract\u00e9ristique de faire revenir la fiction \u00e0 un nouveau pr\u00e9sent, apr\u00e8s le long d\u00e9tour de la pr\u00e9logie. Comme dans la franchise <em>James Bond<\/em>, toute discussion sur une \u0153uvre travaill\u00e9e par une aussi longue dur\u00e9e revient \u00e0 \u00e9valuer les degr\u00e9s de conformit\u00e9 ou d\u2019\u00e9cart par rapport \u00e0 ses codes fondateurs, devenus autant de symboles int\u00e9gr\u00e9s \u00e0 une narration d\u00e9lib\u00e9r\u00e9ment historiciste. Le public devient l\u2019acteur d\u2019une \u00e9rudition sp\u00e9cialis\u00e9e soigneusement entretenue par l\u2019ensemble de l\u2019entreprise promotionnelle.<\/p>\n<p>La confrontation avec l\u2019inexorable vieillissement des acteurs de la premi\u00e8re \u00e9poque, plus de trente ans apr\u00e8s, est la grande affaire du <em>R\u00e9veil de la Force<\/em>. Elle r\u00e9v\u00e8le le lien secret de la temporalit\u00e9 de la fiction avec ce temps pass\u00e9 qui est aussi le n\u00f4tre, et simultan\u00e9ment ram\u00e8ne tous les spectateurs de la premi\u00e8re trilogie \u00e0 leurs souvenirs et \u00e0 leur propre jeunesse, dans un aller-retour \u00e0 proprement parler vertigineux.<\/p><\/blockquote>\n<p>Je ne peux que vous engager \u00e0 lire l&rsquo;entier de cet excellent article :\u00a0<a href=\"http:\/\/imagesociale.fr\/2646\">Le retour de la revanche du R\u00e9veil de la Force \u2013 L&rsquo;image sociale<\/a><\/p>\n","protected":false},"excerpt":{"rendered":"<p>Un grand merci \u00e0 Andr\u00e9 Gunthert pour son analyse pertinente du 7e opus de la sage Star Wars. Morceau choisi. Le retour de la revanche du R\u00e9veil de la Force \u2013 L&rsquo;image sociale Star Wars est bien l\u2019\u0153uvre phare de la mythologie spatiale, celle qui s\u2019ouvre avec Plan\u00e8te interdite (Wilcox, 1956), et qui r\u00e9adapte les [&hellip;]<\/p>\n","protected":false},"author":1,"featured_media":15923,"comment_status":"open","ping_status":"open","sticky":false,"template":"","format":"standard","meta":{"_import_markdown_pro_load_document_selector":0,"_import_markdown_pro_submit_text_textarea":"","_genesis_hide_title":false,"_genesis_hide_breadcrumbs":false,"_genesis_hide_singular_image":false,"_genesis_hide_footer_widgets":false,"_genesis_custom_body_class":"","_genesis_custom_post_class":"","_genesis_layout":"","jetpack_post_was_ever_published":false,"_jetpack_newsletter_access":"","_jetpack_dont_email_post_to_subs":false,"_jetpack_newsletter_tier_id":0,"_jetpack_memberships_contains_paywalled_content":false,"_jetpack_memberships_contains_paid_content":false,"activitypub_content_warning":"","activitypub_content_visibility":"","activitypub_max_image_attachments":3,"activitypub_interaction_policy_quote":"anyone","activitypub_status":"","footnotes":"","jetpack_publicize_message":"","jetpack_publicize_feature_enabled":true,"jetpack_social_post_already_shared":true,"jetpack_social_options":{"image_generator_settings":{"template":"fullscreen","default_image_id":0,"font":"","enabled":false},"version":2}},"categories":[3],"tags":[],"class_list":{"0":"post-15922","1":"post","2":"type-post","3":"status-publish","4":"format-standard","5":"has-post-thumbnail","7":"category-blogcafe-2","8":"entry"},"jetpack_publicize_connections":[],"featured_image_src":"https:\/\/i0.wp.com\/lyonelkaufmann.ch\/Blog\/wp-content\/uploads\/2015\/12\/Empirestrikesback_1980a.jpg?resize=600%2C400&ssl=1","featured_image_src_square":"https:\/\/i0.wp.com\/lyonelkaufmann.ch\/Blog\/wp-content\/uploads\/2015\/12\/Empirestrikesback_1980a.jpg?resize=600%2C600&ssl=1","author_info":{"display_name":"Lyonel Kaufmann","author_link":"https:\/\/lyonelkaufmann.ch\/Blog\/author\/lyonelk\/"},"jetpack_featured_media_url":"https:\/\/i0.wp.com\/lyonelkaufmann.ch\/Blog\/wp-content\/uploads\/2015\/12\/Empirestrikesback_1980a.jpg?fit=2880%2C2195&ssl=1","jetpack_sharing_enabled":true,"jetpack_shortlink":"https:\/\/wp.me\/p1qtF4-48O","jetpack-related-posts":[{"id":19791,"url":"https:\/\/lyonelkaufmann.ch\/Blog\/2018\/12\/21\/apres-les-gilets-jaunes-repenser-les-classes-sociales-liberation\/","url_meta":{"origin":15922,"position":0},"title":"Apr\u00e8s les\u00a0gilets jaunes, repenser\u00a0les\u00a0classes\u00a0sociales &#8211; Lib\u00e9ration","author":"Lyonel Kaufmann","date":"21 d\u00e9cembre 2018","format":false,"excerpt":"Une tribune tr\u00e8s int\u00e9ressante de\u00a0Serge Paugam, directeur de recherches au CNRS, directeur d\u2019\u00e9tudes \u00e0 l\u2019EHESS. et Gilles Lafert\u00e9, directeur de recherches \u00e0 l\u2019Inra.\u00a0 La r\u00e9volte contemporaine ravive les conflits de classes que certains croyaient \u00e9teints. Mais cette lutte ne reprend pas le chemin du pass\u00e9, et pour l\u2019analyser, il faut\u2026","rel":"","context":"Dans &quot;politis&quot;","block_context":{"text":"politis","link":"https:\/\/lyonelkaufmann.ch\/Blog\/category\/politis\/"},"img":{"alt_text":"","src":"","width":0,"height":0},"classes":[]},{"id":17959,"url":"https:\/\/lyonelkaufmann.ch\/Blog\/2017\/01\/20\/geopolitique-de-rogue-one-ou-comment-dire-au-revoir-a-lamerique\/","url_meta":{"origin":15922,"position":1},"title":"G\u00e9opolitique de \u00ab\u00a0Rogue\u00a0One\u00a0\u00bb (ou\u00a0comment dire au\u00a0revoir \u00e0\u00a0l\u2019Am\u00e9rique)","author":"Lyonel Kaufmann","date":"20 janvier 2017","format":false,"excerpt":"Vincent Lowy, professeur en sciences de l'information et de la communication \u00e0 l'Universit\u00e9 de Lorraine, nous offre une brillante et fouill\u00e9e analyse de la serie Star Wars et plus particuli\u00e8rement de son dernier avatar \u00abRogue One\u00bb. Pour Lowy, Rogue One est un des premiers jalons culturels de l\u2019\u00e8re Trump. Ce\u2026","rel":"","context":"Dans &quot;Blogcaf\u00e9&quot;","block_context":{"text":"Blogcaf\u00e9","link":"https:\/\/lyonelkaufmann.ch\/Blog\/category\/blogcafe-2\/"},"img":{"alt_text":"","src":"https:\/\/i0.wp.com\/lyonelkaufmann.ch\/Blog\/wp-content\/uploads\/2017\/01\/Image-20.01.17-12-14.jpeg?fit=1200%2C800&ssl=1&resize=350%2C200","width":350,"height":200,"srcset":"https:\/\/i0.wp.com\/lyonelkaufmann.ch\/Blog\/wp-content\/uploads\/2017\/01\/Image-20.01.17-12-14.jpeg?fit=1200%2C800&ssl=1&resize=350%2C200 1x, https:\/\/i0.wp.com\/lyonelkaufmann.ch\/Blog\/wp-content\/uploads\/2017\/01\/Image-20.01.17-12-14.jpeg?fit=1200%2C800&ssl=1&resize=525%2C300 1.5x, https:\/\/i0.wp.com\/lyonelkaufmann.ch\/Blog\/wp-content\/uploads\/2017\/01\/Image-20.01.17-12-14.jpeg?fit=1200%2C800&ssl=1&resize=700%2C400 2x, https:\/\/i0.wp.com\/lyonelkaufmann.ch\/Blog\/wp-content\/uploads\/2017\/01\/Image-20.01.17-12-14.jpeg?fit=1200%2C800&ssl=1&resize=1050%2C600 3x"},"classes":[]},{"id":10929,"url":"https:\/\/lyonelkaufmann.ch\/Blog\/2013\/11\/06\/sur-les-traces-de-banksy-a-new-york-le-monde\/","url_meta":{"origin":15922,"position":2},"title":"Sur les traces de Banksy \u00e0 New York | Le Monde","author":"Lyonel Kaufmann","date":"6 novembre 2013","format":false,"excerpt":"Du 1er au 31 octobre, Banksy a pris ses quartiers \u00e0 New York. Manhattan, Brooklyn, le Bronx, le Queens et Staten Island : chacun des cinq \"boroughs\" de la ville a \u00e9t\u00e9 revisit\u00e9 par la star du street art. Chaque jour, ses fans, ses d\u00e9tracteurs, la police et les curieux\u2026","rel":"","context":"Dans &quot;Blogcaf\u00e9&quot;","block_context":{"text":"Blogcaf\u00e9","link":"https:\/\/lyonelkaufmann.ch\/Blog\/category\/blogcafe-2\/"},"img":{"alt_text":"bansky_new-york","src":"https:\/\/i0.wp.com\/lyonelkaufmann.ch\/Blog\/wp-content\/uploads\/2013\/11\/bansky_new-york.png?resize=350%2C200","width":350,"height":200,"srcset":"https:\/\/i0.wp.com\/lyonelkaufmann.ch\/Blog\/wp-content\/uploads\/2013\/11\/bansky_new-york.png?resize=350%2C200 1x, https:\/\/i0.wp.com\/lyonelkaufmann.ch\/Blog\/wp-content\/uploads\/2013\/11\/bansky_new-york.png?resize=525%2C300 1.5x"},"classes":[]},{"id":19181,"url":"https:\/\/lyonelkaufmann.ch\/Blog\/2018\/04\/20\/le-passe-culture-revolution-ou-retour-a-lancien-monde\/","url_meta":{"origin":15922,"position":3},"title":"Le \u00ab passe culture \u00bb : r\u00e9volution ou retour \u00e0 l\u2019ancien monde ?","author":"Lyonel Kaufmann","date":"20 avril 2018","format":false,"excerpt":"Dans un article pour \u00ab\u00a0The Conversation\u00a0\u00bb, Jean Caune, Professeur \u00e9m\u00e9rite en sciences de la communication, Universit\u00e9 Grenoble Alpes, met en perspective le dispositif du passe culture pr\u00e9sent\u00e9 par Fran\u00e7oise Nyssen comme la mesure phare de sa politique culturelle. Concernant le dispositif propos\u00e9 par Fran\u00e7oise Nyssen, l\u2019acc\u00e8s aux biens culturels sera\u2026","rel":"","context":"Dans &quot;politis&quot;","block_context":{"text":"politis","link":"https:\/\/lyonelkaufmann.ch\/Blog\/category\/politis\/"},"img":{"alt_text":"","src":"","width":0,"height":0},"classes":[]},{"id":3584,"url":"https:\/\/lyonelkaufmann.ch\/Blog\/2011\/02\/25\/les-vestiges-oublies-de-lempire-sovietique\/","url_meta":{"origin":15922,"position":4},"title":"Les vestiges oubli\u00e9s de l&rsquo;Empire sovi\u00e9tique","author":"Lyonel Kaufmann","date":"25 f\u00e9vrier 2011","format":false,"excerpt":"Eric Lusito a voyag\u00e9 d\u2019Allemagne de l'Est \u00e0 la Mongolie et de la Pologne au Kazakhstan \u00e0 la recherche de ces sites qui repr\u00e9sentaient l'ambition et la puissance de l\u2019URSS. Il en a ramen\u00e9 de superbes images.. Entre histoire et m\u00e9moire, espace et patrimoine, mythes et propagande, cette collection d\u2019images\u2026","rel":"","context":"Dans &quot;histoire&quot;","block_context":{"text":"histoire","link":"https:\/\/lyonelkaufmann.ch\/Blog\/category\/histoire-2\/"},"img":{"alt_text":"","src":"https:\/\/i0.wp.com\/lyonelkaufmann.ch\/Blog\/wp-content\/uploads\/2015\/03\/75E77FD0-1AF8-4BE2-91A3-77DEB3A120B67.jpg?fit=800%2C640&ssl=1&resize=350%2C200","width":350,"height":200,"srcset":"https:\/\/i0.wp.com\/lyonelkaufmann.ch\/Blog\/wp-content\/uploads\/2015\/03\/75E77FD0-1AF8-4BE2-91A3-77DEB3A120B67.jpg?fit=800%2C640&ssl=1&resize=350%2C200 1x, https:\/\/i0.wp.com\/lyonelkaufmann.ch\/Blog\/wp-content\/uploads\/2015\/03\/75E77FD0-1AF8-4BE2-91A3-77DEB3A120B67.jpg?fit=800%2C640&ssl=1&resize=525%2C300 1.5x, https:\/\/i0.wp.com\/lyonelkaufmann.ch\/Blog\/wp-content\/uploads\/2015\/03\/75E77FD0-1AF8-4BE2-91A3-77DEB3A120B67.jpg?fit=800%2C640&ssl=1&resize=700%2C400 2x"},"classes":[]},{"id":142,"url":"https:\/\/lyonelkaufmann.ch\/Blog\/2015\/01\/29\/revue-de-presse-retour-sur-le-new-deal\/","url_meta":{"origin":15922,"position":5},"title":"Revue de Presse : Retour sur le New Deal","author":"Lyonel Kaufmann","date":"29 janvier 2015","format":false,"excerpt":"R\u00e9visant l'histoire du New Deal, Ira Katznelson voit celui-ci comme un moment fondamental de r\u00e9invention de la d\u00e9mocratie am\u00e9ricaine. En pla\u00e7ant le Sud et le Congr\u00e8s au centre de son r\u00e9cit, l'historien am\u00e9ricain revoit cette histoire sur laquelle tout semblait avoir \u00e9t\u00e9 dit. Je retiens : \u00abPeut-on encore dire quelque\u2026","rel":"","context":"Dans &quot;Diary&quot;","block_context":{"text":"Diary","link":"https:\/\/lyonelkaufmann.ch\/Blog\/category\/diary\/"},"img":{"alt_text":"","src":"https:\/\/i0.wp.com\/lyonelkaufmann.ch\/Blog\/wp-content\/uploads\/2015\/03\/blogcafe1.jpg?fit=1024%2C683&ssl=1&resize=350%2C200","width":350,"height":200,"srcset":"https:\/\/i0.wp.com\/lyonelkaufmann.ch\/Blog\/wp-content\/uploads\/2015\/03\/blogcafe1.jpg?fit=1024%2C683&ssl=1&resize=350%2C200 1x, https:\/\/i0.wp.com\/lyonelkaufmann.ch\/Blog\/wp-content\/uploads\/2015\/03\/blogcafe1.jpg?fit=1024%2C683&ssl=1&resize=525%2C300 1.5x, https:\/\/i0.wp.com\/lyonelkaufmann.ch\/Blog\/wp-content\/uploads\/2015\/03\/blogcafe1.jpg?fit=1024%2C683&ssl=1&resize=700%2C400 2x"},"classes":[]}],"jetpack_likes_enabled":true,"_links":{"self":[{"href":"https:\/\/lyonelkaufmann.ch\/Blog\/wp-json\/wp\/v2\/posts\/15922","targetHints":{"allow":["GET"]}}],"collection":[{"href":"https:\/\/lyonelkaufmann.ch\/Blog\/wp-json\/wp\/v2\/posts"}],"about":[{"href":"https:\/\/lyonelkaufmann.ch\/Blog\/wp-json\/wp\/v2\/types\/post"}],"author":[{"embeddable":true,"href":"https:\/\/lyonelkaufmann.ch\/Blog\/wp-json\/wp\/v2\/users\/1"}],"replies":[{"embeddable":true,"href":"https:\/\/lyonelkaufmann.ch\/Blog\/wp-json\/wp\/v2\/comments?post=15922"}],"version-history":[{"count":0,"href":"https:\/\/lyonelkaufmann.ch\/Blog\/wp-json\/wp\/v2\/posts\/15922\/revisions"}],"wp:featuredmedia":[{"embeddable":true,"href":"https:\/\/lyonelkaufmann.ch\/Blog\/wp-json\/wp\/v2\/media\/15923"}],"wp:attachment":[{"href":"https:\/\/lyonelkaufmann.ch\/Blog\/wp-json\/wp\/v2\/media?parent=15922"}],"wp:term":[{"taxonomy":"category","embeddable":true,"href":"https:\/\/lyonelkaufmann.ch\/Blog\/wp-json\/wp\/v2\/categories?post=15922"},{"taxonomy":"post_tag","embeddable":true,"href":"https:\/\/lyonelkaufmann.ch\/Blog\/wp-json\/wp\/v2\/tags?post=15922"}],"curies":[{"name":"wp","href":"https:\/\/api.w.org\/{rel}","templated":true}]}}