{"id":15940,"date":"2016-01-03T01:38:26","date_gmt":"2016-01-03T00:38:26","guid":{"rendered":"https:\/\/lyonelkaufmann.ch\/Blog\/?p=15940"},"modified":"2016-01-03T11:01:05","modified_gmt":"2016-01-03T10:01:05","slug":"fairphone-2-un-smartphone-prevu-pour-durer-la-liberte","status":"publish","type":"post","link":"https:\/\/lyonelkaufmann.ch\/Blog\/2016\/01\/03\/fairphone-2-un-smartphone-prevu-pour-durer-la-liberte\/","title":{"rendered":"Fairphone 2 : Un smartphone pr\u00e9vu pour durer | La Libert\u00e9"},"content":{"rendered":"<p><strong>Fairphone 2 \u2022 Cet appareil \u00ab\u00e9quitable\u00bb, tr\u00e8s attendu apr\u00e8s le succ\u00e8s du premier mod\u00e8le, convainc par sa conception modulaire o\u00f9 un \u00e9l\u00e9ment d\u00e9faillant peut facilement \u00eatre remplac\u00e9.<\/strong><br \/>\n<a href=\"https:\/\/i0.wp.com\/lyonelkaufmann.ch\/Blog\/wp-content\/uploads\/2016\/01\/img_3506.jpeg\"><img data-recalc-dims=\"1\" decoding=\"async\" src=\"https:\/\/i0.wp.com\/lyonelkaufmann.ch\/Blog\/wp-content\/uploads\/2016\/01\/img_3506.jpeg\" alt=\"\"><\/a><\/p>\n<blockquote><p>On en \u00e9tait rest\u00e9s au stade de l\u2019intention louable avec le Fairphone 1. Un smartphone labellis\u00e9 \u00ab\u00e9quitable\u00bb, dont le fabricant affirmait notamment se fournir en minerais extraits de mani\u00e8re responsable (en R\u00e9publique d\u00e9mocratique du Congo), tout en garantissant des conditions de travail dignes aux employ\u00e9s de son usine chinoise. Une premi\u00e8re tentative remarqu\u00e9e, pour un appareil aux caract\u00e9ristiques techniques encore loin d\u2019\u00eatre affriolantes. Fort de son succ\u00e8s, le fabricant n\u00e9erlandais a planch\u00e9 sur un nouveau mod\u00e8le, le Fairphone 2. \u00abLa Libert\u00e9\u00bb a pu obtenir un exemplaire de test alors que les premiers appareils, tr\u00e8s attendus, sont livr\u00e9s en Suisse depuis quelques jours seulement.<\/p>\n<p>Un smartphone en tout point convaincant: moderne, mais aussi responsable et r\u00e9parable. R\u00e9parable? Oui, et c\u2019est la grande prouesse de ce t\u00e9l\u00e9phone, \u00e0 l\u2019heure o\u00f9 les autres fabricants continuent de proposer des smartphones verrouill\u00e9s, bons pour la casse d\u00e8s lors qu\u2019un composant vient \u00e0 d\u00e9faillir\u2026 et donc condamn\u00e9s \u00e0 une obsolescence rapide. Le site iFixit, qui met \u00e0 disposition des guides de r\u00e9paration pour tout type de mat\u00e9riel \u00e9lectronique, a, pour la premi\u00e8re fois, attribu\u00e9 la note de \u00abr\u00e9parabilit\u00e9\u00bb maximale de 10\/10 au Fairphone 2, l\u00e0 o\u00f9 le r\u00e9cent Google Nexus 6P, \u00abtr\u00e8s difficile \u00e0 ouvrir sans endommager le t\u00e9l\u00e9phone\u00bb, s\u2019est par exemple vu attribuer un m\u00e9diocre 2\/10.<\/p><\/blockquote>\n<p>Lire la suite du test : <em><a href=\"http:\/\/www.laliberte.ch\/news\/magazine\/multimedia\/un-smartphone-prevu-pour-durer-320352#.Vohswust_v4\">Un smartphone pr\u00e9vu pour durer &#8211; La Libert\u00e9<\/a><\/em><\/p>\n","protected":false},"excerpt":{"rendered":"<p>Fairphone 2 \u2022 Cet appareil \u00ab\u00e9quitable\u00bb, tr\u00e8s attendu apr\u00e8s le succ\u00e8s du premier mod\u00e8le, convainc par sa conception modulaire o\u00f9 un \u00e9l\u00e9ment d\u00e9faillant peut facilement \u00eatre remplac\u00e9. On en \u00e9tait rest\u00e9s au stade de l\u2019intention louable avec le Fairphone 1. Un smartphone labellis\u00e9 \u00ab\u00e9quitable\u00bb, dont le fabricant affirmait notamment se fournir en minerais extraits de [&hellip;]<\/p>\n","protected":false},"author":1,"featured_media":15942,"comment_status":"open","ping_status":"open","sticky":false,"template":"","format":"standard","meta":{"_import_markdown_pro_load_document_selector":0,"_import_markdown_pro_submit_text_textarea":"","_genesis_hide_title":false,"_genesis_hide_breadcrumbs":false,"_genesis_hide_singular_image":false,"_genesis_hide_footer_widgets":false,"_genesis_custom_body_class":"","_genesis_custom_post_class":"","_genesis_layout":"","jetpack_post_was_ever_published":false,"_jetpack_newsletter_access":"","_jetpack_dont_email_post_to_subs":false,"_jetpack_newsletter_tier_id":0,"_jetpack_memberships_contains_paywalled_content":false,"_jetpack_memberships_contains_paid_content":false,"activitypub_content_warning":"","activitypub_content_visibility":"","activitypub_max_image_attachments":3,"activitypub_interaction_policy_quote":"anyone","activitypub_status":"","footnotes":"","jetpack_publicize_message":"","jetpack_publicize_feature_enabled":true,"jetpack_social_post_already_shared":true,"jetpack_social_options":{"image_generator_settings":{"template":"fullscreen","default_image_id":0,"font":"","enabled":false},"version":2}},"categories":[3],"tags":[],"class_list":{"0":"post-15940","1":"post","2":"type-post","3":"status-publish","4":"format-standard","5":"has-post-thumbnail","7":"category-blogcafe-2","8":"entry"},"jetpack_publicize_connections":[],"featured_image_src":"https:\/\/i0.wp.com\/lyonelkaufmann.ch\/Blog\/wp-content\/uploads\/2016\/01\/28_ma_fairphone_copie-1.jpg?resize=600%2C362&ssl=1","featured_image_src_square":"https:\/\/i0.wp.com\/lyonelkaufmann.ch\/Blog\/wp-content\/uploads\/2016\/01\/28_ma_fairphone_copie-1.jpg?resize=600%2C362&ssl=1","author_info":{"display_name":"Lyonel Kaufmann","author_link":"https:\/\/lyonelkaufmann.ch\/Blog\/author\/lyonelk\/"},"jetpack_featured_media_url":"https:\/\/i0.wp.com\/lyonelkaufmann.ch\/Blog\/wp-content\/uploads\/2016\/01\/28_ma_fairphone_copie-1.jpg?fit=644%2C362&ssl=1","jetpack_sharing_enabled":true,"jetpack_shortlink":"https:\/\/wp.me\/p1qtF4-496","jetpack-related-posts":[{"id":9037,"url":"https:\/\/lyonelkaufmann.ch\/Blog\/2012\/12\/31\/tout-le-monde-est-photographe-retrospective-2012\/","url_meta":{"origin":15940,"position":0},"title":"Tout le monde est photographe | R\u00e9trospective 2012","author":"Lyonel Kaufmann","date":"31 d\u00e9cembre 2012","format":false,"excerpt":"Ce n'est nullement un hasard si en 2012 Facebook a rachet\u00e9 Instagram et Google le logiciel Snapspeed (Google lance Snapseed sur Android et veut bousculer Instagram) Dans leur lutte \u00e0 la domination des r\u00e9seaux sociaux, la photographie occupe une place centrale dans leur strat\u00e9gie. Il en est de m\u00eame d'ailleurs\u2026","rel":"","context":"Dans &quot;Blogcaf\u00e9&quot;","block_context":{"text":"Blogcaf\u00e9","link":"https:\/\/lyonelkaufmann.ch\/Blog\/category\/blogcafe-2\/"},"img":{"alt_text":"","src":"https:\/\/i0.wp.com\/lyonelkaufmann.ch\/Blog\/wp-content\/uploads\/2015\/03\/8314125504_773e48f8f2.jpg?fit=500%2C500&ssl=1&resize=350%2C200","width":350,"height":200},"classes":[]},{"id":15259,"url":"https:\/\/lyonelkaufmann.ch\/Blog\/2015\/10\/14\/le-smartphone-a-plus-democratise-la-photo-que-tous-les-appareils-existants-limage-sociale\/","url_meta":{"origin":15940,"position":1},"title":"Le smartphone a plus d\u00e9mocratis\u00e9 la photo que tous les appareils existants | L&rsquo;image sociale","author":"Lyonel Kaufmann","date":"14 octobre 2015","format":false,"excerpt":"Entretien avec Franck Jamet pour le magazine Photo n\u00b0 521, octobre 2015. \u00c9volution technique autant que ph\u00e9nom\u00e8ne social, l\u2019image num\u00e9rique a transform\u00e9 nos pratiques et modifi\u00e9 notre perception du monde. Andr\u00e9 Gunthert, enseignant chercheur \u00e0 l\u2019EHESS, retrace l\u2019histoire de cette mutation et des usages actuels de l\u2019image dans L\u2019Image partag\u00e9e,\u2026","rel":"","context":"Dans &quot;Blogcaf\u00e9&quot;","block_context":{"text":"Blogcaf\u00e9","link":"https:\/\/lyonelkaufmann.ch\/Blog\/category\/blogcafe-2\/"},"img":{"alt_text":"","src":"https:\/\/i0.wp.com\/lyonelkaufmann.ch\/Blog\/wp-content\/uploads\/2015\/10\/renanastier2015.jpg?fit=1181%2C787&ssl=1&resize=350%2C200","width":350,"height":200,"srcset":"https:\/\/i0.wp.com\/lyonelkaufmann.ch\/Blog\/wp-content\/uploads\/2015\/10\/renanastier2015.jpg?fit=1181%2C787&ssl=1&resize=350%2C200 1x, https:\/\/i0.wp.com\/lyonelkaufmann.ch\/Blog\/wp-content\/uploads\/2015\/10\/renanastier2015.jpg?fit=1181%2C787&ssl=1&resize=525%2C300 1.5x, https:\/\/i0.wp.com\/lyonelkaufmann.ch\/Blog\/wp-content\/uploads\/2015\/10\/renanastier2015.jpg?fit=1181%2C787&ssl=1&resize=700%2C400 2x, https:\/\/i0.wp.com\/lyonelkaufmann.ch\/Blog\/wp-content\/uploads\/2015\/10\/renanastier2015.jpg?fit=1181%2C787&ssl=1&resize=1050%2C600 3x"},"classes":[]},{"id":14554,"url":"https:\/\/lyonelkaufmann.ch\/Blog\/2015\/02\/24\/revue-de-presse-le-smartphone-est-il-devenu-le-premier-ecran-influencia\/","url_meta":{"origin":15940,"position":2},"title":"Revue de Presse : Le smartphone est-il devenu le premier \u00e9cran ? &#8211; Influencia","author":"Lyonel Kaufmann","date":"24 f\u00e9vrier 2015","format":false,"excerpt":"Mon pr\u00e9cieux... diront certains annonceurs. Longtemps per\u00e7u comme second \u00e9cran, le mobile joue du coude et s\u2019empare \u00e0 vitesse grand V du statut de premier \u00e9cran chez la majorit\u00e9 des consommateurs... Je retiens : \u00abSelon le Pew Research Center, 58% des adultes nord-am\u00e9ricains poss\u00e8dent un smartphone, 32% un e-reader et\u2026","rel":"","context":"Dans &quot;Diary&quot;","block_context":{"text":"Diary","link":"https:\/\/lyonelkaufmann.ch\/Blog\/category\/diary\/"},"img":{"alt_text":"","src":"https:\/\/i0.wp.com\/lyonelkaufmann.ch\/Blog\/wp-content\/uploads\/2015\/03\/1GnFwFj.png?fit=650%2C299&ssl=1&resize=350%2C200","width":350,"height":200,"srcset":"https:\/\/i0.wp.com\/lyonelkaufmann.ch\/Blog\/wp-content\/uploads\/2015\/03\/1GnFwFj.png?fit=650%2C299&ssl=1&resize=350%2C200 1x, https:\/\/i0.wp.com\/lyonelkaufmann.ch\/Blog\/wp-content\/uploads\/2015\/03\/1GnFwFj.png?fit=650%2C299&ssl=1&resize=525%2C300 1.5x"},"classes":[]},{"id":1682,"url":"https:\/\/lyonelkaufmann.ch\/Blog\/2009\/01\/11\/electronique-couteaux-pour-aventuriers-de-la-salle-de-conference\/","url_meta":{"origin":15940,"position":3},"title":"Electronique: couteaux pour aventuriers de la salle de conf\u00e9rence","author":"Lyonel Kaufmann","date":"11 janvier 2009","format":"aside","excerpt":"Le fabricant des couteaux suisses Victorinox a pr\u00e9sent\u00e9 vendredi au salon de l\u2019\u00e9lectronique de... Related posts:Pour un Conseil f\u00e9d\u00e9ral sans UDC toxique Pour un Conseil f\u00e9d\u00e9ral sans UDC toxique: Dans son \u00e9dition...MicroPolitis du 2008-12-07 MicroPolitis du 2008-12-07: Encore un week-end de votations grisouille\u2026 Les...Tout se joue d\u00e9sormais \u00e0 Bruxelles Tout\u2026","rel":"","context":"Dans &quot;Blogcaf\u00e9&quot;","block_context":{"text":"Blogcaf\u00e9","link":"https:\/\/lyonelkaufmann.ch\/Blog\/category\/blogcafe-2\/"},"img":{"alt_text":"Victorinox Presentation Pro Las Vegas","src":"https:\/\/i0.wp.com\/llnw.image.cbslocal.com\/0\/2009\/01\/08\/320x240\/4_6028_TF_product1_270x260.jpg?resize=350%2C200","width":350,"height":200},"classes":[]},{"id":7662,"url":"https:\/\/lyonelkaufmann.ch\/Blog\/2012\/11\/11\/lavenir-des-manuels-scolaires-numeriques-looking-up-2\/","url_meta":{"origin":15940,"position":4},"title":"L&rsquo;avenir des manuels scolaires num\u00e9riques | Looking Up","author":"Lyonel Kaufmann","date":"11 novembre 2012","format":false,"excerpt":"Que devrait-\u00eatre un manuel num\u00e9rique ? Quelles en sont les les caract\u00e9ristiques utiles? Comment pouvons-nous tirer parti au mieux des capacit\u00e9s des appareils et de leur connectivit\u00e9 pour en faire une ressource plus utile? Voici quelques questions auxquelles tente de r\u00e9pondre Andrew Campbell, enseignant, sur son blog. Pour Campbell, six\u2026","rel":"","context":"Dans &quot;Blogcaf\u00e9&quot;","block_context":{"text":"Blogcaf\u00e9","link":"https:\/\/lyonelkaufmann.ch\/Blog\/category\/blogcafe-2\/"},"img":{"alt_text":"","src":"https:\/\/i0.wp.com\/lyonelkaufmann.ch\/Blog\/wp-content\/uploads\/2015\/03\/blogcafe1.jpg?fit=1024%2C683&ssl=1&resize=350%2C200","width":350,"height":200,"srcset":"https:\/\/i0.wp.com\/lyonelkaufmann.ch\/Blog\/wp-content\/uploads\/2015\/03\/blogcafe1.jpg?fit=1024%2C683&ssl=1&resize=350%2C200 1x, https:\/\/i0.wp.com\/lyonelkaufmann.ch\/Blog\/wp-content\/uploads\/2015\/03\/blogcafe1.jpg?fit=1024%2C683&ssl=1&resize=525%2C300 1.5x, https:\/\/i0.wp.com\/lyonelkaufmann.ch\/Blog\/wp-content\/uploads\/2015\/03\/blogcafe1.jpg?fit=1024%2C683&ssl=1&resize=700%2C400 2x"},"classes":[]},{"id":14553,"url":"https:\/\/lyonelkaufmann.ch\/Blog\/2015\/02\/23\/prendre-notes-ere-numerique\/","url_meta":{"origin":15940,"position":5},"title":"Prendre des notes \u00e0 l&rsquo;\u00e8re num\u00e9rique (1)","author":"Lyonel Kaufmann","date":"23 f\u00e9vrier 2015","format":false,"excerpt":"Prendre des notes \u00e0 l\u2019\u00e8re num\u00e9rique (1) Les outils num\u00e9riques sont omnipr\u00e9sents. Ordinateurs, notebooks, tablettes, phablettes et smartphones meublent notre quotidien. Quand j\u2019entre dans la chambre de ma fille, il n\u2019est pas rares que je la trouve devant trois \u00e9crans. La plupart d\u2019entre nous sont connect\u00e9s \u00e0 deux appareils simultan\u00e9ment.\u2026","rel":"","context":"Dans &quot;histoire&quot;","block_context":{"text":"histoire","link":"https:\/\/lyonelkaufmann.ch\/Blog\/category\/histoire-2\/"},"img":{"alt_text":"","src":"https:\/\/i0.wp.com\/lyonelkaufmann.ch\/Blog\/wp-content\/uploads\/2015\/03\/blogcafe1.jpg?fit=1024%2C683&ssl=1&resize=350%2C200","width":350,"height":200,"srcset":"https:\/\/i0.wp.com\/lyonelkaufmann.ch\/Blog\/wp-content\/uploads\/2015\/03\/blogcafe1.jpg?fit=1024%2C683&ssl=1&resize=350%2C200 1x, https:\/\/i0.wp.com\/lyonelkaufmann.ch\/Blog\/wp-content\/uploads\/2015\/03\/blogcafe1.jpg?fit=1024%2C683&ssl=1&resize=525%2C300 1.5x, https:\/\/i0.wp.com\/lyonelkaufmann.ch\/Blog\/wp-content\/uploads\/2015\/03\/blogcafe1.jpg?fit=1024%2C683&ssl=1&resize=700%2C400 2x"},"classes":[]}],"jetpack_likes_enabled":true,"_links":{"self":[{"href":"https:\/\/lyonelkaufmann.ch\/Blog\/wp-json\/wp\/v2\/posts\/15940","targetHints":{"allow":["GET"]}}],"collection":[{"href":"https:\/\/lyonelkaufmann.ch\/Blog\/wp-json\/wp\/v2\/posts"}],"about":[{"href":"https:\/\/lyonelkaufmann.ch\/Blog\/wp-json\/wp\/v2\/types\/post"}],"author":[{"embeddable":true,"href":"https:\/\/lyonelkaufmann.ch\/Blog\/wp-json\/wp\/v2\/users\/1"}],"replies":[{"embeddable":true,"href":"https:\/\/lyonelkaufmann.ch\/Blog\/wp-json\/wp\/v2\/comments?post=15940"}],"version-history":[{"count":0,"href":"https:\/\/lyonelkaufmann.ch\/Blog\/wp-json\/wp\/v2\/posts\/15940\/revisions"}],"wp:featuredmedia":[{"embeddable":true,"href":"https:\/\/lyonelkaufmann.ch\/Blog\/wp-json\/wp\/v2\/media\/15942"}],"wp:attachment":[{"href":"https:\/\/lyonelkaufmann.ch\/Blog\/wp-json\/wp\/v2\/media?parent=15940"}],"wp:term":[{"taxonomy":"category","embeddable":true,"href":"https:\/\/lyonelkaufmann.ch\/Blog\/wp-json\/wp\/v2\/categories?post=15940"},{"taxonomy":"post_tag","embeddable":true,"href":"https:\/\/lyonelkaufmann.ch\/Blog\/wp-json\/wp\/v2\/tags?post=15940"}],"curies":[{"name":"wp","href":"https:\/\/api.w.org\/{rel}","templated":true}]}}