{"id":15947,"date":"2016-01-03T23:07:11","date_gmt":"2016-01-03T22:07:11","guid":{"rendered":"https:\/\/lyonelkaufmann.ch\/Blog\/?p=15947"},"modified":"2016-01-03T23:07:11","modified_gmt":"2016-01-03T22:07:11","slug":"vaud-le-livre-numerique-se-fait-une-place-dans-les-bibliotheques","status":"publish","type":"post","link":"https:\/\/lyonelkaufmann.ch\/Blog\/2016\/01\/03\/vaud-le-livre-numerique-se-fait-une-place-dans-les-bibliotheques\/","title":{"rendered":"Vaud: Le livre num\u00e9rique se fait une place dans les biblioth\u00e8ques"},"content":{"rendered":"<figure style=\"width: 640px\" class=\"wp-caption alignnone\"><a href=\"http:\/\/www.24heures.ch\/vaud-regions\/livre-numerique-emerge-bibliotheques\/story\/29548084\"><img data-recalc-dims=\"1\" loading=\"lazy\" decoding=\"async\" src=\"https:\/\/i0.wp.com\/lyonelkaufmann.ch\/Blog\/wp-content\/uploads\/2016\/01\/topelement.jpg?resize=640%2C426\" alt=\"\" width=\"640\" height=\"426\" \/><\/a><figcaption class=\"wp-caption-text\">Afin d&rsquo;aider les lecteurs qui ne sont pas \u00e9quip\u00e9s, la Biblioth\u00e8que cantonale et universitaire de Lausanne propose des liseuses en pr\u00eat. Image: ODILE MEYLAN<\/figcaption><\/figure>\n<p><strong>Le canton de Vaud s\u2019est lanc\u00e9 pendant l\u2019ann\u00e9e 2015. La demande reste pour l\u2019instant tr\u00e8s minoritaire.<\/strong><\/p>\n<blockquote><p>Se rendre \u00e0 la \u00abbiblio\u00bb pour chercher un ouvrage, le ramener, risquer une amende en cas de retard\u2026 L\u2019emprunt de livres num\u00e9riques sur une tablette ou une liseuse rel\u00e8gue tout cela au rang des mauvais souvenirs pour qui n\u2019est pas sensible \u00e0 l\u2019odeur du papier et au charme de l\u2019imprim\u00e9.<\/p>\n<p>Depuis six mois, la Biblioth\u00e8que cantonale et universitaire de Lausanne (BCUL), d\u00e9j\u00e0 exp\u00e9riment\u00e9e dans le domaine de la num\u00e9risation de publications sp\u00e9cialis\u00e9es, d\u2019ouvrages anciens et de la presse (projet Scriptorium), propose des <em>\u00abeLectures\u00bb<\/em> \u00e0 un large public. Et 48 institutions romandes, en g\u00e9n\u00e9ral municipales, dont 23 dans le canton de Vaud, se sont affili\u00e9es \u00e0 la plate-forme d\u2019acc\u00e8s num\u00e9rique propos\u00e9e par la fondation Bibliomedia depuis la fin de 2014.<\/p><\/blockquote>\n<p><a href=\"https:\/\/i0.wp.com\/lyonelkaufmann.ch\/Blog\/wp-content\/uploads\/2016\/01\/livre_numerique.jpg\" rel=\"attachment wp-att-15948\"><img data-recalc-dims=\"1\" loading=\"lazy\" decoding=\"async\" data-attachment-id=\"15948\" data-permalink=\"https:\/\/lyonelkaufmann.ch\/Blog\/2016\/01\/03\/vaud-le-livre-numerique-se-fait-une-place-dans-les-bibliotheques\/livre_numerique\/\" data-orig-file=\"https:\/\/i0.wp.com\/lyonelkaufmann.ch\/Blog\/wp-content\/uploads\/2016\/01\/livre_numerique.jpg?fit=550%2C320&amp;ssl=1\" data-orig-size=\"550,320\" data-comments-opened=\"1\" data-image-meta=\"{&quot;aperture&quot;:&quot;0&quot;,&quot;credit&quot;:&quot;&quot;,&quot;camera&quot;:&quot;&quot;,&quot;caption&quot;:&quot;&quot;,&quot;created_timestamp&quot;:&quot;0&quot;,&quot;copyright&quot;:&quot;&quot;,&quot;focal_length&quot;:&quot;0&quot;,&quot;iso&quot;:&quot;0&quot;,&quot;shutter_speed&quot;:&quot;0&quot;,&quot;title&quot;:&quot;&quot;,&quot;orientation&quot;:&quot;0&quot;}\" data-image-title=\"livre_numerique\" data-image-description=\"\" data-image-caption=\"\" data-large-file=\"https:\/\/i0.wp.com\/lyonelkaufmann.ch\/Blog\/wp-content\/uploads\/2016\/01\/livre_numerique.jpg?fit=550%2C320&amp;ssl=1\" class=\"size-medium wp-image-15948 aligncenter\" src=\"https:\/\/i0.wp.com\/lyonelkaufmann.ch\/Blog\/wp-content\/uploads\/2016\/01\/livre_numerique-300x175-1.jpg?resize=300%2C175\" alt=\"livre_numerique\" width=\"300\" height=\"175\" \/><\/a><\/p>\n<p>C&rsquo;est ainsi qu&rsquo;il est possible d&rsquo;importer des livres num\u00e9riques si vous disposer d&rsquo;une carte de lecteur de la<a href=\"http:\/\/www.la-tour-de-peilz.ch\/Culture_et_Loisirs\/Bibliotheque\/default.asp?id=11\" target=\"_blank\"> biblioth\u00e8que communale de La Tour-de-Peilz<\/a>.<\/p>\n<p>Lire l&rsquo;article\u00a0: <em><a href=\"http:\/\/www.24heures.ch\/vaud-regions\/livre-numerique-emerge-bibliotheques\/story\/29548084\">Vaud: Le livre num\u00e9rique se fait une place dans les biblioth\u00e8ques &#8211; Vaud &amp; R\u00e9gions &#8211; 24heures.ch<\/a><\/em><\/p>\n","protected":false},"excerpt":{"rendered":"<p>Le canton de Vaud s\u2019est lanc\u00e9 pendant l\u2019ann\u00e9e 2015. La demande reste pour l\u2019instant tr\u00e8s minoritaire. Se rendre \u00e0 la \u00abbiblio\u00bb pour chercher un ouvrage, le ramener, risquer une amende en cas de retard\u2026 L\u2019emprunt de livres num\u00e9riques sur une tablette ou une liseuse rel\u00e8gue tout cela au rang des mauvais souvenirs pour qui n\u2019est [&hellip;]<\/p>\n","protected":false},"author":1,"featured_media":15948,"comment_status":"open","ping_status":"open","sticky":false,"template":"","format":"standard","meta":{"_import_markdown_pro_load_document_selector":0,"_import_markdown_pro_submit_text_textarea":"","_genesis_hide_title":false,"_genesis_hide_breadcrumbs":false,"_genesis_hide_singular_image":false,"_genesis_hide_footer_widgets":false,"_genesis_custom_body_class":"","_genesis_custom_post_class":"","_genesis_layout":"","jetpack_post_was_ever_published":false,"_jetpack_newsletter_access":"","_jetpack_dont_email_post_to_subs":false,"_jetpack_newsletter_tier_id":0,"_jetpack_memberships_contains_paywalled_content":false,"_jetpack_memberships_contains_paid_content":false,"activitypub_content_warning":"","activitypub_content_visibility":"","activitypub_max_image_attachments":3,"activitypub_interaction_policy_quote":"anyone","activitypub_status":"","footnotes":"","jetpack_publicize_message":"","jetpack_publicize_feature_enabled":true,"jetpack_social_post_already_shared":true,"jetpack_social_options":{"image_generator_settings":{"template":"fullscreen","default_image_id":0,"font":"","enabled":false},"version":2}},"categories":[3],"tags":[],"class_list":{"0":"post-15947","1":"post","2":"type-post","3":"status-publish","4":"format-standard","5":"has-post-thumbnail","7":"category-blogcafe-2","8":"entry"},"jetpack_publicize_connections":[],"featured_image_src":"https:\/\/i0.wp.com\/lyonelkaufmann.ch\/Blog\/wp-content\/uploads\/2016\/01\/livre_numerique.jpg?resize=550%2C320&ssl=1","featured_image_src_square":"https:\/\/i0.wp.com\/lyonelkaufmann.ch\/Blog\/wp-content\/uploads\/2016\/01\/livre_numerique.jpg?resize=550%2C320&ssl=1","author_info":{"display_name":"Lyonel Kaufmann","author_link":"https:\/\/lyonelkaufmann.ch\/Blog\/author\/lyonelk\/"},"jetpack_featured_media_url":"https:\/\/i0.wp.com\/lyonelkaufmann.ch\/Blog\/wp-content\/uploads\/2016\/01\/livre_numerique.jpg?fit=550%2C320&ssl=1","jetpack_sharing_enabled":true,"jetpack_shortlink":"https:\/\/wp.me\/p1qtF4-49d","jetpack-related-posts":[{"id":8826,"url":"https:\/\/lyonelkaufmann.ch\/Blog\/2012\/12\/14\/revue-de-presse-vaud-batiments-du-canton-en-vedette-24heures-ch\/","url_meta":{"origin":15947,"position":0},"title":"Vaud: B\u00e2timents du canton en vedette | 24heures.ch","author":"Lyonel Kaufmann","date":"14 d\u00e9cembre 2012","format":false,"excerpt":"Le canton de Vaud rec\u00e8le de tr\u00e9sors architecturaux contemporains. Souvent m\u00e9connus, ces b\u00e2timents sont mis \u00e0 l'honneur dans le livre Architecture du canton de Vaud, 1920-1975. Publi\u00e9 par l'EPFL, sous la direction du professeur Bruno Marchand, du Laboratoire de th\u00e9orie et d'histoire de l\u2019\u00c9cole polytechnique f\u00e9d\u00e9rale de Lausanne, l'ouvrage recense\u2026","rel":"","context":"Dans &quot;L'Expresso&quot;","block_context":{"text":"L'Expresso","link":"https:\/\/lyonelkaufmann.ch\/Blog\/category\/breves\/"},"img":{"alt_text":"","src":"https:\/\/i0.wp.com\/lyonelkaufmann.ch\/Blog\/wp-content\/uploads\/2015\/03\/blogcafe1.jpg?fit=1024%2C683&ssl=1&resize=350%2C200","width":350,"height":200,"srcset":"https:\/\/i0.wp.com\/lyonelkaufmann.ch\/Blog\/wp-content\/uploads\/2015\/03\/blogcafe1.jpg?fit=1024%2C683&ssl=1&resize=350%2C200 1x, https:\/\/i0.wp.com\/lyonelkaufmann.ch\/Blog\/wp-content\/uploads\/2015\/03\/blogcafe1.jpg?fit=1024%2C683&ssl=1&resize=525%2C300 1.5x, https:\/\/i0.wp.com\/lyonelkaufmann.ch\/Blog\/wp-content\/uploads\/2015\/03\/blogcafe1.jpg?fit=1024%2C683&ssl=1&resize=700%2C400 2x"},"classes":[]},{"id":18526,"url":"https:\/\/lyonelkaufmann.ch\/Blog\/2017\/09\/25\/ai-weiwei-entre-ombre-et-lumiere-vevey\/","url_meta":{"origin":15947,"position":1},"title":"Ai Weiwei entre ombre et lumi\u00e8re @Vevey","author":"Lyonel Kaufmann","date":"25 septembre 2017","format":false,"excerpt":"Ai Weiwei nous incite \u00e0 ouvrir les yeux, Monteverdi les oreilles et la commune \u00e0 ne pas jeter les d\u00e9chets n\u2019importe o\u00f9. Concernant Ai Weiwei, il est actuellement au Mus\u00e9e cantonal des Beaux-arts (mcb-a) \u00e0 Lausanne pour une exposition jusqu\u2019au 28 janvier. Apr\u00e8s sa toute premi\u00e8re exposition individuelle en Europe,\u2026","rel":"","context":"Dans &quot;Blogcaf\u00e9&quot;","block_context":{"text":"Blogcaf\u00e9","link":"https:\/\/lyonelkaufmann.ch\/Blog\/category\/blogcafe-2\/"},"img":{"alt_text":"","src":"https:\/\/i0.wp.com\/lyonelkaufmann.ch\/Blog\/wp-content\/uploads\/2017\/09\/Image-25.09.17-07-28.jpeg?fit=1200%2C798&ssl=1&resize=350%2C200","width":350,"height":200,"srcset":"https:\/\/i0.wp.com\/lyonelkaufmann.ch\/Blog\/wp-content\/uploads\/2017\/09\/Image-25.09.17-07-28.jpeg?fit=1200%2C798&ssl=1&resize=350%2C200 1x, https:\/\/i0.wp.com\/lyonelkaufmann.ch\/Blog\/wp-content\/uploads\/2017\/09\/Image-25.09.17-07-28.jpeg?fit=1200%2C798&ssl=1&resize=525%2C300 1.5x, https:\/\/i0.wp.com\/lyonelkaufmann.ch\/Blog\/wp-content\/uploads\/2017\/09\/Image-25.09.17-07-28.jpeg?fit=1200%2C798&ssl=1&resize=700%2C400 2x, https:\/\/i0.wp.com\/lyonelkaufmann.ch\/Blog\/wp-content\/uploads\/2017\/09\/Image-25.09.17-07-28.jpeg?fit=1200%2C798&ssl=1&resize=1050%2C600 3x"},"classes":[]},{"id":633,"url":"https:\/\/lyonelkaufmann.ch\/Blog\/2007\/06\/07\/lausanne-sur-toscane\/","url_meta":{"origin":15947,"position":2},"title":"Lausanne sur Toscane","author":"Lyonel Kaufmann","date":"7 juin 2007","format":"aside","excerpt":".flickr-photo { border: solid 2px #000000; } .flickr-yourcomment { } .flickr-frame { text-align: left; padding: 3px; } .flickr-caption { font-size: 0.8em; margin-top: 0px; } \u00a0 Lausanne7.jpg, Photo h\u00e9berg\u00e9e par lyonelkaufmann. Variation photographique et architecturale avec Lausanne comme sujet. En choisissant ce cadrage, j'y trouve un petit air de Toscane dans\u2026","rel":"","context":"Dans &quot;Blogcaf\u00e9&quot;","block_context":{"text":"Blogcaf\u00e9","link":"https:\/\/lyonelkaufmann.ch\/Blog\/category\/blogcafe-2\/"},"img":{"alt_text":"","src":"https:\/\/i0.wp.com\/lyonelkaufmann.ch\/Blog\/wp-content\/uploads\/2015\/03\/533837765_74137f546d.jpg?fit=318%2C500&ssl=1&resize=350%2C200","width":350,"height":200},"classes":[]},{"id":19758,"url":"https:\/\/lyonelkaufmann.ch\/Blog\/2018\/12\/10\/le-bel-avenir-des-bibliotheques-et-des-bibliothecaires-a-lere-du-numerique\/","url_meta":{"origin":15947,"position":3},"title":"Le bel avenir des biblioth\u00e8ques (et des biblioth\u00e9caires) \u00e0 l&rsquo;\u00e8re du num\u00e9rique","author":"Lyonel Kaufmann","date":"10 d\u00e9cembre 2018","format":false,"excerpt":"Comme tous les autres acteurs de la cha\u00eene du livre, le m\u00e9tier de biblioth\u00e9caire a \u00e9t\u00e9 marqu\u00e9 en profondeur par l\u2019av\u00e8nement du num\u00e9rique il y a vingt ans. Les biblioth\u00e8ques, lieux mill\u00e9naires de savoir mais aussi de sociabilit\u00e9, doivent trouver leur place dans cette nouvelle \u00e9quation. ActuaLitt\u00e9, CC BY SA\u2026","rel":"","context":"Dans &quot;Blogcaf\u00e9&quot;","block_context":{"text":"Blogcaf\u00e9","link":"https:\/\/lyonelkaufmann.ch\/Blog\/category\/blogcafe-2\/"},"img":{"alt_text":"","src":"","width":0,"height":0},"classes":[]},{"id":6973,"url":"https:\/\/lyonelkaufmann.ch\/Blog\/2013\/04\/17\/revue-de-presse-les-etats-unis-mettent-en-ligne-leur-colossale-bibliotheque-numerique\/","url_meta":{"origin":15947,"position":4},"title":"Revue de presse : Les Etats-Unis mettent en ligne leur colossale biblioth\u00e8que num\u00e9rique","author":"Lyonel Kaufmann","date":"17 avril 2013","format":false,"excerpt":"Le 18 avril 2013, les Etats-Unis vont mettre en ligne leur titanesque biblioth\u00e8que num\u00e9rique. Cinq ans apr\u00e8s \"Europeana\", la biblioth\u00e8que num\u00e9rique europ\u00e9enne, la Digital Public Library of America (DPLA) na\u00eet. A l\u2019initiative du Berkman Center for Internet & Society, la Digital Public Library of America (DPLA) rassemblera les documents num\u00e9ris\u00e9s\u2026","rel":"","context":"Dans &quot;histoire&quot;","block_context":{"text":"histoire","link":"https:\/\/lyonelkaufmann.ch\/Blog\/category\/histoire-2\/"},"img":{"alt_text":"","src":"https:\/\/i0.wp.com\/lyonelkaufmann.ch\/Blog\/wp-content\/uploads\/2015\/03\/blogcafe1.jpg?fit=1024%2C683&ssl=1&resize=350%2C200","width":350,"height":200,"srcset":"https:\/\/i0.wp.com\/lyonelkaufmann.ch\/Blog\/wp-content\/uploads\/2015\/03\/blogcafe1.jpg?fit=1024%2C683&ssl=1&resize=350%2C200 1x, https:\/\/i0.wp.com\/lyonelkaufmann.ch\/Blog\/wp-content\/uploads\/2015\/03\/blogcafe1.jpg?fit=1024%2C683&ssl=1&resize=525%2C300 1.5x, https:\/\/i0.wp.com\/lyonelkaufmann.ch\/Blog\/wp-content\/uploads\/2015\/03\/blogcafe1.jpg?fit=1024%2C683&ssl=1&resize=700%2C400 2x"},"classes":[]},{"id":9564,"url":"https:\/\/lyonelkaufmann.ch\/Blog\/2013\/04\/17\/revue-de-presse-les-etats-unis-mettent-en-ligne-leur-colossale-bibliotheque-numerique-2\/","url_meta":{"origin":15947,"position":5},"title":"Revue de presse : Les Etats-Unis mettent en ligne leur colossale biblioth\u00e8que num\u00e9rique","author":"Lyonel Kaufmann","date":"17 avril 2013","format":"aside","excerpt":"Le 18 avril 2013, les Etats-Unis vont mettre en ligne leur titanesque biblioth\u00e8que num\u00e9rique. Cinq ans apr\u00e8s \"Europeana\", la biblioth\u00e8que num\u00e9rique europ\u00e9enne, la Digital Public Library of America (DPLA) na\u00eet. A l\u2019initiative du Berkman Center for Internet & Society, la Digital Public Library of America (DPLA) rassemblera les documents num\u00e9ris\u00e9s\u2026","rel":"","context":"Dans &quot;histoire&quot;","block_context":{"text":"histoire","link":"https:\/\/lyonelkaufmann.ch\/Blog\/category\/histoire-2\/"},"img":{"alt_text":"","src":"https:\/\/i0.wp.com\/lyonelkaufmann.ch\/Blog\/wp-content\/uploads\/2015\/03\/blogcafe1.jpg?fit=1024%2C683&ssl=1&resize=350%2C200","width":350,"height":200,"srcset":"https:\/\/i0.wp.com\/lyonelkaufmann.ch\/Blog\/wp-content\/uploads\/2015\/03\/blogcafe1.jpg?fit=1024%2C683&ssl=1&resize=350%2C200 1x, https:\/\/i0.wp.com\/lyonelkaufmann.ch\/Blog\/wp-content\/uploads\/2015\/03\/blogcafe1.jpg?fit=1024%2C683&ssl=1&resize=525%2C300 1.5x, https:\/\/i0.wp.com\/lyonelkaufmann.ch\/Blog\/wp-content\/uploads\/2015\/03\/blogcafe1.jpg?fit=1024%2C683&ssl=1&resize=700%2C400 2x"},"classes":[]}],"jetpack_likes_enabled":true,"_links":{"self":[{"href":"https:\/\/lyonelkaufmann.ch\/Blog\/wp-json\/wp\/v2\/posts\/15947","targetHints":{"allow":["GET"]}}],"collection":[{"href":"https:\/\/lyonelkaufmann.ch\/Blog\/wp-json\/wp\/v2\/posts"}],"about":[{"href":"https:\/\/lyonelkaufmann.ch\/Blog\/wp-json\/wp\/v2\/types\/post"}],"author":[{"embeddable":true,"href":"https:\/\/lyonelkaufmann.ch\/Blog\/wp-json\/wp\/v2\/users\/1"}],"replies":[{"embeddable":true,"href":"https:\/\/lyonelkaufmann.ch\/Blog\/wp-json\/wp\/v2\/comments?post=15947"}],"version-history":[{"count":0,"href":"https:\/\/lyonelkaufmann.ch\/Blog\/wp-json\/wp\/v2\/posts\/15947\/revisions"}],"wp:featuredmedia":[{"embeddable":true,"href":"https:\/\/lyonelkaufmann.ch\/Blog\/wp-json\/wp\/v2\/media\/15948"}],"wp:attachment":[{"href":"https:\/\/lyonelkaufmann.ch\/Blog\/wp-json\/wp\/v2\/media?parent=15947"}],"wp:term":[{"taxonomy":"category","embeddable":true,"href":"https:\/\/lyonelkaufmann.ch\/Blog\/wp-json\/wp\/v2\/categories?post=15947"},{"taxonomy":"post_tag","embeddable":true,"href":"https:\/\/lyonelkaufmann.ch\/Blog\/wp-json\/wp\/v2\/tags?post=15947"}],"curies":[{"name":"wp","href":"https:\/\/api.w.org\/{rel}","templated":true}]}}