{"id":16738,"date":"2016-06-26T16:00:56","date_gmt":"2016-06-26T15:00:56","guid":{"rendered":"https:\/\/lyonelkaufmann.ch\/Blog\/?p=16738"},"modified":"2016-06-26T16:01:49","modified_gmt":"2016-06-26T15:01:49","slug":"alexandre-jardin-petit-fils-de-collabo-je-ne-laisserai-pas-la-france-a-lextreme-droite","status":"publish","type":"post","link":"https:\/\/lyonelkaufmann.ch\/Blog\/2016\/06\/26\/alexandre-jardin-petit-fils-de-collabo-je-ne-laisserai-pas-la-france-a-lextreme-droite\/","title":{"rendered":"Alexandre Jardin\u00a0: \u00ab\u00a0Petit-fils de collabo, je ne laisserai pas la France \u00e0 l\u2019extr\u00eame droite\u00a0\u00bb"},"content":{"rendered":"<p><a href=\"http:\/\/www.lemonde.fr\/tiny\/4958314\/\"><img data-recalc-dims=\"1\" decoding=\"async\" class=\"size-full aligncenter\" src=\"https:\/\/i0.wp.com\/lyonelkaufmann.ch\/Blog\/wp-content\/uploads\/2016\/06\/4958313_8_7855_alexandre-jardin-le-20-avril-2015-a-paris_5a6a516d2210aacb0e8ea567cd997f54.jpg?ssl=1\" alt=\"\" \/><\/a><\/p>\n<p>Ecrivain populaire, fondateur de plusieurs associations, dont Lire et faire lire et Bleu Blanc Z\u00e8bre, Alexandre Jardin vient d\u2019appeler \u00e0 une \u00ab\u00a0Alliance des citoyens en marche\u00a0\u00bb pour l\u2019\u00e9lection pr\u00e9sidentielle de 2017.<\/p>\n<p>A noter que son grand-p\u00e8re collaborateur a ensuite pass\u00e9 la fin de sa vie au bord du lac \u00e0 La Tour-de-Peilz\u2026<\/p>\n<p>Source\u00a0: <em><a href=\"http:\/\/www.lemonde.fr\/la-matinale\/article\/2016\/06\/26\/alexandre-jardin-petit-fils-de-collabo-je-ne-laisserai-pas-la-france-a-l-extreme-droite_4958314_4866763.html\">Alexandre Jardin\u00a0: \u00ab\u00a0Petit-fils de collabo, je ne laisserai pas la France \u00e0 l\u2019extr\u00eame droite\u00a0\u00bb<\/a><\/em><\/p>\n","protected":false},"excerpt":{"rendered":"<p>Ecrivain populaire, fondateur de plusieurs associations, dont Lire et faire lire et Bleu Blanc Z\u00e8bre, Alexandre Jardin vient d\u2019appeler \u00e0 une \u00ab\u00a0Alliance des citoyens en marche\u00a0\u00bb pour l\u2019\u00e9lection pr\u00e9sidentielle de 2017. A noter que son grand-p\u00e8re collaborateur a ensuite pass\u00e9 la fin de sa vie au bord du lac \u00e0 La Tour-de-Peilz\u2026 Source\u00a0: Alexandre Jardin\u00a0: [&hellip;]<\/p>\n","protected":false},"author":1,"featured_media":16739,"comment_status":"open","ping_status":"open","sticky":false,"template":"","format":"standard","meta":{"_import_markdown_pro_load_document_selector":0,"_import_markdown_pro_submit_text_textarea":"","_genesis_hide_title":false,"_genesis_hide_breadcrumbs":false,"_genesis_hide_singular_image":false,"_genesis_hide_footer_widgets":false,"_genesis_custom_body_class":"","_genesis_custom_post_class":"","_genesis_layout":"","_jetpack_newsletter_access":"","_jetpack_dont_email_post_to_subs":false,"_jetpack_newsletter_tier_id":0,"_jetpack_memberships_contains_paywalled_content":false,"_jetpack_feature_clip_id":0,"_jetpack_memberships_contains_paid_content":false,"activitypub_content_warning":"","activitypub_content_visibility":"","activitypub_max_image_attachments":3,"activitypub_interaction_policy_quote":"anyone","activitypub_status":"","footnotes":"","jetpack_publicize_message":"","jetpack_publicize_feature_enabled":true,"jetpack_social_post_already_shared":true,"jetpack_social_options":{"image_generator_settings":{"template":"fullscreen","default_image_id":0,"font":"","enabled":false},"version":2},"jetpack_post_was_ever_published":false},"categories":[660,1117],"tags":[],"class_list":["post-16738","post","type-post","status-publish","format-standard","has-post-thumbnail","category-breves","category-politis","entry"],"jetpack_publicize_connections":[],"featured_image_src":"https:\/\/i0.wp.com\/lyonelkaufmann.ch\/Blog\/wp-content\/uploads\/2016\/06\/4958313_8_7855_alexandre-jardin-le-20-avril-2015-a-paris_5a6a516d2210aacb0e8ea567cd997f54.jpg?resize=534%2C400&ssl=1","featured_image_src_square":"https:\/\/i0.wp.com\/lyonelkaufmann.ch\/Blog\/wp-content\/uploads\/2016\/06\/4958313_8_7855_alexandre-jardin-le-20-avril-2015-a-paris_5a6a516d2210aacb0e8ea567cd997f54.jpg?resize=534%2C600&ssl=1","author_info":{"display_name":"Lyonel Kaufmann","author_link":"https:\/\/lyonelkaufmann.ch\/Blog\/author\/lyonelk\/"},"jetpack_sharing_enabled":true,"jetpack_shortlink":"https:\/\/wp.me\/p1qtF4-4lY","jetpack-related-posts":[{"id":12690,"url":"https:\/\/lyonelkaufmann.ch\/Blog\/2011\/03\/02\/des-gens-tres-bien\/","url_meta":{"origin":16738,"position":0},"title":"Des gens tr\u00e8s bien","author":"Lyonel Kaufmann","date":"2 mars 2011","format":"aside","excerpt":"Si Pierre Assouline, Juif de confession et de coeur, ne trouvait pas en 1986 motif \u00e0 s'indigner de l'aveuglement de Jean Jardin, on comprend qu'en 1942 les gens tr\u00e8s bien s'y soient vautr\u00e9s sans \u00e9tat d'\u00e2me\u2026 Alexandre Jardin (2010). Des gens tr\u00e8s bien. Paris: Grasset, p. 260","rel":"","context":"Dans &quot;Blogcaf\u00e9&quot;","block_context":{"text":"Blogcaf\u00e9","link":"https:\/\/lyonelkaufmann.ch\/Blog\/category\/blogcafe-2\/"},"img":{"alt_text":"","src":"https:\/\/i0.wp.com\/lyonelkaufmann.ch\/Blog\/wp-content\/uploads\/2011\/03\/JeanJardin-290x286.jpg?resize=350%2C200","width":350,"height":200},"classes":[]},{"id":6812,"url":"https:\/\/lyonelkaufmann.ch\/Blog\/2013\/02\/15\/revue-de-presse-pedago-comment-faire-tweeter-des-enfants-de-7-ans-rue89\/","url_meta":{"origin":16738,"position":1},"title":"Revue de presse : P\u00e9dago\u00a0: comment faire tweeter des enfants de 7\u00a0ans\u00a0? | Rue89","author":"Lyonel Kaufmann","date":"15 f\u00e9vrier 2013","format":false,"excerpt":"Twitter d\u00e8s le CE1, pour donner le go\u00fbt d\u2019\u00e9crire, de lire et de l\u2019orthographe : un ma\u00eetre raconte comment il a entra\u00een\u00e9 \u00e9l\u00e8ves et parents dans cette exp\u00e9rience. Fran\u00e7ois Lamoureux a \u00e9t\u00e9 inspir\u00e9 dans ses activit\u00e9s par d\u2019autres professeurs comme Laurence Juin (en lyc\u00e9e), Alexandre Acou (CM2) et Jean-Roch Masson\u2026","rel":"","context":"Dans &quot;histoire&quot;","block_context":{"text":"histoire","link":"https:\/\/lyonelkaufmann.ch\/Blog\/category\/histoire-2\/"},"img":{"alt_text":"","src":"https:\/\/i0.wp.com\/lyonelkaufmann.ch\/Blog\/wp-content\/uploads\/2015\/03\/blogcafe1.jpg?fit=1024%2C683&ssl=1&resize=350%2C200","width":350,"height":200,"srcset":"https:\/\/i0.wp.com\/lyonelkaufmann.ch\/Blog\/wp-content\/uploads\/2015\/03\/blogcafe1.jpg?fit=1024%2C683&ssl=1&resize=350%2C200 1x, https:\/\/i0.wp.com\/lyonelkaufmann.ch\/Blog\/wp-content\/uploads\/2015\/03\/blogcafe1.jpg?fit=1024%2C683&ssl=1&resize=525%2C300 1.5x, https:\/\/i0.wp.com\/lyonelkaufmann.ch\/Blog\/wp-content\/uploads\/2015\/03\/blogcafe1.jpg?fit=1024%2C683&ssl=1&resize=700%2C400 2x"},"classes":[]},{"id":5130,"url":"https:\/\/lyonelkaufmann.ch\/Blog\/2011\/12\/18\/la-tempete-joachim-a-la-tour-de-peilz-et-vevey-16-decembre-2011\/","url_meta":{"origin":16738,"position":2},"title":"La temp\u00eate Joachim \u00e0 La Tour-de-Peilz et Vevey (16 d\u00e9cembre 2011)","author":"Lyonel Kaufmann","date":"18 d\u00e9cembre 2011","format":false,"excerpt":"Petit compte-rendu photographique du passage le vendredi 16 d\u00e9cembre de la Temp\u00eate Joachim\u00a0le long des quais entre le jardin Roussy \u00e0 La Tour-de-Peilz et les jardins du Casino \u00e0 Vevey. Les photos ont \u00e9t\u00e9 prises entre 12h30 et 17h30. Exceptionnelle par sa dur\u00e9e, la temp\u00eate Joachim a balay\u00e9 ce vendredi\u2026","rel":"","context":"Dans &quot;Blogcaf\u00e9&quot;","block_context":{"text":"Blogcaf\u00e9","link":"https:\/\/lyonelkaufmann.ch\/Blog\/category\/blogcafe-2\/"},"img":{"alt_text":"","src":"https:\/\/i0.wp.com\/lyonelkaufmann.ch\/Blog\/wp-content\/uploads\/2015\/03\/6528023015_6a0a20bfd5_z.jpg?fit=640%2C480&ssl=1&resize=350%2C200","width":350,"height":200,"srcset":"https:\/\/i0.wp.com\/lyonelkaufmann.ch\/Blog\/wp-content\/uploads\/2015\/03\/6528023015_6a0a20bfd5_z.jpg?fit=640%2C480&ssl=1&resize=350%2C200 1x, https:\/\/i0.wp.com\/lyonelkaufmann.ch\/Blog\/wp-content\/uploads\/2015\/03\/6528023015_6a0a20bfd5_z.jpg?fit=640%2C480&ssl=1&resize=525%2C300 1.5x"},"classes":[]},{"id":15203,"url":"https:\/\/lyonelkaufmann.ch\/Blog\/2015\/09\/24\/lecture-fordetroit-dalexandre-friederich\/","url_meta":{"origin":16738,"position":3},"title":"Lecture : Fordetroit d&rsquo;Alexandre Friederich","author":"Lyonel Kaufmann","date":"24 septembre 2015","format":false,"excerpt":"Nouvelle proposition de lecture d'un \u00e9crivain suisse avec\u00a0Fordetroit d'Alexandre Friederich aux Editions Allia.\u00a0Alexandre Friederich raconte le d\u00e9clin d\u2019une cit\u00e9 d\u00e9sert\u00e9e par ses habitants apr\u00e8s la crise des \u201csubprimes\u201d en 2008. L'envers du r\u00eave am\u00e9ricain dans un roman noir.\u00a0 Ce livre est propos\u00e9 cette fois-ci par BibliObs et Didier Jacob :\u2026","rel":"","context":"Dans &quot;Blogcaf\u00e9&quot;","block_context":{"text":"Blogcaf\u00e9","link":"https:\/\/lyonelkaufmann.ch\/Blog\/category\/blogcafe-2\/"},"img":{"alt_text":"","src":"https:\/\/i0.wp.com\/lyonelkaufmann.ch\/Blog\/wp-content\/uploads\/2015\/09\/book_715_image_cover-21.gif?fit=706%2C1200&ssl=1&resize=350%2C200","width":350,"height":200,"srcset":"https:\/\/i0.wp.com\/lyonelkaufmann.ch\/Blog\/wp-content\/uploads\/2015\/09\/book_715_image_cover-21.gif?fit=706%2C1200&ssl=1&resize=350%2C200 1x, https:\/\/i0.wp.com\/lyonelkaufmann.ch\/Blog\/wp-content\/uploads\/2015\/09\/book_715_image_cover-21.gif?fit=706%2C1200&ssl=1&resize=525%2C300 1.5x, https:\/\/i0.wp.com\/lyonelkaufmann.ch\/Blog\/wp-content\/uploads\/2015\/09\/book_715_image_cover-21.gif?fit=706%2C1200&ssl=1&resize=700%2C400 2x"},"classes":[]},{"id":8456,"url":"https:\/\/lyonelkaufmann.ch\/Blog\/2014\/10\/10\/asterix-le-domaine-des-dieux\/","url_meta":{"origin":16738,"position":4},"title":"Ast\u00e9rix \u00abLe Domaine des Dieux\u00bb","author":"Lyonel Kaufmann","date":"10 octobre 2014","format":false,"excerpt":"Je d\u00e9couvre ce jour un texte datant de 2007 analysant l\u2019album \u00abLe Domaine des Dieux\u00bb, puis la bande-annonce de la sortie, pr\u00e9vue fin novembre, du dessin anim\u00e9 3D avec Alexandre Astier (Kaamelott) aux commandes. Tout d\u2019abord, l\u2019analyse par Loleck du \u00abDomaine des Dieux\u00bb : Le Domaine des dieux, publi\u00e9 dans\u2026","rel":"","context":"Dans &quot;histoire&quot;","block_context":{"text":"histoire","link":"https:\/\/lyonelkaufmann.ch\/Blog\/category\/histoire-2\/"},"img":{"alt_text":"","src":"https:\/\/i0.wp.com\/img.youtube.com\/vi\/U6y63JW_qv0\/0.jpg?resize=350%2C200","width":350,"height":200},"classes":[]},{"id":15217,"url":"https:\/\/lyonelkaufmann.ch\/Blog\/2015\/10\/03\/francis-lalanne-la-maison-du-bonheur\/","url_meta":{"origin":16738,"position":5},"title":"Francis Lalanne | La Maison du bonheur","author":"Lyonel Kaufmann","date":"3 octobre 2015","format":false,"excerpt":"J\u2019ai beau avoir de la peine \u00e0 suivre les al\u00e9as de la carri\u00e8re de Fran\u00e7is Lalanne J\u2019ai beau avoir en son temps esp\u00e9r\u00e9 un compagnon de voyage au fil de ma vie J\u2019ai beau avoir \u00e9t\u00e9 d\u00e9\u00e7u apr\u00e8s trois albums parce qu\u2019il n\u2019en serait pas ainsi A chaque fois que\u2026","rel":"","context":"Dans &quot;Blogcaf\u00e9&quot;","block_context":{"text":"Blogcaf\u00e9","link":"https:\/\/lyonelkaufmann.ch\/Blog\/category\/blogcafe-2\/"},"img":{"alt_text":"","src":"https:\/\/i0.wp.com\/lyonelkaufmann.ch\/Blog\/wp-content\/uploads\/2015\/10\/Rentre_chez_toi.jpg?fit=1000%2C1000&ssl=1&resize=350%2C200","width":350,"height":200,"srcset":"https:\/\/i0.wp.com\/lyonelkaufmann.ch\/Blog\/wp-content\/uploads\/2015\/10\/Rentre_chez_toi.jpg?fit=1000%2C1000&ssl=1&resize=350%2C200 1x, https:\/\/i0.wp.com\/lyonelkaufmann.ch\/Blog\/wp-content\/uploads\/2015\/10\/Rentre_chez_toi.jpg?fit=1000%2C1000&ssl=1&resize=525%2C300 1.5x, https:\/\/i0.wp.com\/lyonelkaufmann.ch\/Blog\/wp-content\/uploads\/2015\/10\/Rentre_chez_toi.jpg?fit=1000%2C1000&ssl=1&resize=700%2C400 2x"},"classes":[]}],"jetpack_likes_enabled":true,"jetpack_featured_media_url":"https:\/\/i0.wp.com\/lyonelkaufmann.ch\/Blog\/wp-content\/uploads\/2016\/06\/4958313_8_7855_alexandre-jardin-le-20-avril-2015-a-paris_5a6a516d2210aacb0e8ea567cd997f54.jpg?fit=534%2C684&ssl=1","_links":{"self":[{"href":"https:\/\/lyonelkaufmann.ch\/Blog\/wp-json\/wp\/v2\/posts\/16738","targetHints":{"allow":["GET"]}}],"collection":[{"href":"https:\/\/lyonelkaufmann.ch\/Blog\/wp-json\/wp\/v2\/posts"}],"about":[{"href":"https:\/\/lyonelkaufmann.ch\/Blog\/wp-json\/wp\/v2\/types\/post"}],"author":[{"embeddable":true,"href":"https:\/\/lyonelkaufmann.ch\/Blog\/wp-json\/wp\/v2\/users\/1"}],"replies":[{"embeddable":true,"href":"https:\/\/lyonelkaufmann.ch\/Blog\/wp-json\/wp\/v2\/comments?post=16738"}],"version-history":[{"count":0,"href":"https:\/\/lyonelkaufmann.ch\/Blog\/wp-json\/wp\/v2\/posts\/16738\/revisions"}],"wp:featuredmedia":[{"embeddable":true,"href":"https:\/\/lyonelkaufmann.ch\/Blog\/wp-json\/wp\/v2\/media\/16739"}],"wp:attachment":[{"href":"https:\/\/lyonelkaufmann.ch\/Blog\/wp-json\/wp\/v2\/media?parent=16738"}],"wp:term":[{"taxonomy":"category","embeddable":true,"href":"https:\/\/lyonelkaufmann.ch\/Blog\/wp-json\/wp\/v2\/categories?post=16738"},{"taxonomy":"post_tag","embeddable":true,"href":"https:\/\/lyonelkaufmann.ch\/Blog\/wp-json\/wp\/v2\/tags?post=16738"}],"curies":[{"name":"wp","href":"https:\/\/api.w.org\/{rel}","templated":true}]}}