{"id":1692,"date":"2009-12-15T23:58:36","date_gmt":"2009-12-15T22:58:36","guid":{"rendered":"http:\/\/lyonelkaufmann.ch\/histoire\/2009\/12\/15\/ecrire-pour-le-web-en-2010-crise-dans-les-medias\/"},"modified":"2009-12-15T23:58:36","modified_gmt":"2009-12-15T22:58:36","slug":"ecrire-pour-le-web-en-2010-crise-dans-les-medias","status":"publish","type":"post","link":"https:\/\/lyonelkaufmann.ch\/Blog\/2009\/12\/15\/ecrire-pour-le-web-en-2010-crise-dans-les-medias\/","title":{"rendered":"Ecrire pour le Web en 2010 | Crise dans les m\u00e9dias"},"content":{"rendered":"<div style=\"width:425px;text-align:left;\" id=\"__ss_2724610\"><a style=\"font:14px Helvetica, Arial, Sans-serif;display:block;margin:12px 0 3px;text-decoration:underline;\" href=\"http:\/\/www.slideshare.net\/lucos\/ecrire-pour-le-web-en-2010\" title=\"Ecrire pour le Web en 2010\">Ecrire pour le Web en 2010<\/a><a href=\"http:\/\/static.slidesharecdn.com\/swf\/ssplayer2.swf?doc=ecrire-pour-le-web-2009-luc-legay-091215121405-phpapp01&#038;stripped_title=ecrire-pour-le-web-en-2010\">http:\/\/static.slidesharecdn.com\/swf\/ssplayer2.swf?doc=ecrire-pour-le-web-2009-luc-legay-091215121405-phpapp01&#038;stripped_title=ecrire-pour-le-web-en-2010<\/a><\/p>\n<div style=\"font-size:11px;font-family:tahoma, arial;height:26px;padding-top:2px;\">View more <a style=\"text-decoration:underline;\" href=\"http:\/\/www.slideshare.net\/\">documents<\/a> from <a style=\"text-decoration:underline;\" href=\"http:\/\/www.slideshare.net\/lucos\">Legay Luc<\/a>.<\/div>\n<\/div>\n<p>Cette excellente pr\u00e9sentation des enjeux de l&rsquo;\u00e9criture web est destin\u00e9e en premier lieu aux journalistes et aux m\u00e9dias. Cependant, il y a une foule d&rsquo;\u00e9l\u00e9ments int\u00e9ressants pour une pratique en classe des m\u00e9dias \u00e9lectroniques et du web 2.0 en particulier. A lire donc.<\/p>\n<p><a href=\"http:\/\/crisedanslesmedias.hautetfort.com\/archive\/2009\/12\/15\/ecrire-pour-le-web-en-2010.html\">Ecrire pour le Web en 2010 : Crise dans les m\u00e9dias<\/a><\/p>\n","protected":false},"excerpt":{"rendered":"<p>Ecrire pour le Web en 2010http:\/\/static.slidesharecdn.com\/swf\/ssplayer2.swf?doc=ecrire-pour-le-web-2009-luc-legay-091215121405-phpapp01&#038;stripped_title=ecrire-pour-le-web-en-2010 View more documents from Legay Luc. Cette excellente pr\u00e9sentation des enjeux de l&rsquo;\u00e9criture web est destin\u00e9e en premier lieu aux journalistes et aux m\u00e9dias. Cependant, il y a une foule d&rsquo;\u00e9l\u00e9ments int\u00e9ressants pour une pratique en classe des m\u00e9dias \u00e9lectroniques et du web 2.0 en particulier. A lire donc. [&hellip;]<\/p>\n","protected":false},"author":1,"featured_media":14680,"comment_status":"open","ping_status":"open","sticky":false,"template":"","format":"standard","meta":{"_import_markdown_pro_load_document_selector":0,"_import_markdown_pro_submit_text_textarea":"","_genesis_hide_title":false,"_genesis_hide_breadcrumbs":false,"_genesis_hide_singular_image":false,"_genesis_hide_footer_widgets":false,"_genesis_custom_body_class":"","_genesis_custom_post_class":"","_genesis_layout":"","jetpack_post_was_ever_published":false,"_jetpack_newsletter_access":"","_jetpack_dont_email_post_to_subs":false,"_jetpack_newsletter_tier_id":0,"_jetpack_memberships_contains_paywalled_content":false,"_jetpack_memberships_contains_paid_content":false,"activitypub_content_warning":"","activitypub_content_visibility":"","activitypub_max_image_attachments":3,"activitypub_interaction_policy_quote":"anyone","activitypub_status":"","footnotes":"","jetpack_publicize_message":"","jetpack_publicize_feature_enabled":true,"jetpack_social_post_already_shared":true,"jetpack_social_options":{"image_generator_settings":{"template":"fullscreen","default_image_id":0,"font":"","enabled":false},"version":2}},"categories":[2],"tags":[],"class_list":{"0":"post-1692","1":"post","2":"type-post","3":"status-publish","4":"format-standard","5":"has-post-thumbnail","7":"category-histoire-2","8":"entry"},"jetpack_publicize_connections":[],"featured_image_src":"https:\/\/i0.wp.com\/lyonelkaufmann.ch\/Blog\/wp-content\/uploads\/2015\/03\/blogcafe1.jpg?resize=600%2C400&ssl=1","featured_image_src_square":"https:\/\/i0.wp.com\/lyonelkaufmann.ch\/Blog\/wp-content\/uploads\/2015\/03\/blogcafe1.jpg?resize=600%2C600&ssl=1","author_info":{"display_name":"Lyonel Kaufmann","author_link":"https:\/\/lyonelkaufmann.ch\/Blog\/author\/lyonelk\/"},"jetpack_featured_media_url":"https:\/\/i0.wp.com\/lyonelkaufmann.ch\/Blog\/wp-content\/uploads\/2015\/03\/blogcafe1.jpg?fit=1024%2C683&ssl=1","jetpack_sharing_enabled":true,"jetpack_shortlink":"https:\/\/wp.me\/p1qtF4-ri","jetpack-related-posts":[{"id":4172,"url":"https:\/\/lyonelkaufmann.ch\/Blog\/2010\/10\/30\/ecrire-pour-le-web-cest-la-structure-imbecile\/","url_meta":{"origin":1692,"position":0},"title":"\u00c9crire pour le web: \u201cc\u2019est la structure, imb\u00e9cile!\u201d","author":"Lyonel Kaufmann","date":"30 octobre 2010","format":"aside","excerpt":"via OWNI Comment faut-il \u00e9crire pour le web ? Souvent l\u2019enseignement se r\u00e9sume \u00e0 des techniques d\u2019\u00e9criture et d\u2019\u00e9dition, et \u00e0 l\u2019usage que l\u2019on peut faire des diff\u00e9rents m\u00e9dias: texte, son, vid\u00e9o, infographie, etc. Cet enseignement ignore deux points cl\u00e9: l\u2019importance des liens hypertexte qui permettent de r\u00e9unir dans un\u2026","rel":"","context":"Dans &quot;L'Expresso&quot;","block_context":{"text":"L'Expresso","link":"https:\/\/lyonelkaufmann.ch\/Blog\/category\/breves\/"},"img":{"alt_text":"","src":"https:\/\/i0.wp.com\/lyonelkaufmann.ch\/Blog\/wp-content\/uploads\/2015\/03\/ecrireweb3.jpg?fit=640%2C480&ssl=1&resize=350%2C200","width":350,"height":200,"srcset":"https:\/\/i0.wp.com\/lyonelkaufmann.ch\/Blog\/wp-content\/uploads\/2015\/03\/ecrireweb3.jpg?fit=640%2C480&ssl=1&resize=350%2C200 1x, https:\/\/i0.wp.com\/lyonelkaufmann.ch\/Blog\/wp-content\/uploads\/2015\/03\/ecrireweb3.jpg?fit=640%2C480&ssl=1&resize=525%2C300 1.5x"},"classes":[]},{"id":12482,"url":"https:\/\/lyonelkaufmann.ch\/Blog\/2006\/03\/31\/liberation-web-20-cest-linternet-quon-reinvente\/","url_meta":{"origin":1692,"position":1},"title":"Lib\u00e9ration :\u00a0Web 2.0: c\u2019est l\u2019Internet qu\u2019on r\u00e9invente!","author":"Lyonel Kaufmann","date":"31 mars 2006","format":false,"excerpt":"Le web 2.0 dans Lib\u00e9ration au moyen d'une chronique hebdomadaire par Pierre Chappaz, fondateur de Kelkoo. Aujourd'hui, c'est la premi\u00e8re. Pour ceux qui suivent d\u00e9j\u00e0 depuis un certain temps la saga du Web 2.0, c'est certainement pas des scoops qui figurent dans un tel billet. Dans ces cas-l\u00e0, c'est-\u00e0-dire le\u2026","rel":"","context":"Dans &quot;Blogcaf\u00e9&quot;","block_context":{"text":"Blogcaf\u00e9","link":"https:\/\/lyonelkaufmann.ch\/Blog\/category\/blogcafe-2\/"},"img":{"alt_text":"","src":"https:\/\/i0.wp.com\/lyonelkaufmann.ch\/Blog\/wp-content\/uploads\/2015\/03\/blogcafe1.jpg?fit=1024%2C683&ssl=1&resize=350%2C200","width":350,"height":200,"srcset":"https:\/\/i0.wp.com\/lyonelkaufmann.ch\/Blog\/wp-content\/uploads\/2015\/03\/blogcafe1.jpg?fit=1024%2C683&ssl=1&resize=350%2C200 1x, https:\/\/i0.wp.com\/lyonelkaufmann.ch\/Blog\/wp-content\/uploads\/2015\/03\/blogcafe1.jpg?fit=1024%2C683&ssl=1&resize=525%2C300 1.5x, https:\/\/i0.wp.com\/lyonelkaufmann.ch\/Blog\/wp-content\/uploads\/2015\/03\/blogcafe1.jpg?fit=1024%2C683&ssl=1&resize=700%2C400 2x"},"classes":[]},{"id":12336,"url":"https:\/\/lyonelkaufmann.ch\/Blog\/2006\/01\/05\/web-20-la-revolution-par-les-usages\/","url_meta":{"origin":1692,"position":2},"title":"Web 2.0 : la r\u00e9volution par les usages","author":"Lyonel Kaufmann","date":"5 janvier 2006","format":false,"excerpt":"L'article r\u00e9f\u00e9renc\u00e9 ci-dessous offre une synth\u00e8se de ce que l'on entend g\u00e9n\u00e9ralement sous le concept de Web 2.0. Et en fran\u00e7ais pour ceux que l'anglais rebute. La d\u00e9finition propos\u00e9e est d\u00e9j\u00e0 int\u00e9ressante et tout un programme en soi : Web 2.0, un terme \u00e0 la mode mais qui ne fait\u2026","rel":"","context":"Dans &quot;Blogcaf\u00e9&quot;","block_context":{"text":"Blogcaf\u00e9","link":"https:\/\/lyonelkaufmann.ch\/Blog\/category\/blogcafe-2\/"},"img":{"alt_text":"","src":"https:\/\/i0.wp.com\/lyonelkaufmann.ch\/Blog\/wp-content\/uploads\/2015\/03\/blogcafe1.jpg?fit=1024%2C683&ssl=1&resize=350%2C200","width":350,"height":200,"srcset":"https:\/\/i0.wp.com\/lyonelkaufmann.ch\/Blog\/wp-content\/uploads\/2015\/03\/blogcafe1.jpg?fit=1024%2C683&ssl=1&resize=350%2C200 1x, https:\/\/i0.wp.com\/lyonelkaufmann.ch\/Blog\/wp-content\/uploads\/2015\/03\/blogcafe1.jpg?fit=1024%2C683&ssl=1&resize=525%2C300 1.5x, https:\/\/i0.wp.com\/lyonelkaufmann.ch\/Blog\/wp-content\/uploads\/2015\/03\/blogcafe1.jpg?fit=1024%2C683&ssl=1&resize=700%2C400 2x"},"classes":[]},{"id":5092,"url":"https:\/\/lyonelkaufmann.ch\/Blog\/2012\/02\/25\/nous-les-enfants-du-web-framablog\/","url_meta":{"origin":1692,"position":3},"title":"Nous les enfants du Web | Framablog","author":"Lyonel Kaufmann","date":"25 f\u00e9vrier 2012","format":false,"excerpt":"Quels seront les enseignants du Web en mesure de prendre en compte ces enfants du Web? Quel sera l'histoire du Web en phase avec cette nouvelle et durable r\u00e9alit\u00e9? \u00abPour nous, le Web est une sorte de disque dur externe. Nous n\u2019avons pas besoin de nous souvenir des d\u00e9tails qui\u2026","rel":"","context":"Dans &quot;histoire&quot;","block_context":{"text":"histoire","link":"https:\/\/lyonelkaufmann.ch\/Blog\/category\/histoire-2\/"},"img":{"alt_text":"","src":"https:\/\/i0.wp.com\/lyonelkaufmann.ch\/Blog\/wp-content\/uploads\/2015\/03\/B1QzBs0do9hRgFH1xyhp3Dl72eJkfbmt4t8yenImKBXEejxNn4ZJNZ2ss5Ku7Cxt.jpg?fit=456%2C332&ssl=1&resize=350%2C200","width":350,"height":200},"classes":[]},{"id":1696,"url":"https:\/\/lyonelkaufmann.ch\/Blog\/2009\/12\/16\/les-clionautes-victimes-colaterales-de-la-reforme-des-lycees\/","url_meta":{"origin":1692,"position":4},"title":"Les Clionautes victimes collat\u00e9rales de la r\u00e9forme des lyc\u00e9es?","author":"Lyonel Kaufmann","date":"16 d\u00e9cembre 2009","format":false,"excerpt":"Le d\u00e9bat pour savoir quelle position l'association devait prendre sur la r\u00e9forme du lyc\u00e9e de Luc Chatel a fait exploser l'association des Clionautes regroupant des professeurs d'histoire-g\u00e9o. Las des conflits de personne et d\u00e9\u00e7us par le conservatisme p\u00e9dagogique de certains membres, la pr\u00e9sidente, Caroline Jouneau-Sion, et une partie du bureau\u2026","rel":"","context":"Dans &quot;histoire&quot;","block_context":{"text":"histoire","link":"https:\/\/lyonelkaufmann.ch\/Blog\/category\/histoire-2\/"},"img":{"alt_text":"","src":"https:\/\/i0.wp.com\/lyonelkaufmann.ch\/Blog\/wp-content\/uploads\/2015\/03\/blogcafe1.jpg?fit=1024%2C683&ssl=1&resize=350%2C200","width":350,"height":200,"srcset":"https:\/\/i0.wp.com\/lyonelkaufmann.ch\/Blog\/wp-content\/uploads\/2015\/03\/blogcafe1.jpg?fit=1024%2C683&ssl=1&resize=350%2C200 1x, https:\/\/i0.wp.com\/lyonelkaufmann.ch\/Blog\/wp-content\/uploads\/2015\/03\/blogcafe1.jpg?fit=1024%2C683&ssl=1&resize=525%2C300 1.5x, https:\/\/i0.wp.com\/lyonelkaufmann.ch\/Blog\/wp-content\/uploads\/2015\/03\/blogcafe1.jpg?fit=1024%2C683&ssl=1&resize=700%2C400 2x"},"classes":[]},{"id":6396,"url":"https:\/\/lyonelkaufmann.ch\/Blog\/2012\/11\/06\/colloque-infoclio-ch-2012-accessibilite-et-droits-dutilisation-des-ressources-historiques-sur-le-web\/","url_meta":{"origin":1692,"position":5},"title":"Colloque infoclio.ch 2012: Accessibilit\u00e9 et droits d\u2019utilisation des ressources historiques sur le web","author":"Lyonel Kaufmann","date":"6 novembre 2012","format":false,"excerpt":"Le colloque infoclio.ch 2012 s'est tenu vendredi 2 novembre au Kornhauforum de Berne, sur le th\u00e8me \"Accessibilit\u00e9 et droits d\u2019utilisation des ressources historiques sur le web\".\u00a0Vous pouvez d\u00e8s \u00e0 pr\u00e9sent retrouver tous les enregistrements et les pr\u00e9sentations des conf\u00e9renciers sur cette page sp\u00e9ciale d\u00e9di\u00e9e au colloque. Le th\u00e8me de ce\u2026","rel":"","context":"Dans &quot;histoire&quot;","block_context":{"text":"histoire","link":"https:\/\/lyonelkaufmann.ch\/Blog\/category\/histoire-2\/"},"img":{"alt_text":"","src":"https:\/\/i0.wp.com\/lyonelkaufmann.ch\/Blog\/wp-content\/uploads\/2015\/03\/blogcafe1.jpg?fit=1024%2C683&ssl=1&resize=350%2C200","width":350,"height":200,"srcset":"https:\/\/i0.wp.com\/lyonelkaufmann.ch\/Blog\/wp-content\/uploads\/2015\/03\/blogcafe1.jpg?fit=1024%2C683&ssl=1&resize=350%2C200 1x, https:\/\/i0.wp.com\/lyonelkaufmann.ch\/Blog\/wp-content\/uploads\/2015\/03\/blogcafe1.jpg?fit=1024%2C683&ssl=1&resize=525%2C300 1.5x, https:\/\/i0.wp.com\/lyonelkaufmann.ch\/Blog\/wp-content\/uploads\/2015\/03\/blogcafe1.jpg?fit=1024%2C683&ssl=1&resize=700%2C400 2x"},"classes":[]}],"jetpack_likes_enabled":true,"_links":{"self":[{"href":"https:\/\/lyonelkaufmann.ch\/Blog\/wp-json\/wp\/v2\/posts\/1692","targetHints":{"allow":["GET"]}}],"collection":[{"href":"https:\/\/lyonelkaufmann.ch\/Blog\/wp-json\/wp\/v2\/posts"}],"about":[{"href":"https:\/\/lyonelkaufmann.ch\/Blog\/wp-json\/wp\/v2\/types\/post"}],"author":[{"embeddable":true,"href":"https:\/\/lyonelkaufmann.ch\/Blog\/wp-json\/wp\/v2\/users\/1"}],"replies":[{"embeddable":true,"href":"https:\/\/lyonelkaufmann.ch\/Blog\/wp-json\/wp\/v2\/comments?post=1692"}],"version-history":[{"count":0,"href":"https:\/\/lyonelkaufmann.ch\/Blog\/wp-json\/wp\/v2\/posts\/1692\/revisions"}],"wp:featuredmedia":[{"embeddable":true,"href":"https:\/\/lyonelkaufmann.ch\/Blog\/wp-json\/wp\/v2\/media\/14680"}],"wp:attachment":[{"href":"https:\/\/lyonelkaufmann.ch\/Blog\/wp-json\/wp\/v2\/media?parent=1692"}],"wp:term":[{"taxonomy":"category","embeddable":true,"href":"https:\/\/lyonelkaufmann.ch\/Blog\/wp-json\/wp\/v2\/categories?post=1692"},{"taxonomy":"post_tag","embeddable":true,"href":"https:\/\/lyonelkaufmann.ch\/Blog\/wp-json\/wp\/v2\/tags?post=1692"}],"curies":[{"name":"wp","href":"https:\/\/api.w.org\/{rel}","templated":true}]}}