{"id":1696,"date":"2009-12-16T09:19:12","date_gmt":"2009-12-16T08:19:12","guid":{"rendered":"http:\/\/lyonelkaufmann.ch\/histoire\/?p=1696"},"modified":"2009-12-16T09:19:12","modified_gmt":"2009-12-16T08:19:12","slug":"les-clionautes-victimes-colaterales-de-la-reforme-des-lycees","status":"publish","type":"post","link":"https:\/\/lyonelkaufmann.ch\/Blog\/2009\/12\/16\/les-clionautes-victimes-colaterales-de-la-reforme-des-lycees\/","title":{"rendered":"Les Clionautes victimes collat\u00e9rales de la r\u00e9forme des lyc\u00e9es?"},"content":{"rendered":"<p><strong>Le d\u00e9bat pour savoir quelle position l&rsquo;association devait prendre sur la r\u00e9forme du lyc\u00e9e de Luc Chatel a fait exploser l&rsquo;association des <a href=\"http:\/\/www.clionautes.org\/index.php\">Clionautes<\/a> regroupant des professeurs d&rsquo;histoire-g\u00e9o. <\/strong><\/p>\n<p>Las des conflits de personne et d\u00e9\u00e7us par le conservatisme p\u00e9dagogique de certains membres, la pr\u00e9sidente, <a href=\"http:\/\/twitter.com\/cjouneau\">Caroline Jouneau-Sion<\/a>, et une partie du bureau ont d\u00e9missionn\u00e9.<\/p>\n<p>Pour le <a href=\"http:\/\/www.cafepedagogique.net\/lexpresso\/Pages\/2009\/12\/16122009Accueil.aspx\">Caf\u00e9 p\u00e9dagogique<\/a>:<\/p>\n<blockquote><p><em>C&rsquo;est peut-\u00eatre une page qui va se tourner pour cette association qui, depuis ses origines, avait milit\u00e9 pour l&rsquo;utilisation des Tice et des p\u00e9dagogies nouvelles. L&rsquo;absence de soutien et de reconnaissance officiels envers les rares associations un tant soit peu innovantes, contrastant avec les cr\u00e9dits et les honneurs d\u00e9vers\u00e9s sur les plus traditionnelles, n&rsquo;a \u00e9videmment pas arrang\u00e9 la situation des Clionautes. Maintenant c&rsquo;est trop tard\u2026<\/em><\/p><\/blockquote>\n<p>Il faut bien dire que, mis \u00e0 part quelques personnes autour de Caroline Jouneau-Sion, les p\u00e9dagogies nouvelles n&rsquo;\u00e9taient plus gu\u00e8re \u00e0 l&rsquo;honneur au sein des Clionautes. D&rsquo;ailleurs, depuis quelque temps, le site des Clionautes s&rsquo;est progressivement fragment\u00e9 en divers sous-ensembles et une querelle entre les anciens du web 1.0 et les modernes du web 2.0 avait vu le jour sur la liste H-Fran\u00e7ais en juin de cette ann\u00e9e \u00e0 la suite de la cr\u00e9ation <a href=\"http:\/\/clionautes.ning.com\">d&rsquo;un deuxi\u00e8me site sur le r\u00e9seau Ning<\/a> (voir ma chronique du <em>Caf\u00e9 p\u00e9dagogique<\/em> de juin 2009: <a href=\"http:\/\/www.cafepedagogique.net\/lemensuel\/lenseignant\/schumaines\/histoire\/Pages\/2009\/104_Kaufmann.aspx\">\u00abHistoire 1.0 versus Histoire 2.0: entre rivalit\u00e9s et compl\u00e9mentarit\u00e9s\u00bb<\/a>).<\/p>\n<p>A la fin de cet article, je notais qu&rsquo;\u00e0 la suite d&rsquo;une intervention de Laurent Gayme qui posait la <a href=\"http:\/\/bit.ly\/9Xptu\">question suivante<\/a>:<\/p>\n<blockquote><p><em>si la liste H-Fran\u00e7ais n\u2019est plus satisfaisante en l\u2019\u00e9tat, faut-il alors que l\u2019association [des Clionautes] la quitte ? <\/em><\/p><\/blockquote>\n<p><em>\u00abune forme de paix des braves (provisoire ?)\u00bb<\/em> avait \u00e9t\u00e9 sign\u00e9e o\u00f9 les deux versants des Clionautes parvenaient \u00e0 la suite d\u2019un message de <a href=\"http:\/\/bit.ly\/w7DP4\">Caroline Jouneau<\/a> \u00e0 la conclusion qu\u2019<em>\u00abil faut effectivement renforcer les liens entre les 2. Trouver une fa\u00e7on de joindre les forces plut\u00f4t que de les s\u00e9parer. Il faut y r\u00e9fl\u00e9chir&#8230; faire des synth\u00e8ses des \u00e9changes et les mettre sur la liste et le site ?\u00bb<\/em> Cette paix des braves n&rsquo;aura ainsi pas r\u00e9sist\u00e9 \u00e0 la r\u00e9forme de Luc Chatel.<\/p>\n<p>Hasard du calendrier, le <em>Journal des Tice<\/em> vient de publier ce lundi <a href=\"http:\/\/journaldestice.org\/2009\/12\/entretien-avec-caroline-jouneau-sion-presidente-des-clionautes\/\">un tr\u00e8s int\u00e9ressant entretien avec Caroline Jouneau-Sion<\/a>, la pr\u00e9sidente des Clionautes, relativement aux Clionautes et \u00e0 l&#8217;emploi des m\u00e9dias et technologies en histoire-g\u00e9ographie. Dans cet entretien, Caroline Jouneau-Sion mettait fort justement en \u00e9vidence l&rsquo;int\u00e9r\u00eat, l&rsquo;apport et les directions que pouvaient prendre l&rsquo;utilisation p\u00e9dagogique et didactiques des m\u00e9dias et technologies \u00e0 l&rsquo;\u00e8re du web 2.0:<\/p>\n<blockquote><p><em>Je trouve que ce qui a le plus transform\u00e9 le paysage des TICE est le passage au Web 2.0 : depuis quelques ann\u00e9es se d\u00e9veloppent d\u2019innombrables outils qui permettent de mettre en place plus facilement des d\u00e9marches p\u00e9dagogiques vraiment tr\u00e8s int\u00e9ressantes. Le web 2.0 se d\u00e9finit essentiellement par son caract\u00e8re participatif : il offre des logiciels ou des sites qui permettent de travailler ensemble sur un m\u00eame texte (les Wikis, etherpad), sur une m\u00eame carte (Google Maps), de partager des fichiers (Google docs, Zoho etc\u2026), des id\u00e9es (facebook, twitter, Google Wave) de fa\u00e7on simultan\u00e9e. Ces outils ne sont souvent pas con\u00e7us pour une d\u00e9marche \u00e9ducative mais les enseignants les d\u00e9tournent avec beaucoup d\u2019imagination pour am\u00e9liorer les apprentissages. D\u00e9tourner un site publicitaire pour faire faire des films d\u2019animation (<a href=\"http:\/\/www.dfilm.com\/live\/mm.html\">http:\/\/www.dfilm.com\/live\/mm.html)<\/a>, utiliser le Wallwisher pour travailler le brouillon du paragraphe argument\u00e9 (<a href=\"http:\/\/www.wallwisher.com\/wall\/croatie-en-UE\">http:\/\/www.wallwisher.com\/wall\/croatie-en-UE<\/a>), Twitter pour travailler l\u2019argumentation en fran\u00e7ais (<a href=\"http:\/\/frompennylane.blogspace.fr\/\">http:\/\/frompennylane.blogspace.fr\/<\/a>) et bient\u00f4t je pense, Google Wave pour faire travailler ensemble les \u00e9quipes enseignantes, les \u00e9l\u00e8ves\u2026<\/em><\/p><\/blockquote>\n<p>Si cet entretien r\u00e9sonne aujourd&rsquo;hui comme un \u00e9loge fun\u00e8bre de l&rsquo;association, il est peut aussi \u00eatre porteur d&rsquo;une renaissance des p\u00e9dagogies innovantes \u00e0 l&rsquo;aide des TICE en histoire-g\u00e9ographie autour peut-\u00eatre du Ning des Clionautes et des personnes qui l&rsquo;animent: un Clionautes 2.0?<\/p>\n","protected":false},"excerpt":{"rendered":"<p>Le d\u00e9bat pour savoir quelle position l&rsquo;association devait prendre sur la r\u00e9forme du lyc\u00e9e de Luc Chatel a fait exploser l&rsquo;association des Clionautes regroupant des professeurs d&rsquo;histoire-g\u00e9o. Las des conflits de personne et d\u00e9\u00e7us par le conservatisme p\u00e9dagogique de certains membres, la pr\u00e9sidente, Caroline Jouneau-Sion, et une partie du bureau ont d\u00e9missionn\u00e9. Pour le Caf\u00e9 [&hellip;]<\/p>\n","protected":false},"author":1,"featured_media":14680,"comment_status":"open","ping_status":"open","sticky":false,"template":"","format":"standard","meta":{"_import_markdown_pro_load_document_selector":0,"_import_markdown_pro_submit_text_textarea":"","_genesis_hide_title":false,"_genesis_hide_breadcrumbs":false,"_genesis_hide_singular_image":false,"_genesis_hide_footer_widgets":false,"_genesis_custom_body_class":"","_genesis_custom_post_class":"","_genesis_layout":"","jetpack_post_was_ever_published":false,"_jetpack_newsletter_access":"","_jetpack_dont_email_post_to_subs":false,"_jetpack_newsletter_tier_id":0,"_jetpack_memberships_contains_paywalled_content":false,"_jetpack_memberships_contains_paid_content":false,"activitypub_content_warning":"","activitypub_content_visibility":"","activitypub_max_image_attachments":3,"activitypub_interaction_policy_quote":"anyone","activitypub_status":"","footnotes":"","jetpack_publicize_message":"","jetpack_publicize_feature_enabled":true,"jetpack_social_post_already_shared":true,"jetpack_social_options":{"image_generator_settings":{"template":"fullscreen","default_image_id":0,"font":"","enabled":false},"version":2}},"categories":[2],"tags":[],"class_list":{"0":"post-1696","1":"post","2":"type-post","3":"status-publish","4":"format-standard","5":"has-post-thumbnail","7":"category-histoire-2","8":"entry"},"jetpack_publicize_connections":[],"featured_image_src":"https:\/\/i0.wp.com\/lyonelkaufmann.ch\/Blog\/wp-content\/uploads\/2015\/03\/blogcafe1.jpg?resize=600%2C400&ssl=1","featured_image_src_square":"https:\/\/i0.wp.com\/lyonelkaufmann.ch\/Blog\/wp-content\/uploads\/2015\/03\/blogcafe1.jpg?resize=600%2C600&ssl=1","author_info":{"display_name":"Lyonel Kaufmann","author_link":"https:\/\/lyonelkaufmann.ch\/Blog\/author\/lyonelk\/"},"jetpack_featured_media_url":"https:\/\/i0.wp.com\/lyonelkaufmann.ch\/Blog\/wp-content\/uploads\/2015\/03\/blogcafe1.jpg?fit=1024%2C683&ssl=1","jetpack_sharing_enabled":true,"jetpack_shortlink":"https:\/\/wp.me\/p1qtF4-rm","jetpack-related-posts":[{"id":7810,"url":"https:\/\/lyonelkaufmann.ch\/Blog\/2007\/05\/18\/quel-mahomet-dans-les-manuels\/","url_meta":{"origin":1696,"position":0},"title":"Quel Mahomet dans les manuels?","author":"Lyonel Kaufmann","date":"18 mai 2007","format":false,"excerpt":"En mai 2005, les \u00e9ditions Belin publient un manuel d'histoire pour les \u00e9l\u00e8ves de 5e (version d'\u00e9valuation pour les enseignants). Dans le sujet concernant l'Islam une miniature du XIIIe si\u00e8cle pr\u00e9sente le visage de Mahomet: Dans la version d\u00e9finitive d'ao\u00fbt 2005, surprise la miniature figure toujours dans le manuel, mais\u2026","rel":"","context":"Dans &quot;histoire&quot;","block_context":{"text":"histoire","link":"https:\/\/lyonelkaufmann.ch\/Blog\/category\/histoire-2\/"},"img":{"alt_text":"","src":"https:\/\/i0.wp.com\/lyonelkaufmann.ch\/Blog\/wp-content\/uploads\/2015\/03\/blogcafe1.jpg?fit=1024%2C683&ssl=1&resize=350%2C200","width":350,"height":200,"srcset":"https:\/\/i0.wp.com\/lyonelkaufmann.ch\/Blog\/wp-content\/uploads\/2015\/03\/blogcafe1.jpg?fit=1024%2C683&ssl=1&resize=350%2C200 1x, https:\/\/i0.wp.com\/lyonelkaufmann.ch\/Blog\/wp-content\/uploads\/2015\/03\/blogcafe1.jpg?fit=1024%2C683&ssl=1&resize=525%2C300 1.5x, https:\/\/i0.wp.com\/lyonelkaufmann.ch\/Blog\/wp-content\/uploads\/2015\/03\/blogcafe1.jpg?fit=1024%2C683&ssl=1&resize=700%2C400 2x"},"classes":[]},{"id":1235,"url":"https:\/\/lyonelkaufmann.ch\/Blog\/2009\/03\/24\/au-quotidien-dada-sue-christelle-caroline-et-toutes-les-autres\/","url_meta":{"origin":1696,"position":1},"title":"Au quotidien d&rsquo;Ada, Sue, Christelle, Caroline et toutes les autres\u2026","author":"Lyonel Kaufmann","date":"24 mars 2009","format":false,"excerpt":"Pour le 24 mars 2009, Journ\u00e9e de la femme, je me suis engag\u00e9 avec plus de mille blogueurs et blogueuses \u00e0 publier ce jour-l\u00e0 un article au sujet d\u2019une femme que j'admire, dans le milieu de la technologie ou des sciences. C'est la Journ\u00e9e Ada Lovelace initi\u00e9e par Suw Charman-Anderson\u2026","rel":"","context":"Dans &quot;histoire&quot;","block_context":{"text":"histoire","link":"https:\/\/lyonelkaufmann.ch\/Blog\/category\/histoire-2\/"},"img":{"alt_text":"","src":"https:\/\/i0.wp.com\/www.presse-citron.net\/wordpress_prod\/wp-content\/uploads\/ada_lovelace-218x300.jpg?resize=350%2C200","width":350,"height":200},"classes":[]},{"id":1246,"url":"https:\/\/lyonelkaufmann.ch\/Blog\/2009\/03\/26\/histoire-de-guerre-parcours-de-paix\/","url_meta":{"origin":1696,"position":2},"title":"Histoire de Guerre, Parcours de Paix","author":"Lyonel Kaufmann","date":"26 mars 2009","format":false,"excerpt":"Le but du\u00a0site p\u00e9dagogique \u00ab\u00a0Histoire de guerre, Parcours de paix\u00a0\u00bbest d'offrir une relecture de l'Histoire de la Premi\u00e8re Guerre mondiale sous l'angle de l'\u00e9ducation \u00e0 la paix, \u00e0 la citoyennet\u00e9 et au vivre ensemble. Quelles le\u00e7ons l'Histoire peut-elle encore nous apprendre pour mieux vivre ensemble aujourd'hui\u00a0? Ce site y r\u00e9pond\u2026","rel":"","context":"Dans &quot;histoire&quot;","block_context":{"text":"histoire","link":"https:\/\/lyonelkaufmann.ch\/Blog\/category\/histoire-2\/"},"img":{"alt_text":"","src":"https:\/\/i0.wp.com\/lyonelkaufmann.ch\/Blog\/wp-content\/uploads\/2015\/03\/blogcafe1.jpg?fit=1024%2C683&ssl=1&resize=350%2C200","width":350,"height":200,"srcset":"https:\/\/i0.wp.com\/lyonelkaufmann.ch\/Blog\/wp-content\/uploads\/2015\/03\/blogcafe1.jpg?fit=1024%2C683&ssl=1&resize=350%2C200 1x, https:\/\/i0.wp.com\/lyonelkaufmann.ch\/Blog\/wp-content\/uploads\/2015\/03\/blogcafe1.jpg?fit=1024%2C683&ssl=1&resize=525%2C300 1.5x, https:\/\/i0.wp.com\/lyonelkaufmann.ch\/Blog\/wp-content\/uploads\/2015\/03\/blogcafe1.jpg?fit=1024%2C683&ssl=1&resize=700%2C400 2x"},"classes":[]},{"id":7200,"url":"https:\/\/lyonelkaufmann.ch\/Blog\/2013\/07\/09\/lecture-dete-didactique-et-enseignement-de-lhistoire-geographie-au-college-et-au-lycee\/","url_meta":{"origin":1696,"position":3},"title":"Lecture d&rsquo;\u00e9t\u00e9 : Didactique et enseignement de l\u2019histoire-g\u00e9ographie au coll\u00e8ge et au lyc\u00e9e","author":"Lyonel Kaufmann","date":"9 juillet 2013","format":false,"excerpt":"L'ouvrage de Yannick M\u00e9vel et Nicole Tutiaux-Guillon se veut ni une somme de trucs, ni une th\u00e9orie, mais bien une proposition entre les deux. Ce souci se retrouve dans la construction de chaque chapitre. Il int\u00e9ressera \u00e0 la fois les futurs enseignants en formation et les enseignants ayant d\u00e9j\u00e0 de\u2026","rel":"","context":"Dans &quot;histoire&quot;","block_context":{"text":"histoire","link":"https:\/\/lyonelkaufmann.ch\/Blog\/category\/histoire-2\/"},"img":{"alt_text":"","src":"https:\/\/i0.wp.com\/lyonelkaufmann.ch\/Blog\/wp-content\/uploads\/2015\/03\/EPU.jpg?fit=340%2C477&ssl=1&resize=350%2C200","width":350,"height":200},"classes":[]},{"id":1737,"url":"https:\/\/lyonelkaufmann.ch\/Blog\/2010\/01\/04\/retrospective-2009-mes-chroniques-du-cafe-pedagogique\/","url_meta":{"origin":1696,"position":4},"title":"R\u00e9trospective 2009: mes chroniques du Caf\u00e9 p\u00e9dagogique","author":"Lyonel Kaufmann","date":"4 janvier 2010","format":false,"excerpt":"Avant de d\u00e9marrer v\u00e9ritablement l'ann\u00e9e 2010, voici le r\u00e9capitulatif de mes chroniques mensuelles publi\u00e9es sur le site du Caf\u00e9 p\u00e9dagogique, rubrique Histoire. Cette collaboration a d\u00e9marr\u00e9 en novembre 2008 et se poursuivra en 2010. Articles publi\u00e9s en 2009 \u00abConcevoir avec ses \u00e9l\u00e8ves un canular historique est-ce faire de l\u2019histoire?\u00bb (2009).\u2026","rel":"","context":"Dans &quot;histoire&quot;","block_context":{"text":"histoire","link":"https:\/\/lyonelkaufmann.ch\/Blog\/category\/histoire-2\/"},"img":{"alt_text":"","src":"https:\/\/i0.wp.com\/lyonelkaufmann.ch\/Blog\/wp-content\/uploads\/2015\/03\/blogcafe1.jpg?fit=1024%2C683&ssl=1&resize=350%2C200","width":350,"height":200,"srcset":"https:\/\/i0.wp.com\/lyonelkaufmann.ch\/Blog\/wp-content\/uploads\/2015\/03\/blogcafe1.jpg?fit=1024%2C683&ssl=1&resize=350%2C200 1x, https:\/\/i0.wp.com\/lyonelkaufmann.ch\/Blog\/wp-content\/uploads\/2015\/03\/blogcafe1.jpg?fit=1024%2C683&ssl=1&resize=525%2C300 1.5x, https:\/\/i0.wp.com\/lyonelkaufmann.ch\/Blog\/wp-content\/uploads\/2015\/03\/blogcafe1.jpg?fit=1024%2C683&ssl=1&resize=700%2C400 2x"},"classes":[]},{"id":267,"url":"https:\/\/lyonelkaufmann.ch\/Blog\/2007\/12\/28\/christopher-alan-bayly-2007-la-naissance-du-monde-moderne\/","url_meta":{"origin":1696,"position":5},"title":"Christopher Alan Bayly (2007) La naissance du monde moderne","author":"Lyonel Kaufmann","date":"28 d\u00e9cembre 2007","format":false,"excerpt":"\u00abPeu nombreux sont les ouvrages historiques qui font instantan\u00e9ment date. Dans le domaine en rapide expansion de l\u2019histoire mondialis\u00e9e, c\u2019est pourtant le cas du livre de Christopher Bayly, La Naissance du monde moderne, et ce depuis sa parution originale en langue anglaise en 2003. Il n\u2019est pas excessif de pr\u00e9tendre\u2026","rel":"","context":"Dans &quot;histoire&quot;","block_context":{"text":"histoire","link":"https:\/\/lyonelkaufmann.ch\/Blog\/category\/histoire-2\/"},"img":{"alt_text":"","src":"https:\/\/i0.wp.com\/lyonelkaufmann.ch\/Blog\/wp-content\/uploads\/2015\/03\/blogcafe1.jpg?fit=1024%2C683&ssl=1&resize=350%2C200","width":350,"height":200,"srcset":"https:\/\/i0.wp.com\/lyonelkaufmann.ch\/Blog\/wp-content\/uploads\/2015\/03\/blogcafe1.jpg?fit=1024%2C683&ssl=1&resize=350%2C200 1x, https:\/\/i0.wp.com\/lyonelkaufmann.ch\/Blog\/wp-content\/uploads\/2015\/03\/blogcafe1.jpg?fit=1024%2C683&ssl=1&resize=525%2C300 1.5x, https:\/\/i0.wp.com\/lyonelkaufmann.ch\/Blog\/wp-content\/uploads\/2015\/03\/blogcafe1.jpg?fit=1024%2C683&ssl=1&resize=700%2C400 2x"},"classes":[]}],"jetpack_likes_enabled":true,"_links":{"self":[{"href":"https:\/\/lyonelkaufmann.ch\/Blog\/wp-json\/wp\/v2\/posts\/1696","targetHints":{"allow":["GET"]}}],"collection":[{"href":"https:\/\/lyonelkaufmann.ch\/Blog\/wp-json\/wp\/v2\/posts"}],"about":[{"href":"https:\/\/lyonelkaufmann.ch\/Blog\/wp-json\/wp\/v2\/types\/post"}],"author":[{"embeddable":true,"href":"https:\/\/lyonelkaufmann.ch\/Blog\/wp-json\/wp\/v2\/users\/1"}],"replies":[{"embeddable":true,"href":"https:\/\/lyonelkaufmann.ch\/Blog\/wp-json\/wp\/v2\/comments?post=1696"}],"version-history":[{"count":0,"href":"https:\/\/lyonelkaufmann.ch\/Blog\/wp-json\/wp\/v2\/posts\/1696\/revisions"}],"wp:featuredmedia":[{"embeddable":true,"href":"https:\/\/lyonelkaufmann.ch\/Blog\/wp-json\/wp\/v2\/media\/14680"}],"wp:attachment":[{"href":"https:\/\/lyonelkaufmann.ch\/Blog\/wp-json\/wp\/v2\/media?parent=1696"}],"wp:term":[{"taxonomy":"category","embeddable":true,"href":"https:\/\/lyonelkaufmann.ch\/Blog\/wp-json\/wp\/v2\/categories?post=1696"},{"taxonomy":"post_tag","embeddable":true,"href":"https:\/\/lyonelkaufmann.ch\/Blog\/wp-json\/wp\/v2\/tags?post=1696"}],"curies":[{"name":"wp","href":"https:\/\/api.w.org\/{rel}","templated":true}]}}