{"id":18073,"date":"2017-04-16T16:39:47","date_gmt":"2017-04-16T15:39:47","guid":{"rendered":"https:\/\/lyonelkaufmann.ch\/Blog\/2017\/04\/16\/sur-la-platine-julie-armanet-petite-amie\/"},"modified":"2017-04-16T16:39:47","modified_gmt":"2017-04-16T15:39:47","slug":"sur-la-platine-julie-armanet-petite-amie","status":"publish","type":"post","link":"https:\/\/lyonelkaufmann.ch\/Blog\/2017\/04\/16\/sur-la-platine-julie-armanet-petite-amie\/","title":{"rendered":"Sur la platine : Julie Armanet | Petite amie"},"content":{"rendered":"<p>Juliette Armanet sort \u00ab\u00a0Petite amie\u00a0\u00bb. Tant\u00f4t disco, tant\u00f4t piano, l&rsquo;album nous rappelle les plus grandes heures des Souchon, Berger, Shelley pour les Inrocks. Et c&rsquo;est le cas. A d\u00e9guster sans mod\u00e9ration.<br \/>\n<span class=\"embed-youtube\" style=\"text-align:center; display: block;\"><iframe loading=\"lazy\" class=\"youtube-player\" width=\"640\" height=\"360\" src=\"https:\/\/www.youtube.com\/embed\/vBkbhoqpaDk?version=3&#038;rel=1&#038;showsearch=0&#038;showinfo=1&#038;iv_load_policy=1&#038;fs=1&#038;hl=fr-FR&#038;autohide=2&#038;wmode=transparent\" allowfullscreen=\"true\" style=\"border:0;\" sandbox=\"allow-scripts allow-same-origin allow-popups allow-presentation allow-popups-to-escape-sandbox\"><\/iframe><\/span><br \/>\nQuel beau printemps ! Merci Mesdames.&nbsp;<\/p>\n","protected":false},"excerpt":{"rendered":"<p>Juliette Armanet sort \u00ab\u00a0Petite amie\u00a0\u00bb. Tant\u00f4t disco, tant\u00f4t piano, l&rsquo;album nous rappelle les plus grandes heures des Souchon, Berger, Shelley pour les Inrocks. Et c&rsquo;est le cas. A d\u00e9guster sans mod\u00e9ration. Quel beau printemps ! Merci Mesdames.&nbsp;<\/p>\n","protected":false},"author":1,"featured_media":18072,"comment_status":"open","ping_status":"open","sticky":false,"template":"","format":"standard","meta":{"_import_markdown_pro_load_document_selector":0,"_import_markdown_pro_submit_text_textarea":"","_genesis_hide_title":false,"_genesis_hide_breadcrumbs":false,"_genesis_hide_singular_image":false,"_genesis_hide_footer_widgets":false,"_genesis_custom_body_class":"","_genesis_custom_post_class":"","_genesis_layout":"","jetpack_post_was_ever_published":false,"_jetpack_newsletter_access":"","_jetpack_dont_email_post_to_subs":false,"_jetpack_newsletter_tier_id":0,"_jetpack_memberships_contains_paywalled_content":false,"_jetpack_memberships_contains_paid_content":false,"activitypub_content_warning":"","activitypub_content_visibility":"","activitypub_max_image_attachments":3,"activitypub_interaction_policy_quote":"anyone","activitypub_status":"","footnotes":"","jetpack_publicize_message":"","jetpack_publicize_feature_enabled":true,"jetpack_social_post_already_shared":true,"jetpack_social_options":{"image_generator_settings":{"template":"fullscreen","default_image_id":0,"font":"","enabled":false},"version":2}},"categories":[9],"tags":[],"class_list":{"0":"post-18073","1":"post","2":"type-post","3":"status-publish","4":"format-standard","5":"has-post-thumbnail","7":"category-tubescafe","8":"entry"},"jetpack_publicize_connections":[],"featured_image_src":"https:\/\/i0.wp.com\/lyonelkaufmann.ch\/Blog\/wp-content\/uploads\/2017\/04\/hipstamaticphoto-514049268.231843.jpg?resize=600%2C400&ssl=1","featured_image_src_square":"https:\/\/i0.wp.com\/lyonelkaufmann.ch\/Blog\/wp-content\/uploads\/2017\/04\/hipstamaticphoto-514049268.231843.jpg?resize=600%2C600&ssl=1","author_info":{"display_name":"Lyonel Kaufmann","author_link":"https:\/\/lyonelkaufmann.ch\/Blog\/author\/lyonelk\/"},"jetpack_featured_media_url":"https:\/\/i0.wp.com\/lyonelkaufmann.ch\/Blog\/wp-content\/uploads\/2017\/04\/hipstamaticphoto-514049268.231843.jpg?fit=2448%2C2448&ssl=1","jetpack_sharing_enabled":true,"jetpack_shortlink":"https:\/\/wp.me\/p1qtF4-4Hv","jetpack-related-posts":[{"id":19843,"url":"https:\/\/lyonelkaufmann.ch\/Blog\/2018\/12\/31\/dancing-grass-lausanne-lumieres-2018\/","url_meta":{"origin":18073,"position":0},"title":"Dancing Grass &#8211; Lausanne Lumi\u00e8res 2018","author":"Lyonel Kaufmann","date":"31 d\u00e9cembre 2018","format":false,"excerpt":"Notre promenade urbaine 2018 r\u00e9alis\u00e9e dans le cadre de Lausanne Lumi\u00e8res. Toit v\u00e9g\u00e9tal des T.-L. Dancing Grass, \u00e0 diff\u00e9rentes hauteurs, tant\u00f4t debout, tant\u00f4t contre le vent, tout en se m\u00e9langeant pour former un terrain gazonn\u00e9. Cela ressemble \u00e0 Lausanne o\u00f9 diverses personnes vivent en harmonie. Lorsque l\u2019herbe rougeoyante se d\u00e9place\u2026","rel":"","context":"Dans &quot;Photo du jour&quot;","block_context":{"text":"Photo du jour","link":"https:\/\/lyonelkaufmann.ch\/Blog\/category\/photo-du-jour\/"},"img":{"alt_text":"","src":"","width":0,"height":0},"classes":[]},{"id":19523,"url":"https:\/\/lyonelkaufmann.ch\/Blog\/2018\/09\/14\/les-yeux-vers-lhorizon-nouvelle-edition-de-rivages-par-harry-gruyaert\/","url_meta":{"origin":18073,"position":1},"title":"Les yeux vers l&rsquo;horizon, nouvelle \u00e9dition de \u00ab\u00a0Rivages\u00a0\u00bb par Harry Gruyaert","author":"Lyonel Kaufmann","date":"14 septembre 2018","format":false,"excerpt":"Fascin\u00e9 par la lumi\u00e8re, Harry Gruyaert capture des paysages sublim\u00e9s par les rayons du soleil, qui rappellent la puret\u00e9 des peintures flamandes baroques du 17e si\u00e8cle. Les yeux fix\u00e9s sur l\u2019horizon, le public ne peut qu\u2019admirer la puret\u00e9 des panoramas. Des clich\u00e9s qui, malgr\u00e9 la pr\u00e9sence de l\u2019humain, semblent repr\u00e9senter\u2026","rel":"","context":"Dans &quot;Blogcaf\u00e9&quot;","block_context":{"text":"Blogcaf\u00e9","link":"https:\/\/lyonelkaufmann.ch\/Blog\/category\/blogcafe-2\/"},"img":{"alt_text":"Harry Gruyaert Rivages Magnum Photos Berck plage France 2007 1200x800","src":"https:\/\/i0.wp.com\/lyonelkaufmann.ch\/Blog\/wp-content\/uploads\/2018\/09\/Harry-Gruyaert-Rivages-Magnum-Photos_Berck-plage-France-2007-1200x800.jpg?resize=350%2C200&ssl=1","width":350,"height":200,"srcset":"https:\/\/i0.wp.com\/lyonelkaufmann.ch\/Blog\/wp-content\/uploads\/2018\/09\/Harry-Gruyaert-Rivages-Magnum-Photos_Berck-plage-France-2007-1200x800.jpg?resize=350%2C200&ssl=1 1x, https:\/\/i0.wp.com\/lyonelkaufmann.ch\/Blog\/wp-content\/uploads\/2018\/09\/Harry-Gruyaert-Rivages-Magnum-Photos_Berck-plage-France-2007-1200x800.jpg?resize=525%2C300&ssl=1 1.5x"},"classes":[]},{"id":3836,"url":"https:\/\/lyonelkaufmann.ch\/Blog\/2011\/06\/14\/le-roman-historique-un-art-de-leloignement\/","url_meta":{"origin":18073,"position":2},"title":"Le roman historique\u00a0: un \u00ab\u00a0art de l\u2019\u00e9loignement\u00a0\u00bb\u00a0?","author":"Lyonel Kaufmann","date":"14 juin 2011","format":false,"excerpt":"Dans la continuit\u00e9 des travaux ant\u00e9rieurs sur l\u2019\u00e9criture de l\u2019histoire, Aude D\u00e9ruelle et Alain Tassel publient les actes du colloque intitul\u00e9 \u00ab\u00a0Pour une approche narratologique du roman historique\u00a0\u00bb, qui a eu lieu \u00e0 Nice du 19 au 21 mai 2005. \u00c9tudiant les rapports probl\u00e9matiques entre l\u2019histoire et la fiction romanesque,\u2026","rel":"","context":"Dans &quot;histoire&quot;","block_context":{"text":"histoire","link":"https:\/\/lyonelkaufmann.ch\/Blog\/category\/histoire-2\/"},"img":{"alt_text":"","src":"https:\/\/i0.wp.com\/lyonelkaufmann.ch\/Blog\/wp-content\/uploads\/2015\/03\/blogcafe1.jpg?fit=1024%2C683&ssl=1&resize=350%2C200","width":350,"height":200,"srcset":"https:\/\/i0.wp.com\/lyonelkaufmann.ch\/Blog\/wp-content\/uploads\/2015\/03\/blogcafe1.jpg?fit=1024%2C683&ssl=1&resize=350%2C200 1x, https:\/\/i0.wp.com\/lyonelkaufmann.ch\/Blog\/wp-content\/uploads\/2015\/03\/blogcafe1.jpg?fit=1024%2C683&ssl=1&resize=525%2C300 1.5x, https:\/\/i0.wp.com\/lyonelkaufmann.ch\/Blog\/wp-content\/uploads\/2015\/03\/blogcafe1.jpg?fit=1024%2C683&ssl=1&resize=700%2C400 2x"},"classes":[]},{"id":7928,"url":"https:\/\/lyonelkaufmann.ch\/Blog\/2014\/03\/23\/publication-la-traversee-des-alpes-essai-dhistoire-marchee\/","url_meta":{"origin":18073,"position":3},"title":"Publication : La travers\u00e9e des Alpes \u2013 Essai d\u2019histoire march\u00e9e","author":"Lyonel Kaufmann","date":"23 mars 2014","format":false,"excerpt":"Pr\u00e9sentation de l\u2019\u00e9diteur :Le 6 septembre 2009, Antoine de Baecque se lance sur le GR5, un sac de dix-sept kilos sur le dos, pour un mois de randonn\u00e9e solitaire \u00e0 travers les Alpes, depuis le lac L\u00e9man jusqu\u2019\u00e0 la M\u00e9diterran\u00e9e : six cent cinquante kilom\u00e8tres, trente mille m\u00e8tres de d\u00e9nivel\u00e9e,\u2026","rel":"","context":"Dans &quot;histoire&quot;","block_context":{"text":"histoire","link":"https:\/\/lyonelkaufmann.ch\/Blog\/category\/histoire-2\/"},"img":{"alt_text":"wpid-9782070144426FS-181x300-2014-03-23-17-45.gif","src":"https:\/\/i0.wp.com\/lyonelkaufmann.ch\/histoire\/wp-content\/uploads\/2014\/03\/wpid-9782070144426FS-181x300-2014-03-23-17-45.gif?resize=350%2C200","width":350,"height":200},"classes":[]},{"id":7685,"url":"https:\/\/lyonelkaufmann.ch\/Blog\/2006\/03\/26\/comment-les-elites-et-les-intellectuels-ont-ils-traverse-la-deuxieme-guerre-mondiale-des-elites-dans-la-tourmentedes-elites-dans-la-tourmente-le-monde-des-livres\/","url_meta":{"origin":18073,"position":4},"title":"Des \u00e9lites dans la tourmente (Le Monde des livres)","author":"Lyonel Kaufmann","date":"26 mars 2006","format":false,"excerpt":"Plusieurs ouvrages reprennent cette question complexe par des biais diff\u00e9rents avec des r\u00e9sultats significatifs ? Le journal Le Monde (cahier Le Monde des Livres), dat\u00e9 du 23 mars 2006, vous offre un compte-rendu des ouvrages suivants : Technorati Tags: intellectuels, occupation, nazisme, Vichy LA VIE CULTURELLE SOUS L'OCCUPATION de St\u00e9phanie\u2026","rel":"","context":"Dans &quot;histoire&quot;","block_context":{"text":"histoire","link":"https:\/\/lyonelkaufmann.ch\/Blog\/category\/histoire-2\/"},"img":{"alt_text":"","src":"https:\/\/i0.wp.com\/lyonelkaufmann.ch\/Blog\/wp-content\/uploads\/2015\/03\/blogcafe1.jpg?fit=1024%2C683&ssl=1&resize=350%2C200","width":350,"height":200,"srcset":"https:\/\/i0.wp.com\/lyonelkaufmann.ch\/Blog\/wp-content\/uploads\/2015\/03\/blogcafe1.jpg?fit=1024%2C683&ssl=1&resize=350%2C200 1x, https:\/\/i0.wp.com\/lyonelkaufmann.ch\/Blog\/wp-content\/uploads\/2015\/03\/blogcafe1.jpg?fit=1024%2C683&ssl=1&resize=525%2C300 1.5x, https:\/\/i0.wp.com\/lyonelkaufmann.ch\/Blog\/wp-content\/uploads\/2015\/03\/blogcafe1.jpg?fit=1024%2C683&ssl=1&resize=700%2C400 2x"},"classes":[]},{"id":4755,"url":"https:\/\/lyonelkaufmann.ch\/Blog\/2011\/08\/03\/google-plus-menace-t-il-les-blogs-dextinction\/","url_meta":{"origin":18073,"position":5},"title":"Google Plus menace t-il les blogs d\u2019extinction ?","author":"Lyonel Kaufmann","date":"3 ao\u00fbt 2011","format":"aside","excerpt":"Tant\u00f4t il est pr\u00e9dit que Google + tuera Facebook ((Google+ fera de Facebook le prochain MySpace, avertit un expert)) ou Twitter et maintenant les blogs. L'art de la pr\u00e9diction dans le domaine de l'Internet et des r\u00e9seaux sociaux est comparable \u00e0 celui des analystes financiers ou des sp\u00e9cialistes m\u00e9t\u00e9os. Quoiqu'avec\u2026","rel":"","context":"Dans &quot;Blogcaf\u00e9&quot;","block_context":{"text":"Blogcaf\u00e9","link":"https:\/\/lyonelkaufmann.ch\/Blog\/category\/blogcafe-2\/"},"img":{"alt_text":"","src":"https:\/\/i0.wp.com\/lyonelkaufmann.ch\/Blog\/wp-content\/uploads\/2015\/03\/Google-Plus-stats.jpg?fit=540%2C306&ssl=1&resize=350%2C200","width":350,"height":200,"srcset":"https:\/\/i0.wp.com\/lyonelkaufmann.ch\/Blog\/wp-content\/uploads\/2015\/03\/Google-Plus-stats.jpg?fit=540%2C306&ssl=1&resize=350%2C200 1x, https:\/\/i0.wp.com\/lyonelkaufmann.ch\/Blog\/wp-content\/uploads\/2015\/03\/Google-Plus-stats.jpg?fit=540%2C306&ssl=1&resize=525%2C300 1.5x"},"classes":[]}],"jetpack_likes_enabled":true,"_links":{"self":[{"href":"https:\/\/lyonelkaufmann.ch\/Blog\/wp-json\/wp\/v2\/posts\/18073","targetHints":{"allow":["GET"]}}],"collection":[{"href":"https:\/\/lyonelkaufmann.ch\/Blog\/wp-json\/wp\/v2\/posts"}],"about":[{"href":"https:\/\/lyonelkaufmann.ch\/Blog\/wp-json\/wp\/v2\/types\/post"}],"author":[{"embeddable":true,"href":"https:\/\/lyonelkaufmann.ch\/Blog\/wp-json\/wp\/v2\/users\/1"}],"replies":[{"embeddable":true,"href":"https:\/\/lyonelkaufmann.ch\/Blog\/wp-json\/wp\/v2\/comments?post=18073"}],"version-history":[{"count":0,"href":"https:\/\/lyonelkaufmann.ch\/Blog\/wp-json\/wp\/v2\/posts\/18073\/revisions"}],"wp:featuredmedia":[{"embeddable":true,"href":"https:\/\/lyonelkaufmann.ch\/Blog\/wp-json\/wp\/v2\/media\/18072"}],"wp:attachment":[{"href":"https:\/\/lyonelkaufmann.ch\/Blog\/wp-json\/wp\/v2\/media?parent=18073"}],"wp:term":[{"taxonomy":"category","embeddable":true,"href":"https:\/\/lyonelkaufmann.ch\/Blog\/wp-json\/wp\/v2\/categories?post=18073"},{"taxonomy":"post_tag","embeddable":true,"href":"https:\/\/lyonelkaufmann.ch\/Blog\/wp-json\/wp\/v2\/tags?post=18073"}],"curies":[{"name":"wp","href":"https:\/\/api.w.org\/{rel}","templated":true}]}}