{"id":20,"date":"2005-07-21T18:52:00","date_gmt":"2005-07-21T17:52:00","guid":{"rendered":"http:\/\/lyonelkaufmann.ch\/histoire\/?p=43"},"modified":"2005-07-21T18:52:00","modified_gmt":"2005-07-21T17:52:00","slug":"la-suisse-et-lesclavage","status":"publish","type":"post","link":"https:\/\/lyonelkaufmann.ch\/Blog\/2005\/07\/21\/la-suisse-et-lesclavage\/","title":{"rendered":"La Suisse et l&rsquo;esclavage"},"content":{"rendered":"<p>Depuis la parution d&rsquo;articles e 2004 dans le journal <i>Le Courrier<\/i>  et <i>La Libert\u00e9<\/i> relativement \u00e0 la question du r\u00f4le de la Suisse dans l&rsquo;esclavage,  un livre est paru ce printemps aux \u00e9ditions <a href=\"http:\/\/www.antipodes.ch\">Antipodes<\/a> &amp; SHSR, dans la collection Histoire.ch. Il a \u00e9t\u00e9 \u00e9crit par Thomas David [professeur-assistant \u00e0 l&rsquo;Institut d&rsquo;histoire \u00e9conomique et sociale de l&rsquo;Universit\u00e9 de Lausanne et parrain de ma fille \ud83d\ude09 ], Bouda Etemad [professeur d&rsquo;histoire contemporaine aux Universit\u00e9s de Gen\u00e8ve et Lausanne et directeur de mon m\u00e9moire de 1991 d\u00e9j\u00e0] &amp; Janick Marina Schaufelbuehl [assistante-doctorante \u00e0 l&rsquo;Institut d&rsquo;histoire \u00e9conomique et sociale de l&rsquo;Universit\u00e9 de Lausanne] et s&rsquo;intitule La Suisse et l&rsquo;esclavage des Noirs. Il s&rsquo;articule autour de la participation de Suisses \u00e0 la traite transatlantique et aussi des mouvements antiesclavagistes en Suisse.<\/p>\n<p>La jaquette de dos pr\u00e9sente l&rsquo;ouvrage de la mani\u00e8re suivante :<br \/>\nEn septembre 2001, \u00e0 Durban, la troisi\u00e8me Conf\u00e9rence mondiale contre le racisme a reconnu que l&rsquo;esclavage et la traite des esclaves constituaient un crime contre l&rsquo;humanit\u00e9. \u00e0 cette occasion, la suisse soulignait par la voix de son repr\u00e9sentant qu&rsquo;elle n&rsquo;avait \u00ab rien \u00e0 voir avec l&rsquo;esclavage, la traite n\u00e9gri\u00e8re ou la colonisation \u00bb. cette d\u00e9claration r\u00e9sume parfaitement l&rsquo;opinion qui a pr\u00e9valu pendant plus de deux si\u00e8cles : la Suisse n&rsquo;a pas particip\u00e9 \u00e0 l&rsquo;esclavage des Noirs.<br \/>\nCet ouvrage rejette cette th\u00e8se et r\u00e9v\u00e8le, Sur la base de mat\u00e9riaux originaux, que des marchands, des maisons de commerce et des financiers suisses ont particip\u00e9 \u00e0 la traite des Noirs aux XVIIIe et XIXe si\u00e8cles. il montre que des citoyens helv\u00e9tiques ont exploit\u00e9, aux Am\u00e9riques, des esclaves sur leurs plantations et que des soldats conf\u00e9d\u00e9r\u00e9s ont pris part aux r\u00e9pressions sanglantes de r\u00e9voltes d&rsquo;esclaves.<br \/>\nCertains Suisses se sont toutefois \u00e9mus de ces pratiques et engag\u00e9s dans des mouvements antiesclavagistes apparus au cours des XVIIIe et XIXe si\u00e8cles. Ce livre l\u00e8ve le voile sur tous ces aspects m\u00e9connus de l&rsquo;histoire suisse.<br \/>\nComptes-rendus de l&rsquo;ouvrage :<br \/>\n\u2022 Pages de gauche (mai 2005) : <a href=\"http:\/\/www.pagesdegauche.ch\/index.php?option=content&amp;task=view&amp;id=131&amp;Itemid=25\">La Suisse et l&rsquo;esclavage,<\/a> par Chantal Peyer<br \/>\n\u2022 Largeur.com (mars 2005 ) : <a href=\"http:\/\/www.largeur.com\/printArt.asp?artID=1798\">La Suisse et l&rsquo;esclavage: le livre qui d\u00e9range<\/a> par G\u00e9rard Delaloye<\/p>\n","protected":false},"excerpt":{"rendered":"<p>Depuis la parution d&rsquo;articles e 2004 dans le journal Le Courrier et La Libert\u00e9 relativement \u00e0 la question du r\u00f4le de la Suisse dans l&rsquo;esclavage, un livre est paru ce printemps aux \u00e9ditions Antipodes &amp; SHSR, dans la collection Histoire.ch. Il a \u00e9t\u00e9 \u00e9crit par Thomas David [professeur-assistant \u00e0 l&rsquo;Institut d&rsquo;histoire \u00e9conomique et sociale de [&hellip;]<\/p>\n","protected":false},"author":1,"featured_media":14680,"comment_status":"open","ping_status":"open","sticky":false,"template":"","format":"standard","meta":{"_import_markdown_pro_load_document_selector":0,"_import_markdown_pro_submit_text_textarea":"","_genesis_hide_title":false,"_genesis_hide_breadcrumbs":false,"_genesis_hide_singular_image":false,"_genesis_hide_footer_widgets":false,"_genesis_custom_body_class":"","_genesis_custom_post_class":"","_genesis_layout":"","jetpack_post_was_ever_published":false,"_jetpack_newsletter_access":"","_jetpack_dont_email_post_to_subs":false,"_jetpack_newsletter_tier_id":0,"_jetpack_memberships_contains_paywalled_content":false,"_jetpack_memberships_contains_paid_content":false,"activitypub_content_warning":"","activitypub_content_visibility":"","activitypub_max_image_attachments":3,"activitypub_interaction_policy_quote":"anyone","activitypub_status":"","footnotes":"","jetpack_publicize_message":"","jetpack_publicize_feature_enabled":true,"jetpack_social_post_already_shared":true,"jetpack_social_options":{"image_generator_settings":{"template":"fullscreen","default_image_id":0,"font":"","enabled":false},"version":2}},"categories":[2],"tags":[],"class_list":{"0":"post-20","1":"post","2":"type-post","3":"status-publish","4":"format-standard","5":"has-post-thumbnail","7":"category-histoire-2","8":"entry"},"jetpack_publicize_connections":[],"featured_image_src":"https:\/\/i0.wp.com\/lyonelkaufmann.ch\/Blog\/wp-content\/uploads\/2015\/03\/blogcafe1.jpg?resize=600%2C400&ssl=1","featured_image_src_square":"https:\/\/i0.wp.com\/lyonelkaufmann.ch\/Blog\/wp-content\/uploads\/2015\/03\/blogcafe1.jpg?resize=600%2C600&ssl=1","author_info":{"display_name":"Lyonel Kaufmann","author_link":"https:\/\/lyonelkaufmann.ch\/Blog\/author\/lyonelk\/"},"jetpack_featured_media_url":"https:\/\/i0.wp.com\/lyonelkaufmann.ch\/Blog\/wp-content\/uploads\/2015\/03\/blogcafe1.jpg?fit=1024%2C683&ssl=1","jetpack_sharing_enabled":true,"jetpack_shortlink":"https:\/\/wp.me\/p1qtF4-k","jetpack-related-posts":[{"id":4982,"url":"https:\/\/lyonelkaufmann.ch\/Blog\/2012\/01\/28\/1848-quand-la-suisse-faisait-ladmiration-des-peuples-europeens-letemps-ch\/","url_meta":{"origin":20,"position":0},"title":"1848: quand la Suisse faisait l\u2019admiration des peuples europ\u00e9ens |\u00a0LeTemps.ch","author":"Lyonel Kaufmann","date":"28 janvier 2012","format":"aside","excerpt":"\u00abFinalement, j\u2019ai choisi 1848, qui a vu jeter les bases de la Suisse contemporaine. Parce que c\u2019est une ann\u00e9e enchant\u00e9e, dont l\u2019esprit d\u2019ouverture et l\u2019audace forment un contraste frappant avec le climat actuel. J\u2019ai choisi 1848 pour me consoler.\u00bb Quelle serait votre ann\u00e9e id\u00e9ale? C\u2019est la question que le journal\u00a0Le\u2026","rel":"","context":"Dans &quot;histoire&quot;","block_context":{"text":"histoire","link":"https:\/\/lyonelkaufmann.ch\/Blog\/category\/histoire-2\/"},"img":{"alt_text":"","src":"https:\/\/i0.wp.com\/lyonelkaufmann.ch\/Blog\/wp-content\/uploads\/2015\/03\/blogcafe1.jpg?fit=1024%2C683&ssl=1&resize=350%2C200","width":350,"height":200,"srcset":"https:\/\/i0.wp.com\/lyonelkaufmann.ch\/Blog\/wp-content\/uploads\/2015\/03\/blogcafe1.jpg?fit=1024%2C683&ssl=1&resize=350%2C200 1x, https:\/\/i0.wp.com\/lyonelkaufmann.ch\/Blog\/wp-content\/uploads\/2015\/03\/blogcafe1.jpg?fit=1024%2C683&ssl=1&resize=525%2C300 1.5x, https:\/\/i0.wp.com\/lyonelkaufmann.ch\/Blog\/wp-content\/uploads\/2015\/03\/blogcafe1.jpg?fit=1024%2C683&ssl=1&resize=700%2C400 2x"},"classes":[]},{"id":8076,"url":"https:\/\/lyonelkaufmann.ch\/Blog\/2014\/06\/29\/14-18-archibald-reiss-un-suisse-dans-la-tourmente\/","url_meta":{"origin":20,"position":1},"title":"14-18 : Archibald Reiss, un Suisse dans la tourmente","author":"Lyonel Kaufmann","date":"29 juin 2014","format":false,"excerpt":"Dans un article consacr\u00e9 \u00e0 la Serbie durant la Premi\u00e8re Guerre mondiale, Mediapart\u00a0 ((\u00abSerbie h\u00e9ro\u00efque, Serbie martyre\u00bb, le d\u00e9sastre de 1915 - Page 1 | Mediapart http:\/\/www.mediapart.fr\/journal\/culture-idees\/290614\/serbie-heroique-serbie-martyre-le-desastre-de-1915?page_article=1)) nous fait d\u00e9couvrir la personnalit\u00e9 d\u2019Archibald Reiss, un Suisse qui fut charg\u00e9 par la Serbie de mener l\u2019enqu\u00eate sur les exactions perp\u00e9tr\u00e9es par\u2026","rel":"","context":"Dans &quot;histoire&quot;","block_context":{"text":"histoire","link":"https:\/\/lyonelkaufmann.ch\/Blog\/category\/histoire-2\/"},"img":{"alt_text":"wpid-File-Archibald_Reiss-2014-06-29-20-50.gif","src":"https:\/\/i0.wp.com\/lyonelkaufmann.ch\/histoire\/wp-content\/uploads\/2014\/06\/wpid-File-Archibald_Reiss-2014-06-29-20-50.gif?resize=350%2C200","width":350,"height":200},"classes":[]},{"id":5987,"url":"https:\/\/lyonelkaufmann.ch\/Blog\/2012\/08\/20\/deuxieme-guerre-mondiale-la-voix-de-la-suisse\/","url_meta":{"origin":20,"position":2},"title":"Deuxi\u00e8me guerre mondiale : La voix de la Suisse","author":"Lyonel Kaufmann","date":"20 ao\u00fbt 2012","format":false,"excerpt":"Swissinfo.ch a publi\u00e9 aujourd'hui sur Internet plus de 16.000 manuscrits de programmes diffus\u00e9s par le Service des ondes courtes (SOC) entre 1939 et 1945. Pendant la Deuxi\u00e8me Guerre mondiale, la radio \u00e0 ondes courtes fut un moyen privil\u00e9gi\u00e9 pour la Suisse de communiquer avec des ressortissants expatri\u00e9s et de pr\u00e9senter\u2026","rel":"","context":"Dans &quot;histoire&quot;","block_context":{"text":"histoire","link":"https:\/\/lyonelkaufmann.ch\/Blog\/category\/histoire-2\/"},"img":{"alt_text":"39055698 33097850","src":"https:\/\/i0.wp.com\/lyonelkaufmann.ch\/histoire\/wp-content\/uploads\/2012\/08\/39055698-330978502.jpg?resize=350%2C200","width":350,"height":200},"classes":[]},{"id":1118,"url":"https:\/\/lyonelkaufmann.ch\/Blog\/2009\/02\/28\/pour-sa-pedagogie-luniversite-innove-le-temps\/","url_meta":{"origin":20,"position":3},"title":"\u00abPour sa p\u00e9dagogie, l\u2019universit\u00e9 innove\u00bb | Le Temps","author":"Lyonel Kaufmann","date":"28 f\u00e9vrier 2009","format":false,"excerpt":"Elle \u00e9tait fi\u00e8re de l\u2019annoncer, en\u00a0janvier: l\u2019Universit\u00e9 de Lausanne, la premi\u00e8re en Suisse, s\u2019invite sur la section acad\u00e9mique de la plateforme multim\u00e9dia iTunes. Cette initiative s\u2019ajoute \u00e0 d\u2019autres lanc\u00e9es \u00e0 Lausanne, comme la cr\u00e9ation d\u2019Uniboard, une\u00a0tablette tactile que l\u2019enseignant utilise pour montrer des documents PowerPoint, \u00e9crire des notes projet\u00e9es \u00e0\u2026","rel":"","context":"Dans &quot;histoire&quot;","block_context":{"text":"histoire","link":"https:\/\/lyonelkaufmann.ch\/Blog\/category\/histoire-2\/"},"img":{"alt_text":"","src":"https:\/\/i0.wp.com\/lyonelkaufmann.ch\/Blog\/wp-content\/uploads\/2015\/03\/blogcafe1.jpg?fit=1024%2C683&ssl=1&resize=350%2C200","width":350,"height":200,"srcset":"https:\/\/i0.wp.com\/lyonelkaufmann.ch\/Blog\/wp-content\/uploads\/2015\/03\/blogcafe1.jpg?fit=1024%2C683&ssl=1&resize=350%2C200 1x, https:\/\/i0.wp.com\/lyonelkaufmann.ch\/Blog\/wp-content\/uploads\/2015\/03\/blogcafe1.jpg?fit=1024%2C683&ssl=1&resize=525%2C300 1.5x, https:\/\/i0.wp.com\/lyonelkaufmann.ch\/Blog\/wp-content\/uploads\/2015\/03\/blogcafe1.jpg?fit=1024%2C683&ssl=1&resize=700%2C400 2x"},"classes":[]},{"id":4674,"url":"https:\/\/lyonelkaufmann.ch\/Blog\/2009\/02\/27\/pour-sa-pedagogie-luniversite-innove-le-temps-2\/","url_meta":{"origin":20,"position":4},"title":"\u00abPour sa p\u00e9dagogie, l\u2019universit\u00e9 innove\u00bb | Le Temps","author":"Lyonel Kaufmann","date":"27 f\u00e9vrier 2009","format":false,"excerpt":"Elle \u00e9tait fi\u00e8re de l\u2019annoncer, en\u00a0janvier: l\u2019Universit\u00e9 de Lausanne, la premi\u00e8re en Suisse, s\u2019invite sur la section acad\u00e9mique de la plateforme multim\u00e9dia iTunes. Cette initiative s\u2019ajoute \u00e0 d\u2019autres lanc\u00e9es \u00e0 Lausanne, comme la cr\u00e9ation d\u2019Uniboard, une\u00a0tablette tactile que l\u2019enseignant utilise pour montrer des documents PowerPoint, \u00e9crire des notes projet\u00e9es \u00e0\u2026","rel":"","context":"Dans &quot;histoire&quot;","block_context":{"text":"histoire","link":"https:\/\/lyonelkaufmann.ch\/Blog\/category\/histoire-2\/"},"img":{"alt_text":"","src":"https:\/\/i0.wp.com\/lyonelkaufmann.ch\/Blog\/wp-content\/uploads\/2015\/03\/blogcafe1.jpg?fit=1024%2C683&ssl=1&resize=350%2C200","width":350,"height":200,"srcset":"https:\/\/i0.wp.com\/lyonelkaufmann.ch\/Blog\/wp-content\/uploads\/2015\/03\/blogcafe1.jpg?fit=1024%2C683&ssl=1&resize=350%2C200 1x, https:\/\/i0.wp.com\/lyonelkaufmann.ch\/Blog\/wp-content\/uploads\/2015\/03\/blogcafe1.jpg?fit=1024%2C683&ssl=1&resize=525%2C300 1.5x, https:\/\/i0.wp.com\/lyonelkaufmann.ch\/Blog\/wp-content\/uploads\/2015\/03\/blogcafe1.jpg?fit=1024%2C683&ssl=1&resize=700%2C400 2x"},"classes":[]},{"id":12503,"url":"https:\/\/lyonelkaufmann.ch\/Blog\/2006\/05\/05\/journee-de-la-memoire-de-la-traite-negriere-de-lesclavage-et-de-leurs-abolitions-2\/","url_meta":{"origin":20,"position":5},"title":"Journ\u00e9e de la m\u00e9moire de la traite n\u00e9gri\u00e8re, de l\u2019esclavage et de leurs abolitions (10 mai)","author":"Lyonel Kaufmann","date":"5 mai 2006","format":false,"excerpt":"Le 10 mai est d\u00e9sormais en France la Journ\u00e9es de la m\u00e9moire de la traite\u00a0 n\u00e9gri\u00e8re , de l'esclavage et de leurs abolitions. D\u00e8s lors, du mat\u00e9riel et de la documentation sur ces sujets est mis \u00e0 disposition des enseignants. Bon \u00e0 savoir ! Voici une synth\u00e8se de ressources en\u2026","rel":"","context":"Dans &quot;histoire&quot;","block_context":{"text":"histoire","link":"https:\/\/lyonelkaufmann.ch\/Blog\/category\/histoire-2\/"},"img":{"alt_text":"","src":"https:\/\/i0.wp.com\/lyonelkaufmann.ch\/Blog\/wp-content\/uploads\/2015\/03\/blogcafe1.jpg?fit=1024%2C683&ssl=1&resize=350%2C200","width":350,"height":200,"srcset":"https:\/\/i0.wp.com\/lyonelkaufmann.ch\/Blog\/wp-content\/uploads\/2015\/03\/blogcafe1.jpg?fit=1024%2C683&ssl=1&resize=350%2C200 1x, https:\/\/i0.wp.com\/lyonelkaufmann.ch\/Blog\/wp-content\/uploads\/2015\/03\/blogcafe1.jpg?fit=1024%2C683&ssl=1&resize=525%2C300 1.5x, https:\/\/i0.wp.com\/lyonelkaufmann.ch\/Blog\/wp-content\/uploads\/2015\/03\/blogcafe1.jpg?fit=1024%2C683&ssl=1&resize=700%2C400 2x"},"classes":[]}],"jetpack_likes_enabled":true,"_links":{"self":[{"href":"https:\/\/lyonelkaufmann.ch\/Blog\/wp-json\/wp\/v2\/posts\/20","targetHints":{"allow":["GET"]}}],"collection":[{"href":"https:\/\/lyonelkaufmann.ch\/Blog\/wp-json\/wp\/v2\/posts"}],"about":[{"href":"https:\/\/lyonelkaufmann.ch\/Blog\/wp-json\/wp\/v2\/types\/post"}],"author":[{"embeddable":true,"href":"https:\/\/lyonelkaufmann.ch\/Blog\/wp-json\/wp\/v2\/users\/1"}],"replies":[{"embeddable":true,"href":"https:\/\/lyonelkaufmann.ch\/Blog\/wp-json\/wp\/v2\/comments?post=20"}],"version-history":[{"count":0,"href":"https:\/\/lyonelkaufmann.ch\/Blog\/wp-json\/wp\/v2\/posts\/20\/revisions"}],"wp:featuredmedia":[{"embeddable":true,"href":"https:\/\/lyonelkaufmann.ch\/Blog\/wp-json\/wp\/v2\/media\/14680"}],"wp:attachment":[{"href":"https:\/\/lyonelkaufmann.ch\/Blog\/wp-json\/wp\/v2\/media?parent=20"}],"wp:term":[{"taxonomy":"category","embeddable":true,"href":"https:\/\/lyonelkaufmann.ch\/Blog\/wp-json\/wp\/v2\/categories?post=20"},{"taxonomy":"post_tag","embeddable":true,"href":"https:\/\/lyonelkaufmann.ch\/Blog\/wp-json\/wp\/v2\/tags?post=20"}],"curies":[{"name":"wp","href":"https:\/\/api.w.org\/{rel}","templated":true}]}}