{"id":20365,"date":"2019-10-08T15:50:46","date_gmt":"2019-10-08T14:50:46","guid":{"rendered":"https:\/\/lyonelkaufmann.ch\/Blog\/2019\/10\/08\/revolution-par-alessandro-barrico\/"},"modified":"2019-10-08T15:50:46","modified_gmt":"2019-10-08T14:50:46","slug":"revolution-par-alessandro-barrico","status":"publish","type":"post","link":"https:\/\/lyonelkaufmann.ch\/Blog\/2019\/10\/08\/revolution-par-alessandro-barrico\/","title":{"rendered":"R\u00e9volution par Alessandro Barrico"},"content":{"rendered":"<p><em>\u00ab\u00a0R\u00e9volution est un terme plut\u00f4t g\u00e9n\u00e9rique que nous employons avec une certaine d\u00e9sinvolture. Nous nous en servons aussi bien pour d\u00e9finir des bouleversements historiques qui ont fait des milliers de morts (R\u00e9volution fran\u00e7aise, R\u00e9volution russe) que pour qualifier des broutilles telles que le passage \u00e0 trois d\u00e9fenseurs de notre \u00e9quipe pr\u00e9f\u00e9r\u00e9e (une \u00ab r\u00e9volution tactique \u00bb).<br \/>\nQuels farceurs.\u00a0\u00bb<\/em><\/p>\n<p>\u00ab\u00a0The Game\u00a0\u00bb d&rsquo;Alessandro Baricco<\/p>\n<p>Source : <a href=\"http:\/\/amzn.eu\/0xhkJXH\">http:\/\/amzn.eu\/0xhkJXH<\/a><\/p>\n","protected":false},"excerpt":{"rendered":"<p>\u00ab\u00a0R\u00e9volution est un terme plut\u00f4t g\u00e9n\u00e9rique que nous employons avec une certaine d\u00e9sinvolture. Nous nous en servons aussi bien pour d\u00e9finir des bouleversements historiques qui ont fait des milliers de morts (R\u00e9volution fran\u00e7aise, R\u00e9volution russe) que pour qualifier des broutilles telles que le passage \u00e0 trois d\u00e9fenseurs de notre \u00e9quipe pr\u00e9f\u00e9r\u00e9e (une \u00ab r\u00e9volution tactique [&hellip;]<\/p>\n","protected":false},"author":1,"featured_media":0,"comment_status":"open","ping_status":"open","sticky":false,"template":"","format":"standard","meta":{"_import_markdown_pro_load_document_selector":0,"_import_markdown_pro_submit_text_textarea":"","_genesis_hide_title":false,"_genesis_hide_breadcrumbs":false,"_genesis_hide_singular_image":false,"_genesis_hide_footer_widgets":false,"_genesis_custom_body_class":"","_genesis_custom_post_class":"","_genesis_layout":"","jetpack_post_was_ever_published":false,"_jetpack_newsletter_access":"","_jetpack_dont_email_post_to_subs":false,"_jetpack_newsletter_tier_id":0,"_jetpack_memberships_contains_paywalled_content":false,"_jetpack_memberships_contains_paid_content":false,"activitypub_content_warning":"","activitypub_content_visibility":"","activitypub_max_image_attachments":3,"activitypub_interaction_policy_quote":"anyone","activitypub_status":"","footnotes":"","jetpack_publicize_message":"","jetpack_publicize_feature_enabled":true,"jetpack_social_post_already_shared":true,"jetpack_social_options":{"image_generator_settings":{"template":"fullscreen","default_image_id":0,"font":"","enabled":false},"version":2}},"categories":[3,2,660],"tags":[],"class_list":{"0":"post-20365","1":"post","2":"type-post","3":"status-publish","4":"format-standard","6":"category-blogcafe-2","7":"category-histoire-2","8":"category-breves","9":"entry"},"jetpack_publicize_connections":[],"featured_image_src":null,"featured_image_src_square":null,"author_info":{"display_name":"Lyonel Kaufmann","author_link":"https:\/\/lyonelkaufmann.ch\/Blog\/author\/lyonelk\/"},"jetpack_featured_media_url":"","jetpack_sharing_enabled":true,"jetpack_shortlink":"https:\/\/wp.me\/p1qtF4-5it","jetpack-related-posts":[{"id":6275,"url":"https:\/\/lyonelkaufmann.ch\/Blog\/2012\/10\/15\/la-revolution-francaise-dalbert-mathiez-revolution-francaise\/","url_meta":{"origin":20365,"position":0},"title":"La R\u00e9volution fran\u00e7aise d&rsquo;Albert Mathiez &#8211; R\u00e9volution Fran\u00e7aise","author":"Lyonel Kaufmann","date":"15 octobre 2012","format":false,"excerpt":"Albert Mathiez, La R\u00e9volution fran\u00e7aise, Paris, Bartillat, 2012, 658 p. Introduction de Yannick Bosc et Florence Gauthier. Cette r\u00e9\u00e9dition rassemble en un seul volume les trois parties de l'ouvrage publi\u00e9es entre 1922 et 1927\u00a0: La Chute de la royaut\u00e9\u00a0; La Gironde et la Montagne\u00a0; La Terreur. Pour la premi\u00e8re fois,\u2026","rel":"","context":"Dans &quot;histoire&quot;","block_context":{"text":"histoire","link":"https:\/\/lyonelkaufmann.ch\/Blog\/category\/histoire-2\/"},"img":{"alt_text":"Mathiez bartillat","src":"https:\/\/i0.wp.com\/lyonelkaufmann.ch\/histoire\/wp-content\/uploads\/2012\/10\/mathiez_bartillat.png?resize=350%2C200","width":350,"height":200},"classes":[]},{"id":6964,"url":"https:\/\/lyonelkaufmann.ch\/Blog\/2013\/04\/16\/la-revolution-francaise-en-chansons-revolution-francaise\/","url_meta":{"origin":20365,"position":1},"title":"La R\u00e9volution fran\u00e7aise en chansons | R\u00e9volution Fran\u00e7aise","author":"Lyonel Kaufmann","date":"16 avril 2013","format":false,"excerpt":"Le site R\u00e9volution fran\u00e7aise.net\u00a0a s\u00e9lectionn\u00e9 quelques exemples de chansons r\u00e9volutionnaire en ligne sur YouTube. Les chansons ont jou\u00e9 un r\u00f4le important dans la circulation des id\u00e9es et des st\u00e9r\u00e9otypes politiques pendant la R\u00e9volution fran\u00e7aise. Certaines de ces chansons sont elles-m\u00eames des \"\u00e9v\u00e9nements\" r\u00e9volutionnaires\u00a0: La \"Marseillaise\" bien s\u00fbr, mais aussi le\u2026","rel":"","context":"Dans &quot;histoire&quot;","block_context":{"text":"histoire","link":"https:\/\/lyonelkaufmann.ch\/Blog\/category\/histoire-2\/"},"img":{"alt_text":"","src":"https:\/\/i0.wp.com\/lyonelkaufmann.ch\/Blog\/wp-content\/uploads\/2015\/03\/blogcafe1.jpg?fit=1024%2C683&ssl=1&resize=350%2C200","width":350,"height":200,"srcset":"https:\/\/i0.wp.com\/lyonelkaufmann.ch\/Blog\/wp-content\/uploads\/2015\/03\/blogcafe1.jpg?fit=1024%2C683&ssl=1&resize=350%2C200 1x, https:\/\/i0.wp.com\/lyonelkaufmann.ch\/Blog\/wp-content\/uploads\/2015\/03\/blogcafe1.jpg?fit=1024%2C683&ssl=1&resize=525%2C300 1.5x, https:\/\/i0.wp.com\/lyonelkaufmann.ch\/Blog\/wp-content\/uploads\/2015\/03\/blogcafe1.jpg?fit=1024%2C683&ssl=1&resize=700%2C400 2x"},"classes":[]},{"id":7193,"url":"https:\/\/lyonelkaufmann.ch\/Blog\/2013\/06\/29\/revue-de-presse-la-revolution-francaise-francetv-education\/","url_meta":{"origin":20365,"position":2},"title":"Revue de presse : La r\u00e9volution fran\u00e7aise | francetv \u00e9ducation","author":"Lyonel Kaufmann","date":"29 juin 2013","format":false,"excerpt":"Un dossier ludique de France T\u00e9l\u00e9visions pour expliquer aux plus jeunes les principales \u00e9tapes de la R\u00e9volution fran\u00e7aise \u00e0 travers une frise chronologique, les portraits des principaux personnages et les grands th\u00e8mes de la R\u00e9volution. La r\u00e9volution fran\u00e7aise | francetv \u00e9ducation","rel":"","context":"Dans &quot;histoire&quot;","block_context":{"text":"histoire","link":"https:\/\/lyonelkaufmann.ch\/Blog\/category\/histoire-2\/"},"img":{"alt_text":"","src":"https:\/\/i0.wp.com\/lyonelkaufmann.ch\/Blog\/wp-content\/uploads\/2015\/03\/blogcafe1.jpg?fit=1024%2C683&ssl=1&resize=350%2C200","width":350,"height":200,"srcset":"https:\/\/i0.wp.com\/lyonelkaufmann.ch\/Blog\/wp-content\/uploads\/2015\/03\/blogcafe1.jpg?fit=1024%2C683&ssl=1&resize=350%2C200 1x, https:\/\/i0.wp.com\/lyonelkaufmann.ch\/Blog\/wp-content\/uploads\/2015\/03\/blogcafe1.jpg?fit=1024%2C683&ssl=1&resize=525%2C300 1.5x, https:\/\/i0.wp.com\/lyonelkaufmann.ch\/Blog\/wp-content\/uploads\/2015\/03\/blogcafe1.jpg?fit=1024%2C683&ssl=1&resize=700%2C400 2x"},"classes":[]},{"id":6965,"url":"https:\/\/lyonelkaufmann.ch\/Blog\/2013\/04\/16\/revue-de-presse-la-ronde-des-revolutions-la-vie-des-idees\/","url_meta":{"origin":20365,"position":3},"title":"Revue de presse : La ronde des r\u00e9volutions | La Vie des id\u00e9es","author":"Lyonel Kaufmann","date":"16 avril 2013","format":false,"excerpt":"Pourquoi la r\u00e9volution tunisienne de 2011 a-t-elle \u00e9t\u00e9 per\u00e7ue en France comme une r\u00e9\u00e9dition de 1789\u00a0? Pourquoi les r\u00e9volutionnaires tunisiens se sont-ils reconnus dans un \u00ab\u00a0printemps arabe\u00a0\u00bb, hommage aux r\u00e9volutions de 1848\u00a0? L\u2019historien Guillaume Mazeau enqu\u00eate sur ces constructions en miroir et sur nos rapports aux temporalit\u00e9s r\u00e9volutionnaires.La ronde des\u2026","rel":"","context":"Dans &quot;histoire&quot;","block_context":{"text":"histoire","link":"https:\/\/lyonelkaufmann.ch\/Blog\/category\/histoire-2\/"},"img":{"alt_text":"","src":"https:\/\/i0.wp.com\/lyonelkaufmann.ch\/Blog\/wp-content\/uploads\/2015\/03\/blogcafe1.jpg?fit=1024%2C683&ssl=1&resize=350%2C200","width":350,"height":200,"srcset":"https:\/\/i0.wp.com\/lyonelkaufmann.ch\/Blog\/wp-content\/uploads\/2015\/03\/blogcafe1.jpg?fit=1024%2C683&ssl=1&resize=350%2C200 1x, https:\/\/i0.wp.com\/lyonelkaufmann.ch\/Blog\/wp-content\/uploads\/2015\/03\/blogcafe1.jpg?fit=1024%2C683&ssl=1&resize=525%2C300 1.5x, https:\/\/i0.wp.com\/lyonelkaufmann.ch\/Blog\/wp-content\/uploads\/2015\/03\/blogcafe1.jpg?fit=1024%2C683&ssl=1&resize=700%2C400 2x"},"classes":[]},{"id":311,"url":"https:\/\/lyonelkaufmann.ch\/Blog\/2009\/02\/22\/extraits-du-film-revolution-francaise-de-robert-enrico-sur-dailymotion\/","url_meta":{"origin":20365,"position":4},"title":"\u00ab\u00a0R\u00e9volution fran\u00e7aise\u00a0\u00bb de Robert Enrico sur DailyMotion","author":"Lyonel Kaufmann","date":"22 f\u00e9vrier 2009","format":false,"excerpt":"http:\/\/www.dailymotion.com\/swf\/x2r7ig La R\u00e9volution Fran\u00e7aise - Discours de Danton par Kronos59 31 extraits du film de Robert Enrico dans ce Groupe Daily Motion. Ces extraits forment une vision classique de la R\u00e9volution. Pour utiliser les extraits en classe d'histoire, vous pourrez lire avec int\u00e9r\u00eat les articles suivants: La R\u00e9volution fran\u00e7aise en\u2026","rel":"","context":"Dans &quot;histoire&quot;","block_context":{"text":"histoire","link":"https:\/\/lyonelkaufmann.ch\/Blog\/category\/histoire-2\/"},"img":{"alt_text":"","src":"https:\/\/i0.wp.com\/lyonelkaufmann.ch\/Blog\/wp-content\/uploads\/2015\/03\/blogcafe1.jpg?fit=1024%2C683&ssl=1&resize=350%2C200","width":350,"height":200,"srcset":"https:\/\/i0.wp.com\/lyonelkaufmann.ch\/Blog\/wp-content\/uploads\/2015\/03\/blogcafe1.jpg?fit=1024%2C683&ssl=1&resize=350%2C200 1x, https:\/\/i0.wp.com\/lyonelkaufmann.ch\/Blog\/wp-content\/uploads\/2015\/03\/blogcafe1.jpg?fit=1024%2C683&ssl=1&resize=525%2C300 1.5x, https:\/\/i0.wp.com\/lyonelkaufmann.ch\/Blog\/wp-content\/uploads\/2015\/03\/blogcafe1.jpg?fit=1024%2C683&ssl=1&resize=700%2C400 2x"},"classes":[]},{"id":4452,"url":"https:\/\/lyonelkaufmann.ch\/Blog\/2011\/02\/27\/une-revolution-tunisienne-lumieres-du-siecle\/","url_meta":{"origin":20365,"position":5},"title":"Une r\u00e9volution tunisienne | Lumi\u00e8res du Si\u00e8cle","author":"Lyonel Kaufmann","date":"27 f\u00e9vrier 2011","format":false,"excerpt":"Cette r\u00e9volution est tunisienne et non un avatar de la R\u00e9volution fran\u00e7aise. Le contexte est tr\u00e8s diff\u00e9rent: la mondialisation, le r\u00f4le de l\u2019arm\u00e9e, des femmes, des classes moyennes, les logiques postcoloniales et l\u2019ombre de l\u2019islamisme font de la R\u00e9volution tunisienne un \u00e9v\u00e8nement sans pareil, m\u00eame s\u2019il pr\u00e9sente certains m\u00e9canismes communs\u2026","rel":"","context":"Dans &quot;histoire&quot;","block_context":{"text":"histoire","link":"https:\/\/lyonelkaufmann.ch\/Blog\/category\/histoire-2\/"},"img":{"alt_text":"","src":"https:\/\/i0.wp.com\/lyonelkaufmann.ch\/Blog\/wp-content\/uploads\/2015\/03\/blogcafe1.jpg?fit=1024%2C683&ssl=1&resize=350%2C200","width":350,"height":200,"srcset":"https:\/\/i0.wp.com\/lyonelkaufmann.ch\/Blog\/wp-content\/uploads\/2015\/03\/blogcafe1.jpg?fit=1024%2C683&ssl=1&resize=350%2C200 1x, https:\/\/i0.wp.com\/lyonelkaufmann.ch\/Blog\/wp-content\/uploads\/2015\/03\/blogcafe1.jpg?fit=1024%2C683&ssl=1&resize=525%2C300 1.5x, https:\/\/i0.wp.com\/lyonelkaufmann.ch\/Blog\/wp-content\/uploads\/2015\/03\/blogcafe1.jpg?fit=1024%2C683&ssl=1&resize=700%2C400 2x"},"classes":[]}],"jetpack_likes_enabled":true,"_links":{"self":[{"href":"https:\/\/lyonelkaufmann.ch\/Blog\/wp-json\/wp\/v2\/posts\/20365","targetHints":{"allow":["GET"]}}],"collection":[{"href":"https:\/\/lyonelkaufmann.ch\/Blog\/wp-json\/wp\/v2\/posts"}],"about":[{"href":"https:\/\/lyonelkaufmann.ch\/Blog\/wp-json\/wp\/v2\/types\/post"}],"author":[{"embeddable":true,"href":"https:\/\/lyonelkaufmann.ch\/Blog\/wp-json\/wp\/v2\/users\/1"}],"replies":[{"embeddable":true,"href":"https:\/\/lyonelkaufmann.ch\/Blog\/wp-json\/wp\/v2\/comments?post=20365"}],"version-history":[{"count":0,"href":"https:\/\/lyonelkaufmann.ch\/Blog\/wp-json\/wp\/v2\/posts\/20365\/revisions"}],"wp:attachment":[{"href":"https:\/\/lyonelkaufmann.ch\/Blog\/wp-json\/wp\/v2\/media?parent=20365"}],"wp:term":[{"taxonomy":"category","embeddable":true,"href":"https:\/\/lyonelkaufmann.ch\/Blog\/wp-json\/wp\/v2\/categories?post=20365"},{"taxonomy":"post_tag","embeddable":true,"href":"https:\/\/lyonelkaufmann.ch\/Blog\/wp-json\/wp\/v2\/tags?post=20365"}],"curies":[{"name":"wp","href":"https:\/\/api.w.org\/{rel}","templated":true}]}}