{"id":22808,"date":"2021-07-17T07:26:34","date_gmt":"2021-07-17T06:26:34","guid":{"rendered":"https:\/\/lyonelkaufmann.ch\/Blog\/2021\/07\/17\/sur-la-route-du-rhin-dissentis-schaffhouse-jour-2\/"},"modified":"2021-07-17T07:26:34","modified_gmt":"2021-07-17T06:26:34","slug":"sur-la-route-du-rhin-dissentis-schaffhouse-jour-2","status":"publish","type":"post","link":"https:\/\/lyonelkaufmann.ch\/Blog\/2021\/07\/17\/sur-la-route-du-rhin-dissentis-schaffhouse-jour-2\/","title":{"rendered":"Sur la route du Rhin : Dissentis &#8211; Schaffhouse (jour 2)"},"content":{"rendered":"\n<p><strong>Pour cet \u00e9t\u00e9 2021, le programme retenu consiste \u00e0 suivre \u00e0 moto le cours du Rhin de sa source ant\u00e9rieur de l&rsquo;Oberalpass \u00e0 Rotterdam, puis de s&rsquo;arr\u00eater \u00e0 Amsterdam avant de rentrer par la Belgique et la France. Pour cette deuxi\u00e8me \u00e9tape, nous rejoignons le lac de Constance o\u00f9 le Rhin se d\u00e9verse, puis reprend son cours.<\/strong><\/p>\n\n\n\n<p>Au lever du jour, le temps est entre le gris et la pluie. Les pr\u00e9visions n&rsquo;ont cess\u00e9 de changer. Il est impossible de savoir le temps que nous allons rencontrer sur la route ou de viser une fen\u00eatre m\u00e9t\u00e9o.<\/p>\n\n\n\n<p>Apr\u00e8s un excellent d\u00e9jeuner, nous chargeons la moto. Il est 9h08 quand nous d\u00e9marrons. Les quelques rares gouttes de pluie disparaissent rapidement. Nous serons finalement au sec jusqu&rsquo;\u00e0 Bad Ragaz.<\/p>\n\n\n\n<p>En descendant sur Coire, nous pouvons tout en roulant observer le Rhin. Il est fort agit\u00e9 et brun. Il charrie les eaux du ciel qui se sont d\u00e9vers\u00e9es durant la nuit.<\/p>\n\n\n\n<p>Apr\u00e8s Coire, bri\u00e8vement sur les coteaux, nous admirons encore le Rhin. Apr\u00e8s, il nous sera grandement enlev\u00e9 de la vue. Il faudrait syst\u00e9matiquement le traverser de la Suisse au Liechtenstein ou l&rsquo;Autriche pour l&rsquo;observer. Ou alors prendre l&rsquo;autoroute.<\/p>\n\n\n\n<p>Il est midi et quart lorsque nous nous arr\u00eatons \u00e0 Alst\u00e4tten. Juste au moment o\u00f9 le ciel se d\u00e9cha\u00eenent. Bien vu. Nous en profitons pour manger au <a href=\"https:\/\/www.badhof.ch\">Landgasthof Badhof<\/a>. L&rsquo;accueil est sympathique et la nourriture excellente. Le d\u00e9cor de la salle vaut le d\u00e9tour, surtout le plafond.<\/p>\n\n\n\n<p>Quand nous repartons, la pluie revient rapidement nous accompagner jusqu&rsquo;au premier pont de chute du jour : Fussach. Fussach nous am\u00e8ne \u00e0 une incursion en Autriche. C&rsquo;est l\u00e0 que le Rhin se jette dans le lac de Constance soit l\u2019Obersee (\u00ab lac sup\u00e9rieur \u00bb).<\/p>\n\n\n\n<figure class=\"wp-block-image size-large\"><img data-recalc-dims=\"1\" loading=\"lazy\" decoding=\"async\" width=\"2560\" height=\"1702\" data-attachment-id=\"22803\" data-permalink=\"https:\/\/lyonelkaufmann.ch\/Blog\/2021\/07\/17\/sur-la-route-du-rhin-dissentis-schaffhouse-jour-2\/_img4911\/\" data-orig-file=\"https:\/\/i0.wp.com\/lyonelkaufmann.ch\/Blog\/wp-content\/uploads\/2021\/07\/img4911-scaled.jpg?fit=2560%2C1702&amp;ssl=1\" data-orig-size=\"2560,1702\" data-comments-opened=\"1\" data-image-meta=\"{&quot;aperture&quot;:&quot;14&quot;,&quot;credit&quot;:&quot;LYONEL_KAUFMANN&quot;,&quot;camera&quot;:&quot;PENTAX KP&quot;,&quot;caption&quot;:&quot;&quot;,&quot;created_timestamp&quot;:&quot;1626183648&quot;,&quot;copyright&quot;:&quot;\\u00a9 Lyonel Kaufmann&quot;,&quot;focal_length&quot;:&quot;53&quot;,&quot;iso&quot;:&quot;800&quot;,&quot;shutter_speed&quot;:&quot;0.004&quot;,&quot;title&quot;:&quot;&quot;,&quot;orientation&quot;:&quot;1&quot;}\" data-image-title=\"_img4911\" data-image-description=\"\" data-image-caption=\"\" data-large-file=\"https:\/\/i0.wp.com\/lyonelkaufmann.ch\/Blog\/wp-content\/uploads\/2021\/07\/img4911-scaled.jpg?fit=700%2C465&amp;ssl=1\" src=\"https:\/\/i0.wp.com\/lyonelkaufmann.ch\/Blog\/wp-content\/uploads\/2021\/07\/img4911-scaled.jpg?resize=2560%2C1702&#038;ssl=1\" alt=\"\" class=\"wp-image-22803\" srcset=\"https:\/\/i0.wp.com\/lyonelkaufmann.ch\/Blog\/wp-content\/uploads\/2021\/07\/img4911-scaled.jpg?w=2560&amp;ssl=1 2560w, https:\/\/i0.wp.com\/lyonelkaufmann.ch\/Blog\/wp-content\/uploads\/2021\/07\/img4911-scaled.jpg?resize=300%2C199&amp;ssl=1 300w, https:\/\/i0.wp.com\/lyonelkaufmann.ch\/Blog\/wp-content\/uploads\/2021\/07\/img4911-scaled.jpg?resize=700%2C465&amp;ssl=1 700w, https:\/\/i0.wp.com\/lyonelkaufmann.ch\/Blog\/wp-content\/uploads\/2021\/07\/img4911-scaled.jpg?resize=768%2C511&amp;ssl=1 768w, https:\/\/i0.wp.com\/lyonelkaufmann.ch\/Blog\/wp-content\/uploads\/2021\/07\/img4911-scaled.jpg?resize=1536%2C1021&amp;ssl=1 1536w, https:\/\/i0.wp.com\/lyonelkaufmann.ch\/Blog\/wp-content\/uploads\/2021\/07\/img4911-scaled.jpg?resize=2048%2C1362&amp;ssl=1 2048w\" sizes=\"auto, (max-width: 1000px) 100vw, 1000px\" \/><figcaption>Fussach &#8211; le Rhin se d\u00e9verse dans le lac de Constance<\/figcaption><\/figure>\n\n\n\n<p>Nous reprenons ensuite la route direction Rheinheck pour longer le lac de Constance sur la rive suisse jusqu&rsquo;\u00e0 Stein am Rhein o\u00f9 le Rhin reprend son allure fluviale.<\/p>\n\n\n\n<figure class=\"wp-block-image size-large\"><img data-recalc-dims=\"1\" loading=\"lazy\" decoding=\"async\" width=\"2560\" height=\"1702\" data-attachment-id=\"22804\" data-permalink=\"https:\/\/lyonelkaufmann.ch\/Blog\/2021\/07\/17\/sur-la-route-du-rhin-dissentis-schaffhouse-jour-2\/_img4917\/\" data-orig-file=\"https:\/\/i0.wp.com\/lyonelkaufmann.ch\/Blog\/wp-content\/uploads\/2021\/07\/img4917-scaled.jpg?fit=2560%2C1702&amp;ssl=1\" data-orig-size=\"2560,1702\" data-comments-opened=\"1\" data-image-meta=\"{&quot;aperture&quot;:&quot;8&quot;,&quot;credit&quot;:&quot;LYONEL_KAUFMANN&quot;,&quot;camera&quot;:&quot;PENTAX KP&quot;,&quot;caption&quot;:&quot;&quot;,&quot;created_timestamp&quot;:&quot;1626191783&quot;,&quot;copyright&quot;:&quot;\\u00a9 Lyonel Kaufmann&quot;,&quot;focal_length&quot;:&quot;18&quot;,&quot;iso&quot;:&quot;800&quot;,&quot;shutter_speed&quot;:&quot;0.002&quot;,&quot;title&quot;:&quot;&quot;,&quot;orientation&quot;:&quot;1&quot;}\" data-image-title=\"_img4917\" data-image-description=\"\" data-image-caption=\"\" data-large-file=\"https:\/\/i0.wp.com\/lyonelkaufmann.ch\/Blog\/wp-content\/uploads\/2021\/07\/img4917-scaled.jpg?fit=700%2C465&amp;ssl=1\" src=\"https:\/\/i0.wp.com\/lyonelkaufmann.ch\/Blog\/wp-content\/uploads\/2021\/07\/img4917-scaled.jpg?resize=2560%2C1702&#038;ssl=1\" alt=\"\" class=\"wp-image-22804\" srcset=\"https:\/\/i0.wp.com\/lyonelkaufmann.ch\/Blog\/wp-content\/uploads\/2021\/07\/img4917-scaled.jpg?w=2560&amp;ssl=1 2560w, https:\/\/i0.wp.com\/lyonelkaufmann.ch\/Blog\/wp-content\/uploads\/2021\/07\/img4917-scaled.jpg?resize=300%2C199&amp;ssl=1 300w, https:\/\/i0.wp.com\/lyonelkaufmann.ch\/Blog\/wp-content\/uploads\/2021\/07\/img4917-scaled.jpg?resize=700%2C465&amp;ssl=1 700w, https:\/\/i0.wp.com\/lyonelkaufmann.ch\/Blog\/wp-content\/uploads\/2021\/07\/img4917-scaled.jpg?resize=768%2C511&amp;ssl=1 768w, https:\/\/i0.wp.com\/lyonelkaufmann.ch\/Blog\/wp-content\/uploads\/2021\/07\/img4917-scaled.jpg?resize=1536%2C1021&amp;ssl=1 1536w, https:\/\/i0.wp.com\/lyonelkaufmann.ch\/Blog\/wp-content\/uploads\/2021\/07\/img4917-scaled.jpg?resize=2048%2C1362&amp;ssl=1 2048w\" sizes=\"auto, (max-width: 1000px) 100vw, 1000px\" \/><figcaption>Stein am Rhein &#8211; le Rhin reprend son cours<\/figcaption><\/figure>\n\n\n\n<p>D\u00e9sormais c&rsquo;est le Haut Rhin.<\/p>\n\n\n\n<figure class=\"wp-block-image size-large\"><img data-recalc-dims=\"1\" loading=\"lazy\" decoding=\"async\" width=\"2560\" height=\"1702\" data-attachment-id=\"22805\" data-permalink=\"https:\/\/lyonelkaufmann.ch\/Blog\/2021\/07\/17\/sur-la-route-du-rhin-dissentis-schaffhouse-jour-2\/_img4921\/\" data-orig-file=\"https:\/\/i0.wp.com\/lyonelkaufmann.ch\/Blog\/wp-content\/uploads\/2021\/07\/img4921-scaled.jpg?fit=2560%2C1702&amp;ssl=1\" data-orig-size=\"2560,1702\" data-comments-opened=\"1\" data-image-meta=\"{&quot;aperture&quot;:&quot;9&quot;,&quot;credit&quot;:&quot;LYONEL_KAUFMANN&quot;,&quot;camera&quot;:&quot;PENTAX KP&quot;,&quot;caption&quot;:&quot;&quot;,&quot;created_timestamp&quot;:&quot;1626191875&quot;,&quot;copyright&quot;:&quot;\\u00a9 Lyonel Kaufmann&quot;,&quot;focal_length&quot;:&quot;21&quot;,&quot;iso&quot;:&quot;800&quot;,&quot;shutter_speed&quot;:&quot;0.002&quot;,&quot;title&quot;:&quot;&quot;,&quot;orientation&quot;:&quot;1&quot;}\" data-image-title=\"_img4921\" data-image-description=\"\" data-image-caption=\"\" data-large-file=\"https:\/\/i0.wp.com\/lyonelkaufmann.ch\/Blog\/wp-content\/uploads\/2021\/07\/img4921-scaled.jpg?fit=700%2C465&amp;ssl=1\" src=\"https:\/\/i0.wp.com\/lyonelkaufmann.ch\/Blog\/wp-content\/uploads\/2021\/07\/img4921-scaled.jpg?resize=2560%2C1702&#038;ssl=1\" alt=\"\" class=\"wp-image-22805\" srcset=\"https:\/\/i0.wp.com\/lyonelkaufmann.ch\/Blog\/wp-content\/uploads\/2021\/07\/img4921-scaled.jpg?w=2560&amp;ssl=1 2560w, https:\/\/i0.wp.com\/lyonelkaufmann.ch\/Blog\/wp-content\/uploads\/2021\/07\/img4921-scaled.jpg?resize=300%2C199&amp;ssl=1 300w, https:\/\/i0.wp.com\/lyonelkaufmann.ch\/Blog\/wp-content\/uploads\/2021\/07\/img4921-scaled.jpg?resize=700%2C465&amp;ssl=1 700w, https:\/\/i0.wp.com\/lyonelkaufmann.ch\/Blog\/wp-content\/uploads\/2021\/07\/img4921-scaled.jpg?resize=768%2C511&amp;ssl=1 768w, https:\/\/i0.wp.com\/lyonelkaufmann.ch\/Blog\/wp-content\/uploads\/2021\/07\/img4921-scaled.jpg?resize=1536%2C1021&amp;ssl=1 1536w, https:\/\/i0.wp.com\/lyonelkaufmann.ch\/Blog\/wp-content\/uploads\/2021\/07\/img4921-scaled.jpg?resize=2048%2C1362&amp;ssl=1 2048w\" sizes=\"auto, (max-width: 1000px) 100vw, 1000px\" \/><figcaption>Stein am Rhein &#8211; direction Schaffhouse<\/figcaption><\/figure>\n\n\n\n<p>En reprenant la route, la pluie cesse rapidement et c&rsquo;est au sec que nous atteignons juste avant 17h00 la charmante ville de Schaffhouse pour notre \u00e9tape du soir. Le Kronehof nous attend.<\/p>\n\n\n\n<figure class=\"wp-block-image size-large is-style-default\"><img data-recalc-dims=\"1\" loading=\"lazy\" decoding=\"async\" width=\"2560\" height=\"1702\" data-attachment-id=\"22806\" data-permalink=\"https:\/\/lyonelkaufmann.ch\/Blog\/2021\/07\/17\/sur-la-route-du-rhin-dissentis-schaffhouse-jour-2\/_img4930\/\" data-orig-file=\"https:\/\/i0.wp.com\/lyonelkaufmann.ch\/Blog\/wp-content\/uploads\/2021\/07\/img4930-scaled.jpg?fit=2560%2C1702&amp;ssl=1\" data-orig-size=\"2560,1702\" data-comments-opened=\"1\" data-image-meta=\"{&quot;aperture&quot;:&quot;9&quot;,&quot;credit&quot;:&quot;LYONEL_KAUFMANN&quot;,&quot;camera&quot;:&quot;PENTAX KP&quot;,&quot;caption&quot;:&quot;&quot;,&quot;created_timestamp&quot;:&quot;1626199975&quot;,&quot;copyright&quot;:&quot;\\u00a9 Lyonel Kaufmann&quot;,&quot;focal_length&quot;:&quot;18&quot;,&quot;iso&quot;:&quot;800&quot;,&quot;shutter_speed&quot;:&quot;0.001&quot;,&quot;title&quot;:&quot;&quot;,&quot;orientation&quot;:&quot;1&quot;}\" data-image-title=\"_img4930\" data-image-description=\"\" data-image-caption=\"\" data-large-file=\"https:\/\/i0.wp.com\/lyonelkaufmann.ch\/Blog\/wp-content\/uploads\/2021\/07\/img4930-scaled.jpg?fit=700%2C465&amp;ssl=1\" src=\"https:\/\/i0.wp.com\/lyonelkaufmann.ch\/Blog\/wp-content\/uploads\/2021\/07\/img4930-scaled.jpg?resize=2560%2C1702&#038;ssl=1\" alt=\"\" class=\"wp-image-22806\" srcset=\"https:\/\/i0.wp.com\/lyonelkaufmann.ch\/Blog\/wp-content\/uploads\/2021\/07\/img4930-scaled.jpg?w=2560&amp;ssl=1 2560w, https:\/\/i0.wp.com\/lyonelkaufmann.ch\/Blog\/wp-content\/uploads\/2021\/07\/img4930-scaled.jpg?resize=300%2C199&amp;ssl=1 300w, https:\/\/i0.wp.com\/lyonelkaufmann.ch\/Blog\/wp-content\/uploads\/2021\/07\/img4930-scaled.jpg?resize=700%2C465&amp;ssl=1 700w, https:\/\/i0.wp.com\/lyonelkaufmann.ch\/Blog\/wp-content\/uploads\/2021\/07\/img4930-scaled.jpg?resize=768%2C511&amp;ssl=1 768w, https:\/\/i0.wp.com\/lyonelkaufmann.ch\/Blog\/wp-content\/uploads\/2021\/07\/img4930-scaled.jpg?resize=1536%2C1021&amp;ssl=1 1536w, https:\/\/i0.wp.com\/lyonelkaufmann.ch\/Blog\/wp-content\/uploads\/2021\/07\/img4930-scaled.jpg?resize=2048%2C1362&amp;ssl=1 2048w\" sizes=\"auto, (max-width: 1000px) 100vw, 1000px\" \/><figcaption>Schaffhouse &#8211; bord d\u2019un Rhin<\/figcaption><\/figure>\n\n\n\n<p>Nous avons ainsi parcouru pr\u00e8s de 290 km. La m\u00e9t\u00e9o pour le troisi\u00e8me jour s&rsquo;annonce \u00e9galement compliqu\u00e9e. <\/p>\n\n\n\n<figure class=\"wp-block-image size-large\"><img data-recalc-dims=\"1\" loading=\"lazy\" decoding=\"async\" width=\"2560\" height=\"2560\" data-attachment-id=\"22807\" data-permalink=\"https:\/\/lyonelkaufmann.ch\/Blog\/2021\/07\/17\/sur-la-route-du-rhin-dissentis-schaffhouse-jour-2\/hipstamaticphoto-647884820-331840\/\" data-orig-file=\"https:\/\/i0.wp.com\/lyonelkaufmann.ch\/Blog\/wp-content\/uploads\/2021\/07\/hipstamaticphoto-647884820.331840-scaled.jpg?fit=2560%2C2560&amp;ssl=1\" data-orig-size=\"2560,2560\" data-comments-opened=\"1\" data-image-meta=\"{&quot;aperture&quot;:&quot;0&quot;,&quot;credit&quot;:&quot;&quot;,&quot;camera&quot;:&quot;365&quot;,&quot;caption&quot;:&quot;&quot;,&quot;created_timestamp&quot;:&quot;1626199219&quot;,&quot;copyright&quot;:&quot;\\u00a9 Lyonel Kaufmann&quot;,&quot;focal_length&quot;:&quot;0&quot;,&quot;iso&quot;:&quot;0&quot;,&quot;shutter_speed&quot;:&quot;0&quot;,&quot;title&quot;:&quot;&quot;,&quot;orientation&quot;:&quot;1&quot;}\" data-image-title=\"hipstamaticphoto-647884820.331840\" data-image-description=\"\" data-image-caption=\"\" data-large-file=\"https:\/\/i0.wp.com\/lyonelkaufmann.ch\/Blog\/wp-content\/uploads\/2021\/07\/hipstamaticphoto-647884820.331840-scaled.jpg?fit=700%2C700&amp;ssl=1\" src=\"https:\/\/i0.wp.com\/lyonelkaufmann.ch\/Blog\/wp-content\/uploads\/2021\/07\/hipstamaticphoto-647884820.331840-scaled.jpg?resize=2560%2C2560&#038;ssl=1\" alt=\"\" class=\"wp-image-22807\" srcset=\"https:\/\/i0.wp.com\/lyonelkaufmann.ch\/Blog\/wp-content\/uploads\/2021\/07\/hipstamaticphoto-647884820.331840-scaled.jpg?w=2560&amp;ssl=1 2560w, https:\/\/i0.wp.com\/lyonelkaufmann.ch\/Blog\/wp-content\/uploads\/2021\/07\/hipstamaticphoto-647884820.331840-scaled.jpg?resize=300%2C300&amp;ssl=1 300w, https:\/\/i0.wp.com\/lyonelkaufmann.ch\/Blog\/wp-content\/uploads\/2021\/07\/hipstamaticphoto-647884820.331840-scaled.jpg?resize=700%2C700&amp;ssl=1 700w, https:\/\/i0.wp.com\/lyonelkaufmann.ch\/Blog\/wp-content\/uploads\/2021\/07\/hipstamaticphoto-647884820.331840-scaled.jpg?resize=150%2C150&amp;ssl=1 150w, https:\/\/i0.wp.com\/lyonelkaufmann.ch\/Blog\/wp-content\/uploads\/2021\/07\/hipstamaticphoto-647884820.331840-scaled.jpg?resize=768%2C768&amp;ssl=1 768w, https:\/\/i0.wp.com\/lyonelkaufmann.ch\/Blog\/wp-content\/uploads\/2021\/07\/hipstamaticphoto-647884820.331840-scaled.jpg?resize=1536%2C1536&amp;ssl=1 1536w, https:\/\/i0.wp.com\/lyonelkaufmann.ch\/Blog\/wp-content\/uploads\/2021\/07\/hipstamaticphoto-647884820.331840-scaled.jpg?resize=2048%2C2048&amp;ssl=1 2048w\" sizes=\"auto, (max-width: 1000px) 100vw, 1000px\" \/><figcaption>Vue depuis la chambre d\u2019h\u00f4tel<\/figcaption><\/figure>\n\n\n\n<p>A suivre\u2026<\/p>\n","protected":false},"excerpt":{"rendered":"<p>Pour cet \u00e9t\u00e9 2021, le programme retenu consiste \u00e0 suivre \u00e0 moto le cours du Rhin de sa source ant\u00e9rieur de l&rsquo;Oberalpass \u00e0 Rotterdam, puis de s&rsquo;arr\u00eater \u00e0 Amsterdam avant de rentrer par la Belgique et la France. Pour cette deuxi\u00e8me \u00e9tape, nous rejoignons le lac de Constance o\u00f9 le Rhin se d\u00e9verse, puis reprend [&hellip;]<\/p>\n","protected":false},"author":1,"featured_media":22803,"comment_status":"open","ping_status":"open","sticky":false,"template":"","format":"standard","meta":{"_import_markdown_pro_load_document_selector":0,"_import_markdown_pro_submit_text_textarea":"","_genesis_hide_title":false,"_genesis_hide_breadcrumbs":false,"_genesis_hide_singular_image":false,"_genesis_hide_footer_widgets":false,"_genesis_custom_body_class":"","_genesis_custom_post_class":"","_genesis_layout":"","jetpack_post_was_ever_published":false,"_jetpack_newsletter_access":"","_jetpack_dont_email_post_to_subs":false,"_jetpack_newsletter_tier_id":0,"_jetpack_memberships_contains_paywalled_content":false,"_jetpack_memberships_contains_paid_content":false,"activitypub_content_warning":"","activitypub_content_visibility":"","activitypub_max_image_attachments":3,"activitypub_interaction_policy_quote":"anyone","activitypub_status":"","footnotes":"","jetpack_publicize_message":"","jetpack_publicize_feature_enabled":true,"jetpack_social_post_already_shared":true,"jetpack_social_options":{"image_generator_settings":{"template":"fullscreen","default_image_id":0,"font":"","enabled":false},"version":2}},"categories":[3,1196,158,1197],"tags":[1293,1295,37],"class_list":{"0":"post-22808","1":"post","2":"type-post","3":"status-publish","4":"format-standard","5":"has-post-thumbnail","7":"category-blogcafe-2","8":"category-moto","9":"category-roadbook","10":"category-roadtrip","11":"tag-rhin","12":"tag-schaffhouse","13":"tag-suisse","14":"entry"},"jetpack_publicize_connections":[],"featured_image_src":"https:\/\/i0.wp.com\/lyonelkaufmann.ch\/Blog\/wp-content\/uploads\/2021\/07\/img4911-scaled.jpg?resize=600%2C400&ssl=1","featured_image_src_square":"https:\/\/i0.wp.com\/lyonelkaufmann.ch\/Blog\/wp-content\/uploads\/2021\/07\/img4911-scaled.jpg?resize=600%2C600&ssl=1","author_info":{"display_name":"Lyonel Kaufmann","author_link":"https:\/\/lyonelkaufmann.ch\/Blog\/author\/lyonelk\/"},"jetpack_featured_media_url":"https:\/\/i0.wp.com\/lyonelkaufmann.ch\/Blog\/wp-content\/uploads\/2021\/07\/img4911-scaled.jpg?fit=2560%2C1702&ssl=1","jetpack_sharing_enabled":true,"jetpack_shortlink":"https:\/\/wp.me\/p1qtF4-5VS","jetpack-related-posts":[{"id":22837,"url":"https:\/\/lyonelkaufmann.ch\/Blog\/2021\/07\/21\/sur-la-route-du-rhin-jour-5-le-rhin-romantique-et-le-nom-de-la-rose\/","url_meta":{"origin":22808,"position":0},"title":"Sur la route du #Rhin. Jour 5. Le Rhin romantique et le Nom de la Rose","author":"Lyonel Kaufmann","date":"21 juillet 2021","format":false,"excerpt":"Pour cet \u00e9t\u00e9 2021, le programme retenu consiste \u00e0 suivre \u00e0 moto le cours du Rhin de sa source ant\u00e9rieur de l'Oberalpass \u00e0 Rotterdam, puis de s'arr\u00eater \u00e0 Amsterdam avant de rentrer par la Belgique et la France. A l'occasion de ce 5\u00e8me jour, nous restons dans les parages de\u2026","rel":"","context":"Dans &quot;Blogcaf\u00e9&quot;","block_context":{"text":"Blogcaf\u00e9","link":"https:\/\/lyonelkaufmann.ch\/Blog\/category\/blogcafe-2\/"},"img":{"alt_text":"","src":"https:\/\/i0.wp.com\/lyonelkaufmann.ch\/Blog\/wp-content\/uploads\/2021\/07\/img5019-scaled.jpg?fit=1200%2C798&ssl=1&resize=350%2C200","width":350,"height":200,"srcset":"https:\/\/i0.wp.com\/lyonelkaufmann.ch\/Blog\/wp-content\/uploads\/2021\/07\/img5019-scaled.jpg?fit=1200%2C798&ssl=1&resize=350%2C200 1x, https:\/\/i0.wp.com\/lyonelkaufmann.ch\/Blog\/wp-content\/uploads\/2021\/07\/img5019-scaled.jpg?fit=1200%2C798&ssl=1&resize=525%2C300 1.5x, https:\/\/i0.wp.com\/lyonelkaufmann.ch\/Blog\/wp-content\/uploads\/2021\/07\/img5019-scaled.jpg?fit=1200%2C798&ssl=1&resize=700%2C400 2x, https:\/\/i0.wp.com\/lyonelkaufmann.ch\/Blog\/wp-content\/uploads\/2021\/07\/img5019-scaled.jpg?fit=1200%2C798&ssl=1&resize=1050%2C600 3x"},"classes":[]},{"id":22800,"url":"https:\/\/lyonelkaufmann.ch\/Blog\/2021\/07\/16\/sur-la-route-du-rhin-oberalpass-dissentis-jour-1\/","url_meta":{"origin":22808,"position":1},"title":"Sur la route du Rhin : Oberalppass &#8211; Dissentis (jour 1)","author":"Lyonel Kaufmann","date":"16 juillet 2021","format":false,"excerpt":"Pour cet \u00e9t\u00e9 2021, le programme retenu consiste \u00e0 suivre \u00e0 moto le cours du Rhin de sa source ant\u00e9rieur de l'Oberalppass \u00e0 Rotterdam, puis de s'arr\u00eater \u00e0 Amsterdam avant de rentrer par la Belgique et la France. Moteur. Pour cette premi\u00e8re \u00e9tape, il s'agit d'abord de rejoindre l'Oberalppass, puis\u2026","rel":"","context":"Dans &quot;moto&quot;","block_context":{"text":"moto","link":"https:\/\/lyonelkaufmann.ch\/Blog\/category\/moto\/"},"img":{"alt_text":"","src":"https:\/\/i0.wp.com\/lyonelkaufmann.ch\/Blog\/wp-content\/uploads\/2021\/07\/originalphoto-647787401.598622-scaled.jpg?fit=900%2C1200&ssl=1&resize=350%2C200","width":350,"height":200,"srcset":"https:\/\/i0.wp.com\/lyonelkaufmann.ch\/Blog\/wp-content\/uploads\/2021\/07\/originalphoto-647787401.598622-scaled.jpg?fit=900%2C1200&ssl=1&resize=350%2C200 1x, https:\/\/i0.wp.com\/lyonelkaufmann.ch\/Blog\/wp-content\/uploads\/2021\/07\/originalphoto-647787401.598622-scaled.jpg?fit=900%2C1200&ssl=1&resize=525%2C300 1.5x, https:\/\/i0.wp.com\/lyonelkaufmann.ch\/Blog\/wp-content\/uploads\/2021\/07\/originalphoto-647787401.598622-scaled.jpg?fit=900%2C1200&ssl=1&resize=700%2C400 2x"},"classes":[]},{"id":22819,"url":"https:\/\/lyonelkaufmann.ch\/Blog\/2021\/07\/20\/sur-la-route-du-rhin-worms-et-bingen-jour-4\/","url_meta":{"origin":22808,"position":2},"title":"Sur la route du #Rhin. Worms et Bingen (jour 4)","author":"Lyonel Kaufmann","date":"20 juillet 2021","format":false,"excerpt":"Ce jeudi 15 juillet, le temps tourne au sec. Enfin, car la situation du Rhin est pr\u00e9occupante par endroits. Nous ne pourrons pas d'ailleurs nous rendre sur les bords du Rhin \u00e0 Spire, une des trois romanischen Kaiserdome avec Worms et Mayence. Tous les acc\u00e8s sont bloqu\u00e9s en raison du\u2026","rel":"","context":"Dans &quot;Blogcaf\u00e9&quot;","block_context":{"text":"Blogcaf\u00e9","link":"https:\/\/lyonelkaufmann.ch\/Blog\/category\/blogcafe-2\/"},"img":{"alt_text":"","src":"https:\/\/i0.wp.com\/lyonelkaufmann.ch\/Blog\/wp-content\/uploads\/2021\/07\/img4997-scaled.jpg?fit=798%2C1200&ssl=1&resize=350%2C200","width":350,"height":200,"srcset":"https:\/\/i0.wp.com\/lyonelkaufmann.ch\/Blog\/wp-content\/uploads\/2021\/07\/img4997-scaled.jpg?fit=798%2C1200&ssl=1&resize=350%2C200 1x, https:\/\/i0.wp.com\/lyonelkaufmann.ch\/Blog\/wp-content\/uploads\/2021\/07\/img4997-scaled.jpg?fit=798%2C1200&ssl=1&resize=525%2C300 1.5x, https:\/\/i0.wp.com\/lyonelkaufmann.ch\/Blog\/wp-content\/uploads\/2021\/07\/img4997-scaled.jpg?fit=798%2C1200&ssl=1&resize=700%2C400 2x"},"classes":[]},{"id":22864,"url":"https:\/\/lyonelkaufmann.ch\/Blog\/2021\/08\/07\/sur-la-route-du-rhin-etape-7-delta-du-rhin-emmerich-et-rotterdam\/","url_meta":{"origin":22808,"position":3},"title":"Sur la route du Rhin &#8211; \u00c9tape 7 Delta du Rhin : Emmerich et Rotterdam","author":"Lyonel Kaufmann","date":"7 ao\u00fbt 2021","format":false,"excerpt":"Pour cet \u00e9t\u00e9 2021, le programme retenu consiste \u00e0 suivre \u00e0 moto le cours du Rhin de sa source ant\u00e9rieur de l'Oberalpass \u00e0 Rotterdam, puis de s'arr\u00eater \u00e0 Amsterdam avant de rentrer par la Belgique et la France. La fin du parcours le long du Rhin est proche. En ce\u2026","rel":"","context":"Dans &quot;Blogcaf\u00e9&quot;","block_context":{"text":"Blogcaf\u00e9","link":"https:\/\/lyonelkaufmann.ch\/Blog\/category\/blogcafe-2\/"},"img":{"alt_text":"","src":"https:\/\/i0.wp.com\/lyonelkaufmann.ch\/Blog\/wp-content\/uploads\/2021\/08\/img5222-scaled.jpg?fit=1200%2C798&ssl=1&resize=350%2C200","width":350,"height":200,"srcset":"https:\/\/i0.wp.com\/lyonelkaufmann.ch\/Blog\/wp-content\/uploads\/2021\/08\/img5222-scaled.jpg?fit=1200%2C798&ssl=1&resize=350%2C200 1x, https:\/\/i0.wp.com\/lyonelkaufmann.ch\/Blog\/wp-content\/uploads\/2021\/08\/img5222-scaled.jpg?fit=1200%2C798&ssl=1&resize=525%2C300 1.5x, https:\/\/i0.wp.com\/lyonelkaufmann.ch\/Blog\/wp-content\/uploads\/2021\/08\/img5222-scaled.jpg?fit=1200%2C798&ssl=1&resize=700%2C400 2x, https:\/\/i0.wp.com\/lyonelkaufmann.ch\/Blog\/wp-content\/uploads\/2021\/08\/img5222-scaled.jpg?fit=1200%2C798&ssl=1&resize=1050%2C600 3x"},"classes":[]},{"id":22813,"url":"https:\/\/lyonelkaufmann.ch\/Blog\/2021\/07\/19\/sur-la-route-du-rhin-laufenburg-jour-3\/","url_meta":{"origin":22808,"position":4},"title":"Sur la route du Rhin : Laufenburg (jour 3)","author":"Lyonel Kaufmann","date":"19 juillet 2021","format":false,"excerpt":"Pour cet \u00e9t\u00e9 2021, le programme retenu consiste \u00e0 suivre \u00e0 moto le cours du Rhin de sa source ant\u00e9rieur de l'Oberalpass \u00e0 Rotterdam, puis de s'arr\u00eater \u00e0 Amsterdam avant de rentrer par la Belgique et la France. Pour cette troisi\u00e8me \u00e9tape, nous zigzaguons entre la Suisse et l'Allemagne jusqu'\u00e0\u2026","rel":"","context":"Dans &quot;Blogcaf\u00e9&quot;","block_context":{"text":"Blogcaf\u00e9","link":"https:\/\/lyonelkaufmann.ch\/Blog\/category\/blogcafe-2\/"},"img":{"alt_text":"","src":"https:\/\/i0.wp.com\/lyonelkaufmann.ch\/Blog\/wp-content\/uploads\/2021\/07\/img4975-scaled.jpg?fit=1200%2C798&ssl=1&resize=350%2C200","width":350,"height":200,"srcset":"https:\/\/i0.wp.com\/lyonelkaufmann.ch\/Blog\/wp-content\/uploads\/2021\/07\/img4975-scaled.jpg?fit=1200%2C798&ssl=1&resize=350%2C200 1x, https:\/\/i0.wp.com\/lyonelkaufmann.ch\/Blog\/wp-content\/uploads\/2021\/07\/img4975-scaled.jpg?fit=1200%2C798&ssl=1&resize=525%2C300 1.5x, https:\/\/i0.wp.com\/lyonelkaufmann.ch\/Blog\/wp-content\/uploads\/2021\/07\/img4975-scaled.jpg?fit=1200%2C798&ssl=1&resize=700%2C400 2x, https:\/\/i0.wp.com\/lyonelkaufmann.ch\/Blog\/wp-content\/uploads\/2021\/07\/img4975-scaled.jpg?fit=1200%2C798&ssl=1&resize=1050%2C600 3x"},"classes":[]},{"id":22846,"url":"https:\/\/lyonelkaufmann.ch\/Blog\/2021\/07\/28\/sur-la-route-du-rhin-etape-6-duisburg-le-rhin-industriel-et-portuaire\/","url_meta":{"origin":22808,"position":5},"title":"Sur la route du Rhin &#8211; \u00c9tape 6 Duisburg, le Rhin industriel et portuaire","author":"Lyonel Kaufmann","date":"28 juillet 2021","format":false,"excerpt":"Pour cet \u00e9t\u00e9 2021, le programme retenu consiste \u00e0 suivre \u00e0 moto le cours du Rhin de sa source ant\u00e9rieur de l'Oberalpass \u00e0 Rotterdam, puis de s'arr\u00eater \u00e0 Amsterdam avant de rentrer par la Belgique et la France. Apr\u00e8s le Rhin romantique arriv\u00e9e dans le bassin de la Ruhr. Duisburg\u2026","rel":"","context":"Dans &quot;Blogcaf\u00e9&quot;","block_context":{"text":"Blogcaf\u00e9","link":"https:\/\/lyonelkaufmann.ch\/Blog\/category\/blogcafe-2\/"},"img":{"alt_text":"","src":"https:\/\/i0.wp.com\/lyonelkaufmann.ch\/Blog\/wp-content\/uploads\/2021\/07\/hipstamaticphoto-648243948.728237-scaled.jpg?fit=1200%2C1200&ssl=1&resize=350%2C200","width":350,"height":200,"srcset":"https:\/\/i0.wp.com\/lyonelkaufmann.ch\/Blog\/wp-content\/uploads\/2021\/07\/hipstamaticphoto-648243948.728237-scaled.jpg?fit=1200%2C1200&ssl=1&resize=350%2C200 1x, https:\/\/i0.wp.com\/lyonelkaufmann.ch\/Blog\/wp-content\/uploads\/2021\/07\/hipstamaticphoto-648243948.728237-scaled.jpg?fit=1200%2C1200&ssl=1&resize=525%2C300 1.5x, https:\/\/i0.wp.com\/lyonelkaufmann.ch\/Blog\/wp-content\/uploads\/2021\/07\/hipstamaticphoto-648243948.728237-scaled.jpg?fit=1200%2C1200&ssl=1&resize=700%2C400 2x, https:\/\/i0.wp.com\/lyonelkaufmann.ch\/Blog\/wp-content\/uploads\/2021\/07\/hipstamaticphoto-648243948.728237-scaled.jpg?fit=1200%2C1200&ssl=1&resize=1050%2C600 3x"},"classes":[]}],"jetpack_likes_enabled":true,"_links":{"self":[{"href":"https:\/\/lyonelkaufmann.ch\/Blog\/wp-json\/wp\/v2\/posts\/22808","targetHints":{"allow":["GET"]}}],"collection":[{"href":"https:\/\/lyonelkaufmann.ch\/Blog\/wp-json\/wp\/v2\/posts"}],"about":[{"href":"https:\/\/lyonelkaufmann.ch\/Blog\/wp-json\/wp\/v2\/types\/post"}],"author":[{"embeddable":true,"href":"https:\/\/lyonelkaufmann.ch\/Blog\/wp-json\/wp\/v2\/users\/1"}],"replies":[{"embeddable":true,"href":"https:\/\/lyonelkaufmann.ch\/Blog\/wp-json\/wp\/v2\/comments?post=22808"}],"version-history":[{"count":0,"href":"https:\/\/lyonelkaufmann.ch\/Blog\/wp-json\/wp\/v2\/posts\/22808\/revisions"}],"wp:featuredmedia":[{"embeddable":true,"href":"https:\/\/lyonelkaufmann.ch\/Blog\/wp-json\/wp\/v2\/media\/22803"}],"wp:attachment":[{"href":"https:\/\/lyonelkaufmann.ch\/Blog\/wp-json\/wp\/v2\/media?parent=22808"}],"wp:term":[{"taxonomy":"category","embeddable":true,"href":"https:\/\/lyonelkaufmann.ch\/Blog\/wp-json\/wp\/v2\/categories?post=22808"},{"taxonomy":"post_tag","embeddable":true,"href":"https:\/\/lyonelkaufmann.ch\/Blog\/wp-json\/wp\/v2\/tags?post=22808"}],"curies":[{"name":"wp","href":"https:\/\/api.w.org\/{rel}","templated":true}]}}