{"id":22915,"date":"2021-08-20T08:00:00","date_gmt":"2021-08-20T07:00:00","guid":{"rendered":"https:\/\/lyonelkaufmann.ch\/Blog\/?p=22915"},"modified":"2021-08-17T22:13:42","modified_gmt":"2021-08-17T21:13:42","slug":"roadtrip-pere-et-fils-destination-stelvio-jour-3-le-retour","status":"publish","type":"post","link":"https:\/\/lyonelkaufmann.ch\/Blog\/2021\/08\/20\/roadtrip-pere-et-fils-destination-stelvio-jour-3-le-retour\/","title":{"rendered":"#Roadtrip p\u00e8re et fils : Destination #Stelvio &#8211; Jour 3 Le retour"},"content":{"rendered":"\n<p><strong>Avant que mon fils parte s&rsquo;\u00e9tablir \u00e0 Qu\u00e9bec, l&rsquo;heure est \u00e0 un dernier roadtrip p\u00e8re et fils \u00e0 moto de trois jours. A la question : o\u00f9 aimerais-tu aller? La r\u00e9ponse est venue : faire les 48 virages en \u00e9pingle \u00e0 cheveux du col du Stelvio (Italie). Bien alors moteur !<\/strong><\/p>\n\n\n\n<div class=\"wp-block-image\"><figure class=\"aligncenter size-large is-resized\"><a href=\"https:\/\/i0.wp.com\/lyonelkaufmann.ch\/Blog\/wp-content\/uploads\/2021\/08\/1F6A6858-4AA5-4A12-8D84-0BF36EC2E7C2.jpeg?ssl=1\"><img data-recalc-dims=\"1\" loading=\"lazy\" decoding=\"async\" data-attachment-id=\"22916\" data-permalink=\"https:\/\/lyonelkaufmann.ch\/Blog\/2021\/08\/20\/roadtrip-pere-et-fils-destination-stelvio-jour-3-le-retour\/processed-with-lensa-with-auto-adjustments\/\" data-orig-file=\"https:\/\/i0.wp.com\/lyonelkaufmann.ch\/Blog\/wp-content\/uploads\/2021\/08\/1F6A6858-4AA5-4A12-8D84-0BF36EC2E7C2.jpeg?fit=756%2C1008&amp;ssl=1\" data-orig-size=\"756,1008\" data-comments-opened=\"1\" data-image-meta=\"{&quot;aperture&quot;:&quot;1.6&quot;,&quot;credit&quot;:&quot;&quot;,&quot;camera&quot;:&quot;iPhone 12 mini&quot;,&quot;caption&quot;:&quot;Processed with Lensa with Auto Adjustments&quot;,&quot;created_timestamp&quot;:&quot;0&quot;,&quot;copyright&quot;:&quot;&quot;,&quot;focal_length&quot;:&quot;4.2&quot;,&quot;iso&quot;:&quot;32&quot;,&quot;shutter_speed&quot;:&quot;0.0047846889952153&quot;,&quot;title&quot;:&quot;Processed with Lensa with Auto Adjustments&quot;,&quot;orientation&quot;:&quot;1&quot;}\" data-image-title=\"Processed with Lensa with Auto Adjustments\" data-image-description=\"\" data-image-caption=\"&lt;p&gt;Processed with Lensa with Auto Adjustments&lt;\/p&gt;\n\" data-large-file=\"https:\/\/i0.wp.com\/lyonelkaufmann.ch\/Blog\/wp-content\/uploads\/2021\/08\/1F6A6858-4AA5-4A12-8D84-0BF36EC2E7C2.jpeg?fit=700%2C933&amp;ssl=1\" src=\"https:\/\/i0.wp.com\/lyonelkaufmann.ch\/Blog\/wp-content\/uploads\/2021\/08\/1F6A6858-4AA5-4A12-8D84-0BF36EC2E7C2.jpeg?resize=548%2C730&#038;ssl=1\" alt=\"\" class=\"wp-image-22916\" width=\"548\" height=\"730\" srcset=\"https:\/\/i0.wp.com\/lyonelkaufmann.ch\/Blog\/wp-content\/uploads\/2021\/08\/1F6A6858-4AA5-4A12-8D84-0BF36EC2E7C2.jpeg?resize=700%2C933&amp;ssl=1 700w, https:\/\/i0.wp.com\/lyonelkaufmann.ch\/Blog\/wp-content\/uploads\/2021\/08\/1F6A6858-4AA5-4A12-8D84-0BF36EC2E7C2.jpeg?resize=225%2C300&amp;ssl=1 225w, https:\/\/i0.wp.com\/lyonelkaufmann.ch\/Blog\/wp-content\/uploads\/2021\/08\/1F6A6858-4AA5-4A12-8D84-0BF36EC2E7C2.jpeg?w=756&amp;ssl=1 756w\" sizes=\"auto, (max-width: 548px) 100vw, 548px\" \/><\/a><figcaption>Mon fils &#8211; Bonaduz<\/figcaption><\/figure><\/div>\n\n\n\n<p>En ce dimanche matin, il s&rsquo;agit maintenant de rentrer \u00e0 la maison. Quelques beaux cols et paysages nous attendent. T\u00f4t le matin et rapidement apr\u00e8s le d\u00e9part, le #Julier nous tend les bras. Il est 8h40 et la route est quasiment \u00e0 nous.<\/p>\n\n\n\n<div class=\"wp-block-image\"><figure class=\"aligncenter size-large is-resized\"><a href=\"https:\/\/i0.wp.com\/lyonelkaufmann.ch\/Blog\/wp-content\/uploads\/2021\/08\/C2BE1E46-19A1-4753-9593-87E7666CBBDB-scaled.jpeg?ssl=1\"><img data-recalc-dims=\"1\" loading=\"lazy\" decoding=\"async\" data-attachment-id=\"22917\" data-permalink=\"https:\/\/lyonelkaufmann.ch\/Blog\/2021\/08\/20\/roadtrip-pere-et-fils-destination-stelvio-jour-3-le-retour\/c2be1e46-19a1-4753-9593-87e7666cbbdb\/\" data-orig-file=\"https:\/\/i0.wp.com\/lyonelkaufmann.ch\/Blog\/wp-content\/uploads\/2021\/08\/C2BE1E46-19A1-4753-9593-87E7666CBBDB-scaled.jpeg?fit=1920%2C2560&amp;ssl=1\" data-orig-size=\"1920,2560\" data-comments-opened=\"1\" data-image-meta=\"{&quot;aperture&quot;:&quot;1.6&quot;,&quot;credit&quot;:&quot;&quot;,&quot;camera&quot;:&quot;iPhone 12 mini&quot;,&quot;caption&quot;:&quot;&quot;,&quot;created_timestamp&quot;:&quot;1629021656&quot;,&quot;copyright&quot;:&quot;&quot;,&quot;focal_length&quot;:&quot;4.2&quot;,&quot;iso&quot;:&quot;32&quot;,&quot;shutter_speed&quot;:&quot;0.0004950495049505&quot;,&quot;title&quot;:&quot;&quot;,&quot;orientation&quot;:&quot;1&quot;}\" data-image-title=\"C2BE1E46-19A1-4753-9593-87E7666CBBDB\" data-image-description=\"\" data-image-caption=\"\" data-large-file=\"https:\/\/i0.wp.com\/lyonelkaufmann.ch\/Blog\/wp-content\/uploads\/2021\/08\/C2BE1E46-19A1-4753-9593-87E7666CBBDB-scaled.jpeg?fit=700%2C933&amp;ssl=1\" src=\"https:\/\/i0.wp.com\/lyonelkaufmann.ch\/Blog\/wp-content\/uploads\/2021\/08\/C2BE1E46-19A1-4753-9593-87E7666CBBDB.jpeg?resize=505%2C673&#038;ssl=1\" alt=\"\" class=\"wp-image-22917\" width=\"505\" height=\"673\" srcset=\"https:\/\/i0.wp.com\/lyonelkaufmann.ch\/Blog\/wp-content\/uploads\/2021\/08\/C2BE1E46-19A1-4753-9593-87E7666CBBDB-scaled.jpeg?resize=700%2C933&amp;ssl=1 700w, https:\/\/i0.wp.com\/lyonelkaufmann.ch\/Blog\/wp-content\/uploads\/2021\/08\/C2BE1E46-19A1-4753-9593-87E7666CBBDB-scaled.jpeg?resize=225%2C300&amp;ssl=1 225w, https:\/\/i0.wp.com\/lyonelkaufmann.ch\/Blog\/wp-content\/uploads\/2021\/08\/C2BE1E46-19A1-4753-9593-87E7666CBBDB-scaled.jpeg?resize=768%2C1024&amp;ssl=1 768w, https:\/\/i0.wp.com\/lyonelkaufmann.ch\/Blog\/wp-content\/uploads\/2021\/08\/C2BE1E46-19A1-4753-9593-87E7666CBBDB-scaled.jpeg?resize=1152%2C1536&amp;ssl=1 1152w, https:\/\/i0.wp.com\/lyonelkaufmann.ch\/Blog\/wp-content\/uploads\/2021\/08\/C2BE1E46-19A1-4753-9593-87E7666CBBDB-scaled.jpeg?resize=1536%2C2048&amp;ssl=1 1536w, https:\/\/i0.wp.com\/lyonelkaufmann.ch\/Blog\/wp-content\/uploads\/2021\/08\/C2BE1E46-19A1-4753-9593-87E7666CBBDB-scaled.jpeg?w=1920&amp;ssl=1 1920w\" sizes=\"auto, (max-width: 505px) 100vw, 505px\" \/><\/a><figcaption>Le Rhin et ses airs de Colorado<\/figcaption><\/figure><\/div>\n\n\n\n<p>Pour remonter ensuite vers l&rsquo;Oberalpass, nous grimpons sur les hauteurs de <a rel=\"tag\" class=\"hashtag u-tag u-category\" href=\"https:\/\/lyonelkaufmann.ch\/Blog\/tag\/bonaduz\/\">#Bonaduz<\/a>. Nous surplombons le Rhin et ses airs de Colorado.<\/p>\n\n\n\n<div class=\"wp-block-image\"><figure class=\"aligncenter size-large\"><a href=\"https:\/\/i0.wp.com\/lyonelkaufmann.ch\/Blog\/wp-content\/uploads\/2021\/08\/FE1519D7-EA2C-4D65-BE74-8EA5A445C093.png?ssl=1\"><img data-recalc-dims=\"1\" loading=\"lazy\" decoding=\"async\" width=\"700\" height=\"467\" data-attachment-id=\"22919\" data-permalink=\"https:\/\/lyonelkaufmann.ch\/Blog\/2021\/08\/20\/roadtrip-pere-et-fils-destination-stelvio-jour-3-le-retour\/fe1519d7-ea2c-4d65-be74-8ea5a445c093\/\" data-orig-file=\"https:\/\/i0.wp.com\/lyonelkaufmann.ch\/Blog\/wp-content\/uploads\/2021\/08\/FE1519D7-EA2C-4D65-BE74-8EA5A445C093.png?fit=1988%2C1326&amp;ssl=1\" data-orig-size=\"1988,1326\" data-comments-opened=\"1\" data-image-meta=\"{&quot;aperture&quot;:&quot;0&quot;,&quot;credit&quot;:&quot;&quot;,&quot;camera&quot;:&quot;&quot;,&quot;caption&quot;:&quot;&quot;,&quot;created_timestamp&quot;:&quot;0&quot;,&quot;copyright&quot;:&quot;&quot;,&quot;focal_length&quot;:&quot;0&quot;,&quot;iso&quot;:&quot;0&quot;,&quot;shutter_speed&quot;:&quot;0&quot;,&quot;title&quot;:&quot;&quot;,&quot;orientation&quot;:&quot;0&quot;}\" data-image-title=\"FE1519D7-EA2C-4D65-BE74-8EA5A445C093\" data-image-description=\"\" data-image-caption=\"\" data-large-file=\"https:\/\/i0.wp.com\/lyonelkaufmann.ch\/Blog\/wp-content\/uploads\/2021\/08\/FE1519D7-EA2C-4D65-BE74-8EA5A445C093.png?fit=700%2C467&amp;ssl=1\" src=\"https:\/\/i0.wp.com\/lyonelkaufmann.ch\/Blog\/wp-content\/uploads\/2021\/08\/FE1519D7-EA2C-4D65-BE74-8EA5A445C093.png?resize=700%2C467&#038;ssl=1\" alt=\"\" class=\"wp-image-22919\" srcset=\"https:\/\/i0.wp.com\/lyonelkaufmann.ch\/Blog\/wp-content\/uploads\/2021\/08\/FE1519D7-EA2C-4D65-BE74-8EA5A445C093.png?resize=700%2C467&amp;ssl=1 700w, https:\/\/i0.wp.com\/lyonelkaufmann.ch\/Blog\/wp-content\/uploads\/2021\/08\/FE1519D7-EA2C-4D65-BE74-8EA5A445C093.png?resize=300%2C200&amp;ssl=1 300w, https:\/\/i0.wp.com\/lyonelkaufmann.ch\/Blog\/wp-content\/uploads\/2021\/08\/FE1519D7-EA2C-4D65-BE74-8EA5A445C093.png?resize=768%2C512&amp;ssl=1 768w, https:\/\/i0.wp.com\/lyonelkaufmann.ch\/Blog\/wp-content\/uploads\/2021\/08\/FE1519D7-EA2C-4D65-BE74-8EA5A445C093.png?resize=1536%2C1025&amp;ssl=1 1536w, https:\/\/i0.wp.com\/lyonelkaufmann.ch\/Blog\/wp-content\/uploads\/2021\/08\/FE1519D7-EA2C-4D65-BE74-8EA5A445C093.png?w=1988&amp;ssl=1 1988w\" sizes=\"auto, (max-width: 700px) 100vw, 700px\" \/><\/a><figcaption>Capitaine Adventure et Capitaine Temp\u00eate dans ce splendide d\u00e9cor &#8211; Bonaduz<\/figcaption><\/figure><\/div>\n\n\n\n<p>La pause de midi pass\u00e9e au sommet de l&rsquo;Oberalp, nous rejoignons le Susten, puis redescendons sur Meiringen, Interlaken et Thoune.<\/p>\n\n\n\n<div class=\"wp-block-image\"><figure class=\"aligncenter size-large\"><a href=\"https:\/\/i0.wp.com\/lyonelkaufmann.ch\/Blog\/wp-content\/uploads\/2021\/08\/41459DC4-98D7-484F-B967-5390E9B1C459-scaled.jpeg?ssl=1\"><img data-recalc-dims=\"1\" loading=\"lazy\" decoding=\"async\" width=\"700\" height=\"700\" data-attachment-id=\"22921\" data-permalink=\"https:\/\/lyonelkaufmann.ch\/Blog\/2021\/08\/20\/roadtrip-pere-et-fils-destination-stelvio-jour-3-le-retour\/41459dc4-98d7-484f-b967-5390e9b1c459\/\" data-orig-file=\"https:\/\/i0.wp.com\/lyonelkaufmann.ch\/Blog\/wp-content\/uploads\/2021\/08\/41459DC4-98D7-484F-B967-5390E9B1C459-scaled.jpeg?fit=2560%2C2560&amp;ssl=1\" data-orig-size=\"2560,2560\" data-comments-opened=\"1\" data-image-meta=\"{&quot;aperture&quot;:&quot;0&quot;,&quot;credit&quot;:&quot;&quot;,&quot;camera&quot;:&quot;365&quot;,&quot;caption&quot;:&quot;&quot;,&quot;created_timestamp&quot;:&quot;1629029280&quot;,&quot;copyright&quot;:&quot;&quot;,&quot;focal_length&quot;:&quot;0&quot;,&quot;iso&quot;:&quot;0&quot;,&quot;shutter_speed&quot;:&quot;0&quot;,&quot;title&quot;:&quot;&quot;,&quot;orientation&quot;:&quot;1&quot;}\" data-image-title=\"41459DC4-98D7-484F-B967-5390E9B1C459\" data-image-description=\"\" data-image-caption=\"\" data-large-file=\"https:\/\/i0.wp.com\/lyonelkaufmann.ch\/Blog\/wp-content\/uploads\/2021\/08\/41459DC4-98D7-484F-B967-5390E9B1C459-scaled.jpeg?fit=700%2C700&amp;ssl=1\" src=\"https:\/\/i0.wp.com\/lyonelkaufmann.ch\/Blog\/wp-content\/uploads\/2021\/08\/41459DC4-98D7-484F-B967-5390E9B1C459.jpeg?resize=700%2C700&#038;ssl=1\" alt=\"\" class=\"wp-image-22921\" srcset=\"https:\/\/i0.wp.com\/lyonelkaufmann.ch\/Blog\/wp-content\/uploads\/2021\/08\/41459DC4-98D7-484F-B967-5390E9B1C459-scaled.jpeg?resize=700%2C700&amp;ssl=1 700w, https:\/\/i0.wp.com\/lyonelkaufmann.ch\/Blog\/wp-content\/uploads\/2021\/08\/41459DC4-98D7-484F-B967-5390E9B1C459-scaled.jpeg?resize=300%2C300&amp;ssl=1 300w, https:\/\/i0.wp.com\/lyonelkaufmann.ch\/Blog\/wp-content\/uploads\/2021\/08\/41459DC4-98D7-484F-B967-5390E9B1C459-scaled.jpeg?resize=150%2C150&amp;ssl=1 150w, https:\/\/i0.wp.com\/lyonelkaufmann.ch\/Blog\/wp-content\/uploads\/2021\/08\/41459DC4-98D7-484F-B967-5390E9B1C459-scaled.jpeg?resize=768%2C768&amp;ssl=1 768w, https:\/\/i0.wp.com\/lyonelkaufmann.ch\/Blog\/wp-content\/uploads\/2021\/08\/41459DC4-98D7-484F-B967-5390E9B1C459-scaled.jpeg?resize=1536%2C1536&amp;ssl=1 1536w, https:\/\/i0.wp.com\/lyonelkaufmann.ch\/Blog\/wp-content\/uploads\/2021\/08\/41459DC4-98D7-484F-B967-5390E9B1C459-scaled.jpeg?resize=2048%2C2048&amp;ssl=1 2048w\" sizes=\"auto, (max-width: 700px) 100vw, 700px\" \/><\/a><figcaption>Sommet de l\u2019Oberalp &#8211; Repas de midi en terrasse<\/figcaption><\/figure><\/div>\n\n\n\n<p>Le <a rel=\"tag\" class=\"hashtag u-tag u-category\" href=\"https:\/\/lyonelkaufmann.ch\/Blog\/tag\/gurnigel\/\">#Gurnigel<\/a> sera le dernier col du jour et de notre p\u00e9riple.<\/p>\n\n\n\n<div class=\"wp-block-image\"><figure class=\"aligncenter size-large\"><a href=\"https:\/\/i0.wp.com\/lyonelkaufmann.ch\/Blog\/wp-content\/uploads\/2021\/08\/43D43F93-81BD-432A-8725-53031B1172C8.png?ssl=1\"><img data-recalc-dims=\"1\" loading=\"lazy\" decoding=\"async\" width=\"700\" height=\"467\" data-attachment-id=\"22922\" data-permalink=\"https:\/\/lyonelkaufmann.ch\/Blog\/2021\/08\/20\/roadtrip-pere-et-fils-destination-stelvio-jour-3-le-retour\/43d43f93-81bd-432a-8725-53031b1172c8\/\" data-orig-file=\"https:\/\/i0.wp.com\/lyonelkaufmann.ch\/Blog\/wp-content\/uploads\/2021\/08\/43D43F93-81BD-432A-8725-53031B1172C8.png?fit=1988%2C1326&amp;ssl=1\" data-orig-size=\"1988,1326\" data-comments-opened=\"1\" data-image-meta=\"{&quot;aperture&quot;:&quot;0&quot;,&quot;credit&quot;:&quot;&quot;,&quot;camera&quot;:&quot;&quot;,&quot;caption&quot;:&quot;&quot;,&quot;created_timestamp&quot;:&quot;0&quot;,&quot;copyright&quot;:&quot;&quot;,&quot;focal_length&quot;:&quot;0&quot;,&quot;iso&quot;:&quot;0&quot;,&quot;shutter_speed&quot;:&quot;0&quot;,&quot;title&quot;:&quot;&quot;,&quot;orientation&quot;:&quot;0&quot;}\" data-image-title=\"43D43F93-81BD-432A-8725-53031B1172C8\" data-image-description=\"\" data-image-caption=\"\" data-large-file=\"https:\/\/i0.wp.com\/lyonelkaufmann.ch\/Blog\/wp-content\/uploads\/2021\/08\/43D43F93-81BD-432A-8725-53031B1172C8.png?fit=700%2C467&amp;ssl=1\" src=\"https:\/\/i0.wp.com\/lyonelkaufmann.ch\/Blog\/wp-content\/uploads\/2021\/08\/43D43F93-81BD-432A-8725-53031B1172C8.png?resize=700%2C467&#038;ssl=1\" alt=\"\" class=\"wp-image-22922\" srcset=\"https:\/\/i0.wp.com\/lyonelkaufmann.ch\/Blog\/wp-content\/uploads\/2021\/08\/43D43F93-81BD-432A-8725-53031B1172C8.png?resize=700%2C467&amp;ssl=1 700w, https:\/\/i0.wp.com\/lyonelkaufmann.ch\/Blog\/wp-content\/uploads\/2021\/08\/43D43F93-81BD-432A-8725-53031B1172C8.png?resize=300%2C200&amp;ssl=1 300w, https:\/\/i0.wp.com\/lyonelkaufmann.ch\/Blog\/wp-content\/uploads\/2021\/08\/43D43F93-81BD-432A-8725-53031B1172C8.png?resize=768%2C512&amp;ssl=1 768w, https:\/\/i0.wp.com\/lyonelkaufmann.ch\/Blog\/wp-content\/uploads\/2021\/08\/43D43F93-81BD-432A-8725-53031B1172C8.png?resize=1536%2C1025&amp;ssl=1 1536w, https:\/\/i0.wp.com\/lyonelkaufmann.ch\/Blog\/wp-content\/uploads\/2021\/08\/43D43F93-81BD-432A-8725-53031B1172C8.png?w=1988&amp;ssl=1 1988w\" sizes=\"auto, (max-width: 700px) 100vw, 700px\" \/><\/a><figcaption>Dans la descente du Susten<\/figcaption><\/figure><\/div>\n\n\n\n<p>Au final, nous aurons couvert 977 kilom\u00e8tres des images plein les yeux. Sans compter les courbes et virages.<\/p>\n\n\n\n<div class=\"wp-block-image\"><figure class=\"aligncenter size-large\"><a href=\"https:\/\/i0.wp.com\/lyonelkaufmann.ch\/Blog\/wp-content\/uploads\/2021\/08\/7C429112-5E31-4935-9827-097206CE3D88-scaled.jpeg?ssl=1\"><img data-recalc-dims=\"1\" loading=\"lazy\" decoding=\"async\" width=\"700\" height=\"700\" data-attachment-id=\"22923\" data-permalink=\"https:\/\/lyonelkaufmann.ch\/Blog\/2021\/08\/20\/roadtrip-pere-et-fils-destination-stelvio-jour-3-le-retour\/7c429112-5e31-4935-9827-097206ce3d88\/\" data-orig-file=\"https:\/\/i0.wp.com\/lyonelkaufmann.ch\/Blog\/wp-content\/uploads\/2021\/08\/7C429112-5E31-4935-9827-097206CE3D88-scaled.jpeg?fit=2560%2C2560&amp;ssl=1\" data-orig-size=\"2560,2560\" data-comments-opened=\"1\" data-image-meta=\"{&quot;aperture&quot;:&quot;0&quot;,&quot;credit&quot;:&quot;&quot;,&quot;camera&quot;:&quot;365&quot;,&quot;caption&quot;:&quot;&quot;,&quot;created_timestamp&quot;:&quot;1629048036&quot;,&quot;copyright&quot;:&quot;&quot;,&quot;focal_length&quot;:&quot;0&quot;,&quot;iso&quot;:&quot;0&quot;,&quot;shutter_speed&quot;:&quot;0&quot;,&quot;title&quot;:&quot;&quot;,&quot;orientation&quot;:&quot;1&quot;}\" data-image-title=\"7C429112-5E31-4935-9827-097206CE3D88\" data-image-description=\"\" data-image-caption=\"\" data-large-file=\"https:\/\/i0.wp.com\/lyonelkaufmann.ch\/Blog\/wp-content\/uploads\/2021\/08\/7C429112-5E31-4935-9827-097206CE3D88-scaled.jpeg?fit=700%2C700&amp;ssl=1\" src=\"https:\/\/i0.wp.com\/lyonelkaufmann.ch\/Blog\/wp-content\/uploads\/2021\/08\/7C429112-5E31-4935-9827-097206CE3D88.jpeg?resize=700%2C700&#038;ssl=1\" alt=\"\" class=\"wp-image-22923\" srcset=\"https:\/\/i0.wp.com\/lyonelkaufmann.ch\/Blog\/wp-content\/uploads\/2021\/08\/7C429112-5E31-4935-9827-097206CE3D88-scaled.jpeg?resize=700%2C700&amp;ssl=1 700w, https:\/\/i0.wp.com\/lyonelkaufmann.ch\/Blog\/wp-content\/uploads\/2021\/08\/7C429112-5E31-4935-9827-097206CE3D88-scaled.jpeg?resize=300%2C300&amp;ssl=1 300w, https:\/\/i0.wp.com\/lyonelkaufmann.ch\/Blog\/wp-content\/uploads\/2021\/08\/7C429112-5E31-4935-9827-097206CE3D88-scaled.jpeg?resize=150%2C150&amp;ssl=1 150w, https:\/\/i0.wp.com\/lyonelkaufmann.ch\/Blog\/wp-content\/uploads\/2021\/08\/7C429112-5E31-4935-9827-097206CE3D88-scaled.jpeg?resize=768%2C768&amp;ssl=1 768w, https:\/\/i0.wp.com\/lyonelkaufmann.ch\/Blog\/wp-content\/uploads\/2021\/08\/7C429112-5E31-4935-9827-097206CE3D88-scaled.jpeg?resize=1536%2C1536&amp;ssl=1 1536w, https:\/\/i0.wp.com\/lyonelkaufmann.ch\/Blog\/wp-content\/uploads\/2021\/08\/7C429112-5E31-4935-9827-097206CE3D88-scaled.jpeg?resize=2048%2C2048&amp;ssl=1 2048w\" sizes=\"auto, (max-width: 700px) 100vw, 700px\" \/><\/a><figcaption>Derni\u00e8re photo. Sommet du Gurnigel. Capitaine Temp\u00eate et Capitaine Adventure c\u00f4te \u00e0 c\u00f4te<\/figcaption><\/figure><\/div>\n\n\n\n<p>Merci pour votre suivi. A bient\u00f4t.<\/p>\n","protected":false},"excerpt":{"rendered":"<p>Avant que mon fils parte s&rsquo;\u00e9tablir \u00e0 Qu\u00e9bec, l&rsquo;heure est \u00e0 un dernier roadtrip p\u00e8re et fils \u00e0 moto de trois jours. A la question : o\u00f9 aimerais-tu aller? La r\u00e9ponse est venue : faire les 48 virages en \u00e9pingle \u00e0 cheveux du col du Stelvio (Italie). Bien alors moteur ! En ce dimanche matin, [&hellip;]<\/p>\n","protected":false},"author":1,"featured_media":22916,"comment_status":"open","ping_status":"open","sticky":false,"template":"","format":"standard","meta":{"_import_markdown_pro_load_document_selector":0,"_import_markdown_pro_submit_text_textarea":"","_genesis_hide_title":false,"_genesis_hide_breadcrumbs":false,"_genesis_hide_singular_image":false,"_genesis_hide_footer_widgets":false,"_genesis_custom_body_class":"","_genesis_custom_post_class":"","_genesis_layout":"","jetpack_post_was_ever_published":false,"_jetpack_newsletter_access":"","_jetpack_dont_email_post_to_subs":false,"_jetpack_newsletter_tier_id":0,"_jetpack_memberships_contains_paywalled_content":false,"_jetpack_memberships_contains_paid_content":false,"activitypub_content_warning":"","activitypub_content_visibility":"","activitypub_max_image_attachments":3,"activitypub_interaction_policy_quote":"anyone","activitypub_status":"","footnotes":"","jetpack_publicize_message":"","jetpack_publicize_feature_enabled":true,"jetpack_social_post_already_shared":true,"jetpack_social_options":{"image_generator_settings":{"template":"fullscreen","default_image_id":0,"font":"","enabled":false},"version":2}},"categories":[3,158,1197],"tags":[1307,1308,37,1059],"class_list":{"0":"post-22915","1":"post","2":"type-post","3":"status-publish","4":"format-standard","5":"has-post-thumbnail","7":"category-blogcafe-2","8":"category-roadbook","9":"category-roadtrip","10":"tag-bonaduz","11":"tag-gurnigel","12":"tag-suisse","13":"tag-susten","14":"entry"},"jetpack_publicize_connections":[],"featured_image_src":"https:\/\/i0.wp.com\/lyonelkaufmann.ch\/Blog\/wp-content\/uploads\/2021\/08\/1F6A6858-4AA5-4A12-8D84-0BF36EC2E7C2.jpeg?resize=600%2C400&ssl=1","featured_image_src_square":"https:\/\/i0.wp.com\/lyonelkaufmann.ch\/Blog\/wp-content\/uploads\/2021\/08\/1F6A6858-4AA5-4A12-8D84-0BF36EC2E7C2.jpeg?resize=600%2C600&ssl=1","author_info":{"display_name":"Lyonel Kaufmann","author_link":"https:\/\/lyonelkaufmann.ch\/Blog\/author\/lyonelk\/"},"jetpack_featured_media_url":"https:\/\/i0.wp.com\/lyonelkaufmann.ch\/Blog\/wp-content\/uploads\/2021\/08\/1F6A6858-4AA5-4A12-8D84-0BF36EC2E7C2.jpeg?fit=756%2C1008&ssl=1","jetpack_sharing_enabled":true,"jetpack_shortlink":"https:\/\/wp.me\/p1qtF4-5XB","jetpack-related-posts":[{"id":22886,"url":"https:\/\/lyonelkaufmann.ch\/Blog\/2021\/08\/18\/roadtrip-pere-et-fils-destination-stelvio-jour-1-coire\/","url_meta":{"origin":22915,"position":0},"title":"#Roadtrip p\u00e8re et fils : Destination #Stelvio &#8211; Jour 1 #Coire","author":"Lyonel Kaufmann","date":"18 ao\u00fbt 2021","format":false,"excerpt":"Avant que mon fils parte s'\u00e9tablir \u00e0 Qu\u00e9bec, l'heure est \u00e0 un dernier roadtrip p\u00e8re et fils \u00e0 moto de trois jours. A la question : o\u00f9 aimerais-tu aller? La r\u00e9ponse est venue : faire les 48 virages en \u00e9pingle \u00e0 cheveux du col du Stelvio (Italie). Bien alors moteur\u2026","rel":"","context":"Dans &quot;Blogcaf\u00e9&quot;","block_context":{"text":"Blogcaf\u00e9","link":"https:\/\/lyonelkaufmann.ch\/Blog\/category\/blogcafe-2\/"},"img":{"alt_text":"","src":"https:\/\/i0.wp.com\/lyonelkaufmann.ch\/Blog\/wp-content\/uploads\/2021\/08\/hipstamaticphoto-650547615.406148-scaled.jpg?fit=1200%2C1200&ssl=1&resize=350%2C200","width":350,"height":200,"srcset":"https:\/\/i0.wp.com\/lyonelkaufmann.ch\/Blog\/wp-content\/uploads\/2021\/08\/hipstamaticphoto-650547615.406148-scaled.jpg?fit=1200%2C1200&ssl=1&resize=350%2C200 1x, https:\/\/i0.wp.com\/lyonelkaufmann.ch\/Blog\/wp-content\/uploads\/2021\/08\/hipstamaticphoto-650547615.406148-scaled.jpg?fit=1200%2C1200&ssl=1&resize=525%2C300 1.5x, https:\/\/i0.wp.com\/lyonelkaufmann.ch\/Blog\/wp-content\/uploads\/2021\/08\/hipstamaticphoto-650547615.406148-scaled.jpg?fit=1200%2C1200&ssl=1&resize=700%2C400 2x, https:\/\/i0.wp.com\/lyonelkaufmann.ch\/Blog\/wp-content\/uploads\/2021\/08\/hipstamaticphoto-650547615.406148-scaled.jpg?fit=1200%2C1200&ssl=1&resize=1050%2C600 3x"},"classes":[]},{"id":22894,"url":"https:\/\/lyonelkaufmann.ch\/Blog\/2021\/08\/19\/roadtrip-pere-et-fils-destination-stelvio-jour-2-stelvio-mais-pas-que\/","url_meta":{"origin":22915,"position":1},"title":"#Roadtrip p\u00e8re et fils : Destination #Stelvio &#8211; Jour 2 Stelvio&#8230; mais pas que","author":"Lyonel Kaufmann","date":"19 ao\u00fbt 2021","format":false,"excerpt":"Avant que mon fils parte s'\u00e9tablir \u00e0 Qu\u00e9bec, l'heure est \u00e0 un dernier roadtrip p\u00e8re et fils \u00e0 moto de trois jours. A la question : o\u00f9 aimerais-tu aller? La r\u00e9ponse est venue : faire les 48 virages en \u00e9pingle \u00e0 cheveux du col du Stelvio (Italie). Bien alors moteur\u2026","rel":"","context":"Dans &quot;Blogcaf\u00e9&quot;","block_context":{"text":"Blogcaf\u00e9","link":"https:\/\/lyonelkaufmann.ch\/Blog\/category\/blogcafe-2\/"},"img":{"alt_text":"","src":"https:\/\/i0.wp.com\/lyonelkaufmann.ch\/Blog\/wp-content\/uploads\/2021\/08\/img_1891.png?fit=1085%2C1085&ssl=1&resize=350%2C200","width":350,"height":200,"srcset":"https:\/\/i0.wp.com\/lyonelkaufmann.ch\/Blog\/wp-content\/uploads\/2021\/08\/img_1891.png?fit=1085%2C1085&ssl=1&resize=350%2C200 1x, https:\/\/i0.wp.com\/lyonelkaufmann.ch\/Blog\/wp-content\/uploads\/2021\/08\/img_1891.png?fit=1085%2C1085&ssl=1&resize=525%2C300 1.5x, https:\/\/i0.wp.com\/lyonelkaufmann.ch\/Blog\/wp-content\/uploads\/2021\/08\/img_1891.png?fit=1085%2C1085&ssl=1&resize=700%2C400 2x, https:\/\/i0.wp.com\/lyonelkaufmann.ch\/Blog\/wp-content\/uploads\/2021\/08\/img_1891.png?fit=1085%2C1085&ssl=1&resize=1050%2C600 3x"},"classes":[]},{"id":23025,"url":"https:\/\/lyonelkaufmann.ch\/Blog\/2021\/08\/19\/roadtrip-pere-et-fils-destination-stelvio-jour-2-stelvio-mais-pas-que-2\/","url_meta":{"origin":22915,"position":2},"title":"#Roadtrip p\u00e8re et fils : Destination #Stelvio &#8211; Jour 2 Stelvio&#8230; mais pas que","author":"Lyonel Kaufmann","date":"19 ao\u00fbt 2021","format":false,"excerpt":"Avant que mon fils parte s'\u00e9tablir \u00e0 Qu\u00e9bec, l'heure est \u00e0 un dernier roadtrip p\u00e8re et fils \u00e0 moto de trois jours. A la question : o\u00f9 aimerais-tu aller? La r\u00e9ponse est venue : faire les 48 virages en \u00e9pingle \u00e0 cheveux du col du Stelvio (Italie). Bien alors moteur\u2026","rel":"","context":"Dans &quot;Blogcaf\u00e9&quot;","block_context":{"text":"Blogcaf\u00e9","link":"https:\/\/lyonelkaufmann.ch\/Blog\/category\/blogcafe-2\/"},"img":{"alt_text":"","src":"https:\/\/i0.wp.com\/lyonelkaufmann.ch\/Blog\/wp-content\/uploads\/2021\/08\/img_1891.png?resize=350%2C200&ssl=1","width":350,"height":200,"srcset":"https:\/\/i0.wp.com\/lyonelkaufmann.ch\/Blog\/wp-content\/uploads\/2021\/08\/img_1891.png?resize=350%2C200&ssl=1 1x, https:\/\/i0.wp.com\/lyonelkaufmann.ch\/Blog\/wp-content\/uploads\/2021\/08\/img_1891.png?resize=525%2C300&ssl=1 1.5x, https:\/\/i0.wp.com\/lyonelkaufmann.ch\/Blog\/wp-content\/uploads\/2021\/08\/img_1891.png?resize=700%2C400&ssl=1 2x, https:\/\/i0.wp.com\/lyonelkaufmann.ch\/Blog\/wp-content\/uploads\/2021\/08\/img_1891.png?resize=1050%2C600&ssl=1 3x"},"classes":[]},{"id":23026,"url":"https:\/\/lyonelkaufmann.ch\/Blog\/2021\/08\/19\/roadtrip-pere-et-fils-destination-stelvio-jour-2-stelvio-mais-pas-que-3\/","url_meta":{"origin":22915,"position":3},"title":"#Roadtrip p\u00e8re et fils : Destination #Stelvio &#8211; Jour 2 Stelvio&#8230; mais pas que","author":"Lyonel Kaufmann","date":"19 ao\u00fbt 2021","format":false,"excerpt":"Avant que mon fils parte s'\u00e9tablir \u00e0 Qu\u00e9bec, l'heure est \u00e0 un dernier roadtrip p\u00e8re et fils \u00e0 moto de trois jours. A la question : o\u00f9 aimerais-tu aller? La r\u00e9ponse est venue : faire les 48 virages en \u00e9pingle \u00e0 cheveux du col du Stelvio (Italie). Bien alors moteur\u2026","rel":"","context":"Dans &quot;Blogcaf\u00e9&quot;","block_context":{"text":"Blogcaf\u00e9","link":"https:\/\/lyonelkaufmann.ch\/Blog\/category\/blogcafe-2\/"},"img":{"alt_text":"","src":"https:\/\/i0.wp.com\/lyonelkaufmann.ch\/Blog\/wp-content\/uploads\/2021\/08\/img_1891.png?resize=350%2C200&ssl=1","width":350,"height":200,"srcset":"https:\/\/i0.wp.com\/lyonelkaufmann.ch\/Blog\/wp-content\/uploads\/2021\/08\/img_1891.png?resize=350%2C200&ssl=1 1x, https:\/\/i0.wp.com\/lyonelkaufmann.ch\/Blog\/wp-content\/uploads\/2021\/08\/img_1891.png?resize=525%2C300&ssl=1 1.5x, https:\/\/i0.wp.com\/lyonelkaufmann.ch\/Blog\/wp-content\/uploads\/2021\/08\/img_1891.png?resize=700%2C400&ssl=1 2x, https:\/\/i0.wp.com\/lyonelkaufmann.ch\/Blog\/wp-content\/uploads\/2021\/08\/img_1891.png?resize=1050%2C600&ssl=1 3x"},"classes":[]},{"id":19348,"url":"https:\/\/lyonelkaufmann.ch\/Blog\/2018\/07\/25\/captainscrambler-et-votre-serviteur-au-stelvio-bmw-r1150r-scrambler-italie%f0%9f%87%ae%f0%9f%87%b9-roadtrip\/","url_meta":{"origin":22915,"position":4},"title":"Captain\u2019ScrambleR et votre serviteur au #Stelvio #bmw #r1150r #Scrambler #italie?? #roadtrip","author":"Lyonel Kaufmann","date":"25 juillet 2018","format":false,"excerpt":"from Instagram: https:\/\/ift.tt\/2vcHRF1","rel":"","context":"Dans &quot;Blogcaf\u00e9&quot;","block_context":{"text":"Blogcaf\u00e9","link":"https:\/\/lyonelkaufmann.ch\/Blog\/category\/blogcafe-2\/"},"img":{"alt_text":"","src":"https:\/\/i0.wp.com\/lyonelkaufmann.ch\/Blog\/wp-content\/uploads\/2018\/07\/IMG_1007-700x700.jpg?resize=350%2C200&ssl=1","width":350,"height":200,"srcset":"https:\/\/i0.wp.com\/lyonelkaufmann.ch\/Blog\/wp-content\/uploads\/2018\/07\/IMG_1007-700x700.jpg?resize=350%2C200&ssl=1 1x, https:\/\/i0.wp.com\/lyonelkaufmann.ch\/Blog\/wp-content\/uploads\/2018\/07\/IMG_1007-700x700.jpg?resize=525%2C300&ssl=1 1.5x, https:\/\/i0.wp.com\/lyonelkaufmann.ch\/Blog\/wp-content\/uploads\/2018\/07\/IMG_1007-700x700.jpg?resize=700%2C400&ssl=1 2x"},"classes":[]},{"id":21697,"url":"https:\/\/lyonelkaufmann.ch\/Blog\/2020\/05\/17\/les-5-plus-beaux-cols-italien-pour-aller-rouler-4h10\/","url_meta":{"origin":22915,"position":5},"title":"Les 5 plus beaux cols italien pour aller rouler ! | 4h10","author":"Lyonel Kaufmann","date":"17 mai 2020","format":false,"excerpt":"Si vous aimez l'Italie, les cols italien et les Alpes sont un terrain de jeu id\u00e9al. En plus, on peut aller manger des pizzas magnifiques \u00e0 la pause d\u00e9jeuner (que demander de plus ?). Beaux paysages et virages \u00e0 gogo. Voici le top 5 des plus beaux cols italien par\u2026","rel":"","context":"Dans &quot;Roadbook&quot;","block_context":{"text":"Roadbook","link":"https:\/\/lyonelkaufmann.ch\/Blog\/category\/roadbook\/"},"img":{"alt_text":"","src":"https:\/\/i0.wp.com\/demonerosso.dainese.com\/hs-fs\/hubfs\/00_Demone%20Rosso\/5%20passi%20by%20Cereghini\/passo_giau.jpg?resize=350%2C200&ssl=1","width":350,"height":200,"srcset":"https:\/\/i0.wp.com\/demonerosso.dainese.com\/hs-fs\/hubfs\/00_Demone%20Rosso\/5%20passi%20by%20Cereghini\/passo_giau.jpg?resize=350%2C200&ssl=1 1x, https:\/\/i0.wp.com\/demonerosso.dainese.com\/hs-fs\/hubfs\/00_Demone%20Rosso\/5%20passi%20by%20Cereghini\/passo_giau.jpg?resize=525%2C300&ssl=1 1.5x, https:\/\/i0.wp.com\/demonerosso.dainese.com\/hs-fs\/hubfs\/00_Demone%20Rosso\/5%20passi%20by%20Cereghini\/passo_giau.jpg?resize=700%2C400&ssl=1 2x, https:\/\/i0.wp.com\/demonerosso.dainese.com\/hs-fs\/hubfs\/00_Demone%20Rosso\/5%20passi%20by%20Cereghini\/passo_giau.jpg?resize=1050%2C600&ssl=1 3x"},"classes":[]}],"jetpack_likes_enabled":true,"_links":{"self":[{"href":"https:\/\/lyonelkaufmann.ch\/Blog\/wp-json\/wp\/v2\/posts\/22915","targetHints":{"allow":["GET"]}}],"collection":[{"href":"https:\/\/lyonelkaufmann.ch\/Blog\/wp-json\/wp\/v2\/posts"}],"about":[{"href":"https:\/\/lyonelkaufmann.ch\/Blog\/wp-json\/wp\/v2\/types\/post"}],"author":[{"embeddable":true,"href":"https:\/\/lyonelkaufmann.ch\/Blog\/wp-json\/wp\/v2\/users\/1"}],"replies":[{"embeddable":true,"href":"https:\/\/lyonelkaufmann.ch\/Blog\/wp-json\/wp\/v2\/comments?post=22915"}],"version-history":[{"count":3,"href":"https:\/\/lyonelkaufmann.ch\/Blog\/wp-json\/wp\/v2\/posts\/22915\/revisions"}],"predecessor-version":[{"id":22926,"href":"https:\/\/lyonelkaufmann.ch\/Blog\/wp-json\/wp\/v2\/posts\/22915\/revisions\/22926"}],"wp:featuredmedia":[{"embeddable":true,"href":"https:\/\/lyonelkaufmann.ch\/Blog\/wp-json\/wp\/v2\/media\/22916"}],"wp:attachment":[{"href":"https:\/\/lyonelkaufmann.ch\/Blog\/wp-json\/wp\/v2\/media?parent=22915"}],"wp:term":[{"taxonomy":"category","embeddable":true,"href":"https:\/\/lyonelkaufmann.ch\/Blog\/wp-json\/wp\/v2\/categories?post=22915"},{"taxonomy":"post_tag","embeddable":true,"href":"https:\/\/lyonelkaufmann.ch\/Blog\/wp-json\/wp\/v2\/tags?post=22915"}],"curies":[{"name":"wp","href":"https:\/\/api.w.org\/{rel}","templated":true}]}}