{"id":23026,"date":"2021-08-19T08:00:00","date_gmt":"2021-08-19T07:00:00","guid":{"rendered":"https:\/\/lyonelkaufmann.ch\/Blog\/?p=22894"},"modified":"2021-08-19T08:00:00","modified_gmt":"2021-08-19T07:00:00","slug":"roadtrip-pere-et-fils-destination-stelvio-jour-2-stelvio-mais-pas-que-3","status":"publish","type":"post","link":"https:\/\/lyonelkaufmann.ch\/Blog\/2021\/08\/19\/roadtrip-pere-et-fils-destination-stelvio-jour-2-stelvio-mais-pas-que-3\/","title":{"rendered":"#Roadtrip p\u00e8re et fils : Destination #Stelvio &#8211; Jour 2 Stelvio&#8230; mais pas que"},"content":{"rendered":"<p><strong>Avant que mon fils parte s&rsquo;\u00e9tablir \u00e0 Qu\u00e9bec, l&rsquo;heure est \u00e0 un dernier roadtrip p\u00e8re et fils \u00e0 moto de trois jours. A la question : o\u00f9 aimerais-tu aller? La r\u00e9ponse est venue : faire les 48 virages en \u00e9pingle \u00e0 cheveux du col du Stelvio (Italie). Bien alors moteur !<\/strong><\/p>\n\n\n<div class=\"wp-block-image\"><figure class=\"aligncenter size-large\"><a href=\"https:\/\/i0.wp.com\/lyonelkaufmann.ch\/Blog\/wp-content\/uploads\/2021\/08\/img_1891.png?ssl=1\"><img data-recalc-dims=\"1\" loading=\"lazy\" decoding=\"async\" width=\"700\" height=\"700\" data-attachment-id=\"22907\" data-permalink=\"https:\/\/lyonelkaufmann.ch\/Blog\/img_1891\/\" data-orig-file=\"https:\/\/i0.wp.com\/lyonelkaufmann.ch\/Blog\/wp-content\/uploads\/2021\/08\/img_1891.png?fit=1085%2C1085&amp;ssl=1\" data-orig-size=\"1085,1085\" data-comments-opened=\"1\" data-image-meta=\"{&quot;aperture&quot;:&quot;0&quot;,&quot;credit&quot;:&quot;&quot;,&quot;camera&quot;:&quot;&quot;,&quot;caption&quot;:&quot;&quot;,&quot;created_timestamp&quot;:&quot;0&quot;,&quot;copyright&quot;:&quot;&quot;,&quot;focal_length&quot;:&quot;0&quot;,&quot;iso&quot;:&quot;0&quot;,&quot;shutter_speed&quot;:&quot;0&quot;,&quot;title&quot;:&quot;&quot;,&quot;orientation&quot;:&quot;0&quot;}\" data-image-title=\"img_1891\" data-image-description=\"\" data-image-caption=\"&lt;p&gt;Mon fils au sommet de l\u2019Albula&lt;\/p&gt;\n\" data-large-file=\"https:\/\/i0.wp.com\/lyonelkaufmann.ch\/Blog\/wp-content\/uploads\/2021\/08\/img_1891.png?fit=700%2C700&amp;ssl=1\" src=\"https:\/\/i0.wp.com\/lyonelkaufmann.ch\/Blog\/wp-content\/uploads\/2021\/08\/img_1891.png?resize=700%2C700&#038;ssl=1\" alt=\"\" class=\"wp-image-22907\" srcset=\"https:\/\/i0.wp.com\/lyonelkaufmann.ch\/Blog\/wp-content\/uploads\/2021\/08\/img_1891.png?resize=700%2C700&amp;ssl=1 700w, https:\/\/i0.wp.com\/lyonelkaufmann.ch\/Blog\/wp-content\/uploads\/2021\/08\/img_1891.png?resize=300%2C300&amp;ssl=1 300w, https:\/\/i0.wp.com\/lyonelkaufmann.ch\/Blog\/wp-content\/uploads\/2021\/08\/img_1891.png?resize=150%2C150&amp;ssl=1 150w, https:\/\/i0.wp.com\/lyonelkaufmann.ch\/Blog\/wp-content\/uploads\/2021\/08\/img_1891.png?resize=768%2C768&amp;ssl=1 768w, https:\/\/i0.wp.com\/lyonelkaufmann.ch\/Blog\/wp-content\/uploads\/2021\/08\/img_1891.png?w=1085&amp;ssl=1 1085w\" sizes=\"auto, (max-width: 700px) 100vw, 700px\" \/><\/a><figcaption>Mon fils au sommet de l\u2019Albula<\/figcaption><\/figure><\/div>\n\n\n\n<p>Pour ce deuxi\u00e8me jour (samedi 14 ao\u00fbt 2021), l&rsquo;objectif clairement \u00e9tait les 48 virages en \u00e9pingle \u00e0 cheveux du Stelvio&#8230; mais pas que.<\/p>\n\n\n\n<div class=\"wp-block-image\"><figure class=\"aligncenter size-large\"><a href=\"https:\/\/i0.wp.com\/lyonelkaufmann.ch\/Blog\/wp-content\/uploads\/2021\/08\/img_1880.png?ssl=1\"><img data-recalc-dims=\"1\" loading=\"lazy\" decoding=\"async\" width=\"700\" height=\"467\" data-attachment-id=\"22902\" data-permalink=\"https:\/\/lyonelkaufmann.ch\/Blog\/img_1880\/\" data-orig-file=\"https:\/\/i0.wp.com\/lyonelkaufmann.ch\/Blog\/wp-content\/uploads\/2021\/08\/img_1880.png?fit=1988%2C1326&amp;ssl=1\" data-orig-size=\"1988,1326\" data-comments-opened=\"1\" data-image-meta=\"{&quot;aperture&quot;:&quot;0&quot;,&quot;credit&quot;:&quot;&quot;,&quot;camera&quot;:&quot;&quot;,&quot;caption&quot;:&quot;&quot;,&quot;created_timestamp&quot;:&quot;0&quot;,&quot;copyright&quot;:&quot;&quot;,&quot;focal_length&quot;:&quot;0&quot;,&quot;iso&quot;:&quot;0&quot;,&quot;shutter_speed&quot;:&quot;0&quot;,&quot;title&quot;:&quot;&quot;,&quot;orientation&quot;:&quot;0&quot;}\" data-image-title=\"img_1880\" data-image-description=\"\" data-image-caption=\"&lt;p&gt;L\u2019arriv\u00e9e \u00e0 l\u2019Albula&lt;\/p&gt;\n\" data-large-file=\"https:\/\/i0.wp.com\/lyonelkaufmann.ch\/Blog\/wp-content\/uploads\/2021\/08\/img_1880.png?fit=700%2C467&amp;ssl=1\" src=\"https:\/\/i0.wp.com\/lyonelkaufmann.ch\/Blog\/wp-content\/uploads\/2021\/08\/img_1880.png?resize=700%2C467&#038;ssl=1\" alt=\"\" class=\"wp-image-22902\" srcset=\"https:\/\/i0.wp.com\/lyonelkaufmann.ch\/Blog\/wp-content\/uploads\/2021\/08\/img_1880.png?resize=700%2C467&amp;ssl=1 700w, https:\/\/i0.wp.com\/lyonelkaufmann.ch\/Blog\/wp-content\/uploads\/2021\/08\/img_1880.png?resize=300%2C200&amp;ssl=1 300w, https:\/\/i0.wp.com\/lyonelkaufmann.ch\/Blog\/wp-content\/uploads\/2021\/08\/img_1880.png?resize=768%2C512&amp;ssl=1 768w, https:\/\/i0.wp.com\/lyonelkaufmann.ch\/Blog\/wp-content\/uploads\/2021\/08\/img_1880.png?resize=1536%2C1025&amp;ssl=1 1536w, https:\/\/i0.wp.com\/lyonelkaufmann.ch\/Blog\/wp-content\/uploads\/2021\/08\/img_1880.png?w=1988&amp;ssl=1 1988w\" sizes=\"auto, (max-width: 700px) 100vw, 700px\" \/><\/a><figcaption>L\u2019arriv\u00e9e \u00e0 l\u2019Albula<\/figcaption><\/figure><\/div>\n\n\n\n<p>Trois cols nous attendaient au d\u00e9part de Coire avant d&rsquo;amorcer la mont\u00e9e du Stelvio : Lanzerheide, l&rsquo;Albula et l&rsquo;Ofenpass\/col dal Fuorn.<\/p>\n\n\n\n<div class=\"wp-block-image\"><figure class=\"aligncenter size-large is-resized\"><a href=\"https:\/\/i0.wp.com\/lyonelkaufmann.ch\/Blog\/wp-content\/uploads\/2021\/08\/img_1878.jpg?ssl=1\"><img data-recalc-dims=\"1\" loading=\"lazy\" decoding=\"async\" data-attachment-id=\"22900\" data-permalink=\"https:\/\/lyonelkaufmann.ch\/Blog\/img_1878\/\" data-orig-file=\"https:\/\/i0.wp.com\/lyonelkaufmann.ch\/Blog\/wp-content\/uploads\/2021\/08\/img_1878.jpg?fit=1326%2C1988&amp;ssl=1\" data-orig-size=\"1326,1988\" data-comments-opened=\"1\" data-image-meta=\"{&quot;aperture&quot;:&quot;13&quot;,&quot;credit&quot;:&quot;&quot;,&quot;camera&quot;:&quot;ILCE-7RM2&quot;,&quot;caption&quot;:&quot;&quot;,&quot;created_timestamp&quot;:&quot;1628932764&quot;,&quot;copyright&quot;:&quot;&quot;,&quot;focal_length&quot;:&quot;24&quot;,&quot;iso&quot;:&quot;100&quot;,&quot;shutter_speed&quot;:&quot;0.0125&quot;,&quot;title&quot;:&quot;&quot;,&quot;orientation&quot;:&quot;1&quot;}\" data-image-title=\"img_1878\" data-image-description=\"\" data-image-caption=\"&lt;p&gt;La pause caf\u00e9 au sommet de l\u2019Albula&lt;\/p&gt;\n\" data-large-file=\"https:\/\/i0.wp.com\/lyonelkaufmann.ch\/Blog\/wp-content\/uploads\/2021\/08\/img_1878.jpg?fit=700%2C1049&amp;ssl=1\" src=\"https:\/\/i0.wp.com\/lyonelkaufmann.ch\/Blog\/wp-content\/uploads\/2021\/08\/img_1878.jpg?resize=460%2C690&#038;ssl=1\" alt=\"\" class=\"wp-image-22900\" width=\"460\" height=\"690\" srcset=\"https:\/\/i0.wp.com\/lyonelkaufmann.ch\/Blog\/wp-content\/uploads\/2021\/08\/img_1878.jpg?resize=700%2C1049&amp;ssl=1 700w, https:\/\/i0.wp.com\/lyonelkaufmann.ch\/Blog\/wp-content\/uploads\/2021\/08\/img_1878.jpg?resize=200%2C300&amp;ssl=1 200w, https:\/\/i0.wp.com\/lyonelkaufmann.ch\/Blog\/wp-content\/uploads\/2021\/08\/img_1878.jpg?resize=768%2C1151&amp;ssl=1 768w, https:\/\/i0.wp.com\/lyonelkaufmann.ch\/Blog\/wp-content\/uploads\/2021\/08\/img_1878.jpg?resize=1025%2C1536&amp;ssl=1 1025w, https:\/\/i0.wp.com\/lyonelkaufmann.ch\/Blog\/wp-content\/uploads\/2021\/08\/img_1878.jpg?w=1326&amp;ssl=1 1326w\" sizes=\"auto, (max-width: 460px) 100vw, 460px\" \/><\/a><figcaption>La pause caf\u00e9 au sommet de l\u2019Albula<\/figcaption><\/figure><\/div>\n\n\n\n<p>Quatre cols nous attendaient \u00e9galement ensuite pour rejoindre #Saint-Moritz, notre \u00e9tape du soir : Passo di Foscagno, Passo di Eira, Forcola di #Livigno, la #Bernina.<\/p>\n\n\n\n<div class=\"wp-block-image\"><figure class=\"aligncenter size-large\"><a href=\"https:\/\/i0.wp.com\/lyonelkaufmann.ch\/Blog\/wp-content\/uploads\/2021\/08\/img_1890.jpg?ssl=1\"><img data-recalc-dims=\"1\" loading=\"lazy\" decoding=\"async\" width=\"700\" height=\"467\" data-attachment-id=\"22897\" data-permalink=\"https:\/\/lyonelkaufmann.ch\/Blog\/img_1890\/\" data-orig-file=\"https:\/\/i0.wp.com\/lyonelkaufmann.ch\/Blog\/wp-content\/uploads\/2021\/08\/img_1890.jpg?fit=1988%2C1326&amp;ssl=1\" data-orig-size=\"1988,1326\" data-comments-opened=\"1\" data-image-meta=\"{&quot;aperture&quot;:&quot;14&quot;,&quot;credit&quot;:&quot;&quot;,&quot;camera&quot;:&quot;ILCE-7RM2&quot;,&quot;caption&quot;:&quot;&quot;,&quot;created_timestamp&quot;:&quot;1628932985&quot;,&quot;copyright&quot;:&quot;&quot;,&quot;focal_length&quot;:&quot;24&quot;,&quot;iso&quot;:&quot;100&quot;,&quot;shutter_speed&quot;:&quot;0.01&quot;,&quot;title&quot;:&quot;&quot;,&quot;orientation&quot;:&quot;1&quot;}\" data-image-title=\"img_1890\" data-image-description=\"\" data-image-caption=\"&lt;p&gt;La descente de l\u2019Albula direction l\u2019Engadine&lt;\/p&gt;\n\" data-large-file=\"https:\/\/i0.wp.com\/lyonelkaufmann.ch\/Blog\/wp-content\/uploads\/2021\/08\/img_1890.jpg?fit=700%2C467&amp;ssl=1\" src=\"https:\/\/i0.wp.com\/lyonelkaufmann.ch\/Blog\/wp-content\/uploads\/2021\/08\/img_1890.jpg?resize=700%2C467&#038;ssl=1\" alt=\"\" class=\"wp-image-22897\" srcset=\"https:\/\/i0.wp.com\/lyonelkaufmann.ch\/Blog\/wp-content\/uploads\/2021\/08\/img_1890.jpg?resize=700%2C467&amp;ssl=1 700w, https:\/\/i0.wp.com\/lyonelkaufmann.ch\/Blog\/wp-content\/uploads\/2021\/08\/img_1890.jpg?resize=300%2C200&amp;ssl=1 300w, https:\/\/i0.wp.com\/lyonelkaufmann.ch\/Blog\/wp-content\/uploads\/2021\/08\/img_1890.jpg?resize=768%2C512&amp;ssl=1 768w, https:\/\/i0.wp.com\/lyonelkaufmann.ch\/Blog\/wp-content\/uploads\/2021\/08\/img_1890.jpg?resize=1536%2C1025&amp;ssl=1 1536w, https:\/\/i0.wp.com\/lyonelkaufmann.ch\/Blog\/wp-content\/uploads\/2021\/08\/img_1890.jpg?w=1988&amp;ssl=1 1988w\" sizes=\"auto, (max-width: 700px) 100vw, 700px\" \/><\/a><figcaption>La descente de l\u2019Albula direction l\u2019Engadine<\/figcaption><\/figure><\/div>\n\n\n\n<p>En tout donc 8 cols. \ud83d\ude0e\ud83d\ude4f\ud83d\udc4d<\/p>\n\n\n\n<div class=\"wp-block-image\"><figure class=\"aligncenter size-large\"><a href=\"https:\/\/i0.wp.com\/lyonelkaufmann.ch\/Blog\/wp-content\/uploads\/2021\/08\/img_1892.jpg?ssl=1\"><img data-recalc-dims=\"1\" loading=\"lazy\" decoding=\"async\" width=\"700\" height=\"467\" data-attachment-id=\"22905\" data-permalink=\"https:\/\/lyonelkaufmann.ch\/Blog\/img_1892\/\" data-orig-file=\"https:\/\/i0.wp.com\/lyonelkaufmann.ch\/Blog\/wp-content\/uploads\/2021\/08\/img_1892.jpg?fit=1988%2C1326&amp;ssl=1\" data-orig-size=\"1988,1326\" data-comments-opened=\"1\" data-image-meta=\"{&quot;aperture&quot;:&quot;14&quot;,&quot;credit&quot;:&quot;&quot;,&quot;camera&quot;:&quot;ILCE-7RM2&quot;,&quot;caption&quot;:&quot;&quot;,&quot;created_timestamp&quot;:&quot;1628948185&quot;,&quot;copyright&quot;:&quot;&quot;,&quot;focal_length&quot;:&quot;24&quot;,&quot;iso&quot;:&quot;100&quot;,&quot;shutter_speed&quot;:&quot;0.01&quot;,&quot;title&quot;:&quot;&quot;,&quot;orientation&quot;:&quot;1&quot;}\" data-image-title=\"img_1892\" data-image-description=\"\" data-image-caption=\"&lt;p&gt;L\u2019arriv\u00e9e au Stelvio&lt;\/p&gt;\n\" data-large-file=\"https:\/\/i0.wp.com\/lyonelkaufmann.ch\/Blog\/wp-content\/uploads\/2021\/08\/img_1892.jpg?fit=700%2C467&amp;ssl=1\" src=\"https:\/\/i0.wp.com\/lyonelkaufmann.ch\/Blog\/wp-content\/uploads\/2021\/08\/img_1892.jpg?resize=700%2C467&#038;ssl=1\" alt=\"\" class=\"wp-image-22905\" srcset=\"https:\/\/i0.wp.com\/lyonelkaufmann.ch\/Blog\/wp-content\/uploads\/2021\/08\/img_1892.jpg?resize=700%2C467&amp;ssl=1 700w, https:\/\/i0.wp.com\/lyonelkaufmann.ch\/Blog\/wp-content\/uploads\/2021\/08\/img_1892.jpg?resize=300%2C200&amp;ssl=1 300w, https:\/\/i0.wp.com\/lyonelkaufmann.ch\/Blog\/wp-content\/uploads\/2021\/08\/img_1892.jpg?resize=768%2C512&amp;ssl=1 768w, https:\/\/i0.wp.com\/lyonelkaufmann.ch\/Blog\/wp-content\/uploads\/2021\/08\/img_1892.jpg?resize=1536%2C1025&amp;ssl=1 1536w, https:\/\/i0.wp.com\/lyonelkaufmann.ch\/Blog\/wp-content\/uploads\/2021\/08\/img_1892.jpg?w=1988&amp;ssl=1 1988w\" sizes=\"auto, (max-width: 700px) 100vw, 700px\" \/><\/a><figcaption>L\u2019arriv\u00e9e au Stelvio<\/figcaption><\/figure><\/div>\n\n\n\n<p>Qu&rsquo;est-ce que le Stelvio? Le col du Stelvio est le plus haut col routier des Alpes italiennes avec 2 758 m\u00e8tres d&rsquo;altitude. Reliant Bormio en Lombardie \u00e0 Prato allo Stelvio dans le Trentin-Haut-Adige, c&rsquo;est aussi le second plus haut col routier des Alpes apr\u00e8s le col de l&rsquo;Iseran (2 764 m). Sur le versant sud-tyrolien, 48 virages en \u00e9pingle \u00e0 cheveux ont \u00e9t\u00e9 n\u00e9cessaires pour un d\u00e9nivel\u00e9 total de 1 870 m. <\/p>\n\n\n\n<div class=\"wp-block-image\"><figure class=\"aligncenter size-large\"><a href=\"https:\/\/i0.wp.com\/lyonelkaufmann.ch\/Blog\/wp-content\/uploads\/2021\/08\/img_1894.png?ssl=1\"><img data-recalc-dims=\"1\" loading=\"lazy\" decoding=\"async\" width=\"700\" height=\"1049\" data-attachment-id=\"22906\" data-permalink=\"https:\/\/lyonelkaufmann.ch\/Blog\/img_1894\/\" data-orig-file=\"https:\/\/i0.wp.com\/lyonelkaufmann.ch\/Blog\/wp-content\/uploads\/2021\/08\/img_1894.png?fit=1326%2C1988&amp;ssl=1\" data-orig-size=\"1326,1988\" data-comments-opened=\"1\" data-image-meta=\"{&quot;aperture&quot;:&quot;0&quot;,&quot;credit&quot;:&quot;&quot;,&quot;camera&quot;:&quot;&quot;,&quot;caption&quot;:&quot;&quot;,&quot;created_timestamp&quot;:&quot;0&quot;,&quot;copyright&quot;:&quot;&quot;,&quot;focal_length&quot;:&quot;0&quot;,&quot;iso&quot;:&quot;0&quot;,&quot;shutter_speed&quot;:&quot;0&quot;,&quot;title&quot;:&quot;&quot;,&quot;orientation&quot;:&quot;0&quot;}\" data-image-title=\"img_1894\" data-image-description=\"\" data-image-caption=\"&lt;p&gt;Les derniers virages\u2029&lt;\/p&gt;\n\" data-large-file=\"https:\/\/i0.wp.com\/lyonelkaufmann.ch\/Blog\/wp-content\/uploads\/2021\/08\/img_1894.png?fit=700%2C1049&amp;ssl=1\" src=\"https:\/\/i0.wp.com\/lyonelkaufmann.ch\/Blog\/wp-content\/uploads\/2021\/08\/img_1894.png?resize=700%2C1049&#038;ssl=1\" alt=\"\" class=\"wp-image-22906\" srcset=\"https:\/\/i0.wp.com\/lyonelkaufmann.ch\/Blog\/wp-content\/uploads\/2021\/08\/img_1894.png?resize=700%2C1049&amp;ssl=1 700w, https:\/\/i0.wp.com\/lyonelkaufmann.ch\/Blog\/wp-content\/uploads\/2021\/08\/img_1894.png?resize=200%2C300&amp;ssl=1 200w, https:\/\/i0.wp.com\/lyonelkaufmann.ch\/Blog\/wp-content\/uploads\/2021\/08\/img_1894.png?resize=768%2C1151&amp;ssl=1 768w, https:\/\/i0.wp.com\/lyonelkaufmann.ch\/Blog\/wp-content\/uploads\/2021\/08\/img_1894.png?resize=1025%2C1536&amp;ssl=1 1025w, https:\/\/i0.wp.com\/lyonelkaufmann.ch\/Blog\/wp-content\/uploads\/2021\/08\/img_1894.png?w=1326&amp;ssl=1 1326w\" sizes=\"auto, (max-width: 700px) 100vw, 700px\" \/><\/a><figcaption>Les derniers virages\u2029<\/figcaption><\/figure><\/div>\n\n\n\n<p>Ces 48 virages sont tr\u00e8s techniques e&rsquo;t la difficult\u00e9 vient \u00e9galement de la circulation et notamment celle des cyclistes en grand nombre comme les motos en cette p\u00e9riode de l&rsquo;ann\u00e9e. Et pas sans dangers, nous avons pu nous en rendre compte avec un cycliste accident\u00e9 gravement \u00e0 proximit\u00e9 du sommet.<\/p>\n\n\n\n<div class=\"wp-block-image\"><figure class=\"aligncenter size-large\"><a href=\"https:\/\/i0.wp.com\/lyonelkaufmann.ch\/Blog\/wp-content\/uploads\/2021\/08\/img_1919.png?ssl=1\"><img data-recalc-dims=\"1\" loading=\"lazy\" decoding=\"async\" width=\"700\" height=\"700\" data-attachment-id=\"22909\" data-permalink=\"https:\/\/lyonelkaufmann.ch\/Blog\/img_1919\/\" data-orig-file=\"https:\/\/i0.wp.com\/lyonelkaufmann.ch\/Blog\/wp-content\/uploads\/2021\/08\/img_1919.png?fit=1326%2C1326&amp;ssl=1\" data-orig-size=\"1326,1326\" data-comments-opened=\"1\" data-image-meta=\"{&quot;aperture&quot;:&quot;0&quot;,&quot;credit&quot;:&quot;&quot;,&quot;camera&quot;:&quot;&quot;,&quot;caption&quot;:&quot;&quot;,&quot;created_timestamp&quot;:&quot;0&quot;,&quot;copyright&quot;:&quot;&quot;,&quot;focal_length&quot;:&quot;0&quot;,&quot;iso&quot;:&quot;0&quot;,&quot;shutter_speed&quot;:&quot;0&quot;,&quot;title&quot;:&quot;&quot;,&quot;orientation&quot;:&quot;0&quot;}\" data-image-title=\"img_1919\" data-image-description=\"\" data-image-caption=\"&lt;p&gt;Sommet du Stelvio&lt;\/p&gt;\n\" data-large-file=\"https:\/\/i0.wp.com\/lyonelkaufmann.ch\/Blog\/wp-content\/uploads\/2021\/08\/img_1919.png?fit=700%2C700&amp;ssl=1\" src=\"https:\/\/i0.wp.com\/lyonelkaufmann.ch\/Blog\/wp-content\/uploads\/2021\/08\/img_1919.png?resize=700%2C700&#038;ssl=1\" alt=\"\" class=\"wp-image-22909\" srcset=\"https:\/\/i0.wp.com\/lyonelkaufmann.ch\/Blog\/wp-content\/uploads\/2021\/08\/img_1919.png?resize=700%2C700&amp;ssl=1 700w, https:\/\/i0.wp.com\/lyonelkaufmann.ch\/Blog\/wp-content\/uploads\/2021\/08\/img_1919.png?resize=300%2C300&amp;ssl=1 300w, https:\/\/i0.wp.com\/lyonelkaufmann.ch\/Blog\/wp-content\/uploads\/2021\/08\/img_1919.png?resize=150%2C150&amp;ssl=1 150w, https:\/\/i0.wp.com\/lyonelkaufmann.ch\/Blog\/wp-content\/uploads\/2021\/08\/img_1919.png?resize=768%2C768&amp;ssl=1 768w, https:\/\/i0.wp.com\/lyonelkaufmann.ch\/Blog\/wp-content\/uploads\/2021\/08\/img_1919.png?w=1326&amp;ssl=1 1326w\" sizes=\"auto, (max-width: 700px) 100vw, 700px\" \/><\/a><figcaption>Sommet du Stelvio<\/figcaption><\/figure><\/div>\n\n\n\n<p>Pour rejoindre ensuite Bormio, les six tunnels entre les Bagni Vecchio de Bormio et la maison du deuxi\u00e8me gardien dans les gorges de Braulio, repr\u00e9sentent les plus grandes difficult\u00e9s de la construction, mais la descente est moins technique en moto. La prudence reste n\u00e9anmoins de mise.<\/p>\n\n\n\n<div class=\"wp-block-image\"><figure class=\"aligncenter size-large\"><a href=\"https:\/\/i0.wp.com\/lyonelkaufmann.ch\/Blog\/wp-content\/uploads\/2021\/08\/img_1918.png?ssl=1\"><img data-recalc-dims=\"1\" loading=\"lazy\" decoding=\"async\" width=\"700\" height=\"467\" data-attachment-id=\"22908\" data-permalink=\"https:\/\/lyonelkaufmann.ch\/Blog\/img_1918\/\" data-orig-file=\"https:\/\/i0.wp.com\/lyonelkaufmann.ch\/Blog\/wp-content\/uploads\/2021\/08\/img_1918.png?fit=1988%2C1326&amp;ssl=1\" data-orig-size=\"1988,1326\" data-comments-opened=\"1\" data-image-meta=\"{&quot;aperture&quot;:&quot;0&quot;,&quot;credit&quot;:&quot;&quot;,&quot;camera&quot;:&quot;&quot;,&quot;caption&quot;:&quot;&quot;,&quot;created_timestamp&quot;:&quot;0&quot;,&quot;copyright&quot;:&quot;&quot;,&quot;focal_length&quot;:&quot;0&quot;,&quot;iso&quot;:&quot;0&quot;,&quot;shutter_speed&quot;:&quot;0&quot;,&quot;title&quot;:&quot;&quot;,&quot;orientation&quot;:&quot;0&quot;}\" data-image-title=\"img_1918\" data-image-description=\"\" data-image-caption=\"\" data-large-file=\"https:\/\/i0.wp.com\/lyonelkaufmann.ch\/Blog\/wp-content\/uploads\/2021\/08\/img_1918.png?fit=700%2C467&amp;ssl=1\" src=\"https:\/\/i0.wp.com\/lyonelkaufmann.ch\/Blog\/wp-content\/uploads\/2021\/08\/img_1918.png?resize=700%2C467&#038;ssl=1\" alt=\"\" class=\"wp-image-22908\" srcset=\"https:\/\/i0.wp.com\/lyonelkaufmann.ch\/Blog\/wp-content\/uploads\/2021\/08\/img_1918.png?resize=700%2C467&amp;ssl=1 700w, https:\/\/i0.wp.com\/lyonelkaufmann.ch\/Blog\/wp-content\/uploads\/2021\/08\/img_1918.png?resize=300%2C200&amp;ssl=1 300w, https:\/\/i0.wp.com\/lyonelkaufmann.ch\/Blog\/wp-content\/uploads\/2021\/08\/img_1918.png?resize=768%2C512&amp;ssl=1 768w, https:\/\/i0.wp.com\/lyonelkaufmann.ch\/Blog\/wp-content\/uploads\/2021\/08\/img_1918.png?resize=1536%2C1025&amp;ssl=1 1536w, https:\/\/i0.wp.com\/lyonelkaufmann.ch\/Blog\/wp-content\/uploads\/2021\/08\/img_1918.png?w=1988&amp;ssl=1 1988w\" sizes=\"auto, (max-width: 700px) 100vw, 700px\" \/><\/a><figcaption>La route du Stelvio direction Bormio<\/figcaption><\/figure><\/div>\n\n\n\n<p>Ce fut une journ\u00e9e pleine de paysages incroyables avec des d\u00e9cors alpestres certes, mais \u00e9voquant aussi la Norv\u00e8ge, le Canada ou l&rsquo;Am\u00e9rique latine.<\/p>\n\n\n\n<p>Les deux moments forts ont \u00e9t\u00e9 la mont\u00e9e de l&rsquo;Albula et notamment ses ponts suspendus pour le chemin de fer et \u00e9videmment le Stelvio. La Bernina nous a lui servi de dessert. C&rsquo;est dire la richesse de cette journ\u00e9e.<\/p>\n","protected":false},"excerpt":{"rendered":"<p>Avant que mon fils parte s&rsquo;\u00e9tablir \u00e0 Qu\u00e9bec, l&rsquo;heure est \u00e0 un dernier roadtrip p\u00e8re et fils \u00e0 moto de trois jours. A la question : o\u00f9 aimerais-tu aller? La r\u00e9ponse est venue : faire les 48 virages en \u00e9pingle \u00e0 cheveux du col du Stelvio (Italie). Bien alors moteur ! Pour ce deuxi\u00e8me jour [&hellip;]<\/p>\n","protected":false},"author":1,"featured_media":0,"comment_status":"closed","ping_status":"open","sticky":false,"template":"","format":"standard","meta":{"_import_markdown_pro_load_document_selector":0,"_import_markdown_pro_submit_text_textarea":"","_genesis_hide_title":false,"_genesis_hide_breadcrumbs":false,"_genesis_hide_singular_image":false,"_genesis_hide_footer_widgets":false,"_genesis_custom_body_class":"","_genesis_custom_post_class":"","_genesis_layout":"","jetpack_post_was_ever_published":false,"_jetpack_newsletter_access":"","_jetpack_dont_email_post_to_subs":false,"_jetpack_newsletter_tier_id":0,"_jetpack_memberships_contains_paywalled_content":false,"_jetpack_memberships_contains_paid_content":false,"activitypub_content_warning":"","activitypub_content_visibility":"","activitypub_max_image_attachments":3,"activitypub_interaction_policy_quote":"anyone","activitypub_status":"","footnotes":"","jetpack_publicize_message":"","jetpack_publicize_feature_enabled":true,"jetpack_social_post_already_shared":true,"jetpack_social_options":{"image_generator_settings":{"template":"fullscreen","default_image_id":0,"font":"","enabled":false},"version":2}},"categories":[3,158,1197],"tags":[],"class_list":{"0":"post-23026","1":"post","2":"type-post","3":"status-publish","4":"format-standard","6":"category-blogcafe-2","7":"category-roadbook","8":"category-roadtrip","9":"entry"},"jetpack_publicize_connections":[],"featured_image_src":null,"featured_image_src_square":null,"author_info":{"display_name":"Lyonel Kaufmann","author_link":"https:\/\/lyonelkaufmann.ch\/Blog\/author\/lyonelk\/"},"jetpack_featured_media_url":"","jetpack_sharing_enabled":true,"jetpack_shortlink":"https:\/\/wp.me\/p1qtF4-5Zo","jetpack-related-posts":[{"id":22894,"url":"https:\/\/lyonelkaufmann.ch\/Blog\/2021\/08\/19\/roadtrip-pere-et-fils-destination-stelvio-jour-2-stelvio-mais-pas-que\/","url_meta":{"origin":23026,"position":0},"title":"#Roadtrip p\u00e8re et fils : Destination #Stelvio &#8211; Jour 2 Stelvio&#8230; mais pas que","author":"Lyonel Kaufmann","date":"19 ao\u00fbt 2021","format":false,"excerpt":"Avant que mon fils parte s'\u00e9tablir \u00e0 Qu\u00e9bec, l'heure est \u00e0 un dernier roadtrip p\u00e8re et fils \u00e0 moto de trois jours. A la question : o\u00f9 aimerais-tu aller? La r\u00e9ponse est venue : faire les 48 virages en \u00e9pingle \u00e0 cheveux du col du Stelvio (Italie). Bien alors moteur\u2026","rel":"","context":"Dans &quot;Blogcaf\u00e9&quot;","block_context":{"text":"Blogcaf\u00e9","link":"https:\/\/lyonelkaufmann.ch\/Blog\/category\/blogcafe-2\/"},"img":{"alt_text":"","src":"https:\/\/i0.wp.com\/lyonelkaufmann.ch\/Blog\/wp-content\/uploads\/2021\/08\/img_1891.png?fit=1085%2C1085&ssl=1&resize=350%2C200","width":350,"height":200,"srcset":"https:\/\/i0.wp.com\/lyonelkaufmann.ch\/Blog\/wp-content\/uploads\/2021\/08\/img_1891.png?fit=1085%2C1085&ssl=1&resize=350%2C200 1x, https:\/\/i0.wp.com\/lyonelkaufmann.ch\/Blog\/wp-content\/uploads\/2021\/08\/img_1891.png?fit=1085%2C1085&ssl=1&resize=525%2C300 1.5x, https:\/\/i0.wp.com\/lyonelkaufmann.ch\/Blog\/wp-content\/uploads\/2021\/08\/img_1891.png?fit=1085%2C1085&ssl=1&resize=700%2C400 2x, https:\/\/i0.wp.com\/lyonelkaufmann.ch\/Blog\/wp-content\/uploads\/2021\/08\/img_1891.png?fit=1085%2C1085&ssl=1&resize=1050%2C600 3x"},"classes":[]},{"id":23025,"url":"https:\/\/lyonelkaufmann.ch\/Blog\/2021\/08\/19\/roadtrip-pere-et-fils-destination-stelvio-jour-2-stelvio-mais-pas-que-2\/","url_meta":{"origin":23026,"position":1},"title":"#Roadtrip p\u00e8re et fils : Destination #Stelvio &#8211; Jour 2 Stelvio&#8230; mais pas que","author":"Lyonel Kaufmann","date":"19 ao\u00fbt 2021","format":false,"excerpt":"Avant que mon fils parte s'\u00e9tablir \u00e0 Qu\u00e9bec, l'heure est \u00e0 un dernier roadtrip p\u00e8re et fils \u00e0 moto de trois jours. A la question : o\u00f9 aimerais-tu aller? La r\u00e9ponse est venue : faire les 48 virages en \u00e9pingle \u00e0 cheveux du col du Stelvio (Italie). Bien alors moteur\u2026","rel":"","context":"Dans &quot;Blogcaf\u00e9&quot;","block_context":{"text":"Blogcaf\u00e9","link":"https:\/\/lyonelkaufmann.ch\/Blog\/category\/blogcafe-2\/"},"img":{"alt_text":"","src":"https:\/\/i0.wp.com\/lyonelkaufmann.ch\/Blog\/wp-content\/uploads\/2021\/08\/img_1891.png?resize=350%2C200&ssl=1","width":350,"height":200,"srcset":"https:\/\/i0.wp.com\/lyonelkaufmann.ch\/Blog\/wp-content\/uploads\/2021\/08\/img_1891.png?resize=350%2C200&ssl=1 1x, https:\/\/i0.wp.com\/lyonelkaufmann.ch\/Blog\/wp-content\/uploads\/2021\/08\/img_1891.png?resize=525%2C300&ssl=1 1.5x, https:\/\/i0.wp.com\/lyonelkaufmann.ch\/Blog\/wp-content\/uploads\/2021\/08\/img_1891.png?resize=700%2C400&ssl=1 2x, https:\/\/i0.wp.com\/lyonelkaufmann.ch\/Blog\/wp-content\/uploads\/2021\/08\/img_1891.png?resize=1050%2C600&ssl=1 3x"},"classes":[]},{"id":22886,"url":"https:\/\/lyonelkaufmann.ch\/Blog\/2021\/08\/18\/roadtrip-pere-et-fils-destination-stelvio-jour-1-coire\/","url_meta":{"origin":23026,"position":2},"title":"#Roadtrip p\u00e8re et fils : Destination #Stelvio &#8211; Jour 1 #Coire","author":"Lyonel Kaufmann","date":"18 ao\u00fbt 2021","format":false,"excerpt":"Avant que mon fils parte s'\u00e9tablir \u00e0 Qu\u00e9bec, l'heure est \u00e0 un dernier roadtrip p\u00e8re et fils \u00e0 moto de trois jours. A la question : o\u00f9 aimerais-tu aller? La r\u00e9ponse est venue : faire les 48 virages en \u00e9pingle \u00e0 cheveux du col du Stelvio (Italie). Bien alors moteur\u2026","rel":"","context":"Dans &quot;Blogcaf\u00e9&quot;","block_context":{"text":"Blogcaf\u00e9","link":"https:\/\/lyonelkaufmann.ch\/Blog\/category\/blogcafe-2\/"},"img":{"alt_text":"","src":"https:\/\/i0.wp.com\/lyonelkaufmann.ch\/Blog\/wp-content\/uploads\/2021\/08\/hipstamaticphoto-650547615.406148-scaled.jpg?fit=1200%2C1200&ssl=1&resize=350%2C200","width":350,"height":200,"srcset":"https:\/\/i0.wp.com\/lyonelkaufmann.ch\/Blog\/wp-content\/uploads\/2021\/08\/hipstamaticphoto-650547615.406148-scaled.jpg?fit=1200%2C1200&ssl=1&resize=350%2C200 1x, https:\/\/i0.wp.com\/lyonelkaufmann.ch\/Blog\/wp-content\/uploads\/2021\/08\/hipstamaticphoto-650547615.406148-scaled.jpg?fit=1200%2C1200&ssl=1&resize=525%2C300 1.5x, https:\/\/i0.wp.com\/lyonelkaufmann.ch\/Blog\/wp-content\/uploads\/2021\/08\/hipstamaticphoto-650547615.406148-scaled.jpg?fit=1200%2C1200&ssl=1&resize=700%2C400 2x, https:\/\/i0.wp.com\/lyonelkaufmann.ch\/Blog\/wp-content\/uploads\/2021\/08\/hipstamaticphoto-650547615.406148-scaled.jpg?fit=1200%2C1200&ssl=1&resize=1050%2C600 3x"},"classes":[]},{"id":22915,"url":"https:\/\/lyonelkaufmann.ch\/Blog\/2021\/08\/20\/roadtrip-pere-et-fils-destination-stelvio-jour-3-le-retour\/","url_meta":{"origin":23026,"position":3},"title":"#Roadtrip p\u00e8re et fils : Destination #Stelvio &#8211; Jour 3 Le retour","author":"Lyonel Kaufmann","date":"20 ao\u00fbt 2021","format":false,"excerpt":"Avant que mon fils parte s'\u00e9tablir \u00e0 Qu\u00e9bec, l'heure est \u00e0 un dernier roadtrip p\u00e8re et fils \u00e0 moto de trois jours. A la question : o\u00f9 aimerais-tu aller? La r\u00e9ponse est venue : faire les 48 virages en \u00e9pingle \u00e0 cheveux du col du Stelvio (Italie). Bien alors moteur\u2026","rel":"","context":"Dans &quot;Blogcaf\u00e9&quot;","block_context":{"text":"Blogcaf\u00e9","link":"https:\/\/lyonelkaufmann.ch\/Blog\/category\/blogcafe-2\/"},"img":{"alt_text":"","src":"https:\/\/i0.wp.com\/lyonelkaufmann.ch\/Blog\/wp-content\/uploads\/2021\/08\/1F6A6858-4AA5-4A12-8D84-0BF36EC2E7C2.jpeg?fit=756%2C1008&ssl=1&resize=350%2C200","width":350,"height":200,"srcset":"https:\/\/i0.wp.com\/lyonelkaufmann.ch\/Blog\/wp-content\/uploads\/2021\/08\/1F6A6858-4AA5-4A12-8D84-0BF36EC2E7C2.jpeg?fit=756%2C1008&ssl=1&resize=350%2C200 1x, https:\/\/i0.wp.com\/lyonelkaufmann.ch\/Blog\/wp-content\/uploads\/2021\/08\/1F6A6858-4AA5-4A12-8D84-0BF36EC2E7C2.jpeg?fit=756%2C1008&ssl=1&resize=525%2C300 1.5x, https:\/\/i0.wp.com\/lyonelkaufmann.ch\/Blog\/wp-content\/uploads\/2021\/08\/1F6A6858-4AA5-4A12-8D84-0BF36EC2E7C2.jpeg?fit=756%2C1008&ssl=1&resize=700%2C400 2x"},"classes":[]},{"id":19348,"url":"https:\/\/lyonelkaufmann.ch\/Blog\/2018\/07\/25\/captainscrambler-et-votre-serviteur-au-stelvio-bmw-r1150r-scrambler-italie%f0%9f%87%ae%f0%9f%87%b9-roadtrip\/","url_meta":{"origin":23026,"position":4},"title":"Captain\u2019ScrambleR et votre serviteur au #Stelvio #bmw #r1150r #Scrambler #italie?? #roadtrip","author":"Lyonel Kaufmann","date":"25 juillet 2018","format":false,"excerpt":"from Instagram: https:\/\/ift.tt\/2vcHRF1","rel":"","context":"Dans &quot;Blogcaf\u00e9&quot;","block_context":{"text":"Blogcaf\u00e9","link":"https:\/\/lyonelkaufmann.ch\/Blog\/category\/blogcafe-2\/"},"img":{"alt_text":"","src":"https:\/\/i0.wp.com\/lyonelkaufmann.ch\/Blog\/wp-content\/uploads\/2018\/07\/IMG_1007-700x700.jpg?resize=350%2C200&ssl=1","width":350,"height":200,"srcset":"https:\/\/i0.wp.com\/lyonelkaufmann.ch\/Blog\/wp-content\/uploads\/2018\/07\/IMG_1007-700x700.jpg?resize=350%2C200&ssl=1 1x, https:\/\/i0.wp.com\/lyonelkaufmann.ch\/Blog\/wp-content\/uploads\/2018\/07\/IMG_1007-700x700.jpg?resize=525%2C300&ssl=1 1.5x, https:\/\/i0.wp.com\/lyonelkaufmann.ch\/Blog\/wp-content\/uploads\/2018\/07\/IMG_1007-700x700.jpg?resize=700%2C400&ssl=1 2x"},"classes":[]},{"id":21697,"url":"https:\/\/lyonelkaufmann.ch\/Blog\/2020\/05\/17\/les-5-plus-beaux-cols-italien-pour-aller-rouler-4h10\/","url_meta":{"origin":23026,"position":5},"title":"Les 5 plus beaux cols italien pour aller rouler ! | 4h10","author":"Lyonel Kaufmann","date":"17 mai 2020","format":false,"excerpt":"Si vous aimez l'Italie, les cols italien et les Alpes sont un terrain de jeu id\u00e9al. En plus, on peut aller manger des pizzas magnifiques \u00e0 la pause d\u00e9jeuner (que demander de plus ?). Beaux paysages et virages \u00e0 gogo. Voici le top 5 des plus beaux cols italien par\u2026","rel":"","context":"Dans &quot;Roadbook&quot;","block_context":{"text":"Roadbook","link":"https:\/\/lyonelkaufmann.ch\/Blog\/category\/roadbook\/"},"img":{"alt_text":"","src":"https:\/\/i0.wp.com\/demonerosso.dainese.com\/hs-fs\/hubfs\/00_Demone%20Rosso\/5%20passi%20by%20Cereghini\/passo_giau.jpg?resize=350%2C200&ssl=1","width":350,"height":200,"srcset":"https:\/\/i0.wp.com\/demonerosso.dainese.com\/hs-fs\/hubfs\/00_Demone%20Rosso\/5%20passi%20by%20Cereghini\/passo_giau.jpg?resize=350%2C200&ssl=1 1x, https:\/\/i0.wp.com\/demonerosso.dainese.com\/hs-fs\/hubfs\/00_Demone%20Rosso\/5%20passi%20by%20Cereghini\/passo_giau.jpg?resize=525%2C300&ssl=1 1.5x, https:\/\/i0.wp.com\/demonerosso.dainese.com\/hs-fs\/hubfs\/00_Demone%20Rosso\/5%20passi%20by%20Cereghini\/passo_giau.jpg?resize=700%2C400&ssl=1 2x, https:\/\/i0.wp.com\/demonerosso.dainese.com\/hs-fs\/hubfs\/00_Demone%20Rosso\/5%20passi%20by%20Cereghini\/passo_giau.jpg?resize=1050%2C600&ssl=1 3x"},"classes":[]}],"jetpack_likes_enabled":true,"_links":{"self":[{"href":"https:\/\/lyonelkaufmann.ch\/Blog\/wp-json\/wp\/v2\/posts\/23026","targetHints":{"allow":["GET"]}}],"collection":[{"href":"https:\/\/lyonelkaufmann.ch\/Blog\/wp-json\/wp\/v2\/posts"}],"about":[{"href":"https:\/\/lyonelkaufmann.ch\/Blog\/wp-json\/wp\/v2\/types\/post"}],"author":[{"embeddable":true,"href":"https:\/\/lyonelkaufmann.ch\/Blog\/wp-json\/wp\/v2\/users\/1"}],"replies":[{"embeddable":true,"href":"https:\/\/lyonelkaufmann.ch\/Blog\/wp-json\/wp\/v2\/comments?post=23026"}],"version-history":[{"count":0,"href":"https:\/\/lyonelkaufmann.ch\/Blog\/wp-json\/wp\/v2\/posts\/23026\/revisions"}],"wp:attachment":[{"href":"https:\/\/lyonelkaufmann.ch\/Blog\/wp-json\/wp\/v2\/media?parent=23026"}],"wp:term":[{"taxonomy":"category","embeddable":true,"href":"https:\/\/lyonelkaufmann.ch\/Blog\/wp-json\/wp\/v2\/categories?post=23026"},{"taxonomy":"post_tag","embeddable":true,"href":"https:\/\/lyonelkaufmann.ch\/Blog\/wp-json\/wp\/v2\/tags?post=23026"}],"curies":[{"name":"wp","href":"https:\/\/api.w.org\/{rel}","templated":true}]}}