{"id":23380,"date":"2022-08-03T23:49:38","date_gmt":"2022-08-03T22:49:38","guid":{"rendered":"https:\/\/lyonelkaufmann.ch\/Blog\/?p=23380"},"modified":"2022-08-29T14:46:11","modified_gmt":"2022-08-29T13:46:11","slug":"jour-2-escapade-jurassienne-02-08-2022","status":"publish","type":"post","link":"https:\/\/lyonelkaufmann.ch\/Blog\/2022\/08\/03\/jour-2-escapade-jurassienne-02-08-2022\/","title":{"rendered":"Jour 2 &#8211; Escapade jurassienne (02.08.2022)"},"content":{"rendered":"\n<p>Pour moi, cette semaine est encore plac\u00e9e sous le signe des vacances. La canicule annonce son retour et j\u2019en profite pour gagner un peu les hauteurs des montagnes jurassiennes au guidon de CapitaineAdventure<\/p>\n\n\n\n<p>\u2014 \u2014 \u2014 \u2014 \u2014 \u2014 \u2014 \u2014 \u2014 \u2014 \u2014 \u2014<\/p>\n\n\n\n<p>Ayant eu un rendez-vous le matin sur Lausanne, je gagne ensuite La Sarraz, puis j\u2019oblique en direction d\u2019Orbe et Baulmes.<\/p>\n\n\n\n<p>A partir de l\u00e0, je prends le col de l\u2019Aiguillon pour rejoindre l\u2019Auberson. D\u00e9sormais je suis bien dans l\u2019univers jurassien.<\/p>\n\n\n\n<p>Je zigzague pour rejoindre la C\u00f4te-aux-F\u00e9es, puis la Verrerie, l\u00e0 o\u00f9 sont entr\u00e9es en Suisse les soldats fran\u00e7ais du g\u00e9n\u00e9ral Bourbaki durant l\u2019hiver 1871, et prendre les Bayards.<\/p>\n\n\n\n<p>\u2014 \u2014 \u2014 \u2014 \u2014 \u2014 \u2014 \u2014 \u2014 \u2014 \u2014 \u2014<\/p>\n\n\n\n<p>Entre les Bayards et la Br\u00e9vine se dresse l\u2019ancien h\u00f4tel restaurant du Grand Fr\u00e9d\u00e9ric.<\/p>\n\n\n\n<figure class=\"wp-block-image\"><img data-recalc-dims=\"1\" decoding=\"async\" src=\"https:\/\/i0.wp.com\/i.imgur.com\/l5oCjUM.jpg?ssl=1\" alt=\"img\"\/><\/figure>\n\n\n\n<p>Aujourd\u2019hui abandonn\u00e9, il fait quelque peu piti\u00e9. Avant la fin de l\u2019interdiction de la consommation de l\u2019absinthe en Suisse, il \u00e9tait possible, en connaissant les patrons, de s\u2019en faire servir en douce un verre de la f\u00e9e verte.<\/p>\n\n\n\n<p>J\u2019ai un petit pincement au coeur en repensant aux moments pass\u00e9s, \u00e0 l\u2019accueil et au repas du temps jadis.<\/p>\n\n\n\n<p>\u2014 \u2014 \u2014 \u2014 \u2014 \u2014 \u2014 \u2014 \u2014 \u2014 \u2014 \u2014<\/p>\n\n\n\n<p>Apr\u00e8s la Br\u00e9vine, appel\u00e9e la Sib\u00e9rie helv\u00e9tique en raison de ses hivers des grands froids, je me rends au Locle.<\/p>\n\n\n\n<p>Depuis le temps que j\u2019y passe, c\u2019est la premi\u00e8re fois que j\u2019y fais halte pour d\u00e9couvrir et visiter l\u2019H\u00f4tel de Ville.<\/p>\n\n\n\n<figure class=\"wp-block-image\"><img data-recalc-dims=\"1\" decoding=\"async\" src=\"https:\/\/i0.wp.com\/i.imgur.com\/gw5BT6E.jpg?ssl=1\" alt=\"img\"\/><\/figure>\n\n\n\n<p>Je dois cet arr\u00eat \u00e0 la lecture du <em>Guide du routard<\/em> consacr\u00e9 \u00e0 la Suisse (\u00e9dition 2020\/2021).<\/p>\n\n\n\n<p>Comme quoi on y gagne \u00e0 consulter ce type d\u2019ouvrage y compris pour son propre pays.<\/p>\n\n\n\n<p>J\u2019y ai appris que l\u2019\u00e9difice y m\u00eale Art nouveau et Heimatstil, deux courants du d\u00e9but du 20e si\u00e8cle.<\/p>\n\n\n\n<figure class=\"wp-block-image\"><img data-recalc-dims=\"1\" decoding=\"async\" src=\"https:\/\/i0.wp.com\/i.imgur.com\/JFgJmSF.jpg?ssl=1\" alt=\"img\"\/><\/figure>\n\n\n\n<p>J\u2019y d\u00e9ambule avec plaisir. D\u2019autant qu\u2019il a \u00e9t\u00e9 refait visiblement r\u00e9cemment. C\u2019est splendide.<\/p>\n\n\n\n<figure class=\"wp-block-image\"><img data-recalc-dims=\"1\" decoding=\"async\" src=\"https:\/\/i0.wp.com\/i.imgur.com\/GNk6Yui.jpg?ssl=1\" alt=\"img\"\/><\/figure>\n\n\n\n<p>Le troisi\u00e8me \u00e9tage accueille l\u2019espace \u00ab Temps et urbanisme \u00bb, destin\u00e9 \u00e0 mettre en lumi\u00e8re les particularismes loclois. L\u2019entr\u00e9e est libre.<\/p>\n\n\n\n<p>Si vous passer par Le Locle, je vous conseille cette perle.<\/p>\n\n\n\n<p>\u2014 \u2014 \u2014 \u2014 \u2014 \u2014 \u2014 \u2014 \u2014 \u2014 \u2014 \u2014<\/p>\n\n\n\n<p>La suite de mon p\u00e9riple jurassien m\u2019entra\u00eene \u00e0 La Chaux-de-Fonds pour rejoindre ensuite Saignel\u00e9gier. La route est belle et je serpenter entre les paysages jurassiens.<\/p>\n\n\n\n<p>Apr\u00e8s Saignel\u00e9gier, je vais bifurquer pour plonger en direction de Saint-Ursanne, blottie dans les profondeurs du Clos du Doubs.<\/p>\n\n\n\n<p>La cit\u00e9 m\u00e9di\u00e9vale est bien connue et est toujours aussi belle. Je m\u2019installe \u00e0 une terrasse pour une pause lecture bienvenue.<\/p>\n\n\n\n<p>\u2014 \u2014 \u2014 \u2014 \u2014 \u2014 \u2014 \u2014 \u2014 \u2014 \u2014 \u2014<\/p>\n\n\n\n<p>En arrivant \u00e0 Saint-Ursanne, je note qu\u2019il est possible de prendre une petite route pour rejoindre Porentruy. En consultant la carte sur mon Smartphone, je remarque que la route m\u00e8ne notamment \u00e0 Courgenay.<\/p>\n\n\n\n<p>C\u2019est l\u2019occasion r\u00eav\u00e9e pour faire une petite visite \u00e0 Gilberte de Courgenay.<\/p>\n\n\n\n<p>Connue sous le nom de Gilberte de Courgenay, Gilberte Schneider-Montavon est n\u00e9e le 20 mars 1896 \u00e0 Courgenay et d\u00e9c\u00e9d\u00e9e le 2 mai 1957 \u00e0 Zurich. Elle est une sorte de Madelon suisse. Fille des tenanciers de l\u2019H\u00f4tel de la Gare de Courgenay, Gilberte Montavon est entr\u00e9e dans la l\u00e9gende lors de la Premi\u00e8re Guerre mondiale, inspirant ensuite une chanson et un film. Ce dernier sort en 1941 en pleine Deuxi\u00e8me Guerre mondiale et conna\u00eet un grand succ\u00e8s. <\/p>\n\n\n\n<figure class=\"wp-block-image size-large\"><img data-recalc-dims=\"1\" decoding=\"async\" src=\"https:\/\/i0.wp.com\/blog.nationalmuseum.ch\/app\/uploads\/Gilberte-Film-1.jpg?ssl=1\" alt=\"\"\/><figcaption>Gilberte de Courgenay est interpr\u00e9t\u00e9e par Anne-Marie\u00a0Blanc dans le film \u00e9ponyme. <a href=\"https:\/\/permalink.nationalmuseum.ch\/100160541\" target=\"_blank\" rel=\"noreferrer noopener\">Mus\u00e9e national suisse<\/a><\/figcaption><\/figure>\n\n\n\n<p>Grand classique du cin\u00e9ma suisse, vous pouvez l\u2019acheter (8.-) ou le louer (4-.-) notamment sur AppleTV.<\/p>\n\n\n\n<figure class=\"wp-block-image\"><img data-recalc-dims=\"1\" decoding=\"async\" src=\"https:\/\/i0.wp.com\/i.imgur.com\/eBxXDug.jpg?ssl=1\" alt=\"img\"\/><\/figure>\n\n\n\n<p>En 1914, Gilberte Montavon est serveuse dans l\u2019\u00e9tablissement de ses parents qui accueille de nombreux soldats stationn\u00e9s en Ajoie, parmi lesquels de nombreux Suisses al\u00e9maniques (A lire aussi : <a href=\"https:\/\/blog.nationalmuseum.ch\/fr\/2022\/08\/une-serveuse-mythique-gilberte-courgenay\/\" target=\"_blank\" rel=\"noopener\" title=\"La serveuse mythique\">La serveuse mythique<\/a>, 22.08.2022 et <a href=\"https:\/\/blog.nationalmuseum.ch\/fr\/2022\/08\/gilberte-courgenay-la-seconde-vie-du-mythe\/\" target=\"_blank\" rel=\"noopener\">Gilberte: la seconde vie du\u00a0mythe<\/a>, 23.08.2022, deux billets du blog du <em>Mus\u00e9e national suisse <\/em>).<\/p>\n\n\n<div class=\"wp-block-image\">\n<figure class=\"aligncenter size-large\"><img data-recalc-dims=\"1\" decoding=\"async\" src=\"https:\/\/i0.wp.com\/blog.nationalmuseum.ch\/app\/uploads\/Gilberte-original-1.jpg?ssl=1\" alt=\"\"\/><figcaption>La v\u00e9ritable Gilberte\u00a0Montavon, sur un clich\u00e9 de\u00a01915. <a href=\"https:\/\/notrehistoire.ch\/entries\/daWEy9wEWzo\" target=\"_blank\" rel=\"noreferrer noopener\">notrehistoire.ch<\/a><\/figcaption><\/figure>\n<\/div>\n\n\n<figure class=\"wp-block-image\"><img data-recalc-dims=\"1\" decoding=\"async\" src=\"https:\/\/i0.wp.com\/i.imgur.com\/bEBvkhk.jpg?ssl=1\" alt=\"img\"\/><\/figure>\n\n\n\n<p>Aujourd\u2019hui l\u2019h\u00f4tel de la gare porte son nom. En 1979, une association a \u00e9t\u00e9 cr\u00e9\u00e9e pour racheter le restaurant de la Gare \u00e0 Courgenay. Devenue fondation en 1998, elle a \u0153uvr\u00e9 \u00e0 la r\u00e9novation du b\u00e2timent et travaille en collaboration avec deux associations suisses al\u00e9maniques, de Zurich et Saint-Gall, attach\u00e9es comme elle \u00e0 la m\u00e9moire de la \u201cpetite\u201d Gilberte. (Source : <a href=\"https:\/\/hls-dhs-dss.ch\/fr\/articles\/042663\/2007-07-11\/\">Dictionnaire historique de la Suisse<\/a>).<\/p>\n\n\n\n<p>Autrement le village de Courgenay oscille aujourd\u2019hui entre village r\u00e9sidentiel avec de petits immeubles locatifs le long de la route entre Porrentruy et Cornol et village agricole compos\u00e9 de fermes en contrebas de la route cantonale.<\/p>\n\n\n\n<figure class=\"wp-block-image\"><img data-recalc-dims=\"1\" decoding=\"async\" src=\"https:\/\/i0.wp.com\/i.imgur.com\/L7nxv0p.jpg?ssl=1\" alt=\"img\"\/><\/figure>\n\n\n\n<p>L\u2019\u00e9glise imposante tr\u00f4ne au carrefour distinguant les deux parties du village.<\/p>\n\n\n\n<p>\u2014 \u2014 \u2014 \u2014 \u2014 \u2014 \u2014 \u2014 \u2014 \u2014 \u2014 \u2014<\/p>\n\n\n\n<p>Apr\u00e8s cette halte \u00e0 Courgenay, l\u2019apr\u00e8s-midi touche \u00e0 sa fin. Il est temps pour moi d\u2019envisager le retour et de reprendre en direction de D\u00e9l\u00e9mont.<\/p>\n\n\n\n<p>Cependant, la suite me r\u00e9serve quelques belles surprises.<\/p>\n\n\n\n<figure class=\"wp-block-image\"><img data-recalc-dims=\"1\" decoding=\"async\" src=\"https:\/\/i0.wp.com\/i.imgur.com\/nBRAVIK.jpg?ssl=1\" alt=\"img\"\/><\/figure>\n\n\n\n<p>La premi\u00e8re survient d\u00e8s la sortie de Cornol avec un improbable mus\u00e9e du sabot et \u00e0 la taille minuscule. Juste \u00e0 c\u00f4t\u00e9, une r\u00e9plique du <a href=\"https:\/\/fr.wikipedia.org\/wiki\/Sentinelle_des_Rangiers\">Fritz des Rangiers<\/a>. Un autre clin d\u2019\u0153il \u00e0 la p\u00e9riode de la premi\u00e8re guerre mondiale et un autre \u00e0 la lutte pour la cr\u00e9ation du canton du Jura.<\/p>\n\n\n\n<p>\u2014 \u2014 \u2014 \u2014 \u2014 \u2014 \u2014 \u2014 \u2014 \u2014 \u2014 \u2014<\/p>\n\n\n\n<p>Peu apr\u00e8s la sortie de Cornol, j\u2019aper\u00e7ois l\u2019entr\u00e9e d\u2019un \u00e9troit vallon qui forme un magnifique arri\u00e8re-plan bois\u00e9. Je m\u2019y engage, trop tent\u00e9 m\u00eame si cela annonce un d\u00e9tour.<\/p>\n\n\n\n<p>Et je me mets \u00e0 serpenter. Au bas de la descente, \u00e0 la travers\u00e9e de l\u2019ancien village de Pleujouse, j\u2019aper\u00e7ois \u00e0 droite \u00e0 l\u2019\u00e9cart de la route un improbable ch\u00e2teau sur un piton rocheux.<\/p>\n\n\n\n<figure class=\"wp-block-image\"><img data-recalc-dims=\"1\" decoding=\"async\" src=\"https:\/\/i0.wp.com\/i.imgur.com\/iYfWsJL.jpg?ssl=1\" alt=\"img\"\/><\/figure>\n\n\n\n<p>Je reviens sur mes pas pour aller \u00e0 la d\u00e9couverte de ce joyau.<\/p>\n\n\n\n<figure class=\"wp-block-image\"><img data-recalc-dims=\"1\" decoding=\"async\" src=\"https:\/\/i0.wp.com\/i.imgur.com\/9rhSIXj.jpg?ssl=1\" alt=\"IMGP8672\"\/><\/figure>\n\n\n\n<p>De retour \u00e0 la maison, j\u2019en apprendrais plus sur ce ch\u00e2teau qui aujourd\u2019hui accueille un restaurant.<\/p>\n\n\n\n<p>Le ch\u00e2teau de Pleujouse voit une premi\u00e8re tour construite vers 1100. Il se compose aujourd\u2019hui d\u2019un donjon circulaire du 13e si\u00e8cle et d\u2019une habitation du 16e si\u00e8cle. En contrebas, plusieurs fermes des 18e et 19e si\u00e8cles se succ\u00e8dent le long de la route (Source : <a href=\"https:\/\/www.myswitzerland.com\/fr-ch\/destinations\/pleujouse\/\">Suisse tourisme<\/a>).<\/p>\n\n\n\n<p>Quel beau petit bijou !<\/p>\n\n\n\n<p>\u2014 \u2014 \u2014 \u2014 \u2014 \u2014 \u2014 \u2014 \u2014 \u2014 \u2014 \u2014<\/p>\n\n\n\n<p>Je reprends la route en direction de D\u00e9l\u00e9mont que je contourne pour rejoindre par de magnifiques routes Glovelier, puis Tramelan et Saint-Imier.<\/p>\n\n\n\n<figure class=\"wp-block-image\"><img data-recalc-dims=\"1\" decoding=\"async\" src=\"https:\/\/i0.wp.com\/i.imgur.com\/uCmq1f5.jpg?ssl=1\" alt=\"img\"\/><\/figure>\n\n\n\n<p>A Saint-Imier, je rejoins le Chasseral pour m\u2019\u00e9merveiller du paysage de fin de journ\u00e9e en montant\u2026<\/p>\n\n\n\n<figure class=\"wp-block-image\"><img data-recalc-dims=\"1\" decoding=\"async\" src=\"https:\/\/i0.wp.com\/i.imgur.com\/3AveSub.jpg?ssl=1\" alt=\"img\"\/><\/figure>\n\n\n\n<p>puis en profitant de la vue sur les lacs de Bienne et Neuch\u00e2tel en redescendant.<\/p>\n\n\n\n<p>Ce seront les derni\u00e8res photographies de la journ\u00e9e et je rejoins ensuite La Neuveville pour poursuivre en direction d\u2019Ins, de Morat, puis l\u2019autoroute de Fribourg \u00e0 Vaulruz et enfin retour \u00e0 la maison. Il sera pr\u00e8s de 22h00 et la temp\u00e9rature est encore \u00e0 27\u00b0, mais quelle journ\u00e9e !<\/p>\n","protected":false},"excerpt":{"rendered":"<p>Pour moi, cette semaine est encore plac\u00e9e sous le signe des vacances. La canicule annonce son retour et j\u2019en profite pour gagner un peu les hauteurs des montagnes jurassiennes au guidon de CapitaineAdventure \u2014 \u2014 \u2014 \u2014 \u2014 \u2014 \u2014 \u2014 \u2014 \u2014 \u2014 \u2014 Ayant eu un rendez-vous le matin sur Lausanne, je gagne [&hellip;]<\/p>\n","protected":false},"author":1,"featured_media":23368,"comment_status":"open","ping_status":"open","sticky":false,"template":"","format":"standard","meta":{"_import_markdown_pro_load_document_selector":0,"_import_markdown_pro_submit_text_textarea":"","_genesis_hide_title":false,"_genesis_hide_breadcrumbs":false,"_genesis_hide_singular_image":false,"_genesis_hide_footer_widgets":false,"_genesis_custom_body_class":"","_genesis_custom_post_class":"","_genesis_layout":"","jetpack_post_was_ever_published":false,"_jetpack_newsletter_access":"","_jetpack_dont_email_post_to_subs":false,"_jetpack_newsletter_tier_id":0,"_jetpack_memberships_contains_paywalled_content":false,"_jetpack_memberships_contains_paid_content":false,"activitypub_content_warning":"","activitypub_content_visibility":"","activitypub_max_image_attachments":3,"activitypub_interaction_policy_quote":"anyone","activitypub_status":"","footnotes":"","jetpack_publicize_message":"","jetpack_publicize_feature_enabled":true,"jetpack_social_post_already_shared":true,"jetpack_social_options":{"image_generator_settings":{"template":"fullscreen","default_image_id":0,"font":"","enabled":false},"version":2}},"categories":[3,1196,158,1197],"tags":[],"class_list":{"0":"post-23380","1":"post","2":"type-post","3":"status-publish","4":"format-standard","5":"has-post-thumbnail","7":"category-blogcafe-2","8":"category-moto","9":"category-roadbook","10":"category-roadtrip","11":"entry"},"jetpack_publicize_connections":[],"featured_image_src":"https:\/\/i0.wp.com\/lyonelkaufmann.ch\/Blog\/wp-content\/uploads\/2022\/08\/Chasseral2-1-scaled.jpeg?resize=600%2C400&ssl=1","featured_image_src_square":"https:\/\/i0.wp.com\/lyonelkaufmann.ch\/Blog\/wp-content\/uploads\/2022\/08\/Chasseral2-1-scaled.jpeg?resize=600%2C600&ssl=1","author_info":{"display_name":"Lyonel Kaufmann","author_link":"https:\/\/lyonelkaufmann.ch\/Blog\/author\/lyonelk\/"},"jetpack_featured_media_url":"https:\/\/i0.wp.com\/lyonelkaufmann.ch\/Blog\/wp-content\/uploads\/2022\/08\/Chasseral2-1-scaled.jpeg?fit=2560%2C1702&ssl=1","jetpack_sharing_enabled":true,"jetpack_shortlink":"https:\/\/wp.me\/p1qtF4-656","jetpack-related-posts":[{"id":9463,"url":"https:\/\/lyonelkaufmann.ch\/Blog\/2013\/02\/24\/hiver-jurassien-photo-du-jour\/","url_meta":{"origin":23380,"position":0},"title":"Hiver jurassien | Photo du jour","author":"Lyonel Kaufmann","date":"24 f\u00e9vrier 2013","format":"image","excerpt":"Dans le TGV Lausanne-Paris, l'hiver jurassien a un petit c\u00f4t\u00e9 sib\u00e9rien. D'autant plus quand quatre Russes y voyagent. Au bar, quatre armaillis fribourgeois mettent l'ambiance en chantant et en se donnant du courage \u00e0 l'abricotine !","rel":"","context":"Dans &quot;Photo du jour&quot;","block_context":{"text":"Photo du jour","link":"https:\/\/lyonelkaufmann.ch\/Blog\/category\/photo-du-jour\/"},"img":{"alt_text":"","src":"https:\/\/i0.wp.com\/lyonelkaufmann.ch\/Blog\/wp-content\/uploads\/2015\/03\/20130224-184153.jpg?fit=1024%2C765&ssl=1&resize=350%2C200","width":350,"height":200,"srcset":"https:\/\/i0.wp.com\/lyonelkaufmann.ch\/Blog\/wp-content\/uploads\/2015\/03\/20130224-184153.jpg?fit=1024%2C765&ssl=1&resize=350%2C200 1x, https:\/\/i0.wp.com\/lyonelkaufmann.ch\/Blog\/wp-content\/uploads\/2015\/03\/20130224-184153.jpg?fit=1024%2C765&ssl=1&resize=525%2C300 1.5x, https:\/\/i0.wp.com\/lyonelkaufmann.ch\/Blog\/wp-content\/uploads\/2015\/03\/20130224-184153.jpg?fit=1024%2C765&ssl=1&resize=700%2C400 2x"},"classes":[]},{"id":12714,"url":"https:\/\/lyonelkaufmann.ch\/Blog\/2011\/04\/30\/vue-sur-saint-imier-26-avril-2011\/","url_meta":{"origin":23380,"position":1},"title":"Vue sur Saint-Imier (26 avril 2011)","author":"Lyonel Kaufmann","date":"30 avril 2011","format":"aside","excerpt":"Depuis le Chasseral, on distingue Saint-Imier, prochaine \u00e9tape, ainsi que de majestueuses \u00e9oliennes jurassiennes. Date : le 26 avril 2011 Mode : solo","rel":"","context":"Dans &quot;Blogcaf\u00e9&quot;","block_context":{"text":"Blogcaf\u00e9","link":"https:\/\/lyonelkaufmann.ch\/Blog\/category\/blogcafe-2\/"},"img":{"alt_text":"","src":"https:\/\/i0.wp.com\/lyonelkaufmann.ch\/Blog\/wp-content\/uploads\/2015\/03\/20110427-105715.jpg?fit=640%2C480&ssl=1&resize=350%2C200","width":350,"height":200,"srcset":"https:\/\/i0.wp.com\/lyonelkaufmann.ch\/Blog\/wp-content\/uploads\/2015\/03\/20110427-105715.jpg?fit=640%2C480&ssl=1&resize=350%2C200 1x, https:\/\/i0.wp.com\/lyonelkaufmann.ch\/Blog\/wp-content\/uploads\/2015\/03\/20110427-105715.jpg?fit=640%2C480&ssl=1&resize=525%2C300 1.5x"},"classes":[]},{"id":5130,"url":"https:\/\/lyonelkaufmann.ch\/Blog\/2011\/12\/18\/la-tempete-joachim-a-la-tour-de-peilz-et-vevey-16-decembre-2011\/","url_meta":{"origin":23380,"position":2},"title":"La temp\u00eate Joachim \u00e0 La Tour-de-Peilz et Vevey (16 d\u00e9cembre 2011)","author":"Lyonel Kaufmann","date":"18 d\u00e9cembre 2011","format":false,"excerpt":"Petit compte-rendu photographique du passage le vendredi 16 d\u00e9cembre de la Temp\u00eate Joachim\u00a0le long des quais entre le jardin Roussy \u00e0 La Tour-de-Peilz et les jardins du Casino \u00e0 Vevey. Les photos ont \u00e9t\u00e9 prises entre 12h30 et 17h30. Exceptionnelle par sa dur\u00e9e, la temp\u00eate Joachim a balay\u00e9 ce vendredi\u2026","rel":"","context":"Dans &quot;Blogcaf\u00e9&quot;","block_context":{"text":"Blogcaf\u00e9","link":"https:\/\/lyonelkaufmann.ch\/Blog\/category\/blogcafe-2\/"},"img":{"alt_text":"","src":"https:\/\/i0.wp.com\/lyonelkaufmann.ch\/Blog\/wp-content\/uploads\/2015\/03\/6528023015_6a0a20bfd5_z.jpg?fit=640%2C480&ssl=1&resize=350%2C200","width":350,"height":200,"srcset":"https:\/\/i0.wp.com\/lyonelkaufmann.ch\/Blog\/wp-content\/uploads\/2015\/03\/6528023015_6a0a20bfd5_z.jpg?fit=640%2C480&ssl=1&resize=350%2C200 1x, https:\/\/i0.wp.com\/lyonelkaufmann.ch\/Blog\/wp-content\/uploads\/2015\/03\/6528023015_6a0a20bfd5_z.jpg?fit=640%2C480&ssl=1&resize=525%2C300 1.5x"},"classes":[]},{"id":21701,"url":"https:\/\/lyonelkaufmann.ch\/Blog\/2020\/05\/17\/roadtrip-deconfine-les-ecorcheresses-weissenstein-pass-17052020\/","url_meta":{"origin":23380,"position":3},"title":"Roadtrip d\u00e9confin\u00e9 : Les Ecorcheresses &#038; Weissenstein Pass (17.05.2020)","author":"Lyonel Kaufmann","date":"17 mai 2020","format":false,"excerpt":"Une semaine apr\u00e8s le Gurnigel et le JaunPass, nous sommes pass\u00e9s du confinement au semi-confinement. D\u00e9sormais, sous certaines conditions, les restaurants sont ouverts. J\u2019en reste n\u00e9anmoins \u00e0 la formule pic-nique pour cette nouvelle sortie. Apr\u00e8s les Pr\u00e9alpes, je me rends sur les contreforts jurassiens. Au programme du jour, deux cols\u2026","rel":"","context":"Dans &quot;Roadbook&quot;","block_context":{"text":"Roadbook","link":"https:\/\/lyonelkaufmann.ch\/Blog\/category\/roadbook\/"},"img":{"alt_text":"","src":"https:\/\/i0.wp.com\/lyonelkaufmann.ch\/Blog\/wp-content\/uploads\/2020\/05\/DSC08124.jpeg?fit=1200%2C800&ssl=1&resize=350%2C200","width":350,"height":200,"srcset":"https:\/\/i0.wp.com\/lyonelkaufmann.ch\/Blog\/wp-content\/uploads\/2020\/05\/DSC08124.jpeg?fit=1200%2C800&ssl=1&resize=350%2C200 1x, https:\/\/i0.wp.com\/lyonelkaufmann.ch\/Blog\/wp-content\/uploads\/2020\/05\/DSC08124.jpeg?fit=1200%2C800&ssl=1&resize=525%2C300 1.5x, https:\/\/i0.wp.com\/lyonelkaufmann.ch\/Blog\/wp-content\/uploads\/2020\/05\/DSC08124.jpeg?fit=1200%2C800&ssl=1&resize=700%2C400 2x, https:\/\/i0.wp.com\/lyonelkaufmann.ch\/Blog\/wp-content\/uploads\/2020\/05\/DSC08124.jpeg?fit=1200%2C800&ssl=1&resize=1050%2C600 3x"},"classes":[]},{"id":5083,"url":"https:\/\/lyonelkaufmann.ch\/Blog\/2005\/05\/03\/enqute-archologique-aux-racines-disral-le-monde\/","url_meta":{"origin":23380,"position":4},"title":"Enqu\u00eate arch\u00e9ologique aux racines d&rsquo;Isra\u00ebl (Le Monde)","author":"Lyonel Kaufmann","date":"3 mai 2005","format":false,"excerpt":"Aujourd'hui dans le journal \"Le Monde\" : Dans un livre publi\u00e9 en France, l'Am\u00e9ricain William Dever avance la th\u00e9orie que les premiers habitants d'Isra\u00eal \u00e9taient des paysans canan\u00e9ens fuyant l'influence des cit\u00e9s-Etats.R\u00e9f\u00e9rence : Aux origines d'Isra\u00ebl, de William G. Dever, Bayard, 288 p. Sources : article du Monde","rel":"","context":"Dans &quot;histoire&quot;","block_context":{"text":"histoire","link":"https:\/\/lyonelkaufmann.ch\/Blog\/category\/histoire-2\/"},"img":{"alt_text":"H 9 Ill 645535 Israel","src":"https:\/\/i0.wp.com\/medias.lemonde.fr\/mmpub\/edt\/ill\/2005\/05\/03\/h_9_ill_645535_israel.jpg?resize=350%2C200","width":350,"height":200},"classes":[]},{"id":21971,"url":"https:\/\/lyonelkaufmann.ch\/Blog\/2020\/10\/18\/roadbook-sortie-dautomne-avec-captainadventure\/","url_meta":{"origin":23380,"position":5},"title":"Roadbook &#8211; Sortie d&rsquo;automne avec Captain&rsquo;Adventure","author":"Lyonel Kaufmann","date":"18 octobre 2020","format":false,"excerpt":"Alors que les premi\u00e8res neiges sont tomb\u00e9es derni\u00e8rement, l\u2019occasion est belle en ce dimanche 18 octobre pour profiter, peut-\u00eatre une derni\u00e8re fois, de faire une sortie dans les Pr\u00e9alpes vaudoises, bernoises et fribourgeoises avec Captain\u2019Adventure. La premi\u00e8re \u00e9tape du jour est pour Les Diablerets. Son glacier est d\u00e9j\u00e0 enneig\u00e9 alors\u2026","rel":"","context":"Dans &quot;Blogcaf\u00e9&quot;","block_context":{"text":"Blogcaf\u00e9","link":"https:\/\/lyonelkaufmann.ch\/Blog\/category\/blogcafe-2\/"},"img":{"alt_text":"","src":"https:\/\/i0.wp.com\/lyonelkaufmann.ch\/Blog\/wp-content\/uploads\/2020\/10\/DSC01019.jpeg?fit=1200%2C802&ssl=1&resize=350%2C200","width":350,"height":200,"srcset":"https:\/\/i0.wp.com\/lyonelkaufmann.ch\/Blog\/wp-content\/uploads\/2020\/10\/DSC01019.jpeg?fit=1200%2C802&ssl=1&resize=350%2C200 1x, https:\/\/i0.wp.com\/lyonelkaufmann.ch\/Blog\/wp-content\/uploads\/2020\/10\/DSC01019.jpeg?fit=1200%2C802&ssl=1&resize=525%2C300 1.5x, https:\/\/i0.wp.com\/lyonelkaufmann.ch\/Blog\/wp-content\/uploads\/2020\/10\/DSC01019.jpeg?fit=1200%2C802&ssl=1&resize=700%2C400 2x, https:\/\/i0.wp.com\/lyonelkaufmann.ch\/Blog\/wp-content\/uploads\/2020\/10\/DSC01019.jpeg?fit=1200%2C802&ssl=1&resize=1050%2C600 3x"},"classes":[]}],"jetpack_likes_enabled":true,"_links":{"self":[{"href":"https:\/\/lyonelkaufmann.ch\/Blog\/wp-json\/wp\/v2\/posts\/23380","targetHints":{"allow":["GET"]}}],"collection":[{"href":"https:\/\/lyonelkaufmann.ch\/Blog\/wp-json\/wp\/v2\/posts"}],"about":[{"href":"https:\/\/lyonelkaufmann.ch\/Blog\/wp-json\/wp\/v2\/types\/post"}],"author":[{"embeddable":true,"href":"https:\/\/lyonelkaufmann.ch\/Blog\/wp-json\/wp\/v2\/users\/1"}],"replies":[{"embeddable":true,"href":"https:\/\/lyonelkaufmann.ch\/Blog\/wp-json\/wp\/v2\/comments?post=23380"}],"version-history":[{"count":12,"href":"https:\/\/lyonelkaufmann.ch\/Blog\/wp-json\/wp\/v2\/posts\/23380\/revisions"}],"predecessor-version":[{"id":23434,"href":"https:\/\/lyonelkaufmann.ch\/Blog\/wp-json\/wp\/v2\/posts\/23380\/revisions\/23434"}],"wp:featuredmedia":[{"embeddable":true,"href":"https:\/\/lyonelkaufmann.ch\/Blog\/wp-json\/wp\/v2\/media\/23368"}],"wp:attachment":[{"href":"https:\/\/lyonelkaufmann.ch\/Blog\/wp-json\/wp\/v2\/media?parent=23380"}],"wp:term":[{"taxonomy":"category","embeddable":true,"href":"https:\/\/lyonelkaufmann.ch\/Blog\/wp-json\/wp\/v2\/categories?post=23380"},{"taxonomy":"post_tag","embeddable":true,"href":"https:\/\/lyonelkaufmann.ch\/Blog\/wp-json\/wp\/v2\/tags?post=23380"}],"curies":[{"name":"wp","href":"https:\/\/api.w.org\/{rel}","templated":true}]}}