{"id":23505,"date":"2022-12-16T19:05:39","date_gmt":"2022-12-16T18:05:39","guid":{"rendered":"https:\/\/lyonelkaufmann.ch\/Blog\/?p=23505"},"modified":"2023-10-09T08:57:47","modified_gmt":"2023-10-09T07:57:47","slug":"s20-masson-ma-rue-ma-laverie","status":"publish","type":"post","link":"https:\/\/lyonelkaufmann.ch\/Blog\/2022\/12\/16\/s20-masson-ma-rue-ma-laverie\/","title":{"rendered":"S20 &#8211; Masson, ma rue, ma laverie"},"content":{"rendered":"<div class=\"wp-block-image\">\n<figure class=\"aligncenter is-resized\"><a href=\"https:\/\/i0.wp.com\/lyonelkaufmann.ch\/Blog\/wp-content\/uploads\/2022\/12\/Laverie-scaled.jpeg?ssl=1\"><img data-recalc-dims=\"1\" decoding=\"async\" src=\"https:\/\/i0.wp.com\/lyonelkaufmann.ch\/Blog\/wp-content\/uploads\/2022\/12\/Laverie-scaled.jpeg?w=800&#038;ssl=1\" alt=\"\" style=\"aspect-ratio:1;object-fit:contain;width:800px\" \/><\/a><\/figure>\n<\/div>\n\n\n<p>C\u2019est clair qu\u2019en restant plus de 3 mois au Qu\u00e9bec, la question du lavage du linge se pose. Et plut\u00f4t deux fois qu\u2019une.<\/p>\n\n\n\n<p>\u00c0 Montr\u00e9al, il est tr\u00e8s facile de trouver une laverie. Voici donc la mienne.<\/p>\n\n\n\n<p>En plus de permettre de laver son linge, la laverie est un lieu de sociabilit\u00e9 pendant que votre linge se fait laver ou est s\u00e9ch\u00e9. Tr\u00e8s sympa.<\/p>\n\n\n\n<p>Je peux aussi aller faire quelques courses dans le voisinage pendant que la machine tourne (31 minutes le lavage) ou aller boire un caf\u00e9. Pas de probl\u00e8me.<\/p>\n\n\n\n<p>Les tarifs :<\/p>\n\n\n\n<ul class=\"wp-block-list\">\n<li>2$ le lavage en semaine, 2,50 le week-end (si jamais)<\/li>\n\n\n\n<li>1$ pour 10 minutes de s\u00e9chage (compter deux lavages tr\u00e8s chauds pour s\u00e9cher votre linge)<\/li>\n<\/ul>\n\n\n\n<p>Paiement par pi\u00e8ces. Changeur de monnaie \u00e0 disposition.<\/p>\n\n\n\n<p>En un peu plus de 3 mois, la rue Masson est devenue ma rue.<\/p>\n\n\n\n<p>J\u2019y ai pris mes rep\u00e8res et quelques habitudes. J\u2019ai mes lieux, mes coups de c\u0153ur et de vie que je vous partage.<\/p>\n\n\n\n<p><span class=\"hashtag\"><a rel=\"tag\" class=\"hashtag u-tag u-category\" href=\"https:\/\/lyonelkaufmann.ch\/Blog\/tag\/canada\/\">#canada<\/a><\/span>\ud83c\udde8\ud83c\udde6 <span class=\"hashtag\">#qu\u00e9bec<\/span> <span class=\"hashtag\">#montr\u00e9al<\/span> <span class=\"hashtag\"><a rel=\"tag\" class=\"hashtag u-tag u-category\" href=\"https:\/\/lyonelkaufmann.ch\/Blog\/tag\/rosemont\/\">#rosemont<\/a><\/span> <span class=\"hashtag\">#RueMasson<\/span> <span class=\"hashtag\">#chezmoi<\/span> <span class=\"hashtag\">#laverie<\/span> <span class=\"hashtag\">#linge<\/span> <span class=\"hashtag\"><a rel=\"tag\" class=\"hashtag u-tag u-category\" href=\"https:\/\/lyonelkaufmann.ch\/Blog\/tag\/roadbook\/\">#roadbook<\/a><\/span><\/p>\n","protected":false},"excerpt":{"rendered":"<p>C\u2019est clair qu\u2019en restant plus de 3 mois au Qu\u00e9bec, la question du lavage du linge se pose. Et plut\u00f4t deux fois qu\u2019une. \u00c0 Montr\u00e9al, il est tr\u00e8s facile de trouver une laverie. Voici donc la mienne. En plus de permettre de laver son linge, la laverie est un lieu de sociabilit\u00e9 pendant que votre [&hellip;]<\/p>\n","protected":false},"author":1,"featured_media":23504,"comment_status":"open","ping_status":"open","sticky":false,"template":"","format":"standard","meta":{"_import_markdown_pro_load_document_selector":0,"_import_markdown_pro_submit_text_textarea":"","_genesis_hide_title":false,"_genesis_hide_breadcrumbs":false,"_genesis_hide_singular_image":false,"_genesis_hide_footer_widgets":false,"_genesis_custom_body_class":"","_genesis_custom_post_class":"","_genesis_layout":"","jetpack_post_was_ever_published":false,"_jetpack_newsletter_access":"","_jetpack_dont_email_post_to_subs":false,"_jetpack_newsletter_tier_id":0,"_jetpack_memberships_contains_paywalled_content":false,"_jetpack_memberships_contains_paid_content":false,"activitypub_content_warning":"","activitypub_content_visibility":"","activitypub_max_image_attachments":3,"activitypub_interaction_policy_quote":"anyone","activitypub_status":"","footnotes":"","jetpack_publicize_message":"","jetpack_publicize_feature_enabled":true,"jetpack_social_post_already_shared":true,"jetpack_social_options":{"image_generator_settings":{"template":"fullscreen","default_image_id":0,"font":"","enabled":false},"version":2}},"categories":[3,158,1197],"tags":[],"class_list":{"0":"post-23505","1":"post","2":"type-post","3":"status-publish","4":"format-standard","5":"has-post-thumbnail","7":"category-blogcafe-2","8":"category-roadbook","9":"category-roadtrip","10":"entry"},"jetpack_publicize_connections":[],"featured_image_src":"https:\/\/i0.wp.com\/lyonelkaufmann.ch\/Blog\/wp-content\/uploads\/2022\/12\/Laverie-scaled.jpeg?resize=600%2C400&ssl=1","featured_image_src_square":"https:\/\/i0.wp.com\/lyonelkaufmann.ch\/Blog\/wp-content\/uploads\/2022\/12\/Laverie-scaled.jpeg?resize=600%2C600&ssl=1","author_info":{"display_name":"Lyonel Kaufmann","author_link":"https:\/\/lyonelkaufmann.ch\/Blog\/author\/lyonelk\/"},"jetpack_featured_media_url":"https:\/\/i0.wp.com\/lyonelkaufmann.ch\/Blog\/wp-content\/uploads\/2022\/12\/Laverie-scaled.jpeg?fit=2560%2C2560&ssl=1","jetpack_sharing_enabled":true,"jetpack_shortlink":"https:\/\/wp.me\/p1qtF4-677","jetpack-related-posts":[{"id":16883,"url":"https:\/\/lyonelkaufmann.ch\/Blog\/2016\/07\/09\/jeudi-7-juillet-etape-7-de-loen-a-alesund-roadtrip-norvege-2016\/","url_meta":{"origin":23505,"position":0},"title":"Jeudi 7 juillet &#8211; Etape 7 : De Loen \u00e0 \u00c5lesund #Roadtrip #Norv\u00e8ge 2016","author":"Lyonel Kaufmann","date":"9 juillet 2016","format":false,"excerpt":"Je d\u00e9marre tranquillement mon \u00e9tape du jour \u00e0 10h30. Le nombre de kilom\u00e8tres est plus raisonnable que la veille. Tant mieux.\"\" La lecture du Guide Bleu, d\u00e9di\u00e9 \u00e0 la Norv\u00e8ge, m'a incit\u00e9 \u00e0 modifier l'itin\u00e9raire de l'agence. Je prends Styrn, puis je rejoins la Gamle Styrnefjellsvegen (la vieille route de\u2026","rel":"","context":"Dans &quot;Diary&quot;","block_context":{"text":"Diary","link":"https:\/\/lyonelkaufmann.ch\/Blog\/category\/diary\/"},"img":{"alt_text":"","src":"https:\/\/i0.wp.com\/lyonelkaufmann.ch\/Blog\/wp-content\/uploads\/2016\/07\/imgp0733.jpg?fit=1200%2C801&ssl=1&resize=350%2C200","width":350,"height":200,"srcset":"https:\/\/i0.wp.com\/lyonelkaufmann.ch\/Blog\/wp-content\/uploads\/2016\/07\/imgp0733.jpg?fit=1200%2C801&ssl=1&resize=350%2C200 1x, https:\/\/i0.wp.com\/lyonelkaufmann.ch\/Blog\/wp-content\/uploads\/2016\/07\/imgp0733.jpg?fit=1200%2C801&ssl=1&resize=525%2C300 1.5x, https:\/\/i0.wp.com\/lyonelkaufmann.ch\/Blog\/wp-content\/uploads\/2016\/07\/imgp0733.jpg?fit=1200%2C801&ssl=1&resize=700%2C400 2x, https:\/\/i0.wp.com\/lyonelkaufmann.ch\/Blog\/wp-content\/uploads\/2016\/07\/imgp0733.jpg?fit=1200%2C801&ssl=1&resize=1050%2C600 3x"},"classes":[]},{"id":16507,"url":"https:\/\/lyonelkaufmann.ch\/Blog\/2016\/05\/16\/exposition-signac-musee-hermitage-lausanne\/","url_meta":{"origin":23505,"position":1},"title":"Exposition Signac | Mus\u00e9e Hermitage (Lausanne)","author":"Lyonel Kaufmann","date":"16 mai 2016","format":false,"excerpt":"En ce dimanche de Pentec\u00f4te, nous en profitons pour nous rendre au mus\u00e9e de l'Hermitage \u00e0 Lausanne et visiter l'exposition consacr\u00e9e \u00e0 Paul Signac (1863-1935), une vie au fil de l'eau. Celle-ci est encore visible jusqu'au 22 mai. Concernant Paul Signac,\u00a0celui-ci est\u00a0n\u00e9 \u00e0\u00a0Paris\u00a0le\u00a011\u00a0novembre\u00a01863, o\u00f9 il meurt le\u00a015\u00a0ao\u00fbt\u00a01935, est un\u00a0artiste peintre\u00a0paysagiste\u00a0fran\u00e7ais,\u2026","rel":"","context":"Dans &quot;Diary&quot;","block_context":{"text":"Diary","link":"https:\/\/lyonelkaufmann.ch\/Blog\/category\/diary\/"},"img":{"alt_text":"","src":"https:\/\/i0.wp.com\/lyonelkaufmann.ch\/Blog\/wp-content\/uploads\/2016\/05\/img_0354-1.jpg?fit=1200%2C760&ssl=1&resize=350%2C200","width":350,"height":200,"srcset":"https:\/\/i0.wp.com\/lyonelkaufmann.ch\/Blog\/wp-content\/uploads\/2016\/05\/img_0354-1.jpg?fit=1200%2C760&ssl=1&resize=350%2C200 1x, https:\/\/i0.wp.com\/lyonelkaufmann.ch\/Blog\/wp-content\/uploads\/2016\/05\/img_0354-1.jpg?fit=1200%2C760&ssl=1&resize=525%2C300 1.5x, https:\/\/i0.wp.com\/lyonelkaufmann.ch\/Blog\/wp-content\/uploads\/2016\/05\/img_0354-1.jpg?fit=1200%2C760&ssl=1&resize=700%2C400 2x, https:\/\/i0.wp.com\/lyonelkaufmann.ch\/Blog\/wp-content\/uploads\/2016\/05\/img_0354-1.jpg?fit=1200%2C760&ssl=1&resize=1050%2C600 3x"},"classes":[]},{"id":12747,"url":"https:\/\/lyonelkaufmann.ch\/Blog\/2011\/11\/06\/citizen-kane-comme-vous-ne-lavez-jamais-vu-slate\/","url_meta":{"origin":23505,"position":2},"title":"\u00abCitizen Kane\u00bb comme vous ne l&rsquo;avez jamais vu | Slate","author":"Lyonel Kaufmann","date":"6 novembre 2011","format":false,"excerpt":"Charles Foster Kane (Orson Welles) dans \u00abCitizen Kane\u00bb (Warner Bros, 1941) En 2002, le DVD avait permis de d\u00e9couvrir une \u00e9dition du film qui se distinguait, par son \u00e9clat et sa nettet\u00e9, des vieilles copies 16 mm vues sur le petit \u00e9cran ou dans les cin\u00e9-clubs universitaires. Depuis, la technologie\u2026","rel":"","context":"Dans &quot;Blogcaf\u00e9&quot;","block_context":{"text":"Blogcaf\u00e9","link":"https:\/\/lyonelkaufmann.ch\/Blog\/category\/blogcafe-2\/"},"img":{"alt_text":"Ill film welles orson kane papers","src":"https:\/\/i0.wp.com\/www.politis.ch\/carnets\/wp-content\/uploads\/2011\/11\/ill_film_welles_orson_kane_papers.jpg?resize=350%2C200","width":350,"height":200,"srcset":"https:\/\/i0.wp.com\/www.politis.ch\/carnets\/wp-content\/uploads\/2011\/11\/ill_film_welles_orson_kane_papers.jpg?resize=350%2C200 1x, https:\/\/i0.wp.com\/www.politis.ch\/carnets\/wp-content\/uploads\/2011\/11\/ill_film_welles_orson_kane_papers.jpg?resize=525%2C300 1.5x"},"classes":[]},{"id":14821,"url":"https:\/\/lyonelkaufmann.ch\/Blog\/2015\/04\/08\/montreal-mediterraneen-quebec-2015\/","url_meta":{"origin":23505,"position":3},"title":"Montr\u00e9al M\u00e9diterran\u00e9en | Qu\u00e9bec 2015","author":"Lyonel Kaufmann","date":"8 avril 2015","format":false,"excerpt":"7 avril 2015 - Montr\u00e9al. Grosse journ\u00e9e \u00e0 travers Montr\u00e9al aujourd'hui et des lieux que je n'avais pas encore eu l'occasion de visiter. La journ\u00e9e sera l\u2019occasion de belles fl\u00e2neries. La journ\u00e9e est ensoleill\u00e9e, mais fra\u00eeche d\u00e8s qu'on est \u00e0 l'ombre ou que le vent se l\u00e8ve. D\u00e9part ! Apr\u00e8s\u2026","rel":"","context":"Dans &quot;Blogcaf\u00e9&quot;","block_context":{"text":"Blogcaf\u00e9","link":"https:\/\/lyonelkaufmann.ch\/Blog\/category\/blogcafe-2\/"},"img":{"alt_text":"","src":"https:\/\/i0.wp.com\/lyonelkaufmann.ch\/Blog\/wp-content\/uploads\/2015\/04\/16450661724_40dfd0e801_c.jpg?fit=800%2C532&ssl=1&resize=350%2C200","width":350,"height":200,"srcset":"https:\/\/i0.wp.com\/lyonelkaufmann.ch\/Blog\/wp-content\/uploads\/2015\/04\/16450661724_40dfd0e801_c.jpg?fit=800%2C532&ssl=1&resize=350%2C200 1x, https:\/\/i0.wp.com\/lyonelkaufmann.ch\/Blog\/wp-content\/uploads\/2015\/04\/16450661724_40dfd0e801_c.jpg?fit=800%2C532&ssl=1&resize=525%2C300 1.5x, https:\/\/i0.wp.com\/lyonelkaufmann.ch\/Blog\/wp-content\/uploads\/2015\/04\/16450661724_40dfd0e801_c.jpg?fit=800%2C532&ssl=1&resize=700%2C400 2x"},"classes":[]},{"id":16906,"url":"https:\/\/lyonelkaufmann.ch\/Blog\/2016\/07\/10\/vendredi-8-juillet-etape-8-trollstigen-la-route-des-trolls-roadtrip-norvege-2016\/","url_meta":{"origin":23505,"position":4},"title":"Vendredi 8 juillet &#8211; Etape 8 : Trollstigen (la route des Trolls) #Roadtrip #Norv\u00e8ge 2016","author":"Lyonel Kaufmann","date":"10 juillet 2016","format":false,"excerpt":"La remont\u00e9e vers le nord prend fin avec la d\u00e9couverte de la Trollstigen (route des Trolls), la Furka norv\u00e9gienne dixit Philippe. Puis ce sera le retour vers la r\u00e9gion olympique. Il est 10h30 quand je reprends la route. Une heure relativement tardive. Le rythme des vacances s'installerait-il ? Ou est-ce\u2026","rel":"","context":"Dans &quot;Diary&quot;","block_context":{"text":"Diary","link":"https:\/\/lyonelkaufmann.ch\/Blog\/category\/diary\/"},"img":{"alt_text":"","src":"https:\/\/i0.wp.com\/lyonelkaufmann.ch\/Blog\/wp-content\/uploads\/2016\/07\/imgp0855.jpg?fit=1200%2C801&ssl=1&resize=350%2C200","width":350,"height":200,"srcset":"https:\/\/i0.wp.com\/lyonelkaufmann.ch\/Blog\/wp-content\/uploads\/2016\/07\/imgp0855.jpg?fit=1200%2C801&ssl=1&resize=350%2C200 1x, https:\/\/i0.wp.com\/lyonelkaufmann.ch\/Blog\/wp-content\/uploads\/2016\/07\/imgp0855.jpg?fit=1200%2C801&ssl=1&resize=525%2C300 1.5x, https:\/\/i0.wp.com\/lyonelkaufmann.ch\/Blog\/wp-content\/uploads\/2016\/07\/imgp0855.jpg?fit=1200%2C801&ssl=1&resize=700%2C400 2x, https:\/\/i0.wp.com\/lyonelkaufmann.ch\/Blog\/wp-content\/uploads\/2016\/07\/imgp0855.jpg?fit=1200%2C801&ssl=1&resize=1050%2C600 3x"},"classes":[]},{"id":3359,"url":"https:\/\/lyonelkaufmann.ch\/Blog\/2010\/12\/20\/cabeza-de-vacam-la-decouverte-de-lamerique-des-signes-culturopoing\/","url_meta":{"origin":23505,"position":5},"title":"Cabeza de Vacam: la d\u00e9couverte de l&rsquo;Am\u00e9rique des signes | Culturopoing","author":"Lyonel Kaufmann","date":"20 d\u00e9cembre 2010","format":false,"excerpt":"Un des \u00e9v\u00e9nements de ces vacances de No\u00ebl : la sortie en France, vingt ans apr\u00e8s, d\u2019un film devenu culte au moment des festivit\u00e9s du cinqui\u00e8me centenaire de la d\u00e9couverte de l\u2019Am\u00e9rique. Cabeza de Vaca (Mexique, 1991) de Nicol\u00e1s Echevarr\u00eda est une coproduction hispano-mexicaine qui retrace l\u2019histoire d\u2019un conquistador devenu\u2026","rel":"","context":"Dans &quot;histoire&quot;","block_context":{"text":"histoire","link":"https:\/\/lyonelkaufmann.ch\/Blog\/category\/histoire-2\/"},"img":{"alt_text":"","src":"https:\/\/i0.wp.com\/farm6.static.flickr.com\/5283\/5277719098_6efb90a96c_m.jpg?resize=350%2C200","width":350,"height":200},"classes":[]}],"jetpack_likes_enabled":true,"_links":{"self":[{"href":"https:\/\/lyonelkaufmann.ch\/Blog\/wp-json\/wp\/v2\/posts\/23505","targetHints":{"allow":["GET"]}}],"collection":[{"href":"https:\/\/lyonelkaufmann.ch\/Blog\/wp-json\/wp\/v2\/posts"}],"about":[{"href":"https:\/\/lyonelkaufmann.ch\/Blog\/wp-json\/wp\/v2\/types\/post"}],"author":[{"embeddable":true,"href":"https:\/\/lyonelkaufmann.ch\/Blog\/wp-json\/wp\/v2\/users\/1"}],"replies":[{"embeddable":true,"href":"https:\/\/lyonelkaufmann.ch\/Blog\/wp-json\/wp\/v2\/comments?post=23505"}],"version-history":[{"count":3,"href":"https:\/\/lyonelkaufmann.ch\/Blog\/wp-json\/wp\/v2\/posts\/23505\/revisions"}],"predecessor-version":[{"id":23875,"href":"https:\/\/lyonelkaufmann.ch\/Blog\/wp-json\/wp\/v2\/posts\/23505\/revisions\/23875"}],"wp:featuredmedia":[{"embeddable":true,"href":"https:\/\/lyonelkaufmann.ch\/Blog\/wp-json\/wp\/v2\/media\/23504"}],"wp:attachment":[{"href":"https:\/\/lyonelkaufmann.ch\/Blog\/wp-json\/wp\/v2\/media?parent=23505"}],"wp:term":[{"taxonomy":"category","embeddable":true,"href":"https:\/\/lyonelkaufmann.ch\/Blog\/wp-json\/wp\/v2\/categories?post=23505"},{"taxonomy":"post_tag","embeddable":true,"href":"https:\/\/lyonelkaufmann.ch\/Blog\/wp-json\/wp\/v2\/tags?post=23505"}],"curies":[{"name":"wp","href":"https:\/\/api.w.org\/{rel}","templated":true}]}}