{"id":23514,"date":"2022-12-19T01:29:04","date_gmt":"2022-12-19T00:29:04","guid":{"rendered":"https:\/\/lyonelkaufmann.ch\/Blog\/?p=23514"},"modified":"2023-10-09T08:59:52","modified_gmt":"2023-10-09T07:59:52","slug":"s20-masson-ma-rue-mon-lezard","status":"publish","type":"post","link":"https:\/\/lyonelkaufmann.ch\/Blog\/2022\/12\/19\/s20-masson-ma-rue-mon-lezard\/","title":{"rendered":"S20 &#8211; Masson, ma rue, mon l\u00e9zard"},"content":{"rendered":"\n<p>Ou ce qui est devenu un de mes stamms* soit le L\u00e9zard (@cafelezard).<\/p>\n\n\n\n<figure class=\"wp-block-image is-resized\"><img data-recalc-dims=\"1\" loading=\"lazy\" decoding=\"async\" src=\"https:\/\/i0.wp.com\/lyonelkaufmann.ch\/Blog\/wp-content\/uploads\/2022\/12\/Lezard-scaled.jpeg?resize=800%2C800&#038;ssl=1\" alt=\"\" style=\"object-fit:contain;width:800px;height:800px\" width=\"800\" height=\"800\"\/><\/figure>\n\n\n\n<p>Je peux y aller pour d\u00e9jeuner \u00e0 midi, prendre une tranche de g\u00e2teau \u00e0 la carotte pour les quatre heures, prendre un ap\u00e9ro avec un de leurs excellents vins au verre ou y souper un vendredi soir.<\/p>\n\n\n\n<p>Son statut se situe entre l\u2019ancien Yatus \u00e0 Vevey (pour son choix de vin et le d\u00e9cor) et le National (pour l\u2019ambiance, le d\u00e9cor et la nourriture).<\/p>\n\n\n\n<p>Tout le personnel est fort sympathique avec une mention sp\u00e9ciale \u00e0 Rachel (la proprio je pense) et \u00e0 Olivier (@oli.faubert) qui en plus d\u2019\u00eatre un serveur-sommelier comp\u00e9tent et bienveillant est \u00e9galement auteur-compositeur de musique indie (son titre Carcasse figure d\u2019ailleurs sur la playlist Indie francophone d\u2019Apple Musique).<\/p>\n\n\n\n<p>En un peu plus de 3 mois, la rue Masson est devenue ma rue.<\/p>\n\n\n\n<p>J\u2019y ai pris mes rep\u00e8res et quelques habitudes. J\u2019ai mes lieux, mes coups de c\u0153ur et de vie que je vous partage.<\/p>\n\n\n\n<p><span class=\"hashtag\"><a rel=\"tag\" class=\"hashtag u-tag u-category\" href=\"https:\/\/lyonelkaufmann.ch\/Blog\/tag\/canada\/\">#canada<\/a><\/span>\ud83c\udde8\ud83c\udde6 <span class=\"hashtag\">#qu\u00e9bec<\/span> <span class=\"hashtag\">#montr\u00e9al<\/span> <span class=\"hashtag\"><a rel=\"tag\" class=\"hashtag u-tag u-category\" href=\"https:\/\/lyonelkaufmann.ch\/Blog\/tag\/rosemont\/\">#rosemont<\/a><\/span> <span class=\"hashtag\">#RueMasson<\/span> <span class=\"hashtag\">#chezmoi<\/span> <span class=\"hashtag\">#l\u00e9zard<\/span> <span class=\"hashtag\">#caf\u00e9<\/span> <span class=\"hashtag\">#ap\u00e9ro<\/span> <span class=\"hashtag\">#d\u00e9jeuner<\/span> <span class=\"hashtag\">#diner<\/span> <span class=\"hashtag\"><a rel=\"tag\" class=\"hashtag u-tag u-category\" href=\"https:\/\/lyonelkaufmann.ch\/Blog\/tag\/roadbook\/\">#roadbook<\/a><\/span><\/p>\n\n\n\n<ul class=\"wp-block-list\">\n<li>Stamm : En Suisse, lieu o\u00f9 se retrouve r\u00e9guli\u00e8rement un groupe d\u2019amis, les membres d\u2019une soci\u00e9t\u00e9.<\/li>\n<\/ul>\n","protected":false},"excerpt":{"rendered":"<p>Ou ce qui est devenu un de mes stamms* soit le L\u00e9zard (@cafelezard). Je peux y aller pour d\u00e9jeuner \u00e0 midi, prendre une tranche de g\u00e2teau \u00e0 la carotte pour les quatre heures, prendre un ap\u00e9ro avec un de leurs excellents vins au verre ou y souper un vendredi soir. Son statut se situe entre [&hellip;]<\/p>\n","protected":false},"author":1,"featured_media":23513,"comment_status":"open","ping_status":"open","sticky":false,"template":"","format":"standard","meta":{"_import_markdown_pro_load_document_selector":0,"_import_markdown_pro_submit_text_textarea":"","_genesis_hide_title":false,"_genesis_hide_breadcrumbs":false,"_genesis_hide_singular_image":false,"_genesis_hide_footer_widgets":false,"_genesis_custom_body_class":"","_genesis_custom_post_class":"","_genesis_layout":"","jetpack_post_was_ever_published":false,"_jetpack_newsletter_access":"","_jetpack_dont_email_post_to_subs":false,"_jetpack_newsletter_tier_id":0,"_jetpack_memberships_contains_paywalled_content":false,"_jetpack_memberships_contains_paid_content":false,"activitypub_content_warning":"","activitypub_content_visibility":"","activitypub_max_image_attachments":3,"activitypub_interaction_policy_quote":"anyone","activitypub_status":"","footnotes":"","jetpack_publicize_message":"","jetpack_publicize_feature_enabled":true,"jetpack_social_post_already_shared":true,"jetpack_social_options":{"image_generator_settings":{"template":"fullscreen","default_image_id":0,"font":"","enabled":false},"version":2}},"categories":[3,158,1197],"tags":[],"class_list":{"0":"post-23514","1":"post","2":"type-post","3":"status-publish","4":"format-standard","5":"has-post-thumbnail","7":"category-blogcafe-2","8":"category-roadbook","9":"category-roadtrip","10":"entry"},"jetpack_publicize_connections":[],"featured_image_src":"https:\/\/i0.wp.com\/lyonelkaufmann.ch\/Blog\/wp-content\/uploads\/2022\/12\/Lezard-scaled.jpeg?resize=600%2C400&ssl=1","featured_image_src_square":"https:\/\/i0.wp.com\/lyonelkaufmann.ch\/Blog\/wp-content\/uploads\/2022\/12\/Lezard-scaled.jpeg?resize=600%2C600&ssl=1","author_info":{"display_name":"Lyonel Kaufmann","author_link":"https:\/\/lyonelkaufmann.ch\/Blog\/author\/lyonelk\/"},"jetpack_featured_media_url":"https:\/\/i0.wp.com\/lyonelkaufmann.ch\/Blog\/wp-content\/uploads\/2022\/12\/Lezard-scaled.jpeg?fit=2560%2C2560&ssl=1","jetpack_sharing_enabled":true,"jetpack_shortlink":"https:\/\/wp.me\/p1qtF4-67g","jetpack-related-posts":[{"id":12776,"url":"https:\/\/lyonelkaufmann.ch\/Blog\/2012\/09\/21\/y-a-lezard-a-photo-du-jour\/","url_meta":{"origin":23514,"position":0},"title":"Y a l\u00e9zard ! |\u00a0Photo du jour","author":"Lyonel Kaufmann","date":"21 septembre 2012","format":"image","excerpt":"","rel":"","context":"Dans &quot;Photo du jour&quot;","block_context":{"text":"Photo du jour","link":"https:\/\/lyonelkaufmann.ch\/Blog\/category\/photo-du-jour\/"},"img":{"alt_text":"","src":"https:\/\/i0.wp.com\/lyonelkaufmann.ch\/Blog\/wp-content\/uploads\/2015\/03\/Y-a-lezard-Photo-du-jour-L.jpg?fit=563%2C600&ssl=1&resize=350%2C200","width":350,"height":200,"srcset":"https:\/\/i0.wp.com\/lyonelkaufmann.ch\/Blog\/wp-content\/uploads\/2015\/03\/Y-a-lezard-Photo-du-jour-L.jpg?fit=563%2C600&ssl=1&resize=350%2C200 1x, https:\/\/i0.wp.com\/lyonelkaufmann.ch\/Blog\/wp-content\/uploads\/2015\/03\/Y-a-lezard-Photo-du-jour-L.jpg?fit=563%2C600&ssl=1&resize=525%2C300 1.5x"},"classes":[]},{"id":15552,"url":"https:\/\/lyonelkaufmann.ch\/Blog\/2015\/12\/12\/sur-la-route-de-lavent-roadbook\/","url_meta":{"origin":23514,"position":1},"title":"Sur la route de l&rsquo;Avent | Roadbook","author":"Lyonel Kaufmann","date":"12 d\u00e9cembre 2015","format":"image","excerpt":"L'hiver tarde \u00e0 pointer le bout de son nez et l'automne n'en finit pas d'offrir des belles journ\u00e9es, il est donc difficile de ne pas prendre la route et de parcourir la campagne. Soudain, je me retrouve en pleine campagne fribourgeoise avec cette chapelle juste \u00e0 c\u00f4t\u00e9 d'une ferme et\u2026","rel":"","context":"Dans &quot;Photo du jour&quot;","block_context":{"text":"Photo du jour","link":"https:\/\/lyonelkaufmann.ch\/Blog\/category\/photo-du-jour\/"},"img":{"alt_text":"","src":"https:\/\/i0.wp.com\/lyonelkaufmann.ch\/Blog\/wp-content\/uploads\/2015\/12\/IMG_3290-1.jpg?fit=1200%2C800&ssl=1&resize=350%2C200","width":350,"height":200,"srcset":"https:\/\/i0.wp.com\/lyonelkaufmann.ch\/Blog\/wp-content\/uploads\/2015\/12\/IMG_3290-1.jpg?fit=1200%2C800&ssl=1&resize=350%2C200 1x, https:\/\/i0.wp.com\/lyonelkaufmann.ch\/Blog\/wp-content\/uploads\/2015\/12\/IMG_3290-1.jpg?fit=1200%2C800&ssl=1&resize=525%2C300 1.5x, https:\/\/i0.wp.com\/lyonelkaufmann.ch\/Blog\/wp-content\/uploads\/2015\/12\/IMG_3290-1.jpg?fit=1200%2C800&ssl=1&resize=700%2C400 2x, https:\/\/i0.wp.com\/lyonelkaufmann.ch\/Blog\/wp-content\/uploads\/2015\/12\/IMG_3290-1.jpg?fit=1200%2C800&ssl=1&resize=1050%2C600 3x"},"classes":[]},{"id":11535,"url":"https:\/\/lyonelkaufmann.ch\/Blog\/2014\/05\/22\/lac-des-joncs\/","url_meta":{"origin":23514,"position":2},"title":"Lac des joncs","author":"Lyonel Kaufmann","date":"22 mai 2014","format":false,"excerpt":"En cette fin d'apr\u00e8s-midi, le climat printanier invitait \u00e0 une fl\u00e2nerie avant de rentrer. Ma fl\u00e2nerie prit la direction des Paccots et du Lac des joncs. La terrasse de l'auberge me permit de l\u00e9zarder alors que le lac offre les plaisirs de la nature et un terrain d'exp\u00e9rimentation photographique. Photo\u2026","rel":"","context":"Dans &quot;L'Expresso&quot;","block_context":{"text":"L'Expresso","link":"https:\/\/lyonelkaufmann.ch\/Blog\/category\/breves\/"},"img":{"alt_text":"","src":"https:\/\/i0.wp.com\/lyonelkaufmann.ch\/Blog\/wp-content\/uploads\/2015\/02\/20140523-003538-2138659.jpg?fit=720%2C480&ssl=1&resize=350%2C200","width":350,"height":200,"srcset":"https:\/\/i0.wp.com\/lyonelkaufmann.ch\/Blog\/wp-content\/uploads\/2015\/02\/20140523-003538-2138659.jpg?fit=720%2C480&ssl=1&resize=350%2C200 1x, https:\/\/i0.wp.com\/lyonelkaufmann.ch\/Blog\/wp-content\/uploads\/2015\/02\/20140523-003538-2138659.jpg?fit=720%2C480&ssl=1&resize=525%2C300 1.5x, https:\/\/i0.wp.com\/lyonelkaufmann.ch\/Blog\/wp-content\/uploads\/2015\/02\/20140523-003538-2138659.jpg?fit=720%2C480&ssl=1&resize=700%2C400 2x"},"classes":[]},{"id":22415,"url":"https:\/\/lyonelkaufmann.ch\/Blog\/2021\/01\/02\/one-night-in-montreux-01-01-2021\/","url_meta":{"origin":23514,"position":3},"title":"One Night in Montreux &#8211; 01.01.2021","author":"Lyonel Kaufmann","date":"2 janvier 2021","format":false,"excerpt":"En ce premier jour de l'an, nous attendons la fin de la journ\u00e9e pour sortir et nous rendre au bord du lac \u00e0 Montreux.\u00a0Il est 17h00 quand nous d\u00e9butons notre balade au bord du lac. Nous b\u00e9n\u00e9ficions encore d'un peu de la lumi\u00e8re du jour. Une heure plus tard, ce\u2026","rel":"","context":"Dans &quot;Blogcaf\u00e9&quot;","block_context":{"text":"Blogcaf\u00e9","link":"https:\/\/lyonelkaufmann.ch\/Blog\/category\/blogcafe-2\/"},"img":{"alt_text":"","src":"https:\/\/i0.wp.com\/lyonelkaufmann.ch\/Blog\/wp-content\/uploads\/2021\/01\/EC4CF446-FF3F-46E9-9C93-2B7020D4F088-scaled.jpeg?fit=1200%2C801&ssl=1&resize=350%2C200","width":350,"height":200,"srcset":"https:\/\/i0.wp.com\/lyonelkaufmann.ch\/Blog\/wp-content\/uploads\/2021\/01\/EC4CF446-FF3F-46E9-9C93-2B7020D4F088-scaled.jpeg?fit=1200%2C801&ssl=1&resize=350%2C200 1x, https:\/\/i0.wp.com\/lyonelkaufmann.ch\/Blog\/wp-content\/uploads\/2021\/01\/EC4CF446-FF3F-46E9-9C93-2B7020D4F088-scaled.jpeg?fit=1200%2C801&ssl=1&resize=525%2C300 1.5x, https:\/\/i0.wp.com\/lyonelkaufmann.ch\/Blog\/wp-content\/uploads\/2021\/01\/EC4CF446-FF3F-46E9-9C93-2B7020D4F088-scaled.jpeg?fit=1200%2C801&ssl=1&resize=700%2C400 2x, https:\/\/i0.wp.com\/lyonelkaufmann.ch\/Blog\/wp-content\/uploads\/2021\/01\/EC4CF446-FF3F-46E9-9C93-2B7020D4F088-scaled.jpeg?fit=1200%2C801&ssl=1&resize=1050%2C600 3x"},"classes":[]},{"id":7578,"url":"https:\/\/lyonelkaufmann.ch\/Blog\/2013\/10\/11\/1914-et-1944-deux-commemorations-en-2014-pour-le-prix-dun\/","url_meta":{"origin":23514,"position":4},"title":"1914 et 1944 : deux comm\u00e9morations en 2014 pour le prix d&rsquo;une ?","author":"Lyonel Kaufmann","date":"11 octobre 2013","format":false,"excerpt":"L'ann\u00e9e 2014 sera marqu\u00e9e par une double comm\u00e9moration, celle de la premi\u00e8re guerre mondiale et celle de la Lib\u00e9ration. Pour cerner les dimensions \u00e0 la fois historique, politique et m\u00e9morielle de ces \u00e9v\u00e9nements \u00e0 venir,Le Monde sollicit\u00e9 le regard de Jean-No\u00ebl Jeanneney et de Pierre Nora. Pierre Nora commence en\u2026","rel":"","context":"Dans &quot;histoire&quot;","block_context":{"text":"histoire","link":"https:\/\/lyonelkaufmann.ch\/Blog\/category\/histoire-2\/"},"img":{"alt_text":"","src":"https:\/\/i0.wp.com\/lyonelkaufmann.ch\/Blog\/wp-content\/uploads\/2015\/03\/blogcafe1.jpg?fit=1024%2C683&ssl=1&resize=350%2C200","width":350,"height":200,"srcset":"https:\/\/i0.wp.com\/lyonelkaufmann.ch\/Blog\/wp-content\/uploads\/2015\/03\/blogcafe1.jpg?fit=1024%2C683&ssl=1&resize=350%2C200 1x, https:\/\/i0.wp.com\/lyonelkaufmann.ch\/Blog\/wp-content\/uploads\/2015\/03\/blogcafe1.jpg?fit=1024%2C683&ssl=1&resize=525%2C300 1.5x, https:\/\/i0.wp.com\/lyonelkaufmann.ch\/Blog\/wp-content\/uploads\/2015\/03\/blogcafe1.jpg?fit=1024%2C683&ssl=1&resize=700%2C400 2x"},"classes":[]},{"id":18777,"url":"https:\/\/lyonelkaufmann.ch\/Blog\/2017\/10\/21\/chronique-venitienne-du-dernier-jour\/","url_meta":{"origin":23514,"position":5},"title":"Chronique v\u00e9nitienne du dernier jour","author":"Lyonel Kaufmann","date":"21 octobre 2017","format":false,"excerpt":"Le s\u00e9jour dans la cit\u00e9 des Doges prend fin en ce sixi\u00e8me jour. Le dernier jour d\u2019un s\u00e9jour dans une ville est toujours un peu particulier. Apr\u00e8s l\u2019heure du d\u00e9jeuner, il est temps de faire sa valise et de rendre la chambre. Entre l\u2019heure de reddition de la chambre et\u2026","rel":"","context":"Dans &quot;Diary&quot;","block_context":{"text":"Diary","link":"https:\/\/lyonelkaufmann.ch\/Blog\/category\/diary\/"},"img":{"alt_text":"","src":"https:\/\/i0.wp.com\/lyonelkaufmann.ch\/Blog\/wp-content\/uploads\/2017\/10\/39A67CE9-AA66-49A9-AA8C-9961CE6409E7.jpeg?fit=1080%2C1080&ssl=1&resize=350%2C200","width":350,"height":200,"srcset":"https:\/\/i0.wp.com\/lyonelkaufmann.ch\/Blog\/wp-content\/uploads\/2017\/10\/39A67CE9-AA66-49A9-AA8C-9961CE6409E7.jpeg?fit=1080%2C1080&ssl=1&resize=350%2C200 1x, https:\/\/i0.wp.com\/lyonelkaufmann.ch\/Blog\/wp-content\/uploads\/2017\/10\/39A67CE9-AA66-49A9-AA8C-9961CE6409E7.jpeg?fit=1080%2C1080&ssl=1&resize=525%2C300 1.5x, https:\/\/i0.wp.com\/lyonelkaufmann.ch\/Blog\/wp-content\/uploads\/2017\/10\/39A67CE9-AA66-49A9-AA8C-9961CE6409E7.jpeg?fit=1080%2C1080&ssl=1&resize=700%2C400 2x, https:\/\/i0.wp.com\/lyonelkaufmann.ch\/Blog\/wp-content\/uploads\/2017\/10\/39A67CE9-AA66-49A9-AA8C-9961CE6409E7.jpeg?fit=1080%2C1080&ssl=1&resize=1050%2C600 3x"},"classes":[]}],"jetpack_likes_enabled":true,"_links":{"self":[{"href":"https:\/\/lyonelkaufmann.ch\/Blog\/wp-json\/wp\/v2\/posts\/23514","targetHints":{"allow":["GET"]}}],"collection":[{"href":"https:\/\/lyonelkaufmann.ch\/Blog\/wp-json\/wp\/v2\/posts"}],"about":[{"href":"https:\/\/lyonelkaufmann.ch\/Blog\/wp-json\/wp\/v2\/types\/post"}],"author":[{"embeddable":true,"href":"https:\/\/lyonelkaufmann.ch\/Blog\/wp-json\/wp\/v2\/users\/1"}],"replies":[{"embeddable":true,"href":"https:\/\/lyonelkaufmann.ch\/Blog\/wp-json\/wp\/v2\/comments?post=23514"}],"version-history":[{"count":4,"href":"https:\/\/lyonelkaufmann.ch\/Blog\/wp-json\/wp\/v2\/posts\/23514\/revisions"}],"predecessor-version":[{"id":23876,"href":"https:\/\/lyonelkaufmann.ch\/Blog\/wp-json\/wp\/v2\/posts\/23514\/revisions\/23876"}],"wp:featuredmedia":[{"embeddable":true,"href":"https:\/\/lyonelkaufmann.ch\/Blog\/wp-json\/wp\/v2\/media\/23513"}],"wp:attachment":[{"href":"https:\/\/lyonelkaufmann.ch\/Blog\/wp-json\/wp\/v2\/media?parent=23514"}],"wp:term":[{"taxonomy":"category","embeddable":true,"href":"https:\/\/lyonelkaufmann.ch\/Blog\/wp-json\/wp\/v2\/categories?post=23514"},{"taxonomy":"post_tag","embeddable":true,"href":"https:\/\/lyonelkaufmann.ch\/Blog\/wp-json\/wp\/v2\/tags?post=23514"}],"curies":[{"name":"wp","href":"https:\/\/api.w.org\/{rel}","templated":true}]}}