{"id":23519,"date":"2022-12-26T23:30:00","date_gmt":"2022-12-26T22:30:00","guid":{"rendered":"https:\/\/lyonelkaufmann.ch\/Blog\/?p=23519"},"modified":"2023-10-09T09:03:42","modified_gmt":"2023-10-09T08:03:42","slug":"s20-masson-ma-rue-ma-quincaillerie","status":"publish","type":"post","link":"https:\/\/lyonelkaufmann.ch\/Blog\/2022\/12\/26\/s20-masson-ma-rue-ma-quincaillerie\/","title":{"rendered":"S20 &#8211; Masson, ma rue, ma quincaillerie"},"content":{"rendered":"\n<figure class=\"wp-block-image is-resized\"><img data-recalc-dims=\"1\" decoding=\"async\" src=\"https:\/\/i0.wp.com\/lyonelkaufmann.ch\/Blog\/wp-content\/uploads\/2022\/12\/Quincaillerie-2-scaled.jpeg?w=800&#038;ssl=1\" alt=\"\" style=\"aspect-ratio:1;object-fit:cover;width:800px\" \/><\/figure>\n\n\n\n<p>Voil\u00e0 un commerce qui a presque disparu dans nos villes : une quincaillerie avec son d\u00e9corum, son aspect caverne d\u2019Ali Baba.<\/p>\n\n\n\n<p>Et bien, \u00e0 Montr\u00e9al, vous en rencontrerez fr\u00e9quemment. La plupart sont de la cha\u00eene Rona (il y en a aussi une dans ma rue). Mais ici, c\u2019est une bonne vieille quincaillerie de quartier. Le service y est impeccable. Ne boudez pas votre plaisir.<\/p>\n\n\n\n<p><span class=\"hashtag\"><a rel=\"tag\" class=\"hashtag u-tag u-category\" href=\"https:\/\/lyonelkaufmann.ch\/Blog\/tag\/canada\/\">#canada<\/a><\/span>\ud83c\udde8\ud83c\udde6 <span class=\"hashtag\">#qu\u00e9bec<\/span> <span class=\"hashtag\">#montr\u00e9al<\/span> <span class=\"hashtag\"><a rel=\"tag\" class=\"hashtag u-tag u-category\" href=\"https:\/\/lyonelkaufmann.ch\/Blog\/tag\/rosemont\/\">#rosemont<\/a><\/span> <span class=\"hashtag\">#RueMasson<\/span> <span class=\"hashtag\">#chezmoi<\/span> <span class=\"hashtag\">#quincaillerie<\/span> <span class=\"hashtag\"><a rel=\"tag\" class=\"hashtag u-tag u-category\" href=\"https:\/\/lyonelkaufmann.ch\/Blog\/tag\/roadbook\/\">#roadbook<\/a><\/span><\/p>\n","protected":false},"excerpt":{"rendered":"<p>Voil\u00e0 un commerce qui a presque disparu dans nos villes : une quincaillerie avec son d\u00e9corum, son aspect caverne d\u2019Ali Baba. Et bien, \u00e0 Montr\u00e9al, vous en rencontrerez fr\u00e9quemment. La plupart sont de la cha\u00eene Rona (il y en a aussi une dans ma rue). Mais ici, c\u2019est une bonne vieille quincaillerie de quartier. Le [&hellip;]<\/p>\n","protected":false},"author":1,"featured_media":23518,"comment_status":"open","ping_status":"open","sticky":false,"template":"","format":"standard","meta":{"_import_markdown_pro_load_document_selector":0,"_import_markdown_pro_submit_text_textarea":"","_genesis_hide_title":false,"_genesis_hide_breadcrumbs":false,"_genesis_hide_singular_image":false,"_genesis_hide_footer_widgets":false,"_genesis_custom_body_class":"","_genesis_custom_post_class":"","_genesis_layout":"","jetpack_post_was_ever_published":false,"_jetpack_newsletter_access":"","_jetpack_dont_email_post_to_subs":false,"_jetpack_newsletter_tier_id":0,"_jetpack_memberships_contains_paywalled_content":false,"_jetpack_memberships_contains_paid_content":false,"activitypub_content_warning":"","activitypub_content_visibility":"","activitypub_max_image_attachments":3,"activitypub_interaction_policy_quote":"anyone","activitypub_status":"","footnotes":"","jetpack_publicize_message":"","jetpack_publicize_feature_enabled":true,"jetpack_social_post_already_shared":true,"jetpack_social_options":{"image_generator_settings":{"template":"fullscreen","default_image_id":0,"font":"","enabled":false},"version":2}},"categories":[3,158,1197],"tags":[],"class_list":{"0":"post-23519","1":"post","2":"type-post","3":"status-publish","4":"format-standard","5":"has-post-thumbnail","7":"category-blogcafe-2","8":"category-roadbook","9":"category-roadtrip","10":"entry"},"jetpack_publicize_connections":[],"featured_image_src":"https:\/\/i0.wp.com\/lyonelkaufmann.ch\/Blog\/wp-content\/uploads\/2022\/12\/Quincaillerie-2-scaled.jpeg?resize=600%2C400&ssl=1","featured_image_src_square":"https:\/\/i0.wp.com\/lyonelkaufmann.ch\/Blog\/wp-content\/uploads\/2022\/12\/Quincaillerie-2-scaled.jpeg?resize=600%2C600&ssl=1","author_info":{"display_name":"Lyonel Kaufmann","author_link":"https:\/\/lyonelkaufmann.ch\/Blog\/author\/lyonelk\/"},"jetpack_featured_media_url":"https:\/\/i0.wp.com\/lyonelkaufmann.ch\/Blog\/wp-content\/uploads\/2022\/12\/Quincaillerie-2-scaled.jpeg?fit=2560%2C2560&ssl=1","jetpack_sharing_enabled":true,"jetpack_shortlink":"https:\/\/wp.me\/p1qtF4-67l","jetpack-related-posts":[{"id":23505,"url":"https:\/\/lyonelkaufmann.ch\/Blog\/2022\/12\/16\/s20-masson-ma-rue-ma-laverie\/","url_meta":{"origin":23519,"position":0},"title":"S20 &#8211; Masson, ma rue, ma laverie","author":"Lyonel Kaufmann","date":"16 d\u00e9cembre 2022","format":false,"excerpt":"C\u2019est clair qu\u2019en restant plus de 3 mois au Qu\u00e9bec, la question du lavage du linge se pose. Et plut\u00f4t deux fois qu\u2019une. \u00c0 Montr\u00e9al, il est tr\u00e8s facile de trouver une laverie. Voici donc la mienne. En plus de permettre de laver son linge, la laverie est un lieu\u2026","rel":"","context":"Dans &quot;Blogcaf\u00e9&quot;","block_context":{"text":"Blogcaf\u00e9","link":"https:\/\/lyonelkaufmann.ch\/Blog\/category\/blogcafe-2\/"},"img":{"alt_text":"","src":"https:\/\/i0.wp.com\/lyonelkaufmann.ch\/Blog\/wp-content\/uploads\/2022\/12\/Laverie-scaled.jpeg?fit=1200%2C1200&ssl=1&resize=350%2C200","width":350,"height":200,"srcset":"https:\/\/i0.wp.com\/lyonelkaufmann.ch\/Blog\/wp-content\/uploads\/2022\/12\/Laverie-scaled.jpeg?fit=1200%2C1200&ssl=1&resize=350%2C200 1x, https:\/\/i0.wp.com\/lyonelkaufmann.ch\/Blog\/wp-content\/uploads\/2022\/12\/Laverie-scaled.jpeg?fit=1200%2C1200&ssl=1&resize=525%2C300 1.5x, https:\/\/i0.wp.com\/lyonelkaufmann.ch\/Blog\/wp-content\/uploads\/2022\/12\/Laverie-scaled.jpeg?fit=1200%2C1200&ssl=1&resize=700%2C400 2x, https:\/\/i0.wp.com\/lyonelkaufmann.ch\/Blog\/wp-content\/uploads\/2022\/12\/Laverie-scaled.jpeg?fit=1200%2C1200&ssl=1&resize=1050%2C600 3x"},"classes":[]},{"id":23490,"url":"https:\/\/lyonelkaufmann.ch\/Blog\/2022\/12\/14\/s20-rue-masson\/","url_meta":{"origin":23519,"position":1},"title":"S20 &#8211; Rue Masson","author":"Lyonel Kaufmann","date":"14 d\u00e9cembre 2022","format":false,"excerpt":"Je d\u00e9bute ma derni\u00e8re semaine enti\u00e8re \u00e0 Montr\u00e9al. Le d\u00e9part se rapproche. Les sentiments se m\u00e9langent entre la joie de retrouver les miens et l\u2019envie de prolonger mon immersion dans la vie qu\u00e9b\u00e9coise et plus particuli\u00e8rement montr\u00e9alaise. Pour une raison que j\u2019ignore, mais je me sens \u00e0 ma place ici.\u2026","rel":"","context":"Dans &quot;Blogcaf\u00e9&quot;","block_context":{"text":"Blogcaf\u00e9","link":"https:\/\/lyonelkaufmann.ch\/Blog\/category\/blogcafe-2\/"},"img":{"alt_text":"","src":"https:\/\/i0.wp.com\/lyonelkaufmann.ch\/Blog\/wp-content\/uploads\/2022\/12\/BD766482-06A5-4D38-9E7B-15345F1D1282-scaled.jpeg?fit=1200%2C800&ssl=1&resize=350%2C200","width":350,"height":200,"srcset":"https:\/\/i0.wp.com\/lyonelkaufmann.ch\/Blog\/wp-content\/uploads\/2022\/12\/BD766482-06A5-4D38-9E7B-15345F1D1282-scaled.jpeg?fit=1200%2C800&ssl=1&resize=350%2C200 1x, https:\/\/i0.wp.com\/lyonelkaufmann.ch\/Blog\/wp-content\/uploads\/2022\/12\/BD766482-06A5-4D38-9E7B-15345F1D1282-scaled.jpeg?fit=1200%2C800&ssl=1&resize=525%2C300 1.5x, https:\/\/i0.wp.com\/lyonelkaufmann.ch\/Blog\/wp-content\/uploads\/2022\/12\/BD766482-06A5-4D38-9E7B-15345F1D1282-scaled.jpeg?fit=1200%2C800&ssl=1&resize=700%2C400 2x, https:\/\/i0.wp.com\/lyonelkaufmann.ch\/Blog\/wp-content\/uploads\/2022\/12\/BD766482-06A5-4D38-9E7B-15345F1D1282-scaled.jpeg?fit=1200%2C800&ssl=1&resize=1050%2C600 3x"},"classes":[]},{"id":26950,"url":"https:\/\/lyonelkaufmann.ch\/Blog\/2025\/04\/23\/montreal-maison-de-leonard-cohen-22-04-2025\/","url_meta":{"origin":23519,"position":2},"title":"Montr\u00e9al : Maison de Leonard Cohen (22.04.2025)","author":"Lyonel Kaufmann","date":"23 avril 2025","format":false,"excerpt":"Personnage iconique de Montr\u00e9al, Leonard Cohen s'incarne concr\u00e8tement dans l'espace urbain. C'est ainsi que juste \u00e0 c\u00f4t\u00e9 du parc du Portugal, on y trouve sa maison. La maison de Leonard Cohen Alors que ses chansons lui avaient d\u00e9j\u00e0 valu la reconnaissance, Leonard Cohen s'acheta une maison rue Valli\u00e8res dans le\u2026","rel":"","context":"Dans &quot;Blogcaf\u00e9&quot;","block_context":{"text":"Blogcaf\u00e9","link":"https:\/\/lyonelkaufmann.ch\/Blog\/category\/blogcafe-2\/"},"img":{"alt_text":"","src":"https:\/\/i0.wp.com\/lyonelkaufmann.ch\/Blog\/wp-content\/uploads\/2025\/04\/DSC02264_v1.jpg?fit=800%2C1200&ssl=1&resize=350%2C200","width":350,"height":200,"srcset":"https:\/\/i0.wp.com\/lyonelkaufmann.ch\/Blog\/wp-content\/uploads\/2025\/04\/DSC02264_v1.jpg?fit=800%2C1200&ssl=1&resize=350%2C200 1x, https:\/\/i0.wp.com\/lyonelkaufmann.ch\/Blog\/wp-content\/uploads\/2025\/04\/DSC02264_v1.jpg?fit=800%2C1200&ssl=1&resize=525%2C300 1.5x, https:\/\/i0.wp.com\/lyonelkaufmann.ch\/Blog\/wp-content\/uploads\/2025\/04\/DSC02264_v1.jpg?fit=800%2C1200&ssl=1&resize=700%2C400 2x"},"classes":[]},{"id":23514,"url":"https:\/\/lyonelkaufmann.ch\/Blog\/2022\/12\/19\/s20-masson-ma-rue-mon-lezard\/","url_meta":{"origin":23519,"position":3},"title":"S20 &#8211; Masson, ma rue, mon l\u00e9zard","author":"Lyonel Kaufmann","date":"19 d\u00e9cembre 2022","format":false,"excerpt":"Ou ce qui est devenu un de mes stamms* soit le L\u00e9zard (@cafelezard). Je peux y aller pour d\u00e9jeuner \u00e0 midi, prendre une tranche de g\u00e2teau \u00e0 la carotte pour les quatre heures, prendre un ap\u00e9ro avec un de leurs excellents vins au verre ou y souper un vendredi soir.\u2026","rel":"","context":"Dans &quot;Blogcaf\u00e9&quot;","block_context":{"text":"Blogcaf\u00e9","link":"https:\/\/lyonelkaufmann.ch\/Blog\/category\/blogcafe-2\/"},"img":{"alt_text":"","src":"https:\/\/i0.wp.com\/lyonelkaufmann.ch\/Blog\/wp-content\/uploads\/2022\/12\/Lezard-scaled.jpeg?fit=1200%2C1200&ssl=1&resize=350%2C200","width":350,"height":200,"srcset":"https:\/\/i0.wp.com\/lyonelkaufmann.ch\/Blog\/wp-content\/uploads\/2022\/12\/Lezard-scaled.jpeg?fit=1200%2C1200&ssl=1&resize=350%2C200 1x, https:\/\/i0.wp.com\/lyonelkaufmann.ch\/Blog\/wp-content\/uploads\/2022\/12\/Lezard-scaled.jpeg?fit=1200%2C1200&ssl=1&resize=525%2C300 1.5x, https:\/\/i0.wp.com\/lyonelkaufmann.ch\/Blog\/wp-content\/uploads\/2022\/12\/Lezard-scaled.jpeg?fit=1200%2C1200&ssl=1&resize=700%2C400 2x, https:\/\/i0.wp.com\/lyonelkaufmann.ch\/Blog\/wp-content\/uploads\/2022\/12\/Lezard-scaled.jpeg?fit=1200%2C1200&ssl=1&resize=1050%2C600 3x"},"classes":[]},{"id":23508,"url":"https:\/\/lyonelkaufmann.ch\/Blog\/2022\/12\/17\/montreal-atom-heart-et-loblique-magasins-de-disques-cd\/","url_meta":{"origin":23519,"position":4},"title":"#Montr\u00e9al &#8211; Atom Heart et L&rsquo;Oblique. Magasins de disques (CD &#038; Vinyls)","author":"Lyonel Kaufmann","date":"17 d\u00e9cembre 2022","format":false,"excerpt":"Avant de repartir pour la Suisse, j'ai explor\u00e9 la sc\u00e8ne des disquaires ind\u00e9pendants pouvant me signaler des nouveaut\u00e9s du c\u00f4t\u00e9 de la sc\u00e8ne musicale montr\u00e9alaise, qu\u00e9b\u00e9coise ou canadienne. Je vous pr\u00e9sente le r\u00e9sultat de cette exploration. Pour des raisons \u00e9videntes de transport dans mes valises, j'ai d\u00e9cid\u00e9 de privil\u00e9gier les\u2026","rel":"","context":"Dans &quot;Blogcaf\u00e9&quot;","block_context":{"text":"Blogcaf\u00e9","link":"https:\/\/lyonelkaufmann.ch\/Blog\/category\/blogcafe-2\/"},"img":{"alt_text":"","src":"https:\/\/i0.wp.com\/lyonelkaufmann.ch\/Blog\/wp-content\/uploads\/2022\/12\/HipstamaticPhoto-691544548.971441.jpeg?fit=1200%2C1200&ssl=1&resize=350%2C200","width":350,"height":200,"srcset":"https:\/\/i0.wp.com\/lyonelkaufmann.ch\/Blog\/wp-content\/uploads\/2022\/12\/HipstamaticPhoto-691544548.971441.jpeg?fit=1200%2C1200&ssl=1&resize=350%2C200 1x, https:\/\/i0.wp.com\/lyonelkaufmann.ch\/Blog\/wp-content\/uploads\/2022\/12\/HipstamaticPhoto-691544548.971441.jpeg?fit=1200%2C1200&ssl=1&resize=525%2C300 1.5x, https:\/\/i0.wp.com\/lyonelkaufmann.ch\/Blog\/wp-content\/uploads\/2022\/12\/HipstamaticPhoto-691544548.971441.jpeg?fit=1200%2C1200&ssl=1&resize=700%2C400 2x, https:\/\/i0.wp.com\/lyonelkaufmann.ch\/Blog\/wp-content\/uploads\/2022\/12\/HipstamaticPhoto-691544548.971441.jpeg?fit=1200%2C1200&ssl=1&resize=1050%2C600 3x"},"classes":[]},{"id":19200,"url":"https:\/\/lyonelkaufmann.ch\/Blog\/2018\/05\/01\/larrivee-a-montreal-avril-2018\/","url_meta":{"origin":23519,"position":5},"title":"L\u2019arriv\u00e9e \u00e0 Montr\u00e9al &#8211; avril 2018","author":"Lyonel Kaufmann","date":"1 mai 2018","format":false,"excerpt":"Montr\u00e9al - avril 2018 Le temps est gris \u00e0 mon arriv\u00e9e ce lundi \u00e0 Montr\u00e9al. Il fait m\u00eame frisquet. Le vol a connu quelques turbulences au-dessus du Saint-Laurent \u00e0 une heure de l\u2019arriv\u00e9e. Rien de bien m\u00e9chant. Depuis l\u2019a\u00e9roport, la situation du r\u00e9seau autoroutier ne s\u2019am\u00e9liore pas. Les routes sont\u2026","rel":"","context":"Dans &quot;Blogcaf\u00e9&quot;","block_context":{"text":"Blogcaf\u00e9","link":"https:\/\/lyonelkaufmann.ch\/Blog\/category\/blogcafe-2\/"},"img":{"alt_text":"","src":"https:\/\/i0.wp.com\/lyonelkaufmann.ch\/Blog\/wp-content\/uploads\/2018\/05\/Montreal1.jpeg?fit=802%2C1200&ssl=1&resize=350%2C200","width":350,"height":200,"srcset":"https:\/\/i0.wp.com\/lyonelkaufmann.ch\/Blog\/wp-content\/uploads\/2018\/05\/Montreal1.jpeg?fit=802%2C1200&ssl=1&resize=350%2C200 1x, https:\/\/i0.wp.com\/lyonelkaufmann.ch\/Blog\/wp-content\/uploads\/2018\/05\/Montreal1.jpeg?fit=802%2C1200&ssl=1&resize=525%2C300 1.5x, https:\/\/i0.wp.com\/lyonelkaufmann.ch\/Blog\/wp-content\/uploads\/2018\/05\/Montreal1.jpeg?fit=802%2C1200&ssl=1&resize=700%2C400 2x"},"classes":[]}],"jetpack_likes_enabled":true,"_links":{"self":[{"href":"https:\/\/lyonelkaufmann.ch\/Blog\/wp-json\/wp\/v2\/posts\/23519","targetHints":{"allow":["GET"]}}],"collection":[{"href":"https:\/\/lyonelkaufmann.ch\/Blog\/wp-json\/wp\/v2\/posts"}],"about":[{"href":"https:\/\/lyonelkaufmann.ch\/Blog\/wp-json\/wp\/v2\/types\/post"}],"author":[{"embeddable":true,"href":"https:\/\/lyonelkaufmann.ch\/Blog\/wp-json\/wp\/v2\/users\/1"}],"replies":[{"embeddable":true,"href":"https:\/\/lyonelkaufmann.ch\/Blog\/wp-json\/wp\/v2\/comments?post=23519"}],"version-history":[{"count":2,"href":"https:\/\/lyonelkaufmann.ch\/Blog\/wp-json\/wp\/v2\/posts\/23519\/revisions"}],"predecessor-version":[{"id":23880,"href":"https:\/\/lyonelkaufmann.ch\/Blog\/wp-json\/wp\/v2\/posts\/23519\/revisions\/23880"}],"wp:featuredmedia":[{"embeddable":true,"href":"https:\/\/lyonelkaufmann.ch\/Blog\/wp-json\/wp\/v2\/media\/23518"}],"wp:attachment":[{"href":"https:\/\/lyonelkaufmann.ch\/Blog\/wp-json\/wp\/v2\/media?parent=23519"}],"wp:term":[{"taxonomy":"category","embeddable":true,"href":"https:\/\/lyonelkaufmann.ch\/Blog\/wp-json\/wp\/v2\/categories?post=23519"},{"taxonomy":"post_tag","embeddable":true,"href":"https:\/\/lyonelkaufmann.ch\/Blog\/wp-json\/wp\/v2\/tags?post=23519"}],"curies":[{"name":"wp","href":"https:\/\/api.w.org\/{rel}","templated":true}]}}