{"id":254,"date":"2015-02-17T21:23:33","date_gmt":"2015-02-17T20:23:33","guid":{"rendered":"http:\/\/lyonelkaufmann.me\/?p=254"},"modified":"2015-02-17T21:23:33","modified_gmt":"2015-02-17T20:23:33","slug":"desk-pour-wordpress-2","status":"publish","type":"post","link":"https:\/\/lyonelkaufmann.ch\/Blog\/2015\/02\/17\/desk-pour-wordpress-2\/","title":{"rendered":"Desk pour WordPress"},"content":{"rendered":"<p>Me voil\u00e0 dans <a href=\"http:\/\/desk.pm\/\" target=\"_blank\">Desk<\/a>, un nouveau logiciel de publication pour blogs sous WordPress ou Tumblr.<\/p>\n<p>Il ressemble \u00e0 un \u00e9diteur de texte tel ByWord ou IaWriter, mais con\u00e7u pour une publication sur <b>les blogs<\/b>.<\/p>\n<p><img data-recalc-dims=\"1\" loading=\"lazy\" decoding=\"async\" style=\"max-height:none;max-width:100%;\" src=\"http:\/\/macchiatocafe.files.wordpress.com\/2015\/02\/fjordsaguenay28.png?resize=732%2C485\" alt=\"\" width=\"732\" height=\"485\" \/><\/p>\n<p>Il dispose d\u2019un mode jour\/nuit et les articles sont sauvegard\u00e9s via <i>iCloud Drive<\/i>.<\/p>\n<p>Je peux aussi tr\u00e8s facilement ajouter des images (si j\u2019ai bien suivi) en la glissant sur la fen\u00eatre active.<\/p>\n<div id=\"plate\" class=\"image-size mceNonEditable\" style=\"display:block;-webkit-transform:translateZ(0);top:249px;left:10px;\"><\/div>\n","protected":false},"excerpt":{"rendered":"<p>Me voil\u00e0 dans Desk, un nouveau logiciel de publication pour blogs sous WordPress ou Tumblr. Il ressemble \u00e0 un \u00e9diteur de texte tel ByWord ou IaWriter, mais con\u00e7u pour une publication sur les blogs. Il dispose d\u2019un mode jour\/nuit et les articles sont sauvegard\u00e9s via iCloud Drive. Je peux aussi tr\u00e8s facilement ajouter des images [&hellip;]<\/p>\n","protected":false},"author":1,"featured_media":14516,"comment_status":"closed","ping_status":"open","sticky":false,"template":"","format":"standard","meta":{"_import_markdown_pro_load_document_selector":0,"_import_markdown_pro_submit_text_textarea":"","_genesis_hide_title":false,"_genesis_hide_breadcrumbs":false,"_genesis_hide_singular_image":false,"_genesis_hide_footer_widgets":false,"_genesis_custom_body_class":"","_genesis_custom_post_class":"","_genesis_layout":"","jetpack_post_was_ever_published":false,"_jetpack_newsletter_access":"","_jetpack_dont_email_post_to_subs":false,"_jetpack_newsletter_tier_id":0,"_jetpack_memberships_contains_paywalled_content":false,"_jetpack_memberships_contains_paid_content":false,"activitypub_content_warning":"","activitypub_content_visibility":"","activitypub_max_image_attachments":3,"activitypub_interaction_policy_quote":"anyone","activitypub_status":"","footnotes":"","jetpack_publicize_message":"","jetpack_publicize_feature_enabled":true,"jetpack_social_post_already_shared":true,"jetpack_social_options":{"image_generator_settings":{"template":"fullscreen","default_image_id":0,"font":"","enabled":false},"version":2}},"categories":[1063],"tags":[],"class_list":{"0":"post-254","1":"post","2":"type-post","3":"status-publish","4":"format-standard","5":"has-post-thumbnail","7":"category-diary","8":"entry"},"jetpack_publicize_connections":[],"featured_image_src":"https:\/\/i0.wp.com\/lyonelkaufmann.ch\/Blog\/wp-content\/uploads\/2015\/03\/fjordsaguenay28.png.jpg?resize=600%2C400&ssl=1","featured_image_src_square":"https:\/\/i0.wp.com\/lyonelkaufmann.ch\/Blog\/wp-content\/uploads\/2015\/03\/fjordsaguenay28.png.jpg?resize=600%2C600&ssl=1","author_info":{"display_name":"Lyonel Kaufmann","author_link":"https:\/\/lyonelkaufmann.ch\/Blog\/author\/lyonelk\/"},"jetpack_featured_media_url":"https:\/\/i0.wp.com\/lyonelkaufmann.ch\/Blog\/wp-content\/uploads\/2015\/03\/fjordsaguenay28.png.jpg?fit=1024%2C678&ssl=1","jetpack_sharing_enabled":true,"jetpack_shortlink":"https:\/\/wp.me\/p1qtF4-46","jetpack-related-posts":[{"id":14712,"url":"https:\/\/lyonelkaufmann.ch\/Blog\/2015\/03\/05\/byword-ou-desk\/","url_meta":{"origin":254,"position":0},"title":"Prendre des notes \u00e0 l&rsquo;\u00e8re num\u00e9rique : ByWord ou Desk ?","author":"Lyonel Kaufmann","date":"5 mars 2015","format":false,"excerpt":"Byword ou Desk ? Dans le mode minimaliste et \u00e9diteur de texte, ByWord\u00a0(chf 12.- sans les options de publication) et Desk\u00a0(chf 29.- sur l\u2019AppleStore) s'opposent pour fournir \u00e0 l'utilisateur Mac un logiciel orient\u00e9 \"\u00e9criture\" avant d'\u00eatre des logiciels de publication pour blog. L'interface est minimaliste et chacun des logiciels disposent\u2026","rel":"","context":"Dans &quot;Blogcaf\u00e9&quot;","block_context":{"text":"Blogcaf\u00e9","link":"https:\/\/lyonelkaufmann.ch\/Blog\/category\/blogcafe-2\/"},"img":{"alt_text":"","src":"https:\/\/i0.wp.com\/lyonelkaufmann.ch\/Blog\/wp-content\/uploads\/2015\/03\/488130849_640.jpg?fit=640%2C360&ssl=1&resize=350%2C200","width":350,"height":200,"srcset":"https:\/\/i0.wp.com\/lyonelkaufmann.ch\/Blog\/wp-content\/uploads\/2015\/03\/488130849_640.jpg?fit=640%2C360&ssl=1&resize=350%2C200 1x, https:\/\/i0.wp.com\/lyonelkaufmann.ch\/Blog\/wp-content\/uploads\/2015\/03\/488130849_640.jpg?fit=640%2C360&ssl=1&resize=525%2C300 1.5x"},"classes":[]},{"id":1119,"url":"https:\/\/lyonelkaufmann.ch\/Blog\/2009\/02\/28\/reformer-le-pupitre-francois-guite\/","url_meta":{"origin":254,"position":1},"title":"R\u00e9former le pupitre |\u00a0Fran\u00e7ois Guit\u00e9","author":"Lyonel Kaufmann","date":"28 f\u00e9vrier 2009","format":false,"excerpt":"Voici une r\u00e9flexion int\u00e9ressant de Fran\u00e7ois Guit\u00e9 sur son blog Relief \u00bb R\u00e9former le pupitre: \"Pendant que le mobilier domiciliaire et industriel progresse \u00e0 la vitesse du g\u00e9nie et du design, le pupitre de l\u2019\u00e9l\u00e8ve \u00e9volue au rythme des bancs d\u2019\u00e9glise, c\u2019est-\u00e0-dire au train de l\u2019\u00e9rosion.\" Cette r\u00e9flexion nous rappelle\u2026","rel":"","context":"Dans &quot;histoire&quot;","block_context":{"text":"histoire","link":"https:\/\/lyonelkaufmann.ch\/Blog\/category\/histoire-2\/"},"img":{"alt_text":"","src":"https:\/\/i0.wp.com\/lyonelkaufmann.ch\/Blog\/wp-content\/uploads\/2015\/03\/061.jpg?fit=480%2C360&ssl=1&resize=350%2C200","width":350,"height":200},"classes":[]},{"id":1565,"url":"https:\/\/lyonelkaufmann.ch\/Blog\/2009\/09\/16\/theses-sur-les-sciences-historiques-a-lere-digitale\/","url_meta":{"origin":254,"position":2},"title":"Th\u00e8ses sur les sciences historiques \u00e0 l&rsquo;\u00e8re digitale","author":"Lyonel Kaufmann","date":"16 septembre 2009","format":false,"excerpt":"Dans sa contribution au colloque consacr\u00e9 aux m\u00e9dias num\u00e9riques et les sciences historiques de septembre 2009, Peter Haber a pr\u00e9sent\u00e9 diff\u00e9rentes hypoth\u00e8ses sur les \u00e9volutions possibles et les relations entre \u00e8re num\u00e9rique et la science historique que nous r\u00e9sumons ici Litt\u00e9racie num\u00e9rique: les historiens connaissent quelles sont les informations disponibles\u2026","rel":"","context":"Dans &quot;histoire&quot;","block_context":{"text":"histoire","link":"https:\/\/lyonelkaufmann.ch\/Blog\/category\/histoire-2\/"},"img":{"alt_text":"","src":"https:\/\/i0.wp.com\/lyonelkaufmann.ch\/Blog\/wp-content\/uploads\/2015\/03\/blogcafe1.jpg?fit=1024%2C683&ssl=1&resize=350%2C200","width":350,"height":200,"srcset":"https:\/\/i0.wp.com\/lyonelkaufmann.ch\/Blog\/wp-content\/uploads\/2015\/03\/blogcafe1.jpg?fit=1024%2C683&ssl=1&resize=350%2C200 1x, https:\/\/i0.wp.com\/lyonelkaufmann.ch\/Blog\/wp-content\/uploads\/2015\/03\/blogcafe1.jpg?fit=1024%2C683&ssl=1&resize=525%2C300 1.5x, https:\/\/i0.wp.com\/lyonelkaufmann.ch\/Blog\/wp-content\/uploads\/2015\/03\/blogcafe1.jpg?fit=1024%2C683&ssl=1&resize=700%2C400 2x"},"classes":[]},{"id":19632,"url":"https:\/\/lyonelkaufmann.ch\/Blog\/2018\/11\/04\/comment-recuperer-une-archive-de-toutes-vos-publications-sur-les-reseaux-sociaux-les-outils-de-la-veille\/","url_meta":{"origin":254,"position":3},"title":"Comment r\u00e9cup\u00e9rer une archive de toutes vos publications sur les r\u00e9seaux sociaux | Les outils de la veille","author":"Lyonel Kaufmann","date":"4 novembre 2018","format":false,"excerpt":"Comment r\u00e9cup\u00e9rer tous les tweets que vous avez post\u00e9s sur votre compte Twitter depuis le premier jour ? Comment faire la m\u00eame chose pour Facebook, LinkedIn ou encore Instagram ? Il peut parfois s\u2019av\u00e9rer utile de t\u00e9l\u00e9charger, re\u00e9cup\u00e9rer et sauvegarder l\u2019ensemble des publications publi\u00e9es sur les r\u00e9seaux sociaux. La plupart\u2026","rel":"","context":"Dans &quot;Blogcaf\u00e9&quot;","block_context":{"text":"Blogcaf\u00e9","link":"https:\/\/lyonelkaufmann.ch\/Blog\/category\/blogcafe-2\/"},"img":{"alt_text":"","src":"","width":0,"height":0},"classes":[]},{"id":3780,"url":"https:\/\/lyonelkaufmann.ch\/Blog\/2010\/10\/18\/des-publications-deleves-a-lire-et-a-commenter\/","url_meta":{"origin":254,"position":4},"title":"Des publications d&rsquo;\u00e9l\u00e8ves \u00e0 lire et \u00e0 commenter","author":"Lyonel Kaufmann","date":"18 octobre 2010","format":"aside","excerpt":"via Mario tout de go\u00c0 chaque d\u00e9but d\u2019ann\u00e9e scolaire, j\u2019aime \u00e0 hyperlier des endroits sur La Toile o\u00f9 ... Read More >>","rel":"","context":"Dans &quot;L'Expresso&quot;","block_context":{"text":"L'Expresso","link":"https:\/\/lyonelkaufmann.ch\/Blog\/category\/breves\/"},"img":{"alt_text":"","src":"https:\/\/i0.wp.com\/lyonelkaufmann.ch\/Blog\/wp-content\/uploads\/2015\/03\/blogcafe1.jpg?fit=1024%2C683&ssl=1&resize=350%2C200","width":350,"height":200,"srcset":"https:\/\/i0.wp.com\/lyonelkaufmann.ch\/Blog\/wp-content\/uploads\/2015\/03\/blogcafe1.jpg?fit=1024%2C683&ssl=1&resize=350%2C200 1x, https:\/\/i0.wp.com\/lyonelkaufmann.ch\/Blog\/wp-content\/uploads\/2015\/03\/blogcafe1.jpg?fit=1024%2C683&ssl=1&resize=525%2C300 1.5x, https:\/\/i0.wp.com\/lyonelkaufmann.ch\/Blog\/wp-content\/uploads\/2015\/03\/blogcafe1.jpg?fit=1024%2C683&ssl=1&resize=700%2C400 2x"},"classes":[]},{"id":12462,"url":"https:\/\/lyonelkaufmann.ch\/Blog\/2006\/01\/25\/les-ecoles-publiques-plus-efficaces-que-le-prive\/","url_meta":{"origin":254,"position":5},"title":"Les \u00e9coles publiques plus efficaces que le priv\u00e9?","author":"Lyonel Kaufmann","date":"25 janvier 2006","format":false,"excerpt":"Lu sur Guitef: Les \u00e9coles publiques plus efficaces que le priv\u00e9 ? Pour les math\u00e9matiques \u00e0 tout le moins, une \u00e9tude conclut que les \u00e9coles publiques am\u00e9ricaines r\u00e9ussissent aussi bien, sinon mieux, que les \u00e9coles priv\u00e9es ou \u00e0 charte (charter schools) quand on exclut les facteurs reli\u00e9s au milieu social\u2026","rel":"","context":"Dans &quot;Blogcaf\u00e9&quot;","block_context":{"text":"Blogcaf\u00e9","link":"https:\/\/lyonelkaufmann.ch\/Blog\/category\/blogcafe-2\/"},"img":{"alt_text":"","src":"https:\/\/i0.wp.com\/lyonelkaufmann.ch\/Blog\/wp-content\/uploads\/2015\/03\/blogcafe1.jpg?fit=1024%2C683&ssl=1&resize=350%2C200","width":350,"height":200,"srcset":"https:\/\/i0.wp.com\/lyonelkaufmann.ch\/Blog\/wp-content\/uploads\/2015\/03\/blogcafe1.jpg?fit=1024%2C683&ssl=1&resize=350%2C200 1x, https:\/\/i0.wp.com\/lyonelkaufmann.ch\/Blog\/wp-content\/uploads\/2015\/03\/blogcafe1.jpg?fit=1024%2C683&ssl=1&resize=525%2C300 1.5x, https:\/\/i0.wp.com\/lyonelkaufmann.ch\/Blog\/wp-content\/uploads\/2015\/03\/blogcafe1.jpg?fit=1024%2C683&ssl=1&resize=700%2C400 2x"},"classes":[]}],"jetpack_likes_enabled":true,"_links":{"self":[{"href":"https:\/\/lyonelkaufmann.ch\/Blog\/wp-json\/wp\/v2\/posts\/254","targetHints":{"allow":["GET"]}}],"collection":[{"href":"https:\/\/lyonelkaufmann.ch\/Blog\/wp-json\/wp\/v2\/posts"}],"about":[{"href":"https:\/\/lyonelkaufmann.ch\/Blog\/wp-json\/wp\/v2\/types\/post"}],"author":[{"embeddable":true,"href":"https:\/\/lyonelkaufmann.ch\/Blog\/wp-json\/wp\/v2\/users\/1"}],"replies":[{"embeddable":true,"href":"https:\/\/lyonelkaufmann.ch\/Blog\/wp-json\/wp\/v2\/comments?post=254"}],"version-history":[{"count":0,"href":"https:\/\/lyonelkaufmann.ch\/Blog\/wp-json\/wp\/v2\/posts\/254\/revisions"}],"wp:featuredmedia":[{"embeddable":true,"href":"https:\/\/lyonelkaufmann.ch\/Blog\/wp-json\/wp\/v2\/media\/14516"}],"wp:attachment":[{"href":"https:\/\/lyonelkaufmann.ch\/Blog\/wp-json\/wp\/v2\/media?parent=254"}],"wp:term":[{"taxonomy":"category","embeddable":true,"href":"https:\/\/lyonelkaufmann.ch\/Blog\/wp-json\/wp\/v2\/categories?post=254"},{"taxonomy":"post_tag","embeddable":true,"href":"https:\/\/lyonelkaufmann.ch\/Blog\/wp-json\/wp\/v2\/tags?post=254"}],"curies":[{"name":"wp","href":"https:\/\/api.w.org\/{rel}","templated":true}]}}