{"id":264,"date":"2007-12-19T08:52:30","date_gmt":"2007-12-19T07:52:30","guid":{"rendered":"http:\/\/lyonelkaufmann.ch\/histoire\/2007\/12\/19\/la-fabrique-des-images-contemporaines\/"},"modified":"2007-12-19T08:52:30","modified_gmt":"2007-12-19T07:52:30","slug":"la-fabrique-des-images-contemporaines","status":"publish","type":"post","link":"https:\/\/lyonelkaufmann.ch\/Blog\/2007\/12\/19\/la-fabrique-des-images-contemporaines\/","title":{"rendered":"La Fabrique des images contemporaines"},"content":{"rendered":"<blockquote>\n<div align=\"center\"><img data-recalc-dims=\"1\" decoding=\"async\" src=\"https:\/\/i0.wp.com\/farm3.static.flickr.com\/2194\/1565938025_6e48500be4_m.jpg\" \/><br \/>\nLa Fabrique des images contemporaines (2007)<br \/>\nPar Christian Delage, Vincent Guigueno et Andr&eacute; Gunthert<br \/>\nEditions du Cercle d&rsquo;art, 192 p., 101 ill. coul., 45 &euro;, ISBN: 978-2-7022-0840-3 <\/div>\n<\/blockquote>\n<div align=\"justify\">Anim&eacute;s par la volont&eacute; d&rsquo;offrir &agrave; un tr&egrave;s large public des outils de jugement critique sur l&rsquo;iconographie contemporaine, les auteurs de l&rsquo;ouvrage nous font entrer dans la fabrique des images: celles, mythifi&eacute;es, de Robert Doisneau dans sa s&eacute;rie des \u00ab\u00a0Baisers\u00a0\u00bb, comme celles, compos&eacute;es successivement par plusieurs g&eacute;n&eacute;rations de cin&eacute;astes, du d&eacute;barquement en Normandie. Ils reviennent &eacute;galement sur le r&ocirc;le d&eacute;cisif qu&rsquo;ont jou&eacute; les images dans des moments cl&eacute;s de l&rsquo;histoire contemporaine, tel l&rsquo;assassinat de Kennedy, les attentats du 11 septembre 2001 ou bien encore la fin du communisme en Roumanie. Dans ce dernier cas, est &eacute;lucid&eacute;e ici l&rsquo;affaire dite des \u00ab\u00a0faux charniers\u00a0\u00bb de Timisoara qui fut consid&eacute;r&eacute;e &agrave; tort comme un exemple-type de d&eacute;sinformation.<\/p>\n<p>A rebours de l&rsquo;opinion commune selon laquelle l&rsquo;image \u00ab\u00a0mentirait\u00a0\u00bb davantage encore depuis l&rsquo;arriv&eacute;e du num&eacute;rique, les auteurs montrent combien les nouveaux usages renforcent, au lieu de les affaiblir, la vigilance citoyenne et le lien organique qui unit l&rsquo;image au r&eacute;el. Il en va de m&ecirc;me de l&rsquo;&eacute;volution des techniques qui permettent de d&eacute;velopper une nouvelle &eacute;chelle du regard (Google Earth).<\/p>\n<p>La Fabrique des images contemporaines r&eacute;v&egrave;le en outre comment, dans le monde entier, la mobilisation militante, politique, &eacute;cologique ou syndicale met en place de v&eacute;ritables canaux d&rsquo;information parall&egrave;le, capables de parasiter jusqu&rsquo;aux plates-formes commerciales et institutionnelles de partage d&rsquo;images ou de vid&eacute;os.<\/p>\n<p><a href=\"http:\/\/www.arhv.lhivic.org\/index.php\/2007\/10\/15\/521-a-fabrique-des-images-contemporaines\">Table des mati&egrave;res<\/a><\/div>\n","protected":false},"excerpt":{"rendered":"<p>La Fabrique des images contemporaines (2007) Par Christian Delage, Vincent Guigueno et Andr&eacute; Gunthert Editions du Cercle d&rsquo;art, 192 p., 101 ill. coul., 45 &euro;, ISBN: 978-2-7022-0840-3 Anim&eacute;s par la volont&eacute; d&rsquo;offrir &agrave; un tr&egrave;s large public des outils de jugement critique sur l&rsquo;iconographie contemporaine, les auteurs de l&rsquo;ouvrage nous font entrer dans la fabrique [&hellip;]<\/p>\n","protected":false},"author":1,"featured_media":13536,"comment_status":"open","ping_status":"open","sticky":false,"template":"","format":"standard","meta":{"_import_markdown_pro_load_document_selector":0,"_import_markdown_pro_submit_text_textarea":"","_genesis_hide_title":false,"_genesis_hide_breadcrumbs":false,"_genesis_hide_singular_image":false,"_genesis_hide_footer_widgets":false,"_genesis_custom_body_class":"","_genesis_custom_post_class":"","_genesis_layout":"","jetpack_post_was_ever_published":false,"_jetpack_newsletter_access":"","_jetpack_dont_email_post_to_subs":false,"_jetpack_newsletter_tier_id":0,"_jetpack_memberships_contains_paywalled_content":false,"_jetpack_memberships_contains_paid_content":false,"activitypub_content_warning":"","activitypub_content_visibility":"","activitypub_max_image_attachments":3,"activitypub_interaction_policy_quote":"anyone","activitypub_status":"","footnotes":"","jetpack_publicize_message":"","jetpack_publicize_feature_enabled":true,"jetpack_social_post_already_shared":true,"jetpack_social_options":{"image_generator_settings":{"template":"fullscreen","default_image_id":0,"font":"","enabled":false},"version":2}},"categories":[2],"tags":[],"class_list":{"0":"post-264","1":"post","2":"type-post","3":"status-publish","4":"format-standard","5":"has-post-thumbnail","7":"category-histoire-2","8":"entry"},"jetpack_publicize_connections":[],"featured_image_src":"https:\/\/i0.wp.com\/lyonelkaufmann.ch\/Blog\/wp-content\/uploads\/2015\/03\/1565938025_6e48500be4_m.jpg?resize=181%2C240&ssl=1","featured_image_src_square":"https:\/\/i0.wp.com\/lyonelkaufmann.ch\/Blog\/wp-content\/uploads\/2015\/03\/1565938025_6e48500be4_m.jpg?resize=181%2C240&ssl=1","author_info":{"display_name":"Lyonel Kaufmann","author_link":"https:\/\/lyonelkaufmann.ch\/Blog\/author\/lyonelk\/"},"jetpack_featured_media_url":"https:\/\/i0.wp.com\/lyonelkaufmann.ch\/Blog\/wp-content\/uploads\/2015\/03\/1565938025_6e48500be4_m.jpg?fit=181%2C240&ssl=1","jetpack_sharing_enabled":true,"jetpack_shortlink":"https:\/\/wp.me\/p1qtF4-4g","jetpack-related-posts":[{"id":405,"url":"https:\/\/lyonelkaufmann.ch\/Blog\/2008\/09\/25\/une-traversee-photographique-du-vingtieme-siecle-exposition\/","url_meta":{"origin":264,"position":0},"title":"Une travers\u00e9e photographique du vingti\u00e8me si\u00e8cle. (Exposition)","author":"Lyonel Kaufmann","date":"25 septembre 2008","format":false,"excerpt":"Dans le prolongement de notre journ\u00e9e image de ce mardi organis\u00e9e \u00e0 la HEP-VD, celles et ceux qui auront la chance de passer par Paris entre le 21 octobre et le 20 d\u00e9cembre 2008 pourront se rendre \u00e0 l'exposition organis\u00e9e par le Mus\u00e9e d\u2019histoire contemporaine et la Biblioth\u00e8que de Documentation\u2026","rel":"","context":"Dans &quot;histoire&quot;","block_context":{"text":"histoire","link":"https:\/\/lyonelkaufmann.ch\/Blog\/category\/histoire-2\/"},"img":{"alt_text":"","src":"https:\/\/i0.wp.com\/lyonelkaufmann.ch\/Blog\/wp-content\/uploads\/2015\/03\/blogcafe1.jpg?fit=1024%2C683&ssl=1&resize=350%2C200","width":350,"height":200,"srcset":"https:\/\/i0.wp.com\/lyonelkaufmann.ch\/Blog\/wp-content\/uploads\/2015\/03\/blogcafe1.jpg?fit=1024%2C683&ssl=1&resize=350%2C200 1x, https:\/\/i0.wp.com\/lyonelkaufmann.ch\/Blog\/wp-content\/uploads\/2015\/03\/blogcafe1.jpg?fit=1024%2C683&ssl=1&resize=525%2C300 1.5x, https:\/\/i0.wp.com\/lyonelkaufmann.ch\/Blog\/wp-content\/uploads\/2015\/03\/blogcafe1.jpg?fit=1024%2C683&ssl=1&resize=700%2C400 2x"},"classes":[]},{"id":12771,"url":"https:\/\/lyonelkaufmann.ch\/Blog\/2012\/08\/23\/festival-images-2012-un-cindy-sherman-de-500-m2-a-vevey\/","url_meta":{"origin":264,"position":1},"title":"Festival Images 2012 : Un Cindy Sherman de 500 m2 \u00e0 Vevey","author":"Lyonel Kaufmann","date":"23 ao\u00fbt 2012","format":"image","excerpt":"Apr\u00e8s une \u00e9dition 2010 remarquable, la barre \u00e9tait plac\u00e9e haut pour Stefano Stoll et le Festival Images \u00e0 Vevey. Aujourd'hui, \u00e0 deux semaines et demie de l'ouverture de l'\u00e9dition 2012, celle-ci s'annonce prometteuse \u00e0 l'exemple de cette derni\u00e8re pi\u00e8ce du puzzle : un portrait g\u00e9ant de l\u2019artiste contemporaine am\u00e9ricaine Cindy\u2026","rel":"","context":"Dans &quot;Blogcaf\u00e9&quot;","block_context":{"text":"Blogcaf\u00e9","link":"https:\/\/lyonelkaufmann.ch\/Blog\/category\/blogcafe-2\/"},"img":{"alt_text":"","src":"https:\/\/i0.wp.com\/www.politis.ch\/carnets\/wp-content\/uploads\/2012\/08\/16.jpg?resize=350%2C200","width":350,"height":200,"srcset":"https:\/\/i0.wp.com\/www.politis.ch\/carnets\/wp-content\/uploads\/2012\/08\/16.jpg?resize=350%2C200 1x, https:\/\/i0.wp.com\/www.politis.ch\/carnets\/wp-content\/uploads\/2012\/08\/16.jpg?resize=525%2C300 1.5x"},"classes":[]},{"id":7218,"url":"https:\/\/lyonelkaufmann.ch\/Blog\/2013\/07\/24\/lhistoire-contemporaine-a-lere-numerique-peter-lang\/","url_meta":{"origin":264,"position":2},"title":"L&rsquo;histoire contemporaine \u00e0 l&rsquo;\u00e8re num\u00e9rique | Peter Lang","author":"Lyonel Kaufmann","date":"24 juillet 2013","format":false,"excerpt":"Pr\u00e9sentation : \"Depuis plusieurs d\u00e9cennies, les usages du num\u00e9rique en histoire se multiplient. Mais l\u2019histoire contemporaine est parfois rest\u00e9e \u00e0 la marge de ce mouvement. Ce livre, qui recouvre divers usages du num\u00e9rique, ses outils, ses m\u00e9thodes, sera \u00e0 la fois une bonne introduction pour les historiens d\u00e9sirant se renseigner\u2026","rel":"","context":"Dans &quot;histoire&quot;","block_context":{"text":"histoire","link":"https:\/\/lyonelkaufmann.ch\/Blog\/category\/histoire-2\/"},"img":{"alt_text":"","src":"https:\/\/i0.wp.com\/lyonelkaufmann.ch\/Blog\/wp-content\/uploads\/2015\/03\/20130723-231805.jpg?fit=271%2C400&ssl=1&resize=350%2C200","width":350,"height":200},"classes":[]},{"id":3058,"url":"https:\/\/lyonelkaufmann.ch\/Blog\/2010\/01\/17\/invictus-la-fabrique-du-heros-zero-de-conduite\/","url_meta":{"origin":264,"position":3},"title":"Invictus : la fabrique du h\u00e9ros | Z\u00e9ro de conduite","author":"Lyonel Kaufmann","date":"17 janvier 2010","format":"aside","excerpt":"Invictus s\u2019attache surtout \u00e0 poursuivre la r\u00e9flexion sur la fabrique du h\u00e9ros contemporain qui semble obs\u00e9der Eastwood film apr\u00e8s film. Poursuivant un projet entrepris dans les ann\u00e9es 1990, le film retranscrit ainsi dans une perspective presque hagiographique, la geste de N. Mandela. [\u2026]. Par les fictions bien-pensantes de la deuxi\u00e8me\u2026","rel":"","context":"Dans &quot;Blogcaf\u00e9&quot;","block_context":{"text":"Blogcaf\u00e9","link":"https:\/\/lyonelkaufmann.ch\/Blog\/category\/blogcafe-2\/"},"img":{"alt_text":"","src":"https:\/\/i0.wp.com\/lyonelkaufmann.ch\/Blog\/wp-content\/uploads\/2010\/01\/invictus.jpg?resize=350%2C200","width":350,"height":200},"classes":[]},{"id":7464,"url":"https:\/\/lyonelkaufmann.ch\/Blog\/2013\/09\/07\/revue-de-presse-revolution-tranquille-lignorance-pleine-de-lhistoire-du-quebec-contemporain-chaire-de-recherche-du-canada-en-histoire-et-economie-politique-du-quebec-contemporai\/","url_meta":{"origin":264,"position":4},"title":"Revue de presse : R\u00e9volution tranquille? L\u2019ignorance pleine de l\u2019histoire du Qu\u00e9bec contemporain","author":"Lyonel Kaufmann","date":"7 septembre 2013","format":false,"excerpt":"Depuis 2004, des chercheurs ont sond\u00e9 les jeunes Qu\u00e9b\u00e9cois au sujet de la R\u00e9volution tranquille. Leurs \u00e9tudes sont disponibles sous forme de m\u00e9moire de ma\u00eetrise ou d\u2019articles scientifiques. Coup sur coup, ces \u00e9tudes illustrent que les jeunes ont une ignorance pleine plut\u00f4t que vide de la R\u00e9volution tranquille. Ils poss\u00e8dent\u2026","rel":"","context":"Dans &quot;histoire&quot;","block_context":{"text":"histoire","link":"https:\/\/lyonelkaufmann.ch\/Blog\/category\/histoire-2\/"},"img":{"alt_text":"","src":"https:\/\/i0.wp.com\/lyonelkaufmann.ch\/Blog\/wp-content\/uploads\/2015\/03\/blogcafe1.jpg?fit=1024%2C683&ssl=1&resize=350%2C200","width":350,"height":200,"srcset":"https:\/\/i0.wp.com\/lyonelkaufmann.ch\/Blog\/wp-content\/uploads\/2015\/03\/blogcafe1.jpg?fit=1024%2C683&ssl=1&resize=350%2C200 1x, https:\/\/i0.wp.com\/lyonelkaufmann.ch\/Blog\/wp-content\/uploads\/2015\/03\/blogcafe1.jpg?fit=1024%2C683&ssl=1&resize=525%2C300 1.5x, https:\/\/i0.wp.com\/lyonelkaufmann.ch\/Blog\/wp-content\/uploads\/2015\/03\/blogcafe1.jpg?fit=1024%2C683&ssl=1&resize=700%2C400 2x"},"classes":[]},{"id":3010,"url":"https:\/\/lyonelkaufmann.ch\/Blog\/2010\/07\/30\/comment-la-science-fabrique-des-contes-de-fees-prisme-de-tete\/","url_meta":{"origin":264,"position":5},"title":"Comment la science fabrique des contes de f\u00e9es | Pris(m)e de t\u00eate","author":"Lyonel Kaufmann","date":"30 juillet 2010","format":false,"excerpt":"Il y a peu, un beau conte de f\u00e9es se trouvait [\u2026] dans tous les manuels scolaires. Une histoire touchante mais\u2026 fausse et biais\u00e9e. Dans une publication teint\u00e9e d\u2019humour, l\u2019anthropologue et f\u00e9ministe Emily Martin d\u00e9crypte avec pr\u00e9cision les st\u00e9r\u00e9otypes masculins et f\u00e9minins utilis\u00e9s en biologie de la reproduction. L\u2019ovule est\u2026","rel":"","context":"Dans &quot;histoire&quot;","block_context":{"text":"histoire","link":"https:\/\/lyonelkaufmann.ch\/Blog\/category\/histoire-2\/"},"img":{"alt_text":"","src":"https:\/\/i0.wp.com\/lyonelkaufmann.ch\/Blog\/wp-content\/uploads\/2015\/03\/blogcafe1.jpg?fit=1024%2C683&ssl=1&resize=350%2C200","width":350,"height":200,"srcset":"https:\/\/i0.wp.com\/lyonelkaufmann.ch\/Blog\/wp-content\/uploads\/2015\/03\/blogcafe1.jpg?fit=1024%2C683&ssl=1&resize=350%2C200 1x, https:\/\/i0.wp.com\/lyonelkaufmann.ch\/Blog\/wp-content\/uploads\/2015\/03\/blogcafe1.jpg?fit=1024%2C683&ssl=1&resize=525%2C300 1.5x, https:\/\/i0.wp.com\/lyonelkaufmann.ch\/Blog\/wp-content\/uploads\/2015\/03\/blogcafe1.jpg?fit=1024%2C683&ssl=1&resize=700%2C400 2x"},"classes":[]}],"jetpack_likes_enabled":true,"_links":{"self":[{"href":"https:\/\/lyonelkaufmann.ch\/Blog\/wp-json\/wp\/v2\/posts\/264","targetHints":{"allow":["GET"]}}],"collection":[{"href":"https:\/\/lyonelkaufmann.ch\/Blog\/wp-json\/wp\/v2\/posts"}],"about":[{"href":"https:\/\/lyonelkaufmann.ch\/Blog\/wp-json\/wp\/v2\/types\/post"}],"author":[{"embeddable":true,"href":"https:\/\/lyonelkaufmann.ch\/Blog\/wp-json\/wp\/v2\/users\/1"}],"replies":[{"embeddable":true,"href":"https:\/\/lyonelkaufmann.ch\/Blog\/wp-json\/wp\/v2\/comments?post=264"}],"version-history":[{"count":0,"href":"https:\/\/lyonelkaufmann.ch\/Blog\/wp-json\/wp\/v2\/posts\/264\/revisions"}],"wp:featuredmedia":[{"embeddable":true,"href":"https:\/\/lyonelkaufmann.ch\/Blog\/wp-json\/wp\/v2\/media\/13536"}],"wp:attachment":[{"href":"https:\/\/lyonelkaufmann.ch\/Blog\/wp-json\/wp\/v2\/media?parent=264"}],"wp:term":[{"taxonomy":"category","embeddable":true,"href":"https:\/\/lyonelkaufmann.ch\/Blog\/wp-json\/wp\/v2\/categories?post=264"},{"taxonomy":"post_tag","embeddable":true,"href":"https:\/\/lyonelkaufmann.ch\/Blog\/wp-json\/wp\/v2\/tags?post=264"}],"curies":[{"name":"wp","href":"https:\/\/api.w.org\/{rel}","templated":true}]}}