{"id":266,"date":"2007-12-24T20:00:00","date_gmt":"2007-12-24T19:00:00","guid":{"rendered":"http:\/\/lyonelkaufmann.ch\/histoire\/2007\/12\/24\/fable-de-nol\/"},"modified":"2007-12-24T20:00:00","modified_gmt":"2007-12-24T19:00:00","slug":"fable-de-nol","status":"publish","type":"post","link":"https:\/\/lyonelkaufmann.ch\/Blog\/2007\/12\/24\/fable-de-nol\/","title":{"rendered":"Fable de No\u00ebl"},"content":{"rendered":"<div align=\"justify\">Instant charmant ou redout&eacute;, voire redoutable, la ch&egrave;re po&eacute;sie devant le sapin.<br \/>\n&#8211; <i>Allez, Christoph fait un effort, dis-nous ta po&eacute;sie si tu veux avoir ton cadeau de No&euml;l.<\/i><\/p>\n<p>Gal&egrave;re, dans ces cas-l&agrave;, non? Surtout que la cousine Eveline s&rsquo;est pr&eacute;cipit&eacute;e tout &agrave; l&rsquo;heure pour r&eacute;citer la sienne. Avec brio, comme d&rsquo;habitude. Tout le monde l&rsquo;a f&eacute;licit&eacute;e, comme de soi.<br \/>\n&#8211; <i>Grrrr<\/i>, fait Martin int&eacute;rieurement.<\/p>\n<p>Alors pour tous ceux pour qui ce moment &eacute;voque de bons ou de mauvais souvenirs, pour r&eacute;concilier Christoph et Eveline ainsi que Pascal et les autres, je leur\/vous offre ce petit po&egrave;me et je vous dis &laquo;Joyeux No&euml;l&raquo;.<\/p><\/div>\n<div align=\"center\">\n<div><iframe loading=\"lazy\" width=\"425\" height=\"334\" src=\"https:\/\/www.dailymotion.com\/embed\/video\/xbpb2\" style=\"border:0;\" allowfullscreen><\/iframe><\/div>\n<\/div>\n","protected":false},"excerpt":{"rendered":"<p>Instant charmant ou redout&eacute;, voire redoutable, la ch&egrave;re po&eacute;sie devant le sapin. &#8211; Allez, Christoph fait un effort, dis-nous ta po&eacute;sie si tu veux avoir ton cadeau de No&euml;l. Gal&egrave;re, dans ces cas-l&agrave;, non? Surtout que la cousine Eveline s&rsquo;est pr&eacute;cipit&eacute;e tout &agrave; l&rsquo;heure pour r&eacute;citer la sienne. Avec brio, comme d&rsquo;habitude. Tout le monde [&hellip;]<\/p>\n","protected":false},"author":1,"featured_media":13537,"comment_status":"open","ping_status":"open","sticky":false,"template":"","format":"standard","meta":{"_import_markdown_pro_load_document_selector":0,"_import_markdown_pro_submit_text_textarea":"","_genesis_hide_title":false,"_genesis_hide_breadcrumbs":false,"_genesis_hide_singular_image":false,"_genesis_hide_footer_widgets":false,"_genesis_custom_body_class":"","_genesis_custom_post_class":"","_genesis_layout":"","jetpack_post_was_ever_published":false,"_jetpack_newsletter_access":"","_jetpack_dont_email_post_to_subs":false,"_jetpack_newsletter_tier_id":0,"_jetpack_memberships_contains_paywalled_content":false,"_jetpack_memberships_contains_paid_content":false,"activitypub_content_warning":"","activitypub_content_visibility":"","activitypub_max_image_attachments":3,"activitypub_interaction_policy_quote":"anyone","activitypub_status":"","footnotes":"","jetpack_publicize_message":"","jetpack_publicize_feature_enabled":true,"jetpack_social_post_already_shared":true,"jetpack_social_options":{"image_generator_settings":{"template":"fullscreen","default_image_id":0,"font":"","enabled":false},"version":2}},"categories":[2],"tags":[],"class_list":{"0":"post-266","1":"post","2":"type-post","3":"status-publish","4":"format-standard","5":"has-post-thumbnail","7":"category-histoire-2","8":"entry"},"jetpack_publicize_connections":[],"featured_image_src":"https:\/\/i0.wp.com\/lyonelkaufmann.ch\/Blog\/wp-content\/uploads\/2015\/03\/Czn5.jpg?resize=320%2C240&ssl=1","featured_image_src_square":"https:\/\/i0.wp.com\/lyonelkaufmann.ch\/Blog\/wp-content\/uploads\/2015\/03\/Czn5.jpg?resize=320%2C240&ssl=1","author_info":{"display_name":"Lyonel Kaufmann","author_link":"https:\/\/lyonelkaufmann.ch\/Blog\/author\/lyonelk\/"},"jetpack_featured_media_url":"https:\/\/i0.wp.com\/lyonelkaufmann.ch\/Blog\/wp-content\/uploads\/2015\/03\/Czn5.jpg?fit=320%2C240&ssl=1","jetpack_sharing_enabled":true,"jetpack_shortlink":"https:\/\/wp.me\/p1qtF4-4i","jetpack-related-posts":[{"id":12596,"url":"https:\/\/lyonelkaufmann.ch\/Blog\/2007\/12\/23\/le-repas-de-noel\/","url_meta":{"origin":266,"position":0},"title":"Le repas de No\u00ebl","author":"Lyonel Kaufmann","date":"23 d\u00e9cembre 2007","format":"aside","excerpt":"Les f\u00eates arrivent et leur cort\u00e8ge de repas. Pour vous mettre en app\u00e9tit\u2026 ou pour vous d\u00e9crisper si cette \u00e9poque de surbouffe vous met les nerfs en pelote, les Fr\u00e8res Taloches sont de retours pour le meilleur et pour le rire\u2026 J'en profite pour vous souhaiter de bonnes f\u00eates de\u2026","rel":"","context":"Dans &quot;Blogcaf\u00e9&quot;","block_context":{"text":"Blogcaf\u00e9","link":"https:\/\/lyonelkaufmann.ch\/Blog\/category\/blogcafe-2\/"},"img":{"alt_text":"","src":"https:\/\/i0.wp.com\/lyonelkaufmann.ch\/Blog\/wp-content\/uploads\/2015\/03\/041.jpg?fit=450%2C360&ssl=1&resize=350%2C200","width":350,"height":200},"classes":[]},{"id":1571,"url":"https:\/\/lyonelkaufmann.ch\/Blog\/2008\/12\/25\/joyeux-noel-en-chansons\/","url_meta":{"origin":266,"position":1},"title":"Joyeux No\u00ebl en chansons","author":"Lyonel Kaufmann","date":"25 d\u00e9cembre 2008","format":"aside","excerpt":"Si vous souhaitez renouveler votre panoplie de chants de No\u00ebl, si comme Fran\u00e7ois Monney ou moi vous \u00eates plus Bruce Springsteen que Tino Rossi alors je vous propose quelques chants de No\u00ebl susceptibles d'\u00e9gayer votre r\u00e9veillon de No\u00ebl. J'en profite pour vous souhaitez \u00e0 toutes et tous un Joyeux No\u00ebl.\u2026","rel":"","context":"Dans &quot;Blogcaf\u00e9&quot;","block_context":{"text":"Blogcaf\u00e9","link":"https:\/\/lyonelkaufmann.ch\/Blog\/category\/blogcafe-2\/"},"img":{"alt_text":"","src":"https:\/\/i0.wp.com\/lyonelkaufmann.ch\/Blog\/wp-content\/uploads\/2015\/03\/056.jpg?fit=480%2C360&ssl=1&resize=350%2C200","width":350,"height":200},"classes":[]},{"id":27799,"url":"https:\/\/lyonelkaufmann.ch\/Blog\/2025\/12\/09\/montreux-noel-6-decembre-2025\/","url_meta":{"origin":266,"position":2},"title":"Montreux No\u00ebl &#8211; 6 d\u00e9cembre 2025","author":"Lyonel Kaufmann","date":"9 d\u00e9cembre 2025","format":false,"excerpt":"Photo : Sony zv-e10, objectif Viltrox 15mm Air, f1.7. Traitement avec Pixlr, filtre Amber (Friends) Petite escapade samedi soir pour l'ap\u00e9ro au Montreux No\u00ebl.S'il y avait du monde, la situation \u00e9tait tout \u00e0 fait viable.La bonne id\u00e9e pour se d\u00e9placer le week-end, c'est la mise \u00e0 disposition gratuite des bus\u2026","rel":"","context":"Dans &quot;Blogcaf\u00e9&quot;","block_context":{"text":"Blogcaf\u00e9","link":"https:\/\/lyonelkaufmann.ch\/Blog\/category\/blogcafe-2\/"},"img":{"alt_text":"","src":"https:\/\/i0.wp.com\/lyonelkaufmann.ch\/Blog\/wp-content\/uploads\/2025\/12\/DSC05005.jpg?fit=1200%2C800&ssl=1&resize=350%2C200","width":350,"height":200,"srcset":"https:\/\/i0.wp.com\/lyonelkaufmann.ch\/Blog\/wp-content\/uploads\/2025\/12\/DSC05005.jpg?fit=1200%2C800&ssl=1&resize=350%2C200 1x, https:\/\/i0.wp.com\/lyonelkaufmann.ch\/Blog\/wp-content\/uploads\/2025\/12\/DSC05005.jpg?fit=1200%2C800&ssl=1&resize=525%2C300 1.5x, https:\/\/i0.wp.com\/lyonelkaufmann.ch\/Blog\/wp-content\/uploads\/2025\/12\/DSC05005.jpg?fit=1200%2C800&ssl=1&resize=700%2C400 2x, https:\/\/i0.wp.com\/lyonelkaufmann.ch\/Blog\/wp-content\/uploads\/2025\/12\/DSC05005.jpg?fit=1200%2C800&ssl=1&resize=1050%2C600 3x"},"classes":[]},{"id":1916,"url":"https:\/\/lyonelkaufmann.ch\/Blog\/2010\/01\/12\/guide-2010-annee-maitrise-vie-numerique\/","url_meta":{"origin":266,"position":3},"title":"Guide 2010: l&rsquo;ann\u00e9e de la ma\u00eetrise de sa vie num\u00e9rique","author":"Lyonel Kaufmann","date":"12 janvier 2010","format":false,"excerpt":"En ce d\u00e9but 2010, plut\u00f4t que de bonnes r\u00e9solutions, je me propose de m'attarder sur quelques tendances, opinions, r\u00e9flexions relatives \u00e0 l'emploi des m\u00e9dia et technologies en milieu scolaire. A vous ensuite de trier, de vous faire un avis et\/ou de prolonger. Tristan Nitot (Google et Facebook dans le collimateur\u2026","rel":"","context":"Dans &quot;histoire&quot;","block_context":{"text":"histoire","link":"https:\/\/lyonelkaufmann.ch\/Blog\/category\/histoire-2\/"},"img":{"alt_text":"","src":"https:\/\/i0.wp.com\/lyonelkaufmann.ch\/histoire\/wp-content\/uploads\/\/2010\/01\/ViePrivee-150x150.jpg?resize=350%2C200","width":350,"height":200},"classes":[]},{"id":15525,"url":"https:\/\/lyonelkaufmann.ch\/Blog\/2015\/11\/29\/marche-de-noel-a-ornans\/","url_meta":{"origin":266,"position":4},"title":"March\u00e9 de No\u00ebl \u00e0 Ornans","author":"Lyonel Kaufmann","date":"29 novembre 2015","format":false,"excerpt":"En ce dernier week-end de novembre, Ornans vivait au rythme de son traditionnel march\u00e9 de No\u00ebl. Avec les attentats de Paris, l'ambiance \u00e9tait particuli\u00e8re. Cela n'a pas emp\u00each\u00e9 le p\u00e8re No\u00ebl de descendre la Loue en cano\u00eb. March\u00e9 de No\u00ebl \u00e0 Ornans, vendredi 27.11.2015\u2014Lyonel KaufmannDocs.com","rel":"","context":"Dans &quot;Blogcaf\u00e9&quot;","block_context":{"text":"Blogcaf\u00e9","link":"https:\/\/lyonelkaufmann.ch\/Blog\/category\/blogcafe-2\/"},"img":{"alt_text":"","src":"https:\/\/i0.wp.com\/lyonelkaufmann.ch\/Blog\/wp-content\/uploads\/2015\/11\/IMG_3275.jpg?fit=1200%2C797&ssl=1&resize=350%2C200","width":350,"height":200,"srcset":"https:\/\/i0.wp.com\/lyonelkaufmann.ch\/Blog\/wp-content\/uploads\/2015\/11\/IMG_3275.jpg?fit=1200%2C797&ssl=1&resize=350%2C200 1x, https:\/\/i0.wp.com\/lyonelkaufmann.ch\/Blog\/wp-content\/uploads\/2015\/11\/IMG_3275.jpg?fit=1200%2C797&ssl=1&resize=525%2C300 1.5x, https:\/\/i0.wp.com\/lyonelkaufmann.ch\/Blog\/wp-content\/uploads\/2015\/11\/IMG_3275.jpg?fit=1200%2C797&ssl=1&resize=700%2C400 2x, https:\/\/i0.wp.com\/lyonelkaufmann.ch\/Blog\/wp-content\/uploads\/2015\/11\/IMG_3275.jpg?fit=1200%2C797&ssl=1&resize=1050%2C600 3x"},"classes":[]},{"id":12245,"url":"https:\/\/lyonelkaufmann.ch\/Blog\/2014\/11\/30\/marche-de-noel-montreux\/","url_meta":{"origin":266,"position":5},"title":"March\u00e9 de No\u00ebl @ Montreux","author":"Lyonel Kaufmann","date":"30 novembre 2014","format":false,"excerpt":"Vous prendrez bien une petite cr\u00eape au March\u00e9 de No\u00ebl \u00e0 Montreux.","rel":"","context":"Dans &quot;Photo du jour&quot;","block_context":{"text":"Photo du jour","link":"https:\/\/lyonelkaufmann.ch\/Blog\/category\/photo-du-jour\/"},"img":{"alt_text":"","src":"https:\/\/i0.wp.com\/lyonelkaufmann.ch\/Blog\/wp-content\/uploads\/2015\/03\/15911687555_4df9a3c581_c.jpg?fit=600%2C800&ssl=1&resize=350%2C200","width":350,"height":200,"srcset":"https:\/\/i0.wp.com\/lyonelkaufmann.ch\/Blog\/wp-content\/uploads\/2015\/03\/15911687555_4df9a3c581_c.jpg?fit=600%2C800&ssl=1&resize=350%2C200 1x, https:\/\/i0.wp.com\/lyonelkaufmann.ch\/Blog\/wp-content\/uploads\/2015\/03\/15911687555_4df9a3c581_c.jpg?fit=600%2C800&ssl=1&resize=525%2C300 1.5x"},"classes":[]}],"jetpack_likes_enabled":true,"_links":{"self":[{"href":"https:\/\/lyonelkaufmann.ch\/Blog\/wp-json\/wp\/v2\/posts\/266","targetHints":{"allow":["GET"]}}],"collection":[{"href":"https:\/\/lyonelkaufmann.ch\/Blog\/wp-json\/wp\/v2\/posts"}],"about":[{"href":"https:\/\/lyonelkaufmann.ch\/Blog\/wp-json\/wp\/v2\/types\/post"}],"author":[{"embeddable":true,"href":"https:\/\/lyonelkaufmann.ch\/Blog\/wp-json\/wp\/v2\/users\/1"}],"replies":[{"embeddable":true,"href":"https:\/\/lyonelkaufmann.ch\/Blog\/wp-json\/wp\/v2\/comments?post=266"}],"version-history":[{"count":0,"href":"https:\/\/lyonelkaufmann.ch\/Blog\/wp-json\/wp\/v2\/posts\/266\/revisions"}],"wp:featuredmedia":[{"embeddable":true,"href":"https:\/\/lyonelkaufmann.ch\/Blog\/wp-json\/wp\/v2\/media\/13537"}],"wp:attachment":[{"href":"https:\/\/lyonelkaufmann.ch\/Blog\/wp-json\/wp\/v2\/media?parent=266"}],"wp:term":[{"taxonomy":"category","embeddable":true,"href":"https:\/\/lyonelkaufmann.ch\/Blog\/wp-json\/wp\/v2\/categories?post=266"},{"taxonomy":"post_tag","embeddable":true,"href":"https:\/\/lyonelkaufmann.ch\/Blog\/wp-json\/wp\/v2\/tags?post=266"}],"curies":[{"name":"wp","href":"https:\/\/api.w.org\/{rel}","templated":true}]}}