{"id":267,"date":"2007-12-28T17:25:37","date_gmt":"2007-12-28T16:25:37","guid":{"rendered":"http:\/\/lyonelkaufmann.ch\/histoire\/2007\/12\/28\/christopher-alan-bayly-2007-la-naissance-du-monde-moderne\/"},"modified":"2007-12-28T17:25:37","modified_gmt":"2007-12-28T16:25:37","slug":"christopher-alan-bayly-2007-la-naissance-du-monde-moderne","status":"publish","type":"post","link":"https:\/\/lyonelkaufmann.ch\/Blog\/2007\/12\/28\/christopher-alan-bayly-2007-la-naissance-du-monde-moderne\/","title":{"rendered":"Christopher Alan Bayly (2007) La naissance du monde moderne"},"content":{"rendered":"<blockquote class=\"webkit-indent-blockquote\" style=\"text-align:justify;border-width:initial;border-color:initial;border-style:none;padding:0;margin:0 0 0 40px;\"><p> <span class=\"Apple-style-span\" style=\"font-style:italic;\">\u00abPeu nombreux sont les ouvrages historiques qui font instantan\u00e9ment date. Dans le domaine en rapide expansion de l\u2019histoire mondialis\u00e9e, c\u2019est pourtant le cas du livre de Christopher Bayly, La Naissance du monde moderne, et ce depuis sa parution originale en langue anglaise en 2003. Il n\u2019est pas excessif de pr\u00e9tendre qu\u2019il a transform\u00e9 la nature m\u00eame de sa p\u00e9riode \u2013 le \u00ab long dix-neuvi\u00e8me si\u00e8cle \u00bb, entre les r\u00e9volutions de la fin du XVIIIe si\u00e8cle et la Premi\u00e8re Guerre mondiale \u2013 et de son sujet. D\u00e9sormais, il constituera le point de d\u00e9part oblig\u00e9 de tous les travaux s\u00e9rieux et de tous les d\u00e9bats portant sur l\u2019histoire du monde moderne. \u00bb.<\/span><\/p>\n<p style=\"text-align:right;\"><span class=\"Apple-style-span\" style=\"font-style:italic;\"><\/span><span style=\"font-style:normal;\" class=\"Apple-style-span\">(extrait de la pr\u00e9face sign\u00e9e Eric Hobsbawn)<\/span><\/p>\n<\/blockquote>\n<p align=\"justify\">\n<p align=\"justify\">David Landry, professeur au Lyc\u00e9e du parc des chaumes \u00e0 Avallon, a r\u00e9alis\u00e9 <a href=\"http:\/\/www.clionautes.org\/spip.php?article1712\">un compte-rendu<\/a> de cet ouvrage pour le compte des <em>Clionautes<\/em>. Vous pourrez ainsi vous familiariser tant avec le contenu qu&rsquo;avec l&rsquo;approche de cet ouvrage important issu du courant de la Worldhistory.<\/p>\n<p align=\"justify\"> <img data-recalc-dims=\"1\" decoding=\"async\" src=\"https:\/\/i0.wp.com\/ecx.images-amazon.com\/images\/I\/01M7TJAAVAL.jpg\" alt=\"La naissance du monde moderne : 1780-1914\"  \/><\/p>\n<p align=\"justify\"> R\u00e9f\u00e9rence : Christopher Alan BAYLY (2007). <em><span class=\"Apple-style-span\" style=\"font-style:normal;\"><a href=\"http:\/\/www.amazon.fr\/gp\/redirect.html%3FASIN=2708238604%26tag=lyonelkaufmann-21%26lcode=xm2%26cID=2025%26ccmID=165953%26location=\/o\/ASIN\/2708238604%253FSubscriptionId=1N9AHEAQ2F6SVD97BE02\"><span class=\"Apple-style-span\" style=\"font-style:italic;\">La naissance du monde moderne : 1780-1914<\/span><\/a>. Paris: Les \u00c9ditions de l\u2019Atelier \u2013 Le Monde diplomatique, 863 pages.<\/span><\/em><\/p>\n","protected":false},"excerpt":{"rendered":"<p>\u00abPeu nombreux sont les ouvrages historiques qui font instantan\u00e9ment date. Dans le domaine en rapide expansion de l\u2019histoire mondialis\u00e9e, c\u2019est pourtant le cas du livre de Christopher Bayly, La Naissance du monde moderne, et ce depuis sa parution originale en langue anglaise en 2003. Il n\u2019est pas excessif de pr\u00e9tendre qu\u2019il a transform\u00e9 la nature [&hellip;]<\/p>\n","protected":false},"author":1,"featured_media":14680,"comment_status":"open","ping_status":"open","sticky":false,"template":"","format":"standard","meta":{"_import_markdown_pro_load_document_selector":0,"_import_markdown_pro_submit_text_textarea":"","_genesis_hide_title":false,"_genesis_hide_breadcrumbs":false,"_genesis_hide_singular_image":false,"_genesis_hide_footer_widgets":false,"_genesis_custom_body_class":"","_genesis_custom_post_class":"","_genesis_layout":"","jetpack_post_was_ever_published":false,"_jetpack_newsletter_access":"","_jetpack_dont_email_post_to_subs":false,"_jetpack_newsletter_tier_id":0,"_jetpack_memberships_contains_paywalled_content":false,"_jetpack_memberships_contains_paid_content":false,"activitypub_content_warning":"","activitypub_content_visibility":"","activitypub_max_image_attachments":3,"activitypub_interaction_policy_quote":"anyone","activitypub_status":"","footnotes":"","jetpack_publicize_message":"","jetpack_publicize_feature_enabled":true,"jetpack_social_post_already_shared":true,"jetpack_social_options":{"image_generator_settings":{"template":"fullscreen","default_image_id":0,"font":"","enabled":false},"version":2}},"categories":[2],"tags":[],"class_list":{"0":"post-267","1":"post","2":"type-post","3":"status-publish","4":"format-standard","5":"has-post-thumbnail","7":"category-histoire-2","8":"entry"},"jetpack_publicize_connections":[],"featured_image_src":"https:\/\/i0.wp.com\/lyonelkaufmann.ch\/Blog\/wp-content\/uploads\/2015\/03\/blogcafe1.jpg?resize=600%2C400&ssl=1","featured_image_src_square":"https:\/\/i0.wp.com\/lyonelkaufmann.ch\/Blog\/wp-content\/uploads\/2015\/03\/blogcafe1.jpg?resize=600%2C600&ssl=1","author_info":{"display_name":"Lyonel Kaufmann","author_link":"https:\/\/lyonelkaufmann.ch\/Blog\/author\/lyonelk\/"},"jetpack_featured_media_url":"https:\/\/i0.wp.com\/lyonelkaufmann.ch\/Blog\/wp-content\/uploads\/2015\/03\/blogcafe1.jpg?fit=1024%2C683&ssl=1","jetpack_sharing_enabled":true,"jetpack_shortlink":"https:\/\/wp.me\/p1qtF4-4j","jetpack-related-posts":[{"id":7571,"url":"https:\/\/lyonelkaufmann.ch\/Blog\/2013\/10\/10\/revue-de-presse-la-guerre-moderne-16e-21e-siecles-histoire-globale\/","url_meta":{"origin":267,"position":0},"title":"Revue de presse : La guerre moderne, 16e \u2013 21e si\u00e8cles | Histoire Globale","author":"Lyonel Kaufmann","date":"10 octobre 2013","format":false,"excerpt":"Le billet du 29 octobre 2012, \u00ab La guerre pr\u00e9moderne, 5e \u2013 15e si\u00e8cles \u00bb, se terminait par une conclusion provisoire ouvrant sur ce qu\u2019il est convenu d\u2019appeler les Temps modernes. Une modernit\u00e9 marqu\u00e9e par un ph\u00e9nom\u00e8ne sans pr\u00e9c\u00e9dent historique, celui d\u2019une soci\u00e9t\u00e9 exer\u00e7ant progressivement son h\u00e9g\u00e9monie \u00e0 l\u2019\u00e9chelle mondiale.\u2026","rel":"","context":"Dans &quot;histoire&quot;","block_context":{"text":"histoire","link":"https:\/\/lyonelkaufmann.ch\/Blog\/category\/histoire-2\/"},"img":{"alt_text":"","src":"https:\/\/i0.wp.com\/lyonelkaufmann.ch\/Blog\/wp-content\/uploads\/2015\/03\/blogcafe1.jpg?fit=1024%2C683&ssl=1&resize=350%2C200","width":350,"height":200,"srcset":"https:\/\/i0.wp.com\/lyonelkaufmann.ch\/Blog\/wp-content\/uploads\/2015\/03\/blogcafe1.jpg?fit=1024%2C683&ssl=1&resize=350%2C200 1x, https:\/\/i0.wp.com\/lyonelkaufmann.ch\/Blog\/wp-content\/uploads\/2015\/03\/blogcafe1.jpg?fit=1024%2C683&ssl=1&resize=525%2C300 1.5x, https:\/\/i0.wp.com\/lyonelkaufmann.ch\/Blog\/wp-content\/uploads\/2015\/03\/blogcafe1.jpg?fit=1024%2C683&ssl=1&resize=700%2C400 2x"},"classes":[]},{"id":4955,"url":"https:\/\/lyonelkaufmann.ch\/Blog\/2012\/01\/26\/revue-de-presse-gengis-khan-forgeron-du-monde-moderne-histoire-globale\/","url_meta":{"origin":267,"position":1},"title":"Revue de presse : Gengis Khan, forgeron du monde moderne | Histoire Globale","author":"Lyonel Kaufmann","date":"26 janvier 2012","format":false,"excerpt":"Notre monde ne serait pas tel qu\u2019il est sans Gengis Khan. Telle est la th\u00e8se, brutalement r\u00e9sum\u00e9e, expos\u00e9e par un certain nombre de chercheurs \u00e9tats-uniens, \u00e0 la t\u00eate desquels chevauche Jack Weatherford avec un livre publi\u00e9 en 2005, Gengis Khan and the Making of the Modern World. L\u2019\u0153uvre mongole fut\u2026","rel":"","context":"Dans &quot;histoire&quot;","block_context":{"text":"histoire","link":"https:\/\/lyonelkaufmann.ch\/Blog\/category\/histoire-2\/"},"img":{"alt_text":"","src":"https:\/\/i0.wp.com\/lyonelkaufmann.ch\/Blog\/wp-content\/uploads\/2015\/03\/blogcafe1.jpg?fit=1024%2C683&ssl=1&resize=350%2C200","width":350,"height":200,"srcset":"https:\/\/i0.wp.com\/lyonelkaufmann.ch\/Blog\/wp-content\/uploads\/2015\/03\/blogcafe1.jpg?fit=1024%2C683&ssl=1&resize=350%2C200 1x, https:\/\/i0.wp.com\/lyonelkaufmann.ch\/Blog\/wp-content\/uploads\/2015\/03\/blogcafe1.jpg?fit=1024%2C683&ssl=1&resize=525%2C300 1.5x, https:\/\/i0.wp.com\/lyonelkaufmann.ch\/Blog\/wp-content\/uploads\/2015\/03\/blogcafe1.jpg?fit=1024%2C683&ssl=1&resize=700%2C400 2x"},"classes":[]},{"id":20634,"url":"https:\/\/lyonelkaufmann.ch\/Blog\/2019\/12\/28\/boucheron-p-loiseau-j-monnet-p-potin-y-2009-histoire-du-monde-au-xve-siecle-paris-fayard\/","url_meta":{"origin":267,"position":2},"title":"Boucheron, P., Loiseau, J., Monnet, P., &amp; Potin, Y. (2009). Histoire du monde au XVe si\u00e8cle. Paris: Fayard.","author":"Lyonel Kaufmann","date":"28 d\u00e9cembre 2019","format":false,"excerpt":"Description: Le XVe si\u00e8cle est le temps de l'invention du monde. De Tamerlan \u00e0 Magellan, depuis l'Asie centrale jusqu'\u00e0 la capture de l'Am\u00e9rique en 1492, s'accomplit une premi\u00e8re mondialisation. Mais la geste de Christophe Colomb est tout sauf un \u00e9v\u00e9nement fortuit : elle est pr\u00e9c\u00e9d\u00e9e, et surtout rendue possible et\u2026","rel":"","context":"Dans &quot;Blogcaf\u00e9&quot;","block_context":{"text":"Blogcaf\u00e9","link":"https:\/\/lyonelkaufmann.ch\/Blog\/category\/blogcafe-2\/"},"img":{"alt_text":"","src":"https:\/\/i0.wp.com\/lyonelkaufmann.ch\/Blog\/wp-content\/uploads\/2019\/12\/image_698c117f-5b4c-4669-b288-8d64e0ed5411.gif?fit=400%2C475&ssl=1&resize=350%2C200","width":350,"height":200},"classes":[]},{"id":8549,"url":"https:\/\/lyonelkaufmann.ch\/Blog\/2014\/11\/15\/ouvrages-reformation-et-luther\/","url_meta":{"origin":267,"position":3},"title":"Ouvrages : R\u00e9formation et Luther","author":"Lyonel Kaufmann","date":"15 novembre 2014","format":false,"excerpt":"Deux ouvrages importants, parus en allemand et consacr\u00e9s \u00e0 la R\u00e9forme ou \u00e0 Luther, viennent d\u2019\u00eatre publi\u00e9s en fran\u00e7ais. Martin Luther : rebelle dans une \u00e9poque de rupture par Heinz Schilling Avec cet ouvrage de r\u00e9f\u00e9rence, on sort de l\u2019histoire religieuse \u00ab eccl\u00e9siastique \u00bb, en g\u00e9n\u00e9ral apolog\u00e9tique, pour faire la\u2026","rel":"","context":"Dans &quot;histoire&quot;","block_context":{"text":"histoire","link":"https:\/\/lyonelkaufmann.ch\/Blog\/category\/histoire-2\/"},"img":{"alt_text":"","src":"https:\/\/i0.wp.com\/lyonelkaufmann.ch\/Blog\/wp-content\/uploads\/2015\/02\/1416067976.gif?fit=312%2C475&ssl=1&resize=350%2C200","width":350,"height":200},"classes":[]},{"id":6382,"url":"https:\/\/lyonelkaufmann.ch\/Blog\/2012\/11\/06\/on-a-tous-en-nous-quelque-chose-de-neandertal-slate\/","url_meta":{"origin":267,"position":4},"title":"On a tous en nous quelque chose de N\u00e9andertal | Slate","author":"Lyonel Kaufmann","date":"6 novembre 2012","format":false,"excerpt":"Un homme et une femme de N\u00e9andertal, mus\u00e9e de N\u00e9andertal de D\u00fcsseldorf, via Wikimedia Commons.\u00a0Wikimedia Commons Dans Slate, Ann Gibbons fait le point sur les diff\u00e9rentes th\u00e9ories sur l'homme moderne et nos relations avec les hommes de N\u00e9andertal ainsi que les Denisoviens. Elle explique comment la g\u00e9n\u00e9tique prouve que nos\u2026","rel":"","context":"Dans &quot;histoire&quot;","block_context":{"text":"histoire","link":"https:\/\/lyonelkaufmann.ch\/Blog\/category\/histoire-2\/"},"img":{"alt_text":"","src":"https:\/\/i0.wp.com\/lyonelkaufmann.ch\/Blog\/wp-content\/uploads\/2015\/03\/neandertal_adam_ve_kadin_modeli_almanya_copy.jpg?fit=540%2C297&ssl=1&resize=350%2C200","width":350,"height":200,"srcset":"https:\/\/i0.wp.com\/lyonelkaufmann.ch\/Blog\/wp-content\/uploads\/2015\/03\/neandertal_adam_ve_kadin_modeli_almanya_copy.jpg?fit=540%2C297&ssl=1&resize=350%2C200 1x, https:\/\/i0.wp.com\/lyonelkaufmann.ch\/Blog\/wp-content\/uploads\/2015\/03\/neandertal_adam_ve_kadin_modeli_almanya_copy.jpg?fit=540%2C297&ssl=1&resize=525%2C300 1.5x"},"classes":[]},{"id":794,"url":"https:\/\/lyonelkaufmann.ch\/Blog\/2008\/12\/24\/le-mythe-lacustre-a-encore-de-beaux-jours-devant-lui\/","url_meta":{"origin":267,"position":5},"title":"Le mythe lacustre a encore de beaux jours devant lui","author":"Lyonel Kaufmann","date":"24 d\u00e9cembre 2008","format":false,"excerpt":"A Neuch\u00e2tel, le Mus\u00e9e cantonal d\u2019arch\u00e9ologie pr\u00e9sente une exposition temporaire consacr\u00e9e \u00e0...","rel":"","context":"Dans &quot;histoire&quot;","block_context":{"text":"histoire","link":"https:\/\/lyonelkaufmann.ch\/Blog\/category\/histoire-2\/"},"img":{"alt_text":"Figurants d\u2019un cort\u00e8ge historique \u00e0 Neuch\u00e2tel (1882) - Lat\u00e9nium","src":"https:\/\/i0.wp.com\/motsdimages.ch\/local\/cache-vignettes\/L393xH328\/group393-840d1.jpg?resize=350%2C200","width":350,"height":200},"classes":[]}],"jetpack_likes_enabled":true,"_links":{"self":[{"href":"https:\/\/lyonelkaufmann.ch\/Blog\/wp-json\/wp\/v2\/posts\/267","targetHints":{"allow":["GET"]}}],"collection":[{"href":"https:\/\/lyonelkaufmann.ch\/Blog\/wp-json\/wp\/v2\/posts"}],"about":[{"href":"https:\/\/lyonelkaufmann.ch\/Blog\/wp-json\/wp\/v2\/types\/post"}],"author":[{"embeddable":true,"href":"https:\/\/lyonelkaufmann.ch\/Blog\/wp-json\/wp\/v2\/users\/1"}],"replies":[{"embeddable":true,"href":"https:\/\/lyonelkaufmann.ch\/Blog\/wp-json\/wp\/v2\/comments?post=267"}],"version-history":[{"count":0,"href":"https:\/\/lyonelkaufmann.ch\/Blog\/wp-json\/wp\/v2\/posts\/267\/revisions"}],"wp:featuredmedia":[{"embeddable":true,"href":"https:\/\/lyonelkaufmann.ch\/Blog\/wp-json\/wp\/v2\/media\/14680"}],"wp:attachment":[{"href":"https:\/\/lyonelkaufmann.ch\/Blog\/wp-json\/wp\/v2\/media?parent=267"}],"wp:term":[{"taxonomy":"category","embeddable":true,"href":"https:\/\/lyonelkaufmann.ch\/Blog\/wp-json\/wp\/v2\/categories?post=267"},{"taxonomy":"post_tag","embeddable":true,"href":"https:\/\/lyonelkaufmann.ch\/Blog\/wp-json\/wp\/v2\/tags?post=267"}],"curies":[{"name":"wp","href":"https:\/\/api.w.org\/{rel}","templated":true}]}}