{"id":273,"date":"2008-01-15T12:30:00","date_gmt":"2008-01-15T11:30:00","guid":{"rendered":"http:\/\/lyonelkaufmann.ch\/histoire\/2008\/01\/15\/clich-prhistorique-dans-le-courrier\/"},"modified":"2008-01-15T12:30:00","modified_gmt":"2008-01-15T11:30:00","slug":"clich-prhistorique-dans-le-courrier","status":"publish","type":"post","link":"https:\/\/lyonelkaufmann.ch\/Blog\/2008\/01\/15\/clich-prhistorique-dans-le-courrier\/","title":{"rendered":"Clich\u00e9 \u00abpr\u00e9historique\u00bb dans le \u00ab\u00a0Courrier\u00a0\u00bb"},"content":{"rendered":"<div align=\"justify\">Ce dernier samedi (12 janvier 2008), le journal <i>Le Courrier<\/i> publiait en pages 2 et 3 un dossier sur les origines du travail et remontait au n&eacute;olithique pour en dater l&rsquo;&eacute;mergence (<a href=\"http:\/\/www.lecourrier.ch\/index.php?name=NewsPaper&amp;file=article&amp;sid=438389\">L&rsquo;Invention du travail appartient &agrave; la pr&eacute;histoire<\/a>). Tr&egrave;s bien et m&ecirc;me int&eacute;ressant puisqu&rsquo;il s&rsquo;agit d&rsquo;articles que vous ne trouverez que difficilement dans le reste de la presse quotidienne romande.<br \/>\nN&eacute;anmoins, bien que marqu&eacute; &agrave; &laquo;gauche&raquo;, <i>Le Courrier<\/i> n&rsquo;a pas &eacute;chapp&eacute; aux clich&eacute;s traditionnels :\u00a0\u00bb(Certains parleraient d&rsquo;anachronisme)\u00a0\u00bb: et &eacute;cul&eacute;s, associant Afrique et pr&eacute;histoire au d&eacute;tour de la photo retenue pour illustrer l&rsquo;article:<\/p>\n<div align=\"center\"><a href=\"http:\/\/farm3.static.flickr.com\/2152\/2188829075_a26143c976_b.jpg\"><\/a><a href=\"http:\/\/www.flickr.com\/photos\/lyonelkaufmann\/2188829075\/\" title=\"&laquo;Clich&eacute;&raquo; pr&eacute;histoire par le Courrier de lyonelkaufmann, sur Flickr\"><img data-recalc-dims=\"1\" loading=\"lazy\" decoding=\"async\" src=\"https:\/\/i0.wp.com\/farm3.static.flickr.com\/2152\/2188829075_a26143c976.jpg?resize=500%2C303\" width=\"500\" height=\"303\" alt=\"&laquo;Clich&eacute;&raquo; pr&eacute;histoire par le Courrier\" \/><\/a><\/div>\n<p>La sup&eacute;riorit&eacute; pr&eacute;sum&eacute;e de l&rsquo;homme blanc n&rsquo;est jamais loin et l&rsquo;imaginaire scolaire de nos grands-parents non plus ainsi que l&rsquo;illustrent ces deux photos issues du manuel primaire d&rsquo;histoire suisse Grandjean &amp; Jeanrenaud dont la premi&egrave;re &eacute;dition remonte aux ann&eacute;es 1940 :\u00a0\u00bb(Cependant les deux photos &eacute;taient toujours publi&eacute;es telles quelles avec la m&ecirc;me l&eacute;gende dans sa derni&egrave;re &eacute;dition datant de 1973!)\u00a0\u00bb:<\/p>\n<div align=\"center\"><a href=\"http:\/\/www.flickr.com\/photos\/lyonelkaufmann\/2188834667\/\" title=\"La pr&eacute;histoire vue par le Grandjean &amp; Jeanrenaud (1) de lyonelkaufmann, sur Flickr\"><img data-recalc-dims=\"1\" loading=\"lazy\" decoding=\"async\" src=\"https:\/\/i0.wp.com\/farm3.static.flickr.com\/2345\/2188834667_6505f74bca_b.jpg?resize=600%2C400\" width=\"600\" height=\"400\" alt=\"La pr&eacute;histoire vue par le Grandjean &amp; Jeanrenaud (1)\" \/><\/a><\/p>\n<p><a href=\"http:\/\/www.flickr.com\/photos\/lyonelkaufmann\/2189626826\/\" title=\"La pr&eacute;histoire vue par le Grandjean &amp; Jeanrenaud (2) de lyonelkaufmann, sur Flickr\"><img data-recalc-dims=\"1\" loading=\"lazy\" decoding=\"async\" src=\"https:\/\/i0.wp.com\/farm3.static.flickr.com\/2215\/2189626826_c657d63069_b.jpg?resize=600%2C400\" width=\"600\" height=\"400\" alt=\"La pr&eacute;histoire vue par le Grandjean &amp; Jeanrenaud (2)\" \/><\/a><\/div>\n<p>Allez encore quelques efforts Mesdames et Messieurs du Courrier en cette ann&eacute;e de 140e anniversaire de votre cr&eacute;ation!<\/p><\/div>\n","protected":false},"excerpt":{"rendered":"<p>Ce dernier samedi (12 janvier 2008), le journal Le Courrier publiait en pages 2 et 3 un dossier sur les origines du travail et remontait au n&eacute;olithique pour en dater l&rsquo;&eacute;mergence (L&rsquo;Invention du travail appartient &agrave; la pr&eacute;histoire). Tr&egrave;s bien et m&ecirc;me int&eacute;ressant puisqu&rsquo;il s&rsquo;agit d&rsquo;articles que vous ne trouverez que difficilement dans le reste [&hellip;]<\/p>\n","protected":false},"author":1,"featured_media":13539,"comment_status":"open","ping_status":"open","sticky":false,"template":"","format":"standard","meta":{"_import_markdown_pro_load_document_selector":0,"_import_markdown_pro_submit_text_textarea":"","_genesis_hide_title":false,"_genesis_hide_breadcrumbs":false,"_genesis_hide_singular_image":false,"_genesis_hide_footer_widgets":false,"_genesis_custom_body_class":"","_genesis_custom_post_class":"","_genesis_layout":"","jetpack_post_was_ever_published":false,"_jetpack_newsletter_access":"","_jetpack_dont_email_post_to_subs":false,"_jetpack_newsletter_tier_id":0,"_jetpack_memberships_contains_paywalled_content":false,"_jetpack_memberships_contains_paid_content":false,"activitypub_content_warning":"","activitypub_content_visibility":"","activitypub_max_image_attachments":3,"activitypub_interaction_policy_quote":"anyone","activitypub_status":"","footnotes":"","jetpack_publicize_message":"","jetpack_publicize_feature_enabled":true,"jetpack_social_post_already_shared":true,"jetpack_social_options":{"image_generator_settings":{"template":"fullscreen","default_image_id":0,"font":"","enabled":false},"version":2}},"categories":[2],"tags":[],"class_list":{"0":"post-273","1":"post","2":"type-post","3":"status-publish","4":"format-standard","5":"has-post-thumbnail","7":"category-histoire-2","8":"entry"},"jetpack_publicize_connections":[],"featured_image_src":"https:\/\/i0.wp.com\/lyonelkaufmann.ch\/Blog\/wp-content\/uploads\/2015\/03\/2188829075_a26143c976.jpg?resize=500%2C303&ssl=1","featured_image_src_square":"https:\/\/i0.wp.com\/lyonelkaufmann.ch\/Blog\/wp-content\/uploads\/2015\/03\/2188829075_a26143c976.jpg?resize=500%2C303&ssl=1","author_info":{"display_name":"Lyonel Kaufmann","author_link":"https:\/\/lyonelkaufmann.ch\/Blog\/author\/lyonelk\/"},"jetpack_featured_media_url":"https:\/\/i0.wp.com\/lyonelkaufmann.ch\/Blog\/wp-content\/uploads\/2015\/03\/2188829075_a26143c976.jpg?fit=500%2C303&ssl=1","jetpack_sharing_enabled":true,"jetpack_shortlink":"https:\/\/wp.me\/p1qtF4-4p","jetpack-related-posts":[{"id":7925,"url":"https:\/\/lyonelkaufmann.ch\/Blog\/2014\/03\/14\/histoire-comment-les-albanais-percoivent-ils-la-premiere-guerre-mondiale-le-courrier-des-balkans\/","url_meta":{"origin":273,"position":0},"title":"Histoire : comment les Albanais per\u00e7oivent-ils la Premi\u00e8re Guerre mondiale ? &#8211; Le Courrier des Balkans","author":"Lyonel Kaufmann","date":"14 mars 2014","format":false,"excerpt":"L\u2019historien Shkelzen Gashi a analys\u00e9 les livres d\u2019histoire en Serbie, en Albanie et au Kosovo. Il a ainsi constat\u00e9 que les textes albanais ne mentionnent pas du tout l\u2019existence, dans l\u2019Albanie du d\u00e9but du vingti\u00e8me si\u00e8cle, de diff\u00e9rents mouvements politiques aux positions inconciliables. Au contraire, on parle d\u2019un mouvement national\u2026","rel":"","context":"Dans &quot;histoire&quot;","block_context":{"text":"histoire","link":"https:\/\/lyonelkaufmann.ch\/Blog\/category\/histoire-2\/"},"img":{"alt_text":"","src":"https:\/\/i0.wp.com\/lyonelkaufmann.ch\/Blog\/wp-content\/uploads\/2015\/03\/blogcafe1.jpg?fit=1024%2C683&ssl=1&resize=350%2C200","width":350,"height":200,"srcset":"https:\/\/i0.wp.com\/lyonelkaufmann.ch\/Blog\/wp-content\/uploads\/2015\/03\/blogcafe1.jpg?fit=1024%2C683&ssl=1&resize=350%2C200 1x, https:\/\/i0.wp.com\/lyonelkaufmann.ch\/Blog\/wp-content\/uploads\/2015\/03\/blogcafe1.jpg?fit=1024%2C683&ssl=1&resize=525%2C300 1.5x, https:\/\/i0.wp.com\/lyonelkaufmann.ch\/Blog\/wp-content\/uploads\/2015\/03\/blogcafe1.jpg?fit=1024%2C683&ssl=1&resize=700%2C400 2x"},"classes":[]},{"id":7852,"url":"https:\/\/lyonelkaufmann.ch\/Blog\/2007\/09\/26\/penser-la-destruction-des-juifs-deurope-le-courrier-25092007\/","url_meta":{"origin":273,"position":1},"title":"Penser la destruction des juifs d&rsquo;Europe (Le Courrier 25.09.2007)","author":"Lyonel Kaufmann","date":"26 septembre 2007","format":false,"excerpt":"DR | L'historien am\u00e9ricain Raul Hilberg Dans son \u00e9dition du mardi 25 septembre 2007, le journal Le Courrier revient sur la disparition r\u00e9cente de Raoul Hilberg (d\u00e9c\u00e9d\u00e9 le 4 ao\u00fbt 2007) et propose une page enti\u00e8re au travail r\u00e9alis\u00e9 par cet historien relativement \u00e0 son ouvrage majeur et capital sur\u2026","rel":"","context":"Dans &quot;histoire&quot;","block_context":{"text":"histoire","link":"https:\/\/lyonelkaufmann.ch\/Blog\/category\/histoire-2\/"},"img":{"alt_text":"","src":"","width":0,"height":0},"classes":[]},{"id":7926,"url":"https:\/\/lyonelkaufmann.ch\/Blog\/2014\/03\/20\/8-questions-pour-en-finir-avec-les-cliches-sur-la-theorie-de-levolution-passeur-de-sciences\/","url_meta":{"origin":273,"position":2},"title":"8 questions pour en finir avec les clich\u00e9s sur la th\u00e9orie de l\u2019\u00e9volution | Passeur de sciences","author":"Lyonel Kaufmann","date":"20 mars 2014","format":false,"excerpt":"Jean-S\u00e9bastien Steyer est pal\u00e9ontologue au CNRS et rattach\u00e9 au Mus\u00e9um national d'histoire naturelle. Avec l'astrophysicien Roland Lehoucq, l'arch\u00e9ologue Jean-Paul Demoule et l'\u00e9crivain de science-fiction Pierre Bordage, il vient de co-signer\u00a0Exquise Plan\u00e8te\u00a0(\u00e9ditions Odile Jacob, 190 p., 19 \u20ac), un livre o\u00f9, sur le principe du cadavre exquis, les auteurs imaginent une\u2026","rel":"","context":"Dans &quot;histoire&quot;","block_context":{"text":"histoire","link":"https:\/\/lyonelkaufmann.ch\/Blog\/category\/histoire-2\/"},"img":{"alt_text":"","src":"https:\/\/i0.wp.com\/lyonelkaufmann.ch\/histoire\/wp-content\/uploads\/2014\/03\/Steyer5-1024x675-300x197.jpg?resize=350%2C200","width":350,"height":200},"classes":[]},{"id":19303,"url":"https:\/\/lyonelkaufmann.ch\/Blog\/2018\/06\/28\/art-frida-kahlo-lexposition-qui-revele-lartiste-derriere-le-mythe-courrier-international\/","url_meta":{"origin":273,"position":3},"title":"Art. Frida Kahlo, l\u2019exposition qui r\u00e9v\u00e8le l\u2019artiste derri\u00e8re le mythe | Courrier international","author":"Lyonel Kaufmann","date":"28 juin 2018","format":false,"excerpt":"L\u2019exposition au Victoria and Albert Museum de Londres r\u00e9v\u00e8le la personnalit\u00e9 de l\u2019artiste mexicaine Frida Kahlo. REUTERS\/Toby Melville Pour la premi\u00e8re fois en dehors de Mexico, de nombreux biens personnels de Frida Kahlo sont expos\u00e9s, en ce moment, \u00e0 Londres. Mis en sc\u00e8ne avec certaines de ses \u0153uvres les plus\u2026","rel":"","context":"Dans &quot;Blogcaf\u00e9&quot;","block_context":{"text":"Blogcaf\u00e9","link":"https:\/\/lyonelkaufmann.ch\/Blog\/category\/blogcafe-2\/"},"img":{"alt_text":"","src":"https:\/\/i0.wp.com\/lyonelkaufmann.ch\/Blog\/wp-content\/uploads\/2018\/06\/CB38D86B-2665-4DB3-85EA-8A755E03AA30-700x493.jpeg?resize=350%2C200&ssl=1","width":350,"height":200,"srcset":"https:\/\/i0.wp.com\/lyonelkaufmann.ch\/Blog\/wp-content\/uploads\/2018\/06\/CB38D86B-2665-4DB3-85EA-8A755E03AA30-700x493.jpeg?resize=350%2C200&ssl=1 1x, https:\/\/i0.wp.com\/lyonelkaufmann.ch\/Blog\/wp-content\/uploads\/2018\/06\/CB38D86B-2665-4DB3-85EA-8A755E03AA30-700x493.jpeg?resize=525%2C300&ssl=1 1.5x, https:\/\/i0.wp.com\/lyonelkaufmann.ch\/Blog\/wp-content\/uploads\/2018\/06\/CB38D86B-2665-4DB3-85EA-8A755E03AA30-700x493.jpeg?resize=700%2C400&ssl=1 2x"},"classes":[]},{"id":21782,"url":"https:\/\/lyonelkaufmann.ch\/Blog\/2020\/06\/24\/le-boycott-des-publicites-sur-facebook-est-il-en-train-de-prendre-courrier-international\/","url_meta":{"origin":273,"position":4},"title":"Le boycott des publicit\u00e9s sur Facebook est-il en train de prendre ? |\u00a0Courrier international","author":"Lyonel Kaufmann","date":"24 juin 2020","format":false,"excerpt":"Une campagne appelant les marques \u00e0 faire pression sur le r\u00e9seau social am\u00e9ricain en retirant leurs publicit\u00e9s de ses plateformes en juillet fait des adeptes. Patagonia, The North Face, Mozilla\u2026 : ils sont chaque jour plus nombreux pour pousser Facebook \u00e0 agir contre la haine et le racisme. La publicit\u00e9\u2026","rel":"","context":"Dans &quot;Blogcaf\u00e9&quot;","block_context":{"text":"Blogcaf\u00e9","link":"https:\/\/lyonelkaufmann.ch\/Blog\/category\/blogcafe-2\/"},"img":{"alt_text":"","src":"https:\/\/i0.wp.com\/lyonelkaufmann.ch\/Blog\/wp-content\/uploads\/2020\/06\/DraggedImage.53405fe4e471402f811a20ec849f21c9.png?fit=1200%2C788&ssl=1&resize=350%2C200","width":350,"height":200,"srcset":"https:\/\/i0.wp.com\/lyonelkaufmann.ch\/Blog\/wp-content\/uploads\/2020\/06\/DraggedImage.53405fe4e471402f811a20ec849f21c9.png?fit=1200%2C788&ssl=1&resize=350%2C200 1x, https:\/\/i0.wp.com\/lyonelkaufmann.ch\/Blog\/wp-content\/uploads\/2020\/06\/DraggedImage.53405fe4e471402f811a20ec849f21c9.png?fit=1200%2C788&ssl=1&resize=525%2C300 1.5x, https:\/\/i0.wp.com\/lyonelkaufmann.ch\/Blog\/wp-content\/uploads\/2020\/06\/DraggedImage.53405fe4e471402f811a20ec849f21c9.png?fit=1200%2C788&ssl=1&resize=700%2C400 2x, https:\/\/i0.wp.com\/lyonelkaufmann.ch\/Blog\/wp-content\/uploads\/2020\/06\/DraggedImage.53405fe4e471402f811a20ec849f21c9.png?fit=1200%2C788&ssl=1&resize=1050%2C600 3x"},"classes":[]},{"id":21025,"url":"https:\/\/lyonelkaufmann.ch\/Blog\/2020\/01\/19\/ces-stars-qui-nexistent-pas-une-enquete-troublante-du-financial-times-courrier-international\/","url_meta":{"origin":273,"position":5},"title":"Ces stars qui n\u2019existent pas, une enqu\u00eate troublante du \u201cFinancial Times\u201d | Courrier International","author":"Lyonel Kaufmann","date":"19 janvier 2020","format":false,"excerpt":"Fascinant. Ils d\u00e9passent le million de fans sur YouTube ou Instagram, m\u00e8nent leur carri\u00e8re tambour battant, sont l\u2019\u00e9g\u00e9rie de grandes marques. Mais ce sont des influenceurs enti\u00e8rement virtuels, cr\u00e9\u00e9s de toutes pi\u00e8ces par ordinateur. Le Financial Times a enqu\u00eat\u00e9 sur leur multiplication. De quel futur sont-ils l\u2019incarnation ? Le Financial\u2026","rel":"","context":"Dans &quot;Blogcaf\u00e9&quot;","block_context":{"text":"Blogcaf\u00e9","link":"https:\/\/lyonelkaufmann.ch\/Blog\/category\/blogcafe-2\/"},"img":{"alt_text":"","src":"https:\/\/i0.wp.com\/lyonelkaufmann.ch\/Blog\/wp-content\/uploads\/2020\/01\/img_2938.jpg?fit=765%2C430&ssl=1&resize=350%2C200","width":350,"height":200,"srcset":"https:\/\/i0.wp.com\/lyonelkaufmann.ch\/Blog\/wp-content\/uploads\/2020\/01\/img_2938.jpg?fit=765%2C430&ssl=1&resize=350%2C200 1x, https:\/\/i0.wp.com\/lyonelkaufmann.ch\/Blog\/wp-content\/uploads\/2020\/01\/img_2938.jpg?fit=765%2C430&ssl=1&resize=525%2C300 1.5x, https:\/\/i0.wp.com\/lyonelkaufmann.ch\/Blog\/wp-content\/uploads\/2020\/01\/img_2938.jpg?fit=765%2C430&ssl=1&resize=700%2C400 2x"},"classes":[]}],"jetpack_likes_enabled":true,"_links":{"self":[{"href":"https:\/\/lyonelkaufmann.ch\/Blog\/wp-json\/wp\/v2\/posts\/273","targetHints":{"allow":["GET"]}}],"collection":[{"href":"https:\/\/lyonelkaufmann.ch\/Blog\/wp-json\/wp\/v2\/posts"}],"about":[{"href":"https:\/\/lyonelkaufmann.ch\/Blog\/wp-json\/wp\/v2\/types\/post"}],"author":[{"embeddable":true,"href":"https:\/\/lyonelkaufmann.ch\/Blog\/wp-json\/wp\/v2\/users\/1"}],"replies":[{"embeddable":true,"href":"https:\/\/lyonelkaufmann.ch\/Blog\/wp-json\/wp\/v2\/comments?post=273"}],"version-history":[{"count":0,"href":"https:\/\/lyonelkaufmann.ch\/Blog\/wp-json\/wp\/v2\/posts\/273\/revisions"}],"wp:featuredmedia":[{"embeddable":true,"href":"https:\/\/lyonelkaufmann.ch\/Blog\/wp-json\/wp\/v2\/media\/13539"}],"wp:attachment":[{"href":"https:\/\/lyonelkaufmann.ch\/Blog\/wp-json\/wp\/v2\/media?parent=273"}],"wp:term":[{"taxonomy":"category","embeddable":true,"href":"https:\/\/lyonelkaufmann.ch\/Blog\/wp-json\/wp\/v2\/categories?post=273"},{"taxonomy":"post_tag","embeddable":true,"href":"https:\/\/lyonelkaufmann.ch\/Blog\/wp-json\/wp\/v2\/tags?post=273"}],"curies":[{"name":"wp","href":"https:\/\/api.w.org\/{rel}","templated":true}]}}