{"id":2848,"date":"2010-05-27T07:44:51","date_gmt":"2010-05-27T06:44:51","guid":{"rendered":"http:\/\/lyonelkaufmann.ch\/histoire\/?p=2848"},"modified":"2010-05-27T07:44:51","modified_gmt":"2010-05-27T06:44:51","slug":"facebook-et-le-web-sans-se-casser-les-dents-stephanie-booth","status":"publish","type":"post","link":"https:\/\/lyonelkaufmann.ch\/Blog\/2010\/05\/27\/facebook-et-le-web-sans-se-casser-les-dents-stephanie-booth\/","title":{"rendered":"Facebook et le web sans se casser les dents | Stephanie Booth"},"content":{"rendered":"<p>La pr\u00e9sentation de Stephanie Booth utilis\u00e9e hier utilis\u00e9 dans le cadre de sa conf\u00e9rence \u00e0 l\u2019attention des \u00e9l\u00e8ves de <a href=\"http:\/\/www.eccg-monthey.ch\/\">l\u2019ECCG de Monthey<\/a>. Basique, mais efficace.<\/p>\n<p>Pour un meilleur confort, allez sous <em>\u00ab\u00a0More\u00a0\u00bb<\/em>, puis <em>\u00ab\u00a0Fullscreen\u00a0\u00bb<\/em>.<\/p>\n<div class=\"prezi-player\"><!-- .prezi-player { width: 500px; } .prezi-player-links { text-align: center; } --><a href=\"http:\/\/prezi.com\/bin\/preziloader.swf\">http:\/\/prezi.com\/bin\/preziloader.swf<\/a><\/p>\n<div class=\"prezi-player-links\">\n<p><a title=\"Le monde en ligne fait de nous \u00e0 la fois des acteurs et des spectateurs, mais pas toujours assez critiques ou conscients des ramifications de nos actions.  Quelques \u00e9l\u00e9ments \u00e0 garder en t\u00eate, pistes et conseils pour \u00e9viter de s'y casser les dents.\" href=\"http:\/\/prezi.com\/c2h-v7qqktrc\/facebook-et-le-web-sans-se-casser-les-dents\/\">Facebook et le web sans se casser les dents<\/a> on <a href=\"http:\/\/prezi.com\">Prezi<\/a><\/p>\n<\/div>\n<\/div>\n","protected":false},"excerpt":{"rendered":"<p>La pr\u00e9sentation de Stephanie Booth utilis\u00e9e hier utilis\u00e9 dans le cadre de sa conf\u00e9rence \u00e0 l\u2019attention des \u00e9l\u00e8ves de l\u2019ECCG de Monthey. Basique, mais efficace. Pour un meilleur confort, allez sous \u00ab\u00a0More\u00a0\u00bb, puis \u00ab\u00a0Fullscreen\u00a0\u00bb. http:\/\/prezi.com\/bin\/preziloader.swf Facebook et le web sans se casser les dents on Prezi<\/p>\n","protected":false},"author":1,"featured_media":14680,"comment_status":"open","ping_status":"open","sticky":false,"template":"","format":"standard","meta":{"_import_markdown_pro_load_document_selector":0,"_import_markdown_pro_submit_text_textarea":"","_genesis_hide_title":false,"_genesis_hide_breadcrumbs":false,"_genesis_hide_singular_image":false,"_genesis_hide_footer_widgets":false,"_genesis_custom_body_class":"","_genesis_custom_post_class":"","_genesis_layout":"","jetpack_post_was_ever_published":false,"_jetpack_newsletter_access":"","_jetpack_dont_email_post_to_subs":false,"_jetpack_newsletter_tier_id":0,"_jetpack_memberships_contains_paywalled_content":false,"_jetpack_memberships_contains_paid_content":false,"activitypub_content_warning":"","activitypub_content_visibility":"","activitypub_max_image_attachments":3,"activitypub_interaction_policy_quote":"anyone","activitypub_status":"","footnotes":"","jetpack_publicize_message":"","jetpack_publicize_feature_enabled":true,"jetpack_social_post_already_shared":true,"jetpack_social_options":{"image_generator_settings":{"template":"fullscreen","default_image_id":0,"font":"","enabled":false},"version":2}},"categories":[2],"tags":[],"class_list":{"0":"post-2848","1":"post","2":"type-post","3":"status-publish","4":"format-standard","5":"has-post-thumbnail","7":"category-histoire-2","8":"entry"},"jetpack_publicize_connections":[],"featured_image_src":"https:\/\/i0.wp.com\/lyonelkaufmann.ch\/Blog\/wp-content\/uploads\/2015\/03\/blogcafe1.jpg?resize=600%2C400&ssl=1","featured_image_src_square":"https:\/\/i0.wp.com\/lyonelkaufmann.ch\/Blog\/wp-content\/uploads\/2015\/03\/blogcafe1.jpg?resize=600%2C600&ssl=1","author_info":{"display_name":"Lyonel Kaufmann","author_link":"https:\/\/lyonelkaufmann.ch\/Blog\/author\/lyonelk\/"},"jetpack_featured_media_url":"https:\/\/i0.wp.com\/lyonelkaufmann.ch\/Blog\/wp-content\/uploads\/2015\/03\/blogcafe1.jpg?fit=1024%2C683&ssl=1","jetpack_sharing_enabled":true,"jetpack_shortlink":"https:\/\/wp.me\/p1qtF4-JW","jetpack-related-posts":[{"id":1752,"url":"https:\/\/lyonelkaufmann.ch\/Blog\/2010\/01\/08\/guide-2010-facebook-doit-entrer-a-lecole-slate-2\/","url_meta":{"origin":2848,"position":0},"title":"Guide 2010: Facebook doit entrer \u00e0 l&rsquo;\u00e9cole | Slate","author":"Lyonel Kaufmann","date":"8 janvier 2010","format":false,"excerpt":"En ce d\u00e9but 2010, plut\u00f4t que de bonnes r\u00e9solutions, je me propose de m'attarder sur quelques tendances, opinions, r\u00e9flexions relatives \u00e0 l'emploi des m\u00e9dia et technologies en milieu scolaire. A vous ensuite de trier, de vous faire un avis et\/ou de prolonger. Il y a 100 ans d\u00e9j\u00e0, John Dewey\u2026","rel":"","context":"Dans &quot;histoire&quot;","block_context":{"text":"histoire","link":"https:\/\/lyonelkaufmann.ch\/Blog\/category\/histoire-2\/"},"img":{"alt_text":"","src":"https:\/\/i0.wp.com\/lyonelkaufmann.ch\/Blog\/wp-content\/uploads\/2015\/03\/1829139871_4be16089c53.jpg?fit=600%2C330&ssl=1&resize=350%2C200","width":350,"height":200,"srcset":"https:\/\/i0.wp.com\/lyonelkaufmann.ch\/Blog\/wp-content\/uploads\/2015\/03\/1829139871_4be16089c53.jpg?fit=600%2C330&ssl=1&resize=350%2C200 1x, https:\/\/i0.wp.com\/lyonelkaufmann.ch\/Blog\/wp-content\/uploads\/2015\/03\/1829139871_4be16089c53.jpg?fit=600%2C330&ssl=1&resize=525%2C300 1.5x"},"classes":[]},{"id":12498,"url":"https:\/\/lyonelkaufmann.ch\/Blog\/2006\/05\/01\/vendredi-cest-bloggy-friday\/","url_meta":{"origin":2848,"position":1},"title":"Vendredi c\u2019est Bloggy Friday","author":"Lyonel Kaufmann","date":"1 mai 2006","format":false,"excerpt":"Le Bloggy Friday est d\u00fb \u00e0 l'initiative premi\u00e8re de Stephanie Booth. Il vise \u00e0 r\u00e9unir le premier vendredi du mois les blogers romands (et plus) dans le monde r\u00e9el. Autour d'une fondue ou autre selon ses papilles gustatives. Ce mois, le premier vendredi tombe le 5. Comme St\u00e9phanie sera retenue\u2026","rel":"","context":"Dans &quot;Blogcaf\u00e9&quot;","block_context":{"text":"Blogcaf\u00e9","link":"https:\/\/lyonelkaufmann.ch\/Blog\/category\/blogcafe-2\/"},"img":{"alt_text":"","src":"https:\/\/i0.wp.com\/lyonelkaufmann.ch\/Blog\/wp-content\/uploads\/2015\/03\/blogcafe1.jpg?fit=1024%2C683&ssl=1&resize=350%2C200","width":350,"height":200,"srcset":"https:\/\/i0.wp.com\/lyonelkaufmann.ch\/Blog\/wp-content\/uploads\/2015\/03\/blogcafe1.jpg?fit=1024%2C683&ssl=1&resize=350%2C200 1x, https:\/\/i0.wp.com\/lyonelkaufmann.ch\/Blog\/wp-content\/uploads\/2015\/03\/blogcafe1.jpg?fit=1024%2C683&ssl=1&resize=525%2C300 1.5x, https:\/\/i0.wp.com\/lyonelkaufmann.ch\/Blog\/wp-content\/uploads\/2015\/03\/blogcafe1.jpg?fit=1024%2C683&ssl=1&resize=700%2C400 2x"},"classes":[]},{"id":895,"url":"https:\/\/lyonelkaufmann.ch\/Blog\/2008\/01\/22\/la-vie-numrique-en-indpendant-going-solo\/","url_meta":{"origin":2848,"position":2},"title":"La vie num\u00e9rique en ind\u00e9pendant : Going Solo","author":"Lyonel Kaufmann","date":"22 janvier 2008","format":"aside","excerpt":"Le 16 mai 2008 \u00e0 Lausanne: Stephanie Booth organise son tout premier \u00e9v\u00e9nement, Going Solo. Une journ\u00e9e enti\u00e8re destin\u00e9e aux ind\u00e9pendants (ou \u00e0 ceux qui souhaitent le devenir), durant laquelle diff\u00e9rents intervenants donneront leurs conseils sur les imp\u00e9ratifs, comportements, techniques, possibilit\u00e9s \u00e0 consid\u00e9rer lorsqu\u2019on se met \u00e0 son compte (les\u2026","rel":"","context":"Dans &quot;Blogcaf\u00e9&quot;","block_context":{"text":"Blogcaf\u00e9","link":"https:\/\/lyonelkaufmann.ch\/Blog\/category\/blogcafe-2\/"},"img":{"alt_text":"","src":"https:\/\/i0.wp.com\/lyonelkaufmann.ch\/Blog\/wp-content\/uploads\/2015\/03\/blogcafe1.jpg?fit=1024%2C683&ssl=1&resize=350%2C200","width":350,"height":200,"srcset":"https:\/\/i0.wp.com\/lyonelkaufmann.ch\/Blog\/wp-content\/uploads\/2015\/03\/blogcafe1.jpg?fit=1024%2C683&ssl=1&resize=350%2C200 1x, https:\/\/i0.wp.com\/lyonelkaufmann.ch\/Blog\/wp-content\/uploads\/2015\/03\/blogcafe1.jpg?fit=1024%2C683&ssl=1&resize=525%2C300 1.5x, https:\/\/i0.wp.com\/lyonelkaufmann.ch\/Blog\/wp-content\/uploads\/2015\/03\/blogcafe1.jpg?fit=1024%2C683&ssl=1&resize=700%2C400 2x"},"classes":[]},{"id":3486,"url":"https:\/\/lyonelkaufmann.ch\/Blog\/2010\/08\/02\/themes-wordpress-retour-aux-fondamentaux-tome-1\/","url_meta":{"origin":2848,"position":3},"title":"Th\u00e8mes WordPress: retour aux fondamentaux? (tome 1)","author":"Lyonel Kaufmann","date":"2 ao\u00fbt 2010","format":"aside","excerpt":"Depuis d\u00e9but juillet, les relations se sont d\u00e9t\u00e9rior\u00e9es entre Matt Mullenweg (wordpress) et Chris Pearson (concepteur du th\u00e8me Thesis). L'objet du diff\u00e9rent? Chris Pearson a choisi de distribuer son produit sans utiliser une licence GPL, une m\u00e9thode que Matt Mullenweg d\u00e9nonce comme contraire \u00e0 la licence GPL de Wordpress. Une\u2026","rel":"","context":"Dans &quot;Blogcaf\u00e9&quot;","block_context":{"text":"Blogcaf\u00e9","link":"https:\/\/lyonelkaufmann.ch\/Blog\/category\/blogcafe-2\/"},"img":{"alt_text":"","src":"https:\/\/i0.wp.com\/lyonelkaufmann.ch\/Blog\/wp-content\/uploads\/2015\/03\/TwentyTen.jpg?fit=453%2C286&ssl=1&resize=350%2C200","width":350,"height":200},"classes":[]},{"id":3184,"url":"https:\/\/lyonelkaufmann.ch\/Blog\/2010\/05\/02\/internet-rend-il-stupide-la-langue-des-bois-20-10-2009\/","url_meta":{"origin":2848,"position":4},"title":"Internet rend-il stupide ? |\u00a0La Langue des Bois (20.10.2009)","author":"Lyonel Kaufmann","date":"2 mai 2010","format":"aside","excerpt":"Premi\u00e8re causerie de l'ann\u00e9e 2009-2010 initi\u00e9e par l'\u00e9mission La Langue des Bois (Fr\u00e9quence Banane) o\u00f9 j'ai eu le plaisir d'\u00eatre invit\u00e9 et dont voici le podcast. Cette premi\u00e8re causerie \u00e9tait consacr\u00e9e \u00e0 la mutation culturelle produite par Internet et les nouvelles technologies. D\u00e9g\u00e9n\u00e9rescence et d\u00e9clin du savoir \u00e9tait d\u00e9j\u00e0 pr\u00e9dit\u2026","rel":"","context":"Dans &quot;Blogcaf\u00e9&quot;","block_context":{"text":"Blogcaf\u00e9","link":"https:\/\/lyonelkaufmann.ch\/Blog\/category\/blogcafe-2\/"},"img":{"alt_text":"","src":"https:\/\/i0.wp.com\/lyonelkaufmann.ch\/Blog\/wp-content\/uploads\/2015\/03\/blogcafe1.jpg?fit=1024%2C683&ssl=1&resize=350%2C200","width":350,"height":200,"srcset":"https:\/\/i0.wp.com\/lyonelkaufmann.ch\/Blog\/wp-content\/uploads\/2015\/03\/blogcafe1.jpg?fit=1024%2C683&ssl=1&resize=350%2C200 1x, https:\/\/i0.wp.com\/lyonelkaufmann.ch\/Blog\/wp-content\/uploads\/2015\/03\/blogcafe1.jpg?fit=1024%2C683&ssl=1&resize=525%2C300 1.5x, https:\/\/i0.wp.com\/lyonelkaufmann.ch\/Blog\/wp-content\/uploads\/2015\/03\/blogcafe1.jpg?fit=1024%2C683&ssl=1&resize=700%2C400 2x"},"classes":[]},{"id":12544,"url":"https:\/\/lyonelkaufmann.ch\/Blog\/2006\/07\/26\/forum-rsr-les-blogs-et-la-politique\/","url_meta":{"origin":2848,"position":5},"title":"Forum (RSR) : Les Blogs et la politique","author":"Lyonel Kaufmann","date":"26 juillet 2006","format":false,"excerpt":"\"Le blog qui d\u00e9fie Gen\u00e8ve\" titrait hier (mercredi 26 juillet 2006) le journal Le Temps. L'objet ? Le \u00abcarnet de campagne\u00bb publi\u00e9 \u00e0 l'\u00e9t\u00e9 2005 par deux politiciens genevois radicaux, Fran\u00e7ois Longchamp (actuel conseiller d'Etat) et Pierre Maudet (actuel pr\u00e9sident du parti radical genevois), durant la campagne des cantonales genevoises.\u2026","rel":"","context":"Dans &quot;Blogcaf\u00e9&quot;","block_context":{"text":"Blogcaf\u00e9","link":"https:\/\/lyonelkaufmann.ch\/Blog\/category\/blogcafe-2\/"},"img":{"alt_text":"","src":"https:\/\/i0.wp.com\/lyonelkaufmann.ch\/Blog\/wp-content\/uploads\/2015\/03\/blogcafe1.jpg?fit=1024%2C683&ssl=1&resize=350%2C200","width":350,"height":200,"srcset":"https:\/\/i0.wp.com\/lyonelkaufmann.ch\/Blog\/wp-content\/uploads\/2015\/03\/blogcafe1.jpg?fit=1024%2C683&ssl=1&resize=350%2C200 1x, https:\/\/i0.wp.com\/lyonelkaufmann.ch\/Blog\/wp-content\/uploads\/2015\/03\/blogcafe1.jpg?fit=1024%2C683&ssl=1&resize=525%2C300 1.5x, https:\/\/i0.wp.com\/lyonelkaufmann.ch\/Blog\/wp-content\/uploads\/2015\/03\/blogcafe1.jpg?fit=1024%2C683&ssl=1&resize=700%2C400 2x"},"classes":[]}],"jetpack_likes_enabled":true,"_links":{"self":[{"href":"https:\/\/lyonelkaufmann.ch\/Blog\/wp-json\/wp\/v2\/posts\/2848","targetHints":{"allow":["GET"]}}],"collection":[{"href":"https:\/\/lyonelkaufmann.ch\/Blog\/wp-json\/wp\/v2\/posts"}],"about":[{"href":"https:\/\/lyonelkaufmann.ch\/Blog\/wp-json\/wp\/v2\/types\/post"}],"author":[{"embeddable":true,"href":"https:\/\/lyonelkaufmann.ch\/Blog\/wp-json\/wp\/v2\/users\/1"}],"replies":[{"embeddable":true,"href":"https:\/\/lyonelkaufmann.ch\/Blog\/wp-json\/wp\/v2\/comments?post=2848"}],"version-history":[{"count":0,"href":"https:\/\/lyonelkaufmann.ch\/Blog\/wp-json\/wp\/v2\/posts\/2848\/revisions"}],"wp:featuredmedia":[{"embeddable":true,"href":"https:\/\/lyonelkaufmann.ch\/Blog\/wp-json\/wp\/v2\/media\/14680"}],"wp:attachment":[{"href":"https:\/\/lyonelkaufmann.ch\/Blog\/wp-json\/wp\/v2\/media?parent=2848"}],"wp:term":[{"taxonomy":"category","embeddable":true,"href":"https:\/\/lyonelkaufmann.ch\/Blog\/wp-json\/wp\/v2\/categories?post=2848"},{"taxonomy":"post_tag","embeddable":true,"href":"https:\/\/lyonelkaufmann.ch\/Blog\/wp-json\/wp\/v2\/tags?post=2848"}],"curies":[{"name":"wp","href":"https:\/\/api.w.org\/{rel}","templated":true}]}}