{"id":286,"date":"2008-02-14T13:50:51","date_gmt":"2008-02-14T12:50:51","guid":{"rendered":"http:\/\/lyonelkaufmann.ch\/histoire\/2008\/02\/14\/chaque-colier-devra-connatre-une-victime-de-la-shoah-france\/"},"modified":"2008-02-14T13:50:51","modified_gmt":"2008-02-14T12:50:51","slug":"chaque-colier-devra-connatre-une-victime-de-la-shoah-france","status":"publish","type":"post","link":"https:\/\/lyonelkaufmann.ch\/Blog\/2008\/02\/14\/chaque-colier-devra-connatre-une-victime-de-la-shoah-france\/","title":{"rendered":"Chaque \u00e9colier devra conna\u00eetre une victime de la Shoah (France)"},"content":{"rendered":"<p>La d&eacute;p&ecirc;che de l&rsquo;AFP:<\/p>\n<blockquote><p><strong>Sarkozy: &agrave; chaque enfant de CM2, la m&eacute;moire d&rsquo;un enfant victime de la Shoah<\/strong><\/p>\n<p>Le pr&eacute;sident Nicolas Sarkozy a annonc&eacute; mercredi qu&rsquo;il voulait qu&rsquo;&agrave; partir de la rentr&eacute;e scolaire 2008 chaque &eacute;l&egrave;ve de la classe primaire de CM2 se voie <em>\u00ab\u00a0confier la m&eacute;moire\u00a0\u00bb<\/em> d&rsquo;un enfant fran&ccedil;ais victime de la Shoah, mercredi lors du d&icirc;ner annuel du Conseil repr&eacute;sentatif des institutions juives de france (CRIF).<\/p>\n<p><em>\u00ab\u00a0J&rsquo;ai demand&eacute; au gouvernement, et plus particuli&egrave;rement au ministre de l&rsquo;Education nationale, Xavier Darcos, de faire en sorte que, chaque ann&eacute;e, &agrave; partir de la rentr&eacute;e scolaire 2008, tous les enfants de CM2 se voient confier la m&eacute;moire d&rsquo;un des 11.000 enfants fran&ccedil;ais victimes de la Shoah\u00a0\u00bb<\/em>, a d&eacute;clar&eacute; M. Sarkozy.<\/p>\n<p><em>\u00ab\u00a0Les enfants de CM2 devront conna&icirc;tre le nom et l&rsquo;existence d&rsquo;un enfant mort dans la Shoah. Rien n&rsquo;est plus intime que le nom et le pr&eacute;nom d&rsquo;une personne. Rien n&rsquo;est plus &eacute;mouvant pour un enfant que l&rsquo;histoire d&rsquo;un enfant de son &acirc;ge, qui avait les m&ecirc;mes jeux, les m&ecirc;mes joies et les m&ecirc;mes esp&eacute;rances que lui\u00a0\u00bb<\/em>, a-t-il ajout&eacute;.[&#8230;]<br \/>\n<strong>Source :<\/strong> <a href=\"http:\/\/www.vousnousils.fr\/page.php?P=data\/autour_de_nous\/l_actualite_du_jour\/depeches_de_l_educat\/&amp;key=20080213&amp;key2=080213204809.jjbz5d4u.xml\">D&eacute;p&ecirc;ches de l&rsquo;Education<\/a><\/p><\/blockquote>\n<p>Cette d&eacute;rive dans l&rsquo;utilisation sarkozienne du m&eacute;moriel est des plus inqui&eacute;tantes. Ainsi, la d&eacute;marche n&rsquo;a rien ni d&rsquo;une d&eacute;marche historique, ni d&rsquo;une d&eacute;marche de compr&eacute;hension du monde et des atrocit&eacute;s engendr&eacute;es par l&rsquo;esp&egrave;ce humaine au XXe si&egrave;cle. Elle prend en otage tant les enseignants que les enfants et leurs parents. Au regard des stades du d&eacute;veloppement de l&rsquo;enfant, elle me parait tout autant criminelle et productrice d&rsquo;in&eacute;vitables traumas psycho-affectifs. Enfin, elle reprend les proc&eacute;d&eacute;s des r&eacute;gimes totalitaires qu&rsquo;elle serait cens&eacute;e combattre. Elle n&rsquo;est qu&rsquo;endoctrinement. Et j&rsquo;y vois quelque ressemblance avec la construction des enfants martyrs, pr&ecirc;ts &agrave; se faire sauter une cl&eacute; du paradis en plastique autour du cou.<\/p>\n<p>Enseigner la folie g&eacute;nocidaire du vingti&egrave;me si&egrave;cle et plus particuli&egrave;rement le g&eacute;nocide des Juifs lors de la Deuxi&egrave;me Guerre mondiale n&eacute;cessite une toute autre approche si l&rsquo;on d&eacute;sire sortir du <i>&laquo;plus jamais &ccedil;a&raquo;<\/i> et de la compassion m&eacute;morielle. Ainsi, enseigner la Shoah &agrave; l&rsquo;&eacute;cole, c&rsquo;est<br \/>\n&#8211; ne pas &ecirc;tre uniquement dans les bons sentiments en &eacute;crasant la sensibilit&eacute; des enfants par l&rsquo;&eacute;motion omnipr&eacute;sente;<br \/>\n&#8211; ne pas construire les citoyens de demain sur la piti&eacute; ou l&rsquo;&eacute;motion brandie comme seul exercice de l&rsquo;intelligence.<\/p>\n<p>Un livre en explique le pourquoi et permet de mieux comprendre pourquoi la Shoah est devoir d&rsquo;histoire et non de m&eacute;moire: Georges Bensoussan, <i>Auschwitz en h&eacute;ritage? D&rsquo;un bon usage de la m&eacute;moire<\/i>, Mille et une nuit, 1998, 3,50 Euros. En introduction \u00e0 son livre, vous pouvez lire le compte-rendu d&rsquo;une de ses conf\u00e9rences au Cercle d&rsquo;\u00e9tudes de la d\u00e9portation et de la Shoah: <a href=\"http:\/\/aphgcaen.free.fr\/cercle\/bensoussan.htm\">Comment enseigner la Shoh? Conf\u00e9rrence-d\u00e9bat avec Georges Bensoussan<\/a> du 24 mai 2000.<\/p>\n<h3>Mise \u00e0 jour (16.02.2008)<\/h3>\n<p>Dans <i>Le Monde<\/i> (15.02.2008), Georges Bensoussan, historien et auteur de Histoire de la Shoah, met en garde notamment  en garde contre une <i>\u00ab\u00a0d\u00e9rive vers une religion m\u00e9morielle et civile de la Shoah\u00a0\u00bb.<\/i> <i>\u00ab\u00a0Cela introduit une concurrence m\u00e9morielle tr\u00e8s dangereuse. [\u2026] O\u00f9 demain chacun voudra sa part de trag\u00e9die.\u00a0\u00bb<\/i> <i>\u00ab\u00a0Le risque c&rsquo;est de transformer une histoire affreuse, abominable en histoire officielle. [\u2026] Le premier r\u00e9flexe quand on est en pr\u00e9sence d&rsquo;un cat\u00e9chisme, c&rsquo;est de se r\u00e9volter et de casser des idoles.\u00a0\u00bb<\/i> Pour Georges Bensoussan, la d\u00e9marche choisie par l&rsquo;enseignement offficiel de la Shoah aboutira \u00e0 ancrer chez les contemporains que cette trag\u00e9die concerne d&rsquo;abord les Juifs. Or, le travail de Georges Bensoussan consiste justement \u00e0 ancrer que cette trag\u00e9die concerne l&rsquo;humanit\u00e9 toute enti\u00e8re pour comprendre les m\u00e9canismes des entreprises g\u00e9nocidaires du XXe si\u00e8cle.<br \/>\nLa bande-son \u00e0 \u00e9couter: <a href=\"http:\/\/www.lemonde.fr\/web\/son\/0,54-0@2-823448,63-1012080,0.html\">\u00ab\u00a0On ne peut pas entrer au c\u0153ur de la Shoah avec des enfants de 10 ans\u00a0\u00bb<\/a>.<\/p>\n<p>A lire \u00e9galement :<br \/>\n\u2022 <a href=\"http:\/\/www.lexpress.fr\/info\/quotidien\/actu.asp?id=466002\">Shoah en CM2: Simone Veil fustige l&rsquo;id\u00e9e de Sarkozy.<\/a><br \/>\n\u2022 <a href=\"http:\/\/www.liberation.fr\/actualite\/societe\/310193.FR.php\">Un marketing m\u00e9moriel<\/a> par Henri Rousso dans <em>Lib\u00e9ration<\/em><\/p>\n<p>Par ailleurs, je suis frapp\u00e9 en lisant certains propos et commentaires de la r\u00e9duction faite concernant l&rsquo;enseignement de l&rsquo;histoire \u00e0 l&rsquo;\u00e9cole \u00e0 une simple entreprise d&rsquo;enseignement de la m\u00e9moire.<br \/>\nDe plus, tr\u00e8s rapidement d&rsquo;ailleurs, cet enseignement de la m\u00e9moire glisse vers la m\u00e9morisation de dates. Ainsi, dans une autre annonce faite hier, Nicolas Sarkozy pr\u00e9sentait hier les grandes lignes du programme de Xavier Darcos, ministre de l&rsquo;\u00e9ducation, concernant l&rsquo;\u00e9cole primaire. Ce programme pr\u00f4ne le retour aux fondamentaux \u00e0 l\u2019\u00e9cole primaire et fleure bon la nostalgie \u00e0 l&rsquo;\u00e9cole mythique de Jules Ferry comme bou\u00e9e de sauvetage aux enjeux actuels de l&rsquo;\u00e9ducation. Relativement \u00e0 la culture g\u00e9n\u00e9rale et \u00e0 l&rsquo;histoire, ces derni\u00e8res devraient \u00e9galement \u00eatre remise \u00e0 l&rsquo;honneur, notamment au travers de la connaissance de dates historiques centrales, selon <a href=\"http:\/\/www.lefigaro.fr\/actualites\/2008\/02\/15\/01001-20080215ARTFIG00009-l-ecole-primaire-va-revenir-aux-fondamentaux.php\">\u00abLe Figaro\u00bb<\/a>.<br \/>\nD&rsquo;un simplisme d\u00e9routant, l&rsquo;\u00e9quation suivante se dessine donc :<\/p>\n<div align=\"center\">histoire=m\u00e9moire=m\u00e9morisation.<\/div>\n<p>A cette \u00e9quation s&rsquo;ajouterait donc la variable \u00e9motionnelle comme ersatz didactique.<\/p>\n<p>Il est plus que temps de relire certains textes sur la diff\u00e9renciation entre histoire et m\u00e9moire:<br \/>\n\u2022 <a href=\"http:\/\/www.iwm.at\/index.php?option=com_content&amp;task=view&amp;id=283&amp;Itemid=461\">Paul Ricoeur. Entre la m\u00e9moire et l&rsquo;histoire<\/a> in <i>Tr@nsit<\/i><br \/>\n\u2022 <a href=\"http:\/\/www.ac-reims.fr\/datice\/bul_acad\/hist-geo\/bul26\/wirth.htm\">Histoire et m\u00e9moire<\/a> par Laurent WIRTH<br \/>\n\u2022 <a href=\"http:\/\/pagesperso-orange.fr\/denis.collin\/histoire.htm\">Histoire ou m\u00e9moire ?<\/a> par Denis Collin<\/p>\n<p>En ce temps de confusion soigneusement entretenue, le temps est venu de rejoindre l&rsquo;entreprise <a href=\"http:\/\/www.ihtp.cnrs.fr\/historiographie\/\">\u00ab\u00a0Pour un r\u00e9seau des enseignants-chercheurs en historiographie et \u00e9pist\u00e9mologie de l&rsquo;histoire\u00a0\u00bb<\/a> ou pour le moins de lire les articles de r\u00e9f\u00e9rence mis en ligne.<\/p>\n<h3>Mise \u00e0 jour (18.02.2008)<\/h3>\n<p>Voici la r\u00e9action et le t\u00e9moignage d&rsquo;une enseignante du primaire:<\/p>\n<blockquote><p><i>Il faut donc \u00e9mouvoir.<br \/>\nIl faut donc que nos enfants soient les confidents intimes des douleurs de ce monde.<br \/>\nIl faut donc enseigner l\u2019Histoire par le sentiment.<br \/>\nMais Monsieur le Pr\u00e9sident, mes \u00e9l\u00e8ves me verront donc pleurer tous les vendredi matin?<\/i><\/p><\/blockquote>\n<p>Rien \u00e0 ajouter sur cette nouvelle d\u00e9marche p\u00e9dagogique d&rsquo;un enseignement de l&rsquo;histoire compassionnel d\u00e9j\u00e0 initi\u00e9 concernant les lyc\u00e9ens avec la lecture de la lettre de Guy M\u00f4quet.<br \/>\nSi en fait, lisez l&rsquo;entier du billet de cette enseignante, intitul\u00e9 sobrement <a href=\"http:\/\/lewebpedagogique.com\/ostiane\/2008\/02\/16\/lecole-et-la-shoah\/\">L&rsquo;Ecole et la Shoah<\/a>. Et merci \u00e0 Ostiane.<\/p>\n","protected":false},"excerpt":{"rendered":"<p>La d&eacute;p&ecirc;che de l&rsquo;AFP: Sarkozy: &agrave; chaque enfant de CM2, la m&eacute;moire d&rsquo;un enfant victime de la Shoah Le pr&eacute;sident Nicolas Sarkozy a annonc&eacute; mercredi qu&rsquo;il voulait qu&rsquo;&agrave; partir de la rentr&eacute;e scolaire 2008 chaque &eacute;l&egrave;ve de la classe primaire de CM2 se voie \u00ab\u00a0confier la m&eacute;moire\u00a0\u00bb d&rsquo;un enfant fran&ccedil;ais victime de la Shoah, mercredi [&hellip;]<\/p>\n","protected":false},"author":1,"featured_media":14680,"comment_status":"open","ping_status":"open","sticky":false,"template":"","format":"standard","meta":{"_import_markdown_pro_load_document_selector":0,"_import_markdown_pro_submit_text_textarea":"","_genesis_hide_title":false,"_genesis_hide_breadcrumbs":false,"_genesis_hide_singular_image":false,"_genesis_hide_footer_widgets":false,"_genesis_custom_body_class":"","_genesis_custom_post_class":"","_genesis_layout":"","jetpack_post_was_ever_published":false,"_jetpack_newsletter_access":"","_jetpack_dont_email_post_to_subs":false,"_jetpack_newsletter_tier_id":0,"_jetpack_memberships_contains_paywalled_content":false,"_jetpack_memberships_contains_paid_content":false,"activitypub_content_warning":"","activitypub_content_visibility":"","activitypub_max_image_attachments":3,"activitypub_interaction_policy_quote":"anyone","activitypub_status":"","footnotes":"","jetpack_publicize_message":"","jetpack_publicize_feature_enabled":true,"jetpack_social_post_already_shared":true,"jetpack_social_options":{"image_generator_settings":{"template":"fullscreen","default_image_id":0,"font":"","enabled":false},"version":2}},"categories":[2],"tags":[],"class_list":{"0":"post-286","1":"post","2":"type-post","3":"status-publish","4":"format-standard","5":"has-post-thumbnail","7":"category-histoire-2","8":"entry"},"jetpack_publicize_connections":[],"featured_image_src":"https:\/\/i0.wp.com\/lyonelkaufmann.ch\/Blog\/wp-content\/uploads\/2015\/03\/blogcafe1.jpg?resize=600%2C400&ssl=1","featured_image_src_square":"https:\/\/i0.wp.com\/lyonelkaufmann.ch\/Blog\/wp-content\/uploads\/2015\/03\/blogcafe1.jpg?resize=600%2C600&ssl=1","author_info":{"display_name":"Lyonel Kaufmann","author_link":"https:\/\/lyonelkaufmann.ch\/Blog\/author\/lyonelk\/"},"jetpack_featured_media_url":"https:\/\/i0.wp.com\/lyonelkaufmann.ch\/Blog\/wp-content\/uploads\/2015\/03\/blogcafe1.jpg?fit=1024%2C683&ssl=1","jetpack_sharing_enabled":true,"jetpack_shortlink":"https:\/\/wp.me\/p1qtF4-4C","jetpack-related-posts":[{"id":331,"url":"https:\/\/lyonelkaufmann.ch\/Blog\/2008\/06\/19\/lenseignement-de-la-shoah-oublie-sarkozy\/","url_meta":{"origin":286,"position":0},"title":"L&rsquo;enseignement de la Shoah oublie Sarkozy","author":"Lyonel Kaufmann","date":"19 juin 2008","format":false,"excerpt":"Source: L'Expresso du 19 Juin 2008: \"L'enseignement de la Shoah oublie Sarkozy\" La mission Waysbord-Loing sur l'enseignement de la Shoah au CM2 a remis le\u00a018 juin son rapport au ministre de l'\u00e9ducation nationale. Cette mission avait \u00e9tait mise en place suite \u00e0 la pol\u00e9mique d\u00e9clench\u00e9e par la volont\u00e9 de Nicolas\u2026","rel":"","context":"Dans &quot;histoire&quot;","block_context":{"text":"histoire","link":"https:\/\/lyonelkaufmann.ch\/Blog\/category\/histoire-2\/"},"img":{"alt_text":"","src":"https:\/\/i0.wp.com\/lyonelkaufmann.ch\/Blog\/wp-content\/uploads\/2015\/03\/blogcafe1.jpg?fit=1024%2C683&ssl=1&resize=350%2C200","width":350,"height":200,"srcset":"https:\/\/i0.wp.com\/lyonelkaufmann.ch\/Blog\/wp-content\/uploads\/2015\/03\/blogcafe1.jpg?fit=1024%2C683&ssl=1&resize=350%2C200 1x, https:\/\/i0.wp.com\/lyonelkaufmann.ch\/Blog\/wp-content\/uploads\/2015\/03\/blogcafe1.jpg?fit=1024%2C683&ssl=1&resize=525%2C300 1.5x, https:\/\/i0.wp.com\/lyonelkaufmann.ch\/Blog\/wp-content\/uploads\/2015\/03\/blogcafe1.jpg?fit=1024%2C683&ssl=1&resize=700%2C400 2x"},"classes":[]},{"id":5705,"url":"https:\/\/lyonelkaufmann.ch\/Blog\/2012\/08\/02\/les-enfants-dans-la-shoah-1933-1945-au-coeur-du-genocide\/","url_meta":{"origin":286,"position":1},"title":"Les enfants dans la Shoah, 1933-1945, au c\u0153ur du g\u00e9nocide","author":"Lyonel Kaufmann","date":"2 ao\u00fbt 2012","format":false,"excerpt":"See on Scoop.it - histoire Un million et demi d'enfants juifs de moins de 15 ans ont \u00e9t\u00e9 assassin\u00e9s en Europe durant la Shoah. Le fondement de cette mise \u00e0 mort des victimes ne repose que sur le crime d'\u00eatre n\u00e9 et sur lui seul. Heinrich Himmler dans un discours\u2026","rel":"","context":"Dans &quot;histoire&quot;","block_context":{"text":"histoire","link":"https:\/\/lyonelkaufmann.ch\/Blog\/category\/histoire-2\/"},"img":{"alt_text":"","src":"https:\/\/i0.wp.com\/lyonelkaufmann.ch\/Blog\/wp-content\/uploads\/2015\/03\/74592CSKAnFvDyN1IyHsDjl72eJkfbmt4t8yenImKBXEejxNn4ZJNZ2ss5Ku7Cxt.jpg?fit=500%2C250&ssl=1&resize=350%2C200","width":350,"height":200},"classes":[]},{"id":4937,"url":"https:\/\/lyonelkaufmann.ch\/Blog\/2012\/01\/24\/e-dossier-la-suisse-les-refugies-et-la-shoah-dodis-ch\/","url_meta":{"origin":286,"position":2},"title":"e-Dossier: La Suisse, les r\u00e9fugi\u00e9s et la Shoah | dodis.ch","author":"Lyonel Kaufmann","date":"24 janvier 2012","format":false,"excerpt":"Les Documents diplomatiques suisses (dodis.ch) publient un dossier d'archives qui fera date relativement \u00e0 l'histoire de la Suisse\u00a0durant la Deuxi\u00e8me Guerre mondiale En effet, ce dossier retraee les relations internationales de la Suisse entre 1933 et 1945. Pour les auteurs, le dossier doit permettre notamment de trouver des \u00e9l\u00e9ments de\u2026","rel":"","context":"Dans &quot;histoire&quot;","block_context":{"text":"histoire","link":"https:\/\/lyonelkaufmann.ch\/Blog\/category\/histoire-2\/"},"img":{"alt_text":"","src":"https:\/\/i0.wp.com\/lyonelkaufmann.ch\/Blog\/wp-content\/uploads\/2015\/03\/blogcafe1.jpg?fit=1024%2C683&ssl=1&resize=350%2C200","width":350,"height":200,"srcset":"https:\/\/i0.wp.com\/lyonelkaufmann.ch\/Blog\/wp-content\/uploads\/2015\/03\/blogcafe1.jpg?fit=1024%2C683&ssl=1&resize=350%2C200 1x, https:\/\/i0.wp.com\/lyonelkaufmann.ch\/Blog\/wp-content\/uploads\/2015\/03\/blogcafe1.jpg?fit=1024%2C683&ssl=1&resize=525%2C300 1.5x, https:\/\/i0.wp.com\/lyonelkaufmann.ch\/Blog\/wp-content\/uploads\/2015\/03\/blogcafe1.jpg?fit=1024%2C683&ssl=1&resize=700%2C400 2x"},"classes":[]},{"id":7897,"url":"https:\/\/lyonelkaufmann.ch\/Blog\/2014\/01\/12\/revue-de-presse-dieudonne-les-rouages-du-shoah-business\/","url_meta":{"origin":286,"position":3},"title":"Revue de presse : Dieudonn\u00e9 : les rouages du Shoah business","author":"Lyonel Kaufmann","date":"12 janvier 2014","format":false,"excerpt":"Tr\u00e8s bon texte adress\u00e9 \u00e0 un d\u00e9fenseur de Dieudonn\u00e9 et d\u00e9montant le syst\u00e8me d'un mec qui \u00abfait du business sur la Shoah en d\u00e9non\u00e7ant le Shoah business.\u00bb En m\u00eame temps, ce texte d\u00e9montre l'\u00e9chec du devoir de m\u00e9moire de la Shoah en milieu scolaire lorsque celle-ci n'inflige aux \u00e9l\u00e8ves qu'\u00abun\u2026","rel":"","context":"Dans &quot;histoire&quot;","block_context":{"text":"histoire","link":"https:\/\/lyonelkaufmann.ch\/Blog\/category\/histoire-2\/"},"img":{"alt_text":"","src":"https:\/\/i0.wp.com\/lyonelkaufmann.ch\/Blog\/wp-content\/uploads\/2015\/03\/blogcafe1.jpg?fit=1024%2C683&ssl=1&resize=350%2C200","width":350,"height":200,"srcset":"https:\/\/i0.wp.com\/lyonelkaufmann.ch\/Blog\/wp-content\/uploads\/2015\/03\/blogcafe1.jpg?fit=1024%2C683&ssl=1&resize=350%2C200 1x, https:\/\/i0.wp.com\/lyonelkaufmann.ch\/Blog\/wp-content\/uploads\/2015\/03\/blogcafe1.jpg?fit=1024%2C683&ssl=1&resize=525%2C300 1.5x, https:\/\/i0.wp.com\/lyonelkaufmann.ch\/Blog\/wp-content\/uploads\/2015\/03\/blogcafe1.jpg?fit=1024%2C683&ssl=1&resize=700%2C400 2x"},"classes":[]},{"id":23285,"url":"https:\/\/lyonelkaufmann.ch\/Blog\/2022\/05\/23\/elie-buzyn-lun-des-derniers-grands-temoins-francais-dauschwitz-est-mort\/","url_meta":{"origin":286,"position":4},"title":"Elie Buzyn, l\u2019un des derniers grands t\u00e9moins fran\u00e7ais d\u2019Auschwitz, est mort","author":"Lyonel Kaufmann","date":"23 mai 2022","format":false,"excerpt":"Disparition D\u00e9port\u00e9 depuis la Pologne, Elie Buzyn, p\u00e8re de l\u2019ancienne ministre de la Sant\u00e9, Agn\u00e8s Buzyn, s\u2019est employ\u00e9 \u00e0 transmettre la m\u00e9moire de la Shoah. Il appelait les jeunes \u00e0 \u00eatre \u00abdes t\u00e9moins des t\u00e9moins\u00bb. Il est mort lundi matin, \u00e0 93 ans. Un demi-si\u00e8cle apr\u00e8s le g\u00e9nocide, son fils\u2026","rel":"","context":"Dans &quot;histoire&quot;","block_context":{"text":"histoire","link":"https:\/\/lyonelkaufmann.ch\/Blog\/category\/histoire-2\/"},"img":{"alt_text":"","src":"https:\/\/i0.wp.com\/lyonelkaufmann.ch\/Blog\/wp-content\/uploads\/2022\/05\/PT35WCBX4ZHXFMXUBIV57XDWWA-scaled.jpg?fit=1200%2C799&ssl=1&resize=350%2C200","width":350,"height":200,"srcset":"https:\/\/i0.wp.com\/lyonelkaufmann.ch\/Blog\/wp-content\/uploads\/2022\/05\/PT35WCBX4ZHXFMXUBIV57XDWWA-scaled.jpg?fit=1200%2C799&ssl=1&resize=350%2C200 1x, https:\/\/i0.wp.com\/lyonelkaufmann.ch\/Blog\/wp-content\/uploads\/2022\/05\/PT35WCBX4ZHXFMXUBIV57XDWWA-scaled.jpg?fit=1200%2C799&ssl=1&resize=525%2C300 1.5x, https:\/\/i0.wp.com\/lyonelkaufmann.ch\/Blog\/wp-content\/uploads\/2022\/05\/PT35WCBX4ZHXFMXUBIV57XDWWA-scaled.jpg?fit=1200%2C799&ssl=1&resize=700%2C400 2x, https:\/\/i0.wp.com\/lyonelkaufmann.ch\/Blog\/wp-content\/uploads\/2022\/05\/PT35WCBX4ZHXFMXUBIV57XDWWA-scaled.jpg?fit=1200%2C799&ssl=1&resize=1050%2C600 3x"},"classes":[]},{"id":7233,"url":"https:\/\/lyonelkaufmann.ch\/Blog\/2013\/08\/01\/les-fantomes-de-la-memoire-vous-racontent-la-shoah-histoire-memoire-et-societe\/","url_meta":{"origin":286,"position":5},"title":"Les fant\u00f4mes de la m\u00e9moire vous racontent la Shoah | Histoire, M\u00e9moire et Soci\u00e9t\u00e9","author":"Lyonel Kaufmann","date":"1 ao\u00fbt 2013","format":false,"excerpt":"Voici un tr\u00e8s int\u00e9ressant article de Micka\u00ebl Bertrand. A l'aide du concept de \u00abpr\u00e9sentisme\u00bb\u00a0d\u00e9velopp\u00e9 par Fran\u00e7ois Hartog dans son livre sur les r\u00e9gimes d'historicit\u00e9, il interroge la mod\u00e9lisation de survivants de la Shoah sous la forme d'hologramme interactifs par l\u2019ITC (Institute for Creative Technologies) et la Shoah Foundation Institute. Une\u2026","rel":"","context":"Dans &quot;histoire&quot;","block_context":{"text":"histoire","link":"https:\/\/lyonelkaufmann.ch\/Blog\/category\/histoire-2\/"},"img":{"alt_text":"","src":"https:\/\/i0.wp.com\/img.youtube.com\/vi\/AnF630tCiEk\/0.jpg?resize=350%2C200","width":350,"height":200},"classes":[]}],"jetpack_likes_enabled":true,"_links":{"self":[{"href":"https:\/\/lyonelkaufmann.ch\/Blog\/wp-json\/wp\/v2\/posts\/286","targetHints":{"allow":["GET"]}}],"collection":[{"href":"https:\/\/lyonelkaufmann.ch\/Blog\/wp-json\/wp\/v2\/posts"}],"about":[{"href":"https:\/\/lyonelkaufmann.ch\/Blog\/wp-json\/wp\/v2\/types\/post"}],"author":[{"embeddable":true,"href":"https:\/\/lyonelkaufmann.ch\/Blog\/wp-json\/wp\/v2\/users\/1"}],"replies":[{"embeddable":true,"href":"https:\/\/lyonelkaufmann.ch\/Blog\/wp-json\/wp\/v2\/comments?post=286"}],"version-history":[{"count":0,"href":"https:\/\/lyonelkaufmann.ch\/Blog\/wp-json\/wp\/v2\/posts\/286\/revisions"}],"wp:featuredmedia":[{"embeddable":true,"href":"https:\/\/lyonelkaufmann.ch\/Blog\/wp-json\/wp\/v2\/media\/14680"}],"wp:attachment":[{"href":"https:\/\/lyonelkaufmann.ch\/Blog\/wp-json\/wp\/v2\/media?parent=286"}],"wp:term":[{"taxonomy":"category","embeddable":true,"href":"https:\/\/lyonelkaufmann.ch\/Blog\/wp-json\/wp\/v2\/categories?post=286"},{"taxonomy":"post_tag","embeddable":true,"href":"https:\/\/lyonelkaufmann.ch\/Blog\/wp-json\/wp\/v2\/tags?post=286"}],"curies":[{"name":"wp","href":"https:\/\/api.w.org\/{rel}","templated":true}]}}