{"id":2946,"date":"2010-07-08T19:49:39","date_gmt":"2010-07-08T18:49:39","guid":{"rendered":"http:\/\/lyonelkaufmann.ch\/histoire\/?p=2946"},"modified":"2010-07-08T19:49:39","modified_gmt":"2010-07-08T18:49:39","slug":"twitter-derriere-lexperience-des-eleves-ma-dixieme-annee","status":"publish","type":"post","link":"https:\/\/lyonelkaufmann.ch\/Blog\/2010\/07\/08\/twitter-derriere-lexperience-des-eleves-ma-dixieme-annee\/","title":{"rendered":"Twitter : derri\u00e8re l&rsquo;exp\u00e9rience, des \u00e9l\u00e8ves ! | Ma dixi\u00e8me ann\u00e9e"},"content":{"rendered":"<blockquote><p><em>Avec ces \u00e9l\u00e8ves\u00a0que \u00ab\u00a0plus personne\u00a0ne voulait\u00a0\u00bb, nous sommes partis \u00e0 Londres et en Normandie sur une \u00e9tude de\u00a0la seconde guerre mondiale. Nous sommes repartis deux ans plus tard \u00e0 Liverpool sur les traces des Beatles et de la r\u00e9volution industrielle. Je leur ai fait chanter du Eicher, \u00a0Aznavour, du JL Aubert et \u00ab\u00a0Penny lane\u00a0\u00bb est devenu notre hymne. Nous sommes all\u00e9s souvent au cin\u00e9ma avec le processus \u00ab\u00a0lyc\u00e9ens et cin\u00e9ma\u00a0\u00bb voir . Nous avons cr\u00e9e deux expos : \u00ab\u00a0soci\u00e9t\u00e9s davant et de maintenant\u00a0\u00bb et \u00ab\u00a0ha\u00efku tatoo\u00a0\u00bb. Nous sommes all\u00e9s \u00e0 la plage, \u00e0 la piscine, au th\u00e9\u00e2tre. Nous avons travers\u00e9 la temp\u00eate Xynthia et leurs temp\u00eates personnelles souvent aussi douloureuses. Ils ont particip\u00e9 au printemps des Po\u00e8tes, d\u00e9battu sur de grandes questions de soci\u00e9t\u00e9, critiqu\u00e9 l\u00e9conomie chinoise, d\u00e9couvert Mandela ou Seznec, lu Fottorino, se sont r\u00e9volt\u00e9s en voyant \u00ab\u00a0Welcome\u00a0\u00bb sur la condition des immigr\u00e9s \u00e0 Calais. ILs ont particip\u00e9 aux concours \u00ab\u00a0faites la Une\u00a0\u00bb et \u00ab\u00a0creation dun po\u00e8me\u00a0\u00bb&#8230;<\/em><\/p><\/blockquote>\n<p>via\u00a0<a href=\"http:\/\/frompennylane.blogspace.fr\/2201551\/Twitter-derriere-l-experience-des-eleves\/\">Ma dixi\u00e8me ann\u00e9e &#8211; Twitter : derri\u00e8re lexp\u00e9rience, des \u00e9l\u00e8ves ! | frompennylane.blogspace.fr<\/a>.<\/p>\n","protected":false},"excerpt":{"rendered":"<p>Avec ces \u00e9l\u00e8ves\u00a0que \u00ab\u00a0plus personne\u00a0ne voulait\u00a0\u00bb, nous sommes partis \u00e0 Londres et en Normandie sur une \u00e9tude de\u00a0la seconde guerre mondiale. Nous sommes repartis deux ans plus tard \u00e0 Liverpool sur les traces des Beatles et de la r\u00e9volution industrielle. Je leur ai fait chanter du Eicher, \u00a0Aznavour, du JL Aubert et \u00ab\u00a0Penny lane\u00a0\u00bb est [&hellip;]<\/p>\n","protected":false},"author":1,"featured_media":14680,"comment_status":"open","ping_status":"open","sticky":false,"template":"","format":"standard","meta":{"_import_markdown_pro_load_document_selector":0,"_import_markdown_pro_submit_text_textarea":"","_genesis_hide_title":false,"_genesis_hide_breadcrumbs":false,"_genesis_hide_singular_image":false,"_genesis_hide_footer_widgets":false,"_genesis_custom_body_class":"","_genesis_custom_post_class":"","_genesis_layout":"","jetpack_post_was_ever_published":false,"_jetpack_newsletter_access":"","_jetpack_dont_email_post_to_subs":false,"_jetpack_newsletter_tier_id":0,"_jetpack_memberships_contains_paywalled_content":false,"_jetpack_memberships_contains_paid_content":false,"activitypub_content_warning":"","activitypub_content_visibility":"","activitypub_max_image_attachments":3,"activitypub_interaction_policy_quote":"anyone","activitypub_status":"","footnotes":"","jetpack_publicize_message":"","jetpack_publicize_feature_enabled":true,"jetpack_social_post_already_shared":true,"jetpack_social_options":{"image_generator_settings":{"template":"fullscreen","default_image_id":0,"font":"","enabled":false},"version":2}},"categories":[2],"tags":[],"class_list":{"0":"post-2946","1":"post","2":"type-post","3":"status-publish","4":"format-standard","5":"has-post-thumbnail","7":"category-histoire-2","8":"entry"},"jetpack_publicize_connections":[],"featured_image_src":"https:\/\/i0.wp.com\/lyonelkaufmann.ch\/Blog\/wp-content\/uploads\/2015\/03\/blogcafe1.jpg?resize=600%2C400&ssl=1","featured_image_src_square":"https:\/\/i0.wp.com\/lyonelkaufmann.ch\/Blog\/wp-content\/uploads\/2015\/03\/blogcafe1.jpg?resize=600%2C600&ssl=1","author_info":{"display_name":"Lyonel Kaufmann","author_link":"https:\/\/lyonelkaufmann.ch\/Blog\/author\/lyonelk\/"},"jetpack_featured_media_url":"https:\/\/i0.wp.com\/lyonelkaufmann.ch\/Blog\/wp-content\/uploads\/2015\/03\/blogcafe1.jpg?fit=1024%2C683&ssl=1","jetpack_sharing_enabled":true,"jetpack_shortlink":"https:\/\/wp.me\/p1qtF4-Lw","jetpack-related-posts":[{"id":4908,"url":"https:\/\/lyonelkaufmann.ch\/Blog\/2012\/01\/21\/la-publicite-plus-dangereuse-que-les-reseaux-sociaux\/","url_meta":{"origin":2946,"position":0},"title":"La publicit\u00e9 plus dangereuse que les r\u00e9seaux sociaux?","author":"Lyonel Kaufmann","date":"21 janvier 2012","format":false,"excerpt":"On oublie trop souvent, rappelle Bruno Devauchelle, que ce qui sert d\u2019entr\u00e9e dans la culture pour les jeunes est couramment la publicit\u00e9 et son corollaire la consommation Or indique-t-il ce qui est impressionnant pour le p\u00e9dagogue de la transmission, c\u2019est la redoutable efficacit\u00e9 de ces industries de l\u2019information communication. Un\u2026","rel":"","context":"Dans &quot;histoire&quot;","block_context":{"text":"histoire","link":"https:\/\/lyonelkaufmann.ch\/Blog\/category\/histoire-2\/"},"img":{"alt_text":"","src":"https:\/\/i0.wp.com\/lyonelkaufmann.ch\/Blog\/wp-content\/uploads\/2015\/03\/blogcafe1.jpg?fit=1024%2C683&ssl=1&resize=350%2C200","width":350,"height":200,"srcset":"https:\/\/i0.wp.com\/lyonelkaufmann.ch\/Blog\/wp-content\/uploads\/2015\/03\/blogcafe1.jpg?fit=1024%2C683&ssl=1&resize=350%2C200 1x, https:\/\/i0.wp.com\/lyonelkaufmann.ch\/Blog\/wp-content\/uploads\/2015\/03\/blogcafe1.jpg?fit=1024%2C683&ssl=1&resize=525%2C300 1.5x, https:\/\/i0.wp.com\/lyonelkaufmann.ch\/Blog\/wp-content\/uploads\/2015\/03\/blogcafe1.jpg?fit=1024%2C683&ssl=1&resize=700%2C400 2x"},"classes":[]},{"id":25904,"url":"https:\/\/lyonelkaufmann.ch\/Blog\/2024\/10\/05\/sur-la-route-sortie-dautomne-05-10-2024\/","url_meta":{"origin":2946,"position":1},"title":"Sur la route | Auf der Strasse : Sortie d\u2019automne &#8211; \u00e9pisode 4\/2024","author":"Lyonel Kaufmann","date":"5 octobre 2024","format":false,"excerpt":"Alors que nous sommes d\u00e9sormais en pleines vendanges, il est encore le temps pour une sortie d\u2019automne \u00e0 moto dans les Alpes vaudoises, bernoises et fribourgeoises. Au programme de ce samedi 5 octobre, Aigle, le col du Pillon, Gstaad, Zweisimmen, le col du Jaun, Broc et retour \u00e0 la maison\u2026","rel":"","context":"Dans &quot;Blogcaf\u00e9&quot;","block_context":{"text":"Blogcaf\u00e9","link":"https:\/\/lyonelkaufmann.ch\/Blog\/category\/blogcafe-2\/"},"img":{"alt_text":"","src":"https:\/\/i0.wp.com\/lyonelkaufmann.ch\/Blog\/wp-content\/uploads\/2024\/10\/dsc08809-1.jpg?fit=1200%2C800&ssl=1&resize=350%2C200","width":350,"height":200,"srcset":"https:\/\/i0.wp.com\/lyonelkaufmann.ch\/Blog\/wp-content\/uploads\/2024\/10\/dsc08809-1.jpg?fit=1200%2C800&ssl=1&resize=350%2C200 1x, https:\/\/i0.wp.com\/lyonelkaufmann.ch\/Blog\/wp-content\/uploads\/2024\/10\/dsc08809-1.jpg?fit=1200%2C800&ssl=1&resize=525%2C300 1.5x, https:\/\/i0.wp.com\/lyonelkaufmann.ch\/Blog\/wp-content\/uploads\/2024\/10\/dsc08809-1.jpg?fit=1200%2C800&ssl=1&resize=700%2C400 2x, https:\/\/i0.wp.com\/lyonelkaufmann.ch\/Blog\/wp-content\/uploads\/2024\/10\/dsc08809-1.jpg?fit=1200%2C800&ssl=1&resize=1050%2C600 3x"},"classes":[]},{"id":5130,"url":"https:\/\/lyonelkaufmann.ch\/Blog\/2011\/12\/18\/la-tempete-joachim-a-la-tour-de-peilz-et-vevey-16-decembre-2011\/","url_meta":{"origin":2946,"position":2},"title":"La temp\u00eate Joachim \u00e0 La Tour-de-Peilz et Vevey (16 d\u00e9cembre 2011)","author":"Lyonel Kaufmann","date":"18 d\u00e9cembre 2011","format":false,"excerpt":"Petit compte-rendu photographique du passage le vendredi 16 d\u00e9cembre de la Temp\u00eate Joachim\u00a0le long des quais entre le jardin Roussy \u00e0 La Tour-de-Peilz et les jardins du Casino \u00e0 Vevey. Les photos ont \u00e9t\u00e9 prises entre 12h30 et 17h30. Exceptionnelle par sa dur\u00e9e, la temp\u00eate Joachim a balay\u00e9 ce vendredi\u2026","rel":"","context":"Dans &quot;Blogcaf\u00e9&quot;","block_context":{"text":"Blogcaf\u00e9","link":"https:\/\/lyonelkaufmann.ch\/Blog\/category\/blogcafe-2\/"},"img":{"alt_text":"","src":"https:\/\/i0.wp.com\/lyonelkaufmann.ch\/Blog\/wp-content\/uploads\/2015\/03\/6528023015_6a0a20bfd5_z.jpg?fit=640%2C480&ssl=1&resize=350%2C200","width":350,"height":200,"srcset":"https:\/\/i0.wp.com\/lyonelkaufmann.ch\/Blog\/wp-content\/uploads\/2015\/03\/6528023015_6a0a20bfd5_z.jpg?fit=640%2C480&ssl=1&resize=350%2C200 1x, https:\/\/i0.wp.com\/lyonelkaufmann.ch\/Blog\/wp-content\/uploads\/2015\/03\/6528023015_6a0a20bfd5_z.jpg?fit=640%2C480&ssl=1&resize=525%2C300 1.5x"},"classes":[]},{"id":7868,"url":"https:\/\/lyonelkaufmann.ch\/Blog\/2007\/11\/22\/24-de-visiteurs-en-plus-pour-wikipedia-en-france\/","url_meta":{"origin":2946,"position":3},"title":"24 % de visiteurs en plus pour Wikipedia en France","author":"Lyonel Kaufmann","date":"22 novembre 2007","format":false,"excerpt":"C'est la version du Figaro en ligne qui nous l'apprend : Parmi les dix sites les plus visit\u00e9s, le cabinet de mesure d\u2019audience Comscore rel\u00e8ve que Google est toujours en t\u00eate, avec pr\u00e8s de 20 millions de visiteurs uniques. Il est suivi par le site de Microsoft qui enregistre 17\u2026","rel":"","context":"Dans &quot;histoire&quot;","block_context":{"text":"histoire","link":"https:\/\/lyonelkaufmann.ch\/Blog\/category\/histoire-2\/"},"img":{"alt_text":"","src":"","width":0,"height":0},"classes":[]},{"id":11089,"url":"https:\/\/lyonelkaufmann.ch\/Blog\/2014\/01\/05\/evernote-devra-mieux-faire-pour-son-fondateur-et-le-pdg-de-la-societe\/","url_meta":{"origin":2946,"position":4},"title":"Evernote ? Devra mieux faire pour son fondateur et le PDG de la soci\u00e9t\u00e9","author":"Lyonel Kaufmann","date":"5 janvier 2014","format":false,"excerpt":"Sale temps en ce d\u00e9but 2014 pour les carnets de notes sur tablettes et ordinateurs. Apr\u00e8s les probl\u00e8mes d\u00e9crits ici concernant NoteSuite, c'est le r\u00e9put\u00e9 Evernote qui se trouve dans la temp\u00eate \u00e0 la suite d'un article r\u00e9dig\u00e9 par Jason Kincaid, ancien r\u00e9dacteur en chef de TechCrunch, et non d\u00e9menti\u2026","rel":"","context":"Dans &quot;Blogcaf\u00e9&quot;","block_context":{"text":"Blogcaf\u00e9","link":"https:\/\/lyonelkaufmann.ch\/Blog\/category\/blogcafe-2\/"},"img":{"alt_text":"","src":"https:\/\/i0.wp.com\/lyonelkaufmann.ch\/Blog\/wp-content\/uploads\/2015\/03\/blogcafe1.jpg?fit=1024%2C683&ssl=1&resize=350%2C200","width":350,"height":200,"srcset":"https:\/\/i0.wp.com\/lyonelkaufmann.ch\/Blog\/wp-content\/uploads\/2015\/03\/blogcafe1.jpg?fit=1024%2C683&ssl=1&resize=350%2C200 1x, https:\/\/i0.wp.com\/lyonelkaufmann.ch\/Blog\/wp-content\/uploads\/2015\/03\/blogcafe1.jpg?fit=1024%2C683&ssl=1&resize=525%2C300 1.5x, https:\/\/i0.wp.com\/lyonelkaufmann.ch\/Blog\/wp-content\/uploads\/2015\/03\/blogcafe1.jpg?fit=1024%2C683&ssl=1&resize=700%2C400 2x"},"classes":[]},{"id":8093,"url":"https:\/\/lyonelkaufmann.ch\/Blog\/2014\/07\/06\/joe-sacco-et-la-premiere-guerre-mondiale-comment-il-en-est-venu-a-realiser-une-exceptionnelle-tapisserie-sur-la-bataille-de-la-somme-slate-fr\/","url_meta":{"origin":2946,"position":5},"title":"Joe Sacco et la Premi\u00e8re Guerre mondiale: comment il en est venu \u00e0 r\u00e9aliser une exceptionnelle tapisserie sur la Bataille de la Somme | Slate.fr","author":"Lyonel Kaufmann","date":"6 juillet 2014","format":false,"excerpt":"Le 1er juillet 1916, commence la bataille de la Somme, la plus meurtri\u00e8re que l'arm\u00e9e britannique ait jamais connue. Rencontre de Slate.fr avec l\u2019auteur de la longue fresque qui est expos\u00e9e tout cet \u00e9t\u00e9 \u00e0 la station Montparnasse \u00e0 Paris. D\u00e9tail de la tapisserie r\u00e9alis\u00e9e par Joe Sacco. Se jouant\u2026","rel":"","context":"Dans &quot;histoire&quot;","block_context":{"text":"histoire","link":"https:\/\/lyonelkaufmann.ch\/Blog\/category\/histoire-2\/"},"img":{"alt_text":"","src":"https:\/\/i0.wp.com\/lyonelkaufmann.ch\/Blog\/wp-content\/uploads\/2015\/02\/wpid-tapisserie-sacco-2014-07-6-16-07.jpg?fit=1090%2C500&ssl=1&resize=350%2C200","width":350,"height":200,"srcset":"https:\/\/i0.wp.com\/lyonelkaufmann.ch\/Blog\/wp-content\/uploads\/2015\/02\/wpid-tapisserie-sacco-2014-07-6-16-07.jpg?fit=1090%2C500&ssl=1&resize=350%2C200 1x, https:\/\/i0.wp.com\/lyonelkaufmann.ch\/Blog\/wp-content\/uploads\/2015\/02\/wpid-tapisserie-sacco-2014-07-6-16-07.jpg?fit=1090%2C500&ssl=1&resize=525%2C300 1.5x, https:\/\/i0.wp.com\/lyonelkaufmann.ch\/Blog\/wp-content\/uploads\/2015\/02\/wpid-tapisserie-sacco-2014-07-6-16-07.jpg?fit=1090%2C500&ssl=1&resize=700%2C400 2x, https:\/\/i0.wp.com\/lyonelkaufmann.ch\/Blog\/wp-content\/uploads\/2015\/02\/wpid-tapisserie-sacco-2014-07-6-16-07.jpg?fit=1090%2C500&ssl=1&resize=1050%2C600 3x"},"classes":[]}],"jetpack_likes_enabled":true,"_links":{"self":[{"href":"https:\/\/lyonelkaufmann.ch\/Blog\/wp-json\/wp\/v2\/posts\/2946","targetHints":{"allow":["GET"]}}],"collection":[{"href":"https:\/\/lyonelkaufmann.ch\/Blog\/wp-json\/wp\/v2\/posts"}],"about":[{"href":"https:\/\/lyonelkaufmann.ch\/Blog\/wp-json\/wp\/v2\/types\/post"}],"author":[{"embeddable":true,"href":"https:\/\/lyonelkaufmann.ch\/Blog\/wp-json\/wp\/v2\/users\/1"}],"replies":[{"embeddable":true,"href":"https:\/\/lyonelkaufmann.ch\/Blog\/wp-json\/wp\/v2\/comments?post=2946"}],"version-history":[{"count":0,"href":"https:\/\/lyonelkaufmann.ch\/Blog\/wp-json\/wp\/v2\/posts\/2946\/revisions"}],"wp:featuredmedia":[{"embeddable":true,"href":"https:\/\/lyonelkaufmann.ch\/Blog\/wp-json\/wp\/v2\/media\/14680"}],"wp:attachment":[{"href":"https:\/\/lyonelkaufmann.ch\/Blog\/wp-json\/wp\/v2\/media?parent=2946"}],"wp:term":[{"taxonomy":"category","embeddable":true,"href":"https:\/\/lyonelkaufmann.ch\/Blog\/wp-json\/wp\/v2\/categories?post=2946"},{"taxonomy":"post_tag","embeddable":true,"href":"https:\/\/lyonelkaufmann.ch\/Blog\/wp-json\/wp\/v2\/tags?post=2946"}],"curies":[{"name":"wp","href":"https:\/\/api.w.org\/{rel}","templated":true}]}}