{"id":2958,"date":"2009-08-14T10:05:56","date_gmt":"2009-08-14T08:05:56","guid":{"rendered":"https:\/\/lyonelkaufmann.ch\/Blog\/2009\/08\/14\/google-book-des-livres-sous-licence-creative-commons-les-eclats-de-s-i-lex\/"},"modified":"2009-08-14T10:05:56","modified_gmt":"2009-08-14T08:05:56","slug":"google-book-des-livres-sous-licence-creative-commons-les-eclats-de-s-i-lex","status":"publish","type":"post","link":"https:\/\/lyonelkaufmann.ch\/Blog\/2009\/08\/14\/google-book-des-livres-sous-licence-creative-commons-les-eclats-de-s-i-lex\/","title":{"rendered":"Google Book : des livres sous licence Creative Commons | Les Eclats de S.I.Lex"},"content":{"rendered":"<blockquote>\n<p><span style=\"font-family:Arial, Helvetica, sans-serif;font-size:12px;color:#222222;line-height:17px;\"><\/p>\n<p>A lire sur le blog officiel&nbsp;<em>Inside Google Book&nbsp;<\/em>:&nbsp;<a href=\"http:\/\/booksearch.blogspot.com\/2009\/08\/bringing-power-of-creative-commons-to.html\">Bringing the power of the Creative Commons to Google Book<\/a>&nbsp;et sur le site de Creative Commons International&nbsp;:&nbsp;<a href=\"http:\/\/creativecommons.org\/weblog\/entry\/16823\">Google Book adds Creative Commons Options.<\/a><\/p>\n<p><strong>Google Book va proposer aux auteurs et &eacute;diteurs de diffuser leurs ouvrages via Google Book sous licence Creative Commons.<\/strong>&nbsp;Les titulaires de droits seront enti&egrave;rement libres de choisir la licence CC de leur choix, et notamment d&rsquo;autoriser ou non la r&eacute;utlisation &agrave; des fins commerciales.<\/p>\n<p>[&hellip;]<\/p>\n<p>Pour l&rsquo;instant, force est de constater que les licences CC ne sont pas tr&egrave;s utilis&eacute;es en ce concerne les livres (voir quand m&ecirc;me le site&nbsp;<a href=\"http:\/\/www.inlibroveritas.net\/\">In Libro Veritas<\/a>, l&rsquo;<a href=\"http:\/\/www.archive.org\/details\/texts\">Internet Archive<\/a>&nbsp;ou&nbsp;<a href=\"http:\/\/www.scribd.com\/\">Scribd<\/a>). Mais elles tendent peu &agrave; peu &agrave; s&rsquo;imposer comme&nbsp;<strong>un standard juridique de fait sur Internet<\/strong>. [&hellip;]<\/p>\n<p>Compte tenu de la masse des livres pr&eacute;sents sur Google Book (7 &agrave; 10 millions&nbsp;!),&nbsp;<strong>le partenariat avec Creative Commons pourra peut-&ecirc;tre contribuer &agrave; faire &eacute;merger un nouveau mod&egrave;le juridique<\/strong>&nbsp;<strong>(et &eacute;conomique) pour certains pans de l&rsquo;&eacute;dition&nbsp;<\/strong>(pour les oeuvres &eacute;puis&eacute;es par exemple&nbsp;?), voire de faire &eacute;merger une Culture Libre Litt&eacute;raire &hellip;<\/p>\n<p>On peut r&ecirc;ver un peu, non&nbsp;?<\/p>\n<p><\/span><\/p>\n<\/blockquote>\n<p><a href=\"http:\/\/silex.tumblr.com\/post\/162245963\/google-book-va-permettre-de-placer-les-livres-sous\">Les Eclats de S.I.Lex : Google Book va permettre de placer les livres sous licence Creative Commons<\/a><\/p>\n","protected":false},"excerpt":{"rendered":"<p>A lire sur le blog officiel&nbsp;Inside Google Book&nbsp;:&nbsp;Bringing the power of the Creative Commons to Google Book&nbsp;et sur le site de Creative Commons International&nbsp;:&nbsp;Google Book adds Creative Commons Options. Google Book va proposer aux auteurs et &eacute;diteurs de diffuser leurs ouvrages via Google Book sous licence Creative Commons.&nbsp;Les titulaires de droits seront enti&egrave;rement libres de [&hellip;]<\/p>\n","protected":false},"author":1,"featured_media":14680,"comment_status":"open","ping_status":"open","sticky":false,"template":"","format":"aside","meta":{"_import_markdown_pro_load_document_selector":0,"_import_markdown_pro_submit_text_textarea":"","_genesis_hide_title":false,"_genesis_hide_breadcrumbs":false,"_genesis_hide_singular_image":false,"_genesis_hide_footer_widgets":false,"_genesis_custom_body_class":"","_genesis_custom_post_class":"","_genesis_layout":"","jetpack_post_was_ever_published":false,"_jetpack_newsletter_access":"","_jetpack_dont_email_post_to_subs":false,"_jetpack_newsletter_tier_id":0,"_jetpack_memberships_contains_paywalled_content":false,"_jetpack_memberships_contains_paid_content":false,"activitypub_content_warning":"","activitypub_content_visibility":"","activitypub_max_image_attachments":3,"activitypub_interaction_policy_quote":"anyone","activitypub_status":"","footnotes":"","jetpack_publicize_message":"","jetpack_publicize_feature_enabled":true,"jetpack_social_post_already_shared":true,"jetpack_social_options":{"image_generator_settings":{"template":"fullscreen","default_image_id":0,"font":"","enabled":false},"version":2}},"categories":[3],"tags":[419,420,421],"class_list":{"0":"post-2958","1":"post","2":"type-post","3":"status-publish","4":"format-aside","5":"has-post-thumbnail","7":"category-blogcafe-2","8":"tag-creative-commons","9":"tag-droits-dauteur","10":"tag-google-books","11":"post_format-post-format-aside","12":"entry"},"jetpack_publicize_connections":[],"featured_image_src":"https:\/\/i0.wp.com\/lyonelkaufmann.ch\/Blog\/wp-content\/uploads\/2015\/03\/blogcafe1.jpg?resize=600%2C400&ssl=1","featured_image_src_square":"https:\/\/i0.wp.com\/lyonelkaufmann.ch\/Blog\/wp-content\/uploads\/2015\/03\/blogcafe1.jpg?resize=600%2C600&ssl=1","author_info":{"display_name":"Lyonel Kaufmann","author_link":"https:\/\/lyonelkaufmann.ch\/Blog\/author\/lyonelk\/"},"jetpack_featured_media_url":"https:\/\/i0.wp.com\/lyonelkaufmann.ch\/Blog\/wp-content\/uploads\/2015\/03\/blogcafe1.jpg?fit=1024%2C683&ssl=1","jetpack_sharing_enabled":true,"jetpack_shortlink":"https:\/\/wp.me\/p1qtF4-LI","jetpack-related-posts":[{"id":6198,"url":"https:\/\/lyonelkaufmann.ch\/Blog\/2012\/09\/29\/et-les-manuels-universitaires-libres-devinrent-realite-en-californie-framablog\/","url_meta":{"origin":2958,"position":0},"title":"Et les manuels universitaires libres devinrent r\u00e9alit\u00e9 en Californie | Framablog","author":"Lyonel Kaufmann","date":"29 septembre 2012","format":false,"excerpt":"C\u2019est officiel. En Californie, le Gouverneur Jerry Brown a sign\u00e9 deux projets de lois (SB1052 et SB1053) qui permettront la cr\u00e9ation de manuels num\u00e9riques sous licence libre pour les cinquante cours les plus populaires des universit\u00e9s de Californie . Ce projet de loi a \u00e9t\u00e9 propos\u00e9 par le pr\u00e9sident du\u2026","rel":"","context":"Dans &quot;histoire&quot;","block_context":{"text":"histoire","link":"https:\/\/lyonelkaufmann.ch\/Blog\/category\/histoire-2\/"},"img":{"alt_text":"","src":"https:\/\/i0.wp.com\/lyonelkaufmann.ch\/Blog\/wp-content\/uploads\/2015\/03\/20mm_cc-by.jpg?fit=648%2C380&ssl=1&resize=350%2C200","width":350,"height":200,"srcset":"https:\/\/i0.wp.com\/lyonelkaufmann.ch\/Blog\/wp-content\/uploads\/2015\/03\/20mm_cc-by.jpg?fit=648%2C380&ssl=1&resize=350%2C200 1x, https:\/\/i0.wp.com\/lyonelkaufmann.ch\/Blog\/wp-content\/uploads\/2015\/03\/20mm_cc-by.jpg?fit=648%2C380&ssl=1&resize=525%2C300 1.5x"},"classes":[]},{"id":6080,"url":"https:\/\/lyonelkaufmann.ch\/Blog\/2012\/05\/20\/jecris-pas-je-digere-noenaute-fr\/","url_meta":{"origin":2958,"position":1},"title":"J&rsquo;\u00e9cris pas, je dig\u00e8re | No\u00e9Naute.fr","author":"Lyonel Kaufmann","date":"20 mai 2012","format":false,"excerpt":"Je vois que le langage familier de certains personnages me vient direct de mon addiction \u00e0 Kaamelott. Je note r\u00e9guli\u00e8rement les emprunts que je fais \u00e0 telle auteure ou tel cr\u00e9ateur, et je sais que ce que je r\u00e9tribue s\u2019est nourri du monde autour de moi. C\u2019est pour \u00e7a que\u2026","rel":"","context":"Dans &quot;Blogcaf\u00e9&quot;","block_context":{"text":"Blogcaf\u00e9","link":"https:\/\/lyonelkaufmann.ch\/Blog\/category\/blogcafe-2\/"},"img":{"alt_text":"","src":"https:\/\/i0.wp.com\/lyonelkaufmann.ch\/Blog\/wp-content\/uploads\/2015\/03\/01-bonus-13-libre-revolution.jpg?fit=1200%2C675&ssl=1&resize=350%2C200","width":350,"height":200,"srcset":"https:\/\/i0.wp.com\/lyonelkaufmann.ch\/Blog\/wp-content\/uploads\/2015\/03\/01-bonus-13-libre-revolution.jpg?fit=1200%2C675&ssl=1&resize=350%2C200 1x, https:\/\/i0.wp.com\/lyonelkaufmann.ch\/Blog\/wp-content\/uploads\/2015\/03\/01-bonus-13-libre-revolution.jpg?fit=1200%2C675&ssl=1&resize=525%2C300 1.5x, https:\/\/i0.wp.com\/lyonelkaufmann.ch\/Blog\/wp-content\/uploads\/2015\/03\/01-bonus-13-libre-revolution.jpg?fit=1200%2C675&ssl=1&resize=700%2C400 2x, https:\/\/i0.wp.com\/lyonelkaufmann.ch\/Blog\/wp-content\/uploads\/2015\/03\/01-bonus-13-libre-revolution.jpg?fit=1200%2C675&ssl=1&resize=1050%2C600 3x"},"classes":[]},{"id":3009,"url":"https:\/\/lyonelkaufmann.ch\/Blog\/2009\/12\/19\/jaimerais-que-google-rende-visible-mon-livre-sur-le-net-totem\/","url_meta":{"origin":2958,"position":2},"title":"J\u2019aimerais que Google rende visible mon livre sur le net | Totem","author":"Lyonel Kaufmann","date":"19 d\u00e9cembre 2009","format":"aside","excerpt":"Voil\u00e0, Olivier, quelle peut \u00eatre aujourd\u2019hui la situation r\u00e9elle d\u2019un livre. Je sais bien que tes analyses sont fond\u00e9es, et que Google n\u2019en veut qu\u2019\u00e0 notre porte-monnaie. Mais le probl\u00e8me de ton raisonnement, c\u2019est que les \u00e9diteurs ne sont pas non plus des angelots avec la casquette du secours catholique.\u2026","rel":"","context":"Dans &quot;Blogcaf\u00e9&quot;","block_context":{"text":"Blogcaf\u00e9","link":"https:\/\/lyonelkaufmann.ch\/Blog\/category\/blogcafe-2\/"},"img":{"alt_text":"","src":"https:\/\/i0.wp.com\/lyonelkaufmann.ch\/Blog\/wp-content\/uploads\/2015\/03\/blogcafe1.jpg?fit=1024%2C683&ssl=1&resize=350%2C200","width":350,"height":200,"srcset":"https:\/\/i0.wp.com\/lyonelkaufmann.ch\/Blog\/wp-content\/uploads\/2015\/03\/blogcafe1.jpg?fit=1024%2C683&ssl=1&resize=350%2C200 1x, https:\/\/i0.wp.com\/lyonelkaufmann.ch\/Blog\/wp-content\/uploads\/2015\/03\/blogcafe1.jpg?fit=1024%2C683&ssl=1&resize=525%2C300 1.5x, https:\/\/i0.wp.com\/lyonelkaufmann.ch\/Blog\/wp-content\/uploads\/2015\/03\/blogcafe1.jpg?fit=1024%2C683&ssl=1&resize=700%2C400 2x"},"classes":[]},{"id":6396,"url":"https:\/\/lyonelkaufmann.ch\/Blog\/2012\/11\/06\/colloque-infoclio-ch-2012-accessibilite-et-droits-dutilisation-des-ressources-historiques-sur-le-web\/","url_meta":{"origin":2958,"position":3},"title":"Colloque infoclio.ch 2012: Accessibilit\u00e9 et droits d\u2019utilisation des ressources historiques sur le web","author":"Lyonel Kaufmann","date":"6 novembre 2012","format":false,"excerpt":"Le colloque infoclio.ch 2012 s'est tenu vendredi 2 novembre au Kornhauforum de Berne, sur le th\u00e8me \"Accessibilit\u00e9 et droits d\u2019utilisation des ressources historiques sur le web\".\u00a0Vous pouvez d\u00e8s \u00e0 pr\u00e9sent retrouver tous les enregistrements et les pr\u00e9sentations des conf\u00e9renciers sur cette page sp\u00e9ciale d\u00e9di\u00e9e au colloque. Le th\u00e8me de ce\u2026","rel":"","context":"Dans &quot;histoire&quot;","block_context":{"text":"histoire","link":"https:\/\/lyonelkaufmann.ch\/Blog\/category\/histoire-2\/"},"img":{"alt_text":"","src":"https:\/\/i0.wp.com\/lyonelkaufmann.ch\/Blog\/wp-content\/uploads\/2015\/03\/blogcafe1.jpg?fit=1024%2C683&ssl=1&resize=350%2C200","width":350,"height":200,"srcset":"https:\/\/i0.wp.com\/lyonelkaufmann.ch\/Blog\/wp-content\/uploads\/2015\/03\/blogcafe1.jpg?fit=1024%2C683&ssl=1&resize=350%2C200 1x, https:\/\/i0.wp.com\/lyonelkaufmann.ch\/Blog\/wp-content\/uploads\/2015\/03\/blogcafe1.jpg?fit=1024%2C683&ssl=1&resize=525%2C300 1.5x, https:\/\/i0.wp.com\/lyonelkaufmann.ch\/Blog\/wp-content\/uploads\/2015\/03\/blogcafe1.jpg?fit=1024%2C683&ssl=1&resize=700%2C400 2x"},"classes":[]},{"id":2765,"url":"https:\/\/lyonelkaufmann.ch\/Blog\/2010\/05\/02\/letat-de-loregon-adopte-google-apps-education-pour-ses-ecoles-framablog\/","url_meta":{"origin":2958,"position":4},"title":"L&rsquo;\u00c9tat de l&rsquo;Oregon adopte Google Apps Education pour ses \u00e9coles | Framablog","author":"Lyonel Kaufmann","date":"2 mai 2010","format":false,"excerpt":"Framablog, le blog de Framasoft promoteur de ressources sous licences libres, r\u00e9percute cette nouvelle pass\u00e9e totalement inaper\u00e7ue dans le monde francophone alors que pour l'auteur elle rev\u00eat de la plus haute importante Parce que c\u2019est peut-\u00eatre rien moins que l\u2019\u00e9ducation de demain qui se cache ici derri\u00e8re cet \u00e9v\u00e8nement. De\u2026","rel":"","context":"Dans &quot;histoire&quot;","block_context":{"text":"histoire","link":"https:\/\/lyonelkaufmann.ch\/Blog\/category\/histoire-2\/"},"img":{"alt_text":"","src":"https:\/\/i0.wp.com\/lyonelkaufmann.ch\/Blog\/wp-content\/uploads\/2015\/03\/blogcafe1.jpg?fit=1024%2C683&ssl=1&resize=350%2C200","width":350,"height":200,"srcset":"https:\/\/i0.wp.com\/lyonelkaufmann.ch\/Blog\/wp-content\/uploads\/2015\/03\/blogcafe1.jpg?fit=1024%2C683&ssl=1&resize=350%2C200 1x, https:\/\/i0.wp.com\/lyonelkaufmann.ch\/Blog\/wp-content\/uploads\/2015\/03\/blogcafe1.jpg?fit=1024%2C683&ssl=1&resize=525%2C300 1.5x, https:\/\/i0.wp.com\/lyonelkaufmann.ch\/Blog\/wp-content\/uploads\/2015\/03\/blogcafe1.jpg?fit=1024%2C683&ssl=1&resize=700%2C400 2x"},"classes":[]},{"id":10650,"url":"https:\/\/lyonelkaufmann.ch\/Blog\/2013\/08\/30\/comment-isaac-asimov-voyait-2014-en-1964-framablog\/","url_meta":{"origin":2958,"position":5},"title":"Comment Isaac Asimov voyait 2014 en 1964 | Framablog","author":"Lyonel Kaufmann","date":"30 ao\u00fbt 2013","format":false,"excerpt":"En 1964, le c\u00e9l\u00e8bre \u00e9crivain de science-fiction Isaac Asimov visitait l\u2019Exposition Universelle de New York. Il se mit alors \u00e0 imaginer, dans l\u2019article traduit ci-dessous, ce qu\u2019il pourrait bien advenir dans 50 ans, c\u2019est-\u00e0-dire en 2014. Force est de constater que bon nombre de ses hypoth\u00e8ses \u00e9taient pr\u00e9monitoires\u2026 Cr\u00e9dit photo\u2026","rel":"","context":"Dans &quot;Blogcaf\u00e9&quot;","block_context":{"text":"Blogcaf\u00e9","link":"https:\/\/lyonelkaufmann.ch\/Blog\/category\/blogcafe-2\/"},"img":{"alt_text":"","src":"https:\/\/i0.wp.com\/lyonelkaufmann.ch\/Blog\/wp-content\/uploads\/2015\/03\/abode-of-chaos_cc-by.jpg?fit=640%2C429&ssl=1&resize=350%2C200","width":350,"height":200,"srcset":"https:\/\/i0.wp.com\/lyonelkaufmann.ch\/Blog\/wp-content\/uploads\/2015\/03\/abode-of-chaos_cc-by.jpg?fit=640%2C429&ssl=1&resize=350%2C200 1x, https:\/\/i0.wp.com\/lyonelkaufmann.ch\/Blog\/wp-content\/uploads\/2015\/03\/abode-of-chaos_cc-by.jpg?fit=640%2C429&ssl=1&resize=525%2C300 1.5x"},"classes":[]}],"jetpack_likes_enabled":true,"_links":{"self":[{"href":"https:\/\/lyonelkaufmann.ch\/Blog\/wp-json\/wp\/v2\/posts\/2958","targetHints":{"allow":["GET"]}}],"collection":[{"href":"https:\/\/lyonelkaufmann.ch\/Blog\/wp-json\/wp\/v2\/posts"}],"about":[{"href":"https:\/\/lyonelkaufmann.ch\/Blog\/wp-json\/wp\/v2\/types\/post"}],"author":[{"embeddable":true,"href":"https:\/\/lyonelkaufmann.ch\/Blog\/wp-json\/wp\/v2\/users\/1"}],"replies":[{"embeddable":true,"href":"https:\/\/lyonelkaufmann.ch\/Blog\/wp-json\/wp\/v2\/comments?post=2958"}],"version-history":[{"count":0,"href":"https:\/\/lyonelkaufmann.ch\/Blog\/wp-json\/wp\/v2\/posts\/2958\/revisions"}],"wp:featuredmedia":[{"embeddable":true,"href":"https:\/\/lyonelkaufmann.ch\/Blog\/wp-json\/wp\/v2\/media\/14680"}],"wp:attachment":[{"href":"https:\/\/lyonelkaufmann.ch\/Blog\/wp-json\/wp\/v2\/media?parent=2958"}],"wp:term":[{"taxonomy":"category","embeddable":true,"href":"https:\/\/lyonelkaufmann.ch\/Blog\/wp-json\/wp\/v2\/categories?post=2958"},{"taxonomy":"post_tag","embeddable":true,"href":"https:\/\/lyonelkaufmann.ch\/Blog\/wp-json\/wp\/v2\/tags?post=2958"}],"curies":[{"name":"wp","href":"https:\/\/api.w.org\/{rel}","templated":true}]}}