{"id":300,"date":"2008-03-13T21:03:54","date_gmt":"2008-03-13T19:03:54","guid":{"rendered":"http:\/\/lyonelkaufmann.ch\/histoire\/2008\/03\/13\/decede-lazare-ponticelli-fait-basuler-la-grande-guerre-dans-lhi\/"},"modified":"2008-03-13T21:03:54","modified_gmt":"2008-03-13T19:03:54","slug":"decede-lazare-ponticelli-fait-basuler-la-grande-guerre-dans-lhi","status":"publish","type":"post","link":"https:\/\/lyonelkaufmann.ch\/Blog\/2008\/03\/13\/decede-lazare-ponticelli-fait-basuler-la-grande-guerre-dans-lhi\/","title":{"rendered":"D\u00e9c\u00e9d\u00e9, Lazare Ponticelli fait basuler la Grande Guerre dans l&rsquo;Histoire"},"content":{"rendered":"<div style=\"text-align:justify;\"><a id=\"n3r0\" href=\"http:\/\/lyonelkaufmann.ch\/histoire\/wp-content\/uploads\/2008\/03\/lazareponticelli.jpg\" target=\"_blank\"><\/a>Depuis le 24 janvier 2008, Lazare Ponticelli \u00e9tait le dernier poilu survivant de la Premi\u00e8re Guerre mondiale. En effet, Louis de Cazenave, ancien combattant de la guerre 1914-1918, venait de d\u00e9c\u00e9der \u00e0 l&rsquo;\u00e2ge de 110 ans. Un peu moins de 2 mois plus tard, Lazare Ponticelli rejoignait \u00e0 110 ans \u00e9galement ses camarades de tranch\u00e9es et les 8,5 millions de Fran\u00e7ais ayant combattu en 1914-1918 (pour 1,4 millions de morts).<br \/>\nDans l&rsquo;intervalle, l&rsquo;Etat fran\u00e7ais a r\u00e9ussi \u00e0 faire revenir Lazare Ponticelli sur sa d\u00e9cision de ne pas \u00eatre l&rsquo;objet d&rsquo;obs\u00e9ques solennelles de port\u00e9e nationale, promise en 2005 par Jacques Chirac. Chose que Lazare Ponticelli avait refus\u00e9e dans un premier temps, estimant que \u00ab\u00a0<em>ce serait un affront \u00e0 ceux qui sont morts avant moi<\/em>\u00ab\u00a0. En d\u00e9finitive, Lazare Ponticelli l&rsquo;a accept\u00e9 \u00e0 la condition que la c\u00e9r\u00e9monie soit simple et sans tapage et qu&rsquo;un hommage national soit rendu \u00e0 l&rsquo;ensemble des soldats pour c\u00e9l\u00e9brer la m\u00e9moire cette fois de tous les morts, hommes et femmes.Son d\u00e9c\u00e8s marque donc la disparition du dernier t\u00e9moin-combattant et, par l\u00e0-m\u00eame, fait basculer d\u00e9finitivement le Premier Conflit Mondial du c\u00f4t\u00e9 de l&rsquo;histoire soit ce temps o\u00f9 les t\u00e9moins directs ne sont plus l\u00e0, ce temps aussi appel\u00e9 \u00abhistoire du temps pr\u00e9sent\u00bb.<br \/>\nAlors que la Premi\u00e8re Guerre Mondiale a repris une place historiographique importante ces derni\u00e8res ann\u00e9es comparativement \u00e0 la Deuxi\u00e8me Guerre Mondiale avec le concept de brutalisation et son r\u00f4le dans la compr\u00e9hension de la violence des soci\u00e9t\u00e9s du XXe si\u00e8cle industriel, <strong>comment replacer le t\u00e9moignage de Lazare Ponticelli ou de quelle mani\u00e8re sera-t-il r\u00e9cup\u00e9r\u00e9 dans le d\u00e9bat historiographique et dont la question-cl\u00e9 \u2014autour de laquelle le <\/strong><a id=\"fjr3\" title=\"M\u00e9morial de P\u00e9ronne\" href=\"http:\/\/www.historial.org%20%29\" target=\"_blank\"><\/a><a id=\"isen\" title=\"Historial de la Grande Guerre de P\u00e9ronne\" href=\"http:\/\/www.historial.org\" target=\"_blank\"><strong>Historial de la Grande Guerre de P\u00e9ronne<\/strong><\/a><strong> et le <\/strong><a id=\"nwld\" title=\"CRID\" href=\"http:\/\/www.crid1418.org\" target=\"_blank\"><strong>CRID<\/strong><\/a><strong> s&rsquo;\u00e9charpent\u2014 est:<\/strong><\/p>\n<blockquote><p><em>dans la boue, sous les obus, comment diable les soldats ont-ils tenu ?<br \/>\n<\/em><\/p><\/blockquote>\n<p>A ma droite, l&rsquo;\u00e9quipe du M\u00e9morial de P\u00e9ronne, les poilus \u2014\u00e9lev\u00e9s dans une soci\u00e9t\u00e9 occidentale en voie de <em>\u00ab\u00a0brutalisation\u00a0\u00bb<\/em>\u2014auraient baign\u00e9 dans une \u00ab\u00a0<em>culture de guerre\u00a0\u00bb <\/em>&#8211; messianisme patriotique, haine de l&rsquo;ennemi, esprit de croisade &#8211; qui les aurait rendus globalement <em>\u00ab\u00a0consentants\u00a0\u00bb<\/em>. En r\u00e9sum\u00e9, la chair \u00e0 canon a accept\u00e9 d&rsquo;\u00eatre de la chair \u00e0 canon&#8230;\u00a0\u00bb et les mutineries de 1917 sont un ph\u00e9nom\u00e8ne isol\u00e9.<br \/>\nA ma gauche, le CRID pr\u00e9f\u00e8re mettre l&rsquo;accent sur les exp\u00e9riences concr\u00e8tes qui expliqueraient la <em>\u00ab\u00a0t\u00e9nacit\u00e9\u00a0\u00bb <\/em>des combattants. Des strat\u00e9gies d&rsquo;esquive aux refus d&rsquo;ob\u00e9issance, et des mutilations volontaires \u00e0 la d\u00e9sertion, il y a, pour l&rsquo;\u00e9quipe du CRID, toute une gamme de sentiments et de gestes que l&rsquo;on trouve chez la plupart des soldats, y compris chez ceux qui tiennent par ailleurs un discours nationaliste. Il y aurait donc lieu de s&rsquo;interroger sur les multiples formes de contrainte qui se cachent derri\u00e8re le <em>\u00ab\u00a0consentement\u00a0\u00bb <\/em>patriotique. Les mutineries feraient alors partie d&rsquo;une multitude de strat\u00e9gies pour \u00e9chapper \u00e0 la contrainte comme les mutilations volontaires et ne seraient plus un ph\u00e9nom\u00e8ne isol\u00e9.<\/p>\n<p>Malheureusement pour les tenants de l&rsquo;\u00e9cole historique officielle du M\u00e9morial de P\u00e9ronne tant Lazare Ponticelli que Louis Cazenave, l&rsquo;avant-dernier poilu encore vivant, donnent leur cr\u00e9dit de t\u00e9moin \u2014et de t\u00e9moin quasi path\u00e9onis\u00e9 pour Ponticelli\u2014 au CRID. Ainsi, Lazare Ponticelli avait retenu la le\u00e7on de chose suivante:<\/p>\n<blockquote><p><em>\u00abVous tirez sur des p\u00e8res de famille, c&rsquo;est compl\u00e9tement idiot\u00bb<br \/>\n<\/em><\/p><\/blockquote>\n<p>Lazare Ponticelli, c&rsquo;est aussi un poilu qui a fraternis\u00e9 avec l&rsquo;ennemi:<\/p>\n<blockquote><p><em>\u00ab Dans le Tyrol, nous \u00e9tions dans les tranch\u00e9es \u00e0 quelques m\u00e8tres de l\u2019arm\u00e9e autrichienne. Nos rangs \u00e9taient compos\u00e9s de soldats italiens germanophones, ce qui facilita les contacts avec \u00ab l\u2019ennemi \u00bb. On en venait m\u00eame \u00e0 \u00e9changer nos boules de pain contre leur tabac. On a ainsi fraternis\u00e9. Mais au bout de quelques jours, n\u2019entendant plus de bruits de balles, les \u00e9tats majors se sont m\u00e9fi\u00e9s et ont chang\u00e9 les bataillons des premi\u00e8res lignes \u00bb.<\/em><\/p><\/blockquote>\n<p>En cela, son positionnement relativement \u00e0 la Premi\u00e8re Guerre mondiale ne diff\u00e9rait pas de celui de Louis de Cazenave, dernier combattant vivant ayant connu le <em>\u00abChemin des Dames\u00bb<\/em>:<\/p>\n<p>Sur les fraternisations:<\/p>\n<blockquote><p><span class=\"citation\"><em>\u00ab Il faut avoir entendu les bless\u00e9s entre les lignes. Ils appelaient leur m\u00e8re, suppliaient qu&rsquo;on les ach\u00e8ve. C&rsquo;\u00e9tait une chose horrible. Les Allemands on les retrouvait quand on allait chercher de l&rsquo;eau au puits. On discutait. Ils \u00e9taient comme nous, ils en avaient assez. \u00bb<\/em><\/span><\/p><\/blockquote>\n<p>Sur l&rsquo;ann\u00e9e 1917<\/p>\n<blockquote><p><span class=\"citation\"><em>\u00ab Nous avions fraternis\u00e9 mais quand c&rsquo;est arriv\u00e9 aux oreilles de l&rsquo;\u00c9tat-major, il a ordonn\u00e9 une attaque. \u00bb<\/em><\/span><\/p><\/blockquote>\n<p>Sur la guerre en g\u00e9n\u00e9ral:<\/p>\n<blockquote><p><span class=\"citation\"><em>\u00ab La guerre ? Hay hay hay ! Un truc absurde, inutile ! A quoi \u00e7a sert de massacrer des gens ? Rien ne peut le justifier, rien ! \u00bb<\/em><\/span><\/p>\n<p><span class=\"citation\"><em>\u00ab La gloire, l&rsquo;h\u00e9ro\u00efsme ? De la fumisterie ! \u00bb<\/em><\/span><\/p>\n<p><span class=\"citation\"><em>\u00ab Le patriotisme ? Un moyen de vous faire gober n&rsquo;importe quoi ! \u00bb<\/em><\/span><\/p><\/blockquote>\n<p>Ainsi voici deux chantres d&rsquo;un certain pacifisme et de la fraternisation \u00e9lev\u00e9s au rang de nouvelles \u00eecones du patriotisme et, par leurs propos, nous permettent de mieux comprendre leurs r\u00e9ticences \u00e0 \u00eatre \u00abcanonis\u00e9s\u00bb devant les risques d&rsquo;instrumentalisation et de r\u00e9cup\u00e9rations politiques d&rsquo;une telle d\u00e9marche \u00e9tatique. Lazare Ponticelli ne manquait d&rsquo;ailleurs pas de rappeller qu&rsquo;il avait fallu attendre 2005 et Jacques Chirac pour que la France officielle s&rsquo;int\u00e9resse \u00e0 ses poilus survivants:<\/p>\n<blockquote><p><span class=\"citation\"><em>\u00ab Je refuse ces obs\u00e8ques nationales. Ce n&rsquo;est pas juste d&rsquo;attendre le dernier poilu. C&rsquo;est un affront fait \u00e0 tous les autres, morts sans avoir eu les honneurs qu&rsquo;ils m\u00e9ritaient. On n&rsquo;a rien fait pour eux. Ils se sont battus comme moi. Ils avaient droit \u00e0 un geste de leur vivant&#8230; M\u00eame un petit geste aurait suffit<\/em><em>\u00bb<\/em><\/span><em>. <\/em><br style=\"font-style:italic;\" \/><span class=\"citation\"><em>\u00ab On s&rsquo;en est foutu un peu. Il a fallu que ce soit Chirac qui commence \u00e0 bouger quand on n&rsquo;\u00e9tait plus nombreux et qu&rsquo;on \u00e9tait fatigu\u00e9s. \u00bb<\/em><\/span><em>. <\/em><\/p><\/blockquote>\n<p>Mais eux partis, le risque existe aussi que la m\u00e9moire escamote ce passage \u00e0 l&rsquo;histoire au profit d&rsquo;une r\u00e9cup\u00e9ration par l&rsquo;histoire officielle et par une sursaturation m\u00e9morielle. Ce risque est d&rsquo;autant plus grand que maintenant leur destin individuel est \u00e9lev\u00e9 au rang d&rsquo;ic\u00f4ne. Lazare Ponticelli se transforme en ic\u00f4ne jumelle du soldat inconnu. En ce jour de disparition, Nicolas Offenstadt ne manque pas de souligner, au moment o\u00f9 Larare Ponticelli disparaissait, que les projets d&rsquo;hommage au dernier poilu fonctionnaient comme <em>\u00abdes <\/em><em>remake<\/em><em> des c\u00e9r\u00e9monies de l\u2019entre-deux-guerres sans souci d\u2019actualiser les rites autour de la Grande Guerre, sans souci apparent de relier de mani\u00e8re innovante ce pass\u00e9 de 14\/18 et le pr\u00e9sent, comme cela a pu \u00eatre fait au moment du bicentenaire de la R\u00e9volution fran\u00e7aise.\u00bb <\/em>(<a id=\"xpf5\" title=\"Le \u00abdernier poliu\u00bb, une nouvelle ic\u00f4ne?\" href=\"http:\/\/www.crid1418.org\/actualites\/dernier_poilu.html\">Le \u00abdernier poliu\u00bb, une nouvelle ic\u00f4ne?<\/a> )<br \/>\nCependant, comme le note encore Nicolas Offenstadt, les r\u00e9ticences de Lazare Ponticelli ont infl\u00e9chi les projets d&rsquo;une c\u00e9r\u00e9monie id\u00e9ale en prenant des chemins de traverse: <em>\u00abd\u2019une part le dernier poilu est un italien engag\u00e9 dans la l\u00e9gion \u00e9trang\u00e8re en France, qui termina la guerre sous uniforme italien (il d\u00fbt rejoindre les troupes de son pays apr\u00e8s que celui-ci soit entr\u00e9 en guerre en 1915) et d\u2019autre part le personnage est loin de se plier initialement \u00e0 ce que l\u2019on voulait faire de sa mort.\u00bb<\/em><br \/>\nIl n&rsquo;en demeure pas moins que la c\u00e9r\u00e9monie de lundi prochain fournira d&rsquo;utiles indices sur les usages qui sont faits du soldat et de la Grande Guerre aujourd\u2019hui. Pour Offenstadt, il ne fait aucun doute que les derniers poilus <em>\u00absont devenus des ic\u00f4nes m\u00e9morielles, comme Guy M\u00f4quet, \u00e0 qui l\u2019on fait parler beaucoup plus du pr\u00e9sent que du pass\u00e9.\u00bb<\/em><\/p>\n<p><strong>Sources : <\/strong><br \/>\n\u2022 <a id=\"zxhv\" title=\"http:\/\/www.lemonde.fr\/carnet\/article\/2008\/03\/12\/lazare-ponticelli-le-dernier-poilu-francais-est-mort_1022139_3382.html\" href=\"http:\/\/www.lemonde.fr\/carnet\/article\/2008\/03\/12\/lazare-ponticelli-le-dernier-poilu-francais-est-mort_1022139_3382.html\"><\/a><a id=\"fefr\" title=\"http:\/\/www.lemonde.fr\/carnet\/article\/2008\/03\/12\/lazare-ponticelli-le-dernier-poilu-francais-est-mort_1022139_3382.html\" href=\"http:\/\/www.lemonde.fr\/carnet\/article\/2008\/03\/12\/lazare-ponticelli-le-dernier-poilu-francais-est-mort_1022139_3382.html\" target=\"_blank\">http:\/\/www.lemonde.fr\/carnet\/article\/2008\/03\/12\/lazare-ponticelli-le-dernier-poilu-francais-est-mort_1022139_3382.html<\/a><br \/>\n\u2022 <a id=\"r_yq\" title=\"http:\/\/tf1.lci.fr\/infos\/france\/societe\/0,,3687533,00-avant-dernier-poilu-est-decede-.html\" href=\"http:\/\/tf1.lci.fr\/infos\/france\/societe\/0,,3687533,00-avant-dernier-poilu-est-decede-.html\"><\/a><a id=\"lmu6\" title=\"http:\/\/tf1.lci.fr\/infos\/france\/societe\/0,,3687533,00-avant-dernier-poilu-est-decede-.html\" href=\"http:\/\/tf1.lci.fr\/infos\/france\/societe\/0,,3687533,00-avant-dernier-poilu-est-decede-.html\" target=\"_blank\">http:\/\/tf1.lci.fr\/infos\/france\/societe\/0,,3687533,00-avant-dernier-poilu-est-decede-.html<\/a><br \/>\n\u2022 <a id=\"dcfw\" title=\"http:\/\/www.libelabo.fr\/2008\/03\/12\/lazare-ponticelli-le-dernier-poilu\/\" href=\"http:\/\/www.libelabo.fr\/2008\/03\/12\/lazare-ponticelli-le-dernier-poilu\/\">http:\/\/www.libelabo.fr\/2008\/03\/12\/lazare-ponticelli-le-dernier-poilu\/<\/a><br \/>\n\u2022 <a id=\"ps_t\" title=\"http:\/\/pagesperso-orange.fr\/memoire78\/pages\/ponti.html\" href=\"http:\/\/pagesperso-orange.fr\/memoire78\/pages\/ponti.html\" target=\"_blank\">http:\/\/pagesperso-orange.fr\/memoire78\/pages\/ponti.html<\/a><br \/>\n\u2022 <a id=\"qaep\" title=\"http:\/\/fr.wikipedia.org\/wiki\/Lazare_Ponticelli\" href=\"http:\/\/fr.wikipedia.org\/wiki\/Lazare_Ponticelli\" target=\"_blank\">http:\/\/fr.wikipedia.org\/wiki\/Lazare_Ponticelli<\/a><br \/>\n\u2022 <a id=\"n3ev\" title=\"http:\/\/fr.wikipedia.org\/wiki\/Louis_de_Cazenave\" href=\"http:\/\/fr.wikipedia.org\/wiki\/Louis_de_Cazenave\" target=\"_blank\">http:\/\/fr.wikipedia.org\/wiki\/Louis_de_Cazenave<\/a><br \/>\n\u2022 Nicolas Offenstadt, \u00ab Le pays a un h\u00e9ros : le dernier poilu \u00bb, <a id=\"a_-g\" title=\"L'Histoire\" href=\"http:\/\/www.histoire.presse.fr\/\" target=\"_blank\">L&rsquo;Histoire<\/a>, n\u00b0 320, mai 2007, pp. 25-26.<br \/>\n\u2022 Sur le d\u00e9bat historiographique: <a id=\"cl0d\" title=\"http:\/\/lyonelkaufmann.ch\/histoire\/historiographie_sujets\/pages\/_29.html\" href=\"http:\/\/lyonelkaufmann.ch\/histoire\/historiographie_sujets\/pages\/_29.html\" target=\"_blank\">http:\/\/lyonelkaufmann.ch\/histoire\/historiographie_sujets\/pages\/_29.html<\/a><\/p>\n<\/div>\n","protected":false},"excerpt":{"rendered":"<p>Depuis le 24 janvier 2008, Lazare Ponticelli \u00e9tait le dernier poilu survivant de la Premi\u00e8re Guerre mondiale. En effet, Louis de Cazenave, ancien combattant de la guerre 1914-1918, venait de d\u00e9c\u00e9der \u00e0 l&rsquo;\u00e2ge de 110 ans. Un peu moins de 2 mois plus tard, Lazare Ponticelli rejoignait \u00e0 110 ans \u00e9galement ses camarades de tranch\u00e9es [&hellip;]<\/p>\n","protected":false},"author":1,"featured_media":8372,"comment_status":"open","ping_status":"open","sticky":false,"template":"","format":"standard","meta":{"_import_markdown_pro_load_document_selector":0,"_import_markdown_pro_submit_text_textarea":"","_genesis_hide_title":false,"_genesis_hide_breadcrumbs":false,"_genesis_hide_singular_image":false,"_genesis_hide_footer_widgets":false,"_genesis_custom_body_class":"","_genesis_custom_post_class":"","_genesis_layout":"","jetpack_post_was_ever_published":false,"_jetpack_newsletter_access":"","_jetpack_dont_email_post_to_subs":false,"_jetpack_newsletter_tier_id":0,"_jetpack_memberships_contains_paywalled_content":false,"_jetpack_memberships_contains_paid_content":false,"activitypub_content_warning":"","activitypub_content_visibility":"","activitypub_max_image_attachments":3,"activitypub_interaction_policy_quote":"anyone","activitypub_status":"","footnotes":"","jetpack_publicize_message":"","jetpack_publicize_feature_enabled":true,"jetpack_social_post_already_shared":true,"jetpack_social_options":{"image_generator_settings":{"template":"fullscreen","default_image_id":0,"font":"","enabled":false},"version":2}},"categories":[2],"tags":[],"class_list":{"0":"post-300","1":"post","2":"type-post","3":"status-publish","4":"format-standard","5":"has-post-thumbnail","7":"category-histoire-2","8":"entry"},"jetpack_publicize_connections":[],"featured_image_src":null,"featured_image_src_square":null,"author_info":{"display_name":"Lyonel Kaufmann","author_link":"https:\/\/lyonelkaufmann.ch\/Blog\/author\/lyonelk\/"},"jetpack_featured_media_url":"","jetpack_sharing_enabled":true,"jetpack_shortlink":"https:\/\/wp.me\/p1qtF4-4Q","jetpack-related-posts":[{"id":3743,"url":"https:\/\/lyonelkaufmann.ch\/Blog\/2011\/05\/05\/premiere-guerre-mondiale-mort-du-dernier-poilu-tsrinfo-ch-2\/","url_meta":{"origin":300,"position":0},"title":"Premi\u00e8re Guerre mondiale: mort du dernier \u00ab\u00a0poilu\u00a0\u00bb | tsrinfo.ch","author":"Lyonel Kaufmann","date":"5 mai 2011","format":false,"excerpt":"Claude Choules \u00e9tait le dernier ancien combattant survivant de la Grande Guerre dans le monde, apr\u00e8s le d\u00e9c\u00e8s fin f\u00e9vrier \u00e0 110 ans de Franck Buckles, dernier v\u00e9t\u00e9ran am\u00e9ricain de la Premi\u00e8re Guerre mondiale, qui avait lui aussi menti sur son \u00e2ge pour pouvoir s'enr\u00f4ler en 1917. Le v\u00e9t\u00e9ran britannique\u2026","rel":"","context":"Dans &quot;histoire&quot;","block_context":{"text":"histoire","link":"https:\/\/lyonelkaufmann.ch\/Blog\/category\/histoire-2\/"},"img":{"alt_text":"","src":"https:\/\/i0.wp.com\/lyonelkaufmann.ch\/Blog\/wp-content\/uploads\/2015\/03\/Claude_Choules.jpg?fit=480%2C270&ssl=1&resize=350%2C200","width":350,"height":200},"classes":[]},{"id":7920,"url":"https:\/\/lyonelkaufmann.ch\/Blog\/2014\/02\/24\/lazare-ponticelli-quand-nous-montions-a-lassaut-nous-nous-disions-si-je-meurs-tu-penseras-a-moi\/","url_meta":{"origin":300,"position":1},"title":"Lazare Ponticelli : \u00ab\u00a0Quand nous montions \u00e0 l&rsquo;assaut, nous nous disions : Si je meurs, tu penseras \u00e0 moi.\u00a0\u00bb","author":"Lyonel Kaufmann","date":"24 f\u00e9vrier 2014","format":false,"excerpt":"See on Scoop.it - histoire Au nom de ceux qui n'avaient pas eu la chance de s'en tirer, le dernier poilu a, jusqu'au bout, t\u00e9moign\u00e9 de l'horreur de la guerre de 14-18. See on www.lemonde.fr","rel":"","context":"Dans &quot;histoire&quot;","block_context":{"text":"histoire","link":"https:\/\/lyonelkaufmann.ch\/Blog\/category\/histoire-2\/"},"img":{"alt_text":"","src":"","width":0,"height":0},"classes":[]},{"id":511,"url":"https:\/\/lyonelkaufmann.ch\/Blog\/2008\/11\/17\/14-18-le-bruit-et-la-fureur-le-retour-du-bourrage-de-crane\/","url_meta":{"origin":300,"position":2},"title":"\u00ab14-18, le bruit et la fureur\u00bb ou le retour en 2008 du bourrage de cr\u00e2ne","author":"Lyonel Kaufmann","date":"17 novembre 2008","format":false,"excerpt":"Lors de la sortie du livre de Prost & Winter [Prost A. et Winter J. (2004). Penser la Grande Guerre. Un essai d\u2019historiographie. Paris: Points Histoire, 340p], les historiens de l'\u00e9cole du consentement (Historial de P\u00e9ronne) se plaignaient de l'attitude du public \u00e0 leur \u00e9gard et de la production cin\u00e9matographique\u2026","rel":"","context":"Dans &quot;histoire&quot;","block_context":{"text":"histoire","link":"https:\/\/lyonelkaufmann.ch\/Blog\/category\/histoire-2\/"},"img":{"alt_text":"","src":"https:\/\/i0.wp.com\/lyonelkaufmann.ch\/Blog\/wp-content\/uploads\/2015\/03\/046.jpg?fit=480%2C360&ssl=1&resize=350%2C200","width":350,"height":200},"classes":[]},{"id":14546,"url":"https:\/\/lyonelkaufmann.ch\/Blog\/2015\/02\/12\/revue-de-presse-1959-le-retour-aux-verites-des-combattants\/","url_meta":{"origin":300,"position":3},"title":"Revue de Presse : 1959 : le retour aux v\u00e9rit\u00e9s des combattants","author":"Lyonel Kaufmann","date":"12 f\u00e9vrier 2015","format":false,"excerpt":"Andr\u00e9 Ducasse, Jacques Meyer et Gabriel Perreux, Vie et Mort des Fran\u00e7ais 1914-1918. Couverture.\u00a0\u00a9 D.R. \u00abQuarante ans apr\u00e8s la fin de la Premi\u00e8re Guerre mondiale, Hachette publiait Vie et Mort des Fran\u00e7ais, un livre qui racontait l\u2019histoire de 1914-1918 en donnant une large place aux t\u00e9moins. Les trois auteurs (Andr\u00e9\u2026","rel":"","context":"Dans &quot;histoire&quot;","block_context":{"text":"histoire","link":"https:\/\/lyonelkaufmann.ch\/Blog\/category\/histoire-2\/"},"img":{"alt_text":"VieMortFrancais","src":"https:\/\/i0.wp.com\/lyonelkaufmann.ch\/histoire\/wp-content\/uploads\/2015\/02\/VieMortFrancais.png?resize=350%2C200","width":350,"height":200},"classes":[]},{"id":7924,"url":"https:\/\/lyonelkaufmann.ch\/Blog\/2014\/03\/12\/compte-rendu-1914-1918-lecriture-de-la-guerre-une-affaire-politique\/","url_meta":{"origin":300,"position":4},"title":"Compte-rendu : 1914-1918: l&rsquo;\u00e9criture de la guerre, une affaire politique","author":"Lyonel Kaufmann","date":"12 mars 2014","format":false,"excerpt":"Elle est la premi\u00e8re guerre \u00e0 avoir inspir\u00e9 autant d\u00e9crits: d'abord par les nationalistes dont les plaidoyers encouragent l'esprit belliciste, ensuite par les troupes elles-m\u00eames. Du poilu \u00e0 l'\u00e9crivain, de la correspondance au r\u00e9cit, du t\u00e9moignage au roman, la litt\u00e9rature s'est engag\u00e9e. \u00a0 \u00a0 AFP Jamais une guerre, la premi\u00e8re\u2026","rel":"","context":"Dans &quot;histoire&quot;","block_context":{"text":"histoire","link":"https:\/\/lyonelkaufmann.ch\/Blog\/category\/histoire-2\/"},"img":{"alt_text":"","src":"","width":0,"height":0},"classes":[]},{"id":7989,"url":"https:\/\/lyonelkaufmann.ch\/Blog\/2014\/05\/02\/14-18-la-grande-guerre-des-canadiens\/","url_meta":{"origin":300,"position":5},"title":"14-18 : La Grande Guerre des Canadiens","author":"Lyonel Kaufmann","date":"2 mai 2014","format":false,"excerpt":"D\u00e9couvrez la s\u00e9rie radio et le site web sur la guerre de 1914-1918 v\u00e9cue par les Canadiens fran\u00e7ais. Regardez les photos et \u00e9coutez les r\u00e9cits in\u00e9dits fournis par les familles et des collectionneurs qui ont r\u00e9pondu \u00e0 un appel au public d'ICI Radio-Canada. L\u2019histoire officielle c\u00f4toie les histoires personnelles d\u2019hommes\u2026","rel":"","context":"Dans &quot;histoire&quot;","block_context":{"text":"histoire","link":"https:\/\/lyonelkaufmann.ch\/Blog\/category\/histoire-2\/"},"img":{"alt_text":"","src":"https:\/\/i0.wp.com\/lyonelkaufmann.ch\/Blog\/wp-content\/uploads\/2015\/03\/IJoSrXibEXec0_uurBDyEzl72eJkfbmt4t8yenImKBXEejxNn4ZJNZ2ss5Ku7Cxt.jpg?fit=255%2C255&ssl=1&resize=350%2C200","width":350,"height":200},"classes":[]}],"jetpack_likes_enabled":true,"_links":{"self":[{"href":"https:\/\/lyonelkaufmann.ch\/Blog\/wp-json\/wp\/v2\/posts\/300","targetHints":{"allow":["GET"]}}],"collection":[{"href":"https:\/\/lyonelkaufmann.ch\/Blog\/wp-json\/wp\/v2\/posts"}],"about":[{"href":"https:\/\/lyonelkaufmann.ch\/Blog\/wp-json\/wp\/v2\/types\/post"}],"author":[{"embeddable":true,"href":"https:\/\/lyonelkaufmann.ch\/Blog\/wp-json\/wp\/v2\/users\/1"}],"replies":[{"embeddable":true,"href":"https:\/\/lyonelkaufmann.ch\/Blog\/wp-json\/wp\/v2\/comments?post=300"}],"version-history":[{"count":0,"href":"https:\/\/lyonelkaufmann.ch\/Blog\/wp-json\/wp\/v2\/posts\/300\/revisions"}],"wp:featuredmedia":[{"embeddable":true,"href":"https:\/\/lyonelkaufmann.ch\/Blog\/wp-json\/"}],"wp:attachment":[{"href":"https:\/\/lyonelkaufmann.ch\/Blog\/wp-json\/wp\/v2\/media?parent=300"}],"wp:term":[{"taxonomy":"category","embeddable":true,"href":"https:\/\/lyonelkaufmann.ch\/Blog\/wp-json\/wp\/v2\/categories?post=300"},{"taxonomy":"post_tag","embeddable":true,"href":"https:\/\/lyonelkaufmann.ch\/Blog\/wp-json\/wp\/v2\/tags?post=300"}],"curies":[{"name":"wp","href":"https:\/\/api.w.org\/{rel}","templated":true}]}}