{"id":3010,"date":"2010-07-30T02:25:08","date_gmt":"2010-07-30T01:25:08","guid":{"rendered":"http:\/\/lyonelkaufmann.ch\/histoire\/?p=3010"},"modified":"2010-07-30T02:25:08","modified_gmt":"2010-07-30T01:25:08","slug":"comment-la-science-fabrique-des-contes-de-fees-prisme-de-tete","status":"publish","type":"post","link":"https:\/\/lyonelkaufmann.ch\/Blog\/2010\/07\/30\/comment-la-science-fabrique-des-contes-de-fees-prisme-de-tete\/","title":{"rendered":"Comment la science fabrique des contes de f\u00e9es | Pris(m)e de t\u00eate"},"content":{"rendered":"<p style=\"text-align:center;\"><a href=\"http:\/\/www.prismedetete.net\/comment-la-science-fabrique-des-contes-de-fees\/\"><img data-recalc-dims=\"1\" height=\"230\" width=\"300\" src=\"https:\/\/i0.wp.com\/lyonelkaufmann.ch\/histoire\/wp-content\/uploads\/\/2010\/07\/spermwinner1-300x230.jpg?resize=300%2C230\" alt='' \/><\/a><\/p>\n<blockquote><p><em>Il y a peu, un beau conte de f\u00e9es se trouvait [\u2026] dans tous les manuels scolaires. Une histoire touchante mais\u2026 fausse et biais\u00e9e. Dans une publication teint\u00e9e d\u2019humour, l\u2019anthropologue et f\u00e9ministe Emily Martin d\u00e9crypte avec pr\u00e9cision les st\u00e9r\u00e9otypes masculins et f\u00e9minins utilis\u00e9s en biologie de la reproduction. L\u2019ovule est passif, fragile et d\u00e9pendant, la menstruation est un \u00e9chec de la reproduction et les ovaires vou\u00e9s \u00e0 la d\u00e9g\u00e9n\u00e9rescence. La femme est donc improductive et gaspilleuse de son stock d\u2019ovules\u00a0 ! Au contraire, le spermatozo\u00efde est fusel\u00e9, rapide, autonome, un petit bijou de technologie, et la spermatogen\u00e8se ne s\u2019arr\u00eate jamais, renouvelant constamment les gam\u00e8tes. En bref, les processus biologiques f\u00e9minins apparaissent toujours moins dignes que leurs homologues masculins.<\/em><\/p><\/blockquote>\n<p>via <a href=\"http:\/\/www.prismedetete.net\/comment-la-science-fabrique-des-contes-de-fees\/\">Comment la science fabrique des contes de f\u00e9es | Pris(m)e de t\u00eate<\/a>.<\/p>\n<p>Image: ntr23 sur Flick, licence CC<\/p>\n","protected":false},"excerpt":{"rendered":"<p>Il y a peu, un beau conte de f\u00e9es se trouvait [\u2026] dans tous les manuels scolaires. Une histoire touchante mais\u2026 fausse et biais\u00e9e. Dans une publication teint\u00e9e d\u2019humour, l\u2019anthropologue et f\u00e9ministe Emily Martin d\u00e9crypte avec pr\u00e9cision les st\u00e9r\u00e9otypes masculins et f\u00e9minins utilis\u00e9s en biologie de la reproduction. L\u2019ovule est passif, fragile et d\u00e9pendant, la [&hellip;]<\/p>\n","protected":false},"author":1,"featured_media":14680,"comment_status":"open","ping_status":"open","sticky":false,"template":"","format":"standard","meta":{"_import_markdown_pro_load_document_selector":0,"_import_markdown_pro_submit_text_textarea":"","_genesis_hide_title":false,"_genesis_hide_breadcrumbs":false,"_genesis_hide_singular_image":false,"_genesis_hide_footer_widgets":false,"_genesis_custom_body_class":"","_genesis_custom_post_class":"","_genesis_layout":"","jetpack_post_was_ever_published":false,"_jetpack_newsletter_access":"","_jetpack_dont_email_post_to_subs":false,"_jetpack_newsletter_tier_id":0,"_jetpack_memberships_contains_paywalled_content":false,"_jetpack_memberships_contains_paid_content":false,"activitypub_content_warning":"","activitypub_content_visibility":"","activitypub_max_image_attachments":3,"activitypub_interaction_policy_quote":"anyone","activitypub_status":"","footnotes":"","jetpack_publicize_message":"","jetpack_publicize_feature_enabled":true,"jetpack_social_post_already_shared":true,"jetpack_social_options":{"image_generator_settings":{"template":"fullscreen","default_image_id":0,"font":"","enabled":false},"version":2}},"categories":[2],"tags":[],"class_list":{"0":"post-3010","1":"post","2":"type-post","3":"status-publish","4":"format-standard","5":"has-post-thumbnail","7":"category-histoire-2","8":"entry"},"jetpack_publicize_connections":[],"featured_image_src":"https:\/\/i0.wp.com\/lyonelkaufmann.ch\/Blog\/wp-content\/uploads\/2015\/03\/blogcafe1.jpg?resize=600%2C400&ssl=1","featured_image_src_square":"https:\/\/i0.wp.com\/lyonelkaufmann.ch\/Blog\/wp-content\/uploads\/2015\/03\/blogcafe1.jpg?resize=600%2C600&ssl=1","author_info":{"display_name":"Lyonel Kaufmann","author_link":"https:\/\/lyonelkaufmann.ch\/Blog\/author\/lyonelk\/"},"jetpack_featured_media_url":"https:\/\/i0.wp.com\/lyonelkaufmann.ch\/Blog\/wp-content\/uploads\/2015\/03\/blogcafe1.jpg?fit=1024%2C683&ssl=1","jetpack_sharing_enabled":true,"jetpack_shortlink":"https:\/\/wp.me\/p1qtF4-My","jetpack-related-posts":[{"id":1296,"url":"https:\/\/lyonelkaufmann.ch\/Blog\/2008\/11\/03\/once-un-conte-de-fee-a-lirlandaise\/","url_meta":{"origin":3010,"position":0},"title":"Once : un conte de f\u00e9e \u00e0 l&rsquo;irlandaise","author":"Lyonel Kaufmann","date":"3 novembre 2008","format":"aside","excerpt":"Glen Hansard et Mark\u00e9ta Irglov\u00e1, compositeurs et interpr\u00e8tes principaux de Once (Photo de J. Emilio Flores pour The New York Times) Il est parfois de petits films qui sont de v\u00e9ritables contes de f\u00e9es. ONCE en fait partie \u00e0 plusieurs titres. En premier lieu, il a bien failli ne jamais\u2026","rel":"","context":"Dans &quot;TubesCaf\u00e9&quot;","block_context":{"text":"TubesCaf\u00e9","link":"https:\/\/lyonelkaufmann.ch\/Blog\/category\/tubescafe\/"},"img":{"alt_text":"","src":"https:\/\/i0.wp.com\/lyonelkaufmann.ch\/Blog\/wp-content\/uploads\/2015\/03\/24nite600.1.jpg?fit=600%2C300&ssl=1&resize=350%2C200","width":350,"height":200,"srcset":"https:\/\/i0.wp.com\/lyonelkaufmann.ch\/Blog\/wp-content\/uploads\/2015\/03\/24nite600.1.jpg?fit=600%2C300&ssl=1&resize=350%2C200 1x, https:\/\/i0.wp.com\/lyonelkaufmann.ch\/Blog\/wp-content\/uploads\/2015\/03\/24nite600.1.jpg?fit=600%2C300&ssl=1&resize=525%2C300 1.5x"},"classes":[]},{"id":12689,"url":"https:\/\/lyonelkaufmann.ch\/Blog\/2011\/03\/02\/et-la-femme-de-cro-magnon-revue-de-presse\/","url_meta":{"origin":3010,"position":1},"title":"Et la femme de Cro-Magnon?","author":"Lyonel Kaufmann","date":"2 mars 2011","format":"aside","excerpt":"Une Bimbo en fourrure? Et la femme de Cro-Magnon ? Pour Claudine Cohen, auteur d\u2019une des rares \u00e9tudes consacr\u00e9es \u00e0 la femme dans la Pr\u00e9histoire, malgr\u00e9 les images f\u00e9minines peintes ou grav\u00e9es au fond des grottes et les statuettes retrouv\u00e9es en grand nombre, \u00ab la question de la place et\u2026","rel":"","context":"Dans &quot;Blogcaf\u00e9&quot;","block_context":{"text":"Blogcaf\u00e9","link":"https:\/\/lyonelkaufmann.ch\/Blog\/category\/blogcafe-2\/"},"img":{"alt_text":"Une bimbo en fourrure?","src":"https:\/\/i0.wp.com\/lyonelkaufmann.ch\/Blog\/wp-content\/uploads\/2011\/03\/F20DE4B8-46CA-438B-A8FA-AC4175694F6A11.jpg?resize=350%2C200","width":350,"height":200},"classes":[]},{"id":21205,"url":"https:\/\/lyonelkaufmann.ch\/Blog\/2020\/02\/08\/crise-de-la-natalite-ou-sont-passes-les-bebes\/","url_meta":{"origin":3010,"position":2},"title":"Crise de la natalit\u00e9 : o\u00f9 sont pass\u00e9s les b\u00e9b\u00e9s ?","author":"Lyonel Kaufmann","date":"8 f\u00e9vrier 2020","format":false,"excerpt":"Depuis plusieurs d\u00e9cennies, la natalit\u00e9 recule dans de nombreux pays. Cette journaliste sp\u00e9cialis\u00e9e dans les questions de genre et de reproduction analyse ce ph\u00e9nom\u00e8ne pour le New York Times et souligne que, si la baisse de la natalit\u00e9 traduit d\u2019abord un progr\u00e8s, elle t\u00e9moigne aussi d\u2019une faillite du capitalisme moderne,\u2026","rel":"","context":"Dans &quot;politis&quot;","block_context":{"text":"politis","link":"https:\/\/lyonelkaufmann.ch\/Blog\/category\/politis\/"},"img":{"alt_text":"","src":"https:\/\/i0.wp.com\/lyonelkaufmann.ch\/Blog\/wp-content\/uploads\/2020\/02\/246EDDC8-7559-44A4-BD0C-BB0376B74AB1.daa9651c4644445dbb09b375b557530a.jpeg?fit=512%2C342&ssl=1&resize=350%2C200","width":350,"height":200},"classes":[]},{"id":6332,"url":"https:\/\/lyonelkaufmann.ch\/Blog\/2012\/10\/27\/la-mise-en-monde-de-lhumanite-plaidoyer-pour-lenseignement-dune-histoire-globale-aggiornamento-hist-geo\/","url_meta":{"origin":3010,"position":3},"title":"La mise en Monde de l\u2019humanit\u00e9 : plaidoyer pour l\u2019enseignement d\u2019une histoire globale | aggiornamento hist-geo","author":"Lyonel Kaufmann","date":"27 octobre 2012","format":false,"excerpt":"See on Scoop.it - histoireA l\u2019occasion de la parution d\u2019un ouvrage qui recoupe quelques unes de nos pr\u00e9occupations, Vincent Capdepuy, co-auteur, et les \u00e9ditions Sciences humaines ont autoris\u00e9 la reproduction sur aggiornamento d\u2019une partie de l\u2019article intitul\u00e9 \u201cL\u2019histoire globale par les sources : plaidoyer pour l\u2019enseignement d\u2019une histoire globale\u201d. Nous\u2026","rel":"","context":"Dans &quot;histoire&quot;","block_context":{"text":"histoire","link":"https:\/\/lyonelkaufmann.ch\/Blog\/category\/histoire-2\/"},"img":{"alt_text":"","src":"","width":0,"height":0},"classes":[]},{"id":5151,"url":"https:\/\/lyonelkaufmann.ch\/Blog\/2012\/03\/06\/la-revolution-francaise-par-limage-1789-1799\/","url_meta":{"origin":3010,"position":4},"title":"La R\u00e9volution Fran\u00e7aise par l&rsquo;image 1789-1799","author":"Lyonel Kaufmann","date":"6 mars 2012","format":false,"excerpt":"Via Scoop.it - histoireUn site personnel \"sans pr\u00e9tention\" (selon son auteur) qui \"recense documents et repr\u00e9sentations sur la R\u00e9volution fran\u00e7aise\". On y trouvera notamment des tableaux (de l'\u00e9poque r\u00e9volutionnaire, mais aussi du XIXe si\u00e8cle), des reproductions de documents, des \"bonus musicaux\" int\u00e9ressants\u2026Via 1789-1799.blogspot.com","rel":"","context":"Dans &quot;histoire&quot;","block_context":{"text":"histoire","link":"https:\/\/lyonelkaufmann.ch\/Blog\/category\/histoire-2\/"},"img":{"alt_text":"","src":"https:\/\/i0.wp.com\/lyonelkaufmann.ch\/Blog\/wp-content\/uploads\/2015\/03\/MSWMAWBJQkch4cZGRm6Vejl72eJkfbmt4t8yenImKBXEejxNn4ZJNZ2ss5Ku7Cxt.jpg?fit=455%2C543&ssl=1&resize=350%2C200","width":350,"height":200},"classes":[]},{"id":3836,"url":"https:\/\/lyonelkaufmann.ch\/Blog\/2011\/06\/14\/le-roman-historique-un-art-de-leloignement\/","url_meta":{"origin":3010,"position":5},"title":"Le roman historique\u00a0: un \u00ab\u00a0art de l\u2019\u00e9loignement\u00a0\u00bb\u00a0?","author":"Lyonel Kaufmann","date":"14 juin 2011","format":false,"excerpt":"Dans la continuit\u00e9 des travaux ant\u00e9rieurs sur l\u2019\u00e9criture de l\u2019histoire, Aude D\u00e9ruelle et Alain Tassel publient les actes du colloque intitul\u00e9 \u00ab\u00a0Pour une approche narratologique du roman historique\u00a0\u00bb, qui a eu lieu \u00e0 Nice du 19 au 21 mai 2005. \u00c9tudiant les rapports probl\u00e9matiques entre l\u2019histoire et la fiction romanesque,\u2026","rel":"","context":"Dans &quot;histoire&quot;","block_context":{"text":"histoire","link":"https:\/\/lyonelkaufmann.ch\/Blog\/category\/histoire-2\/"},"img":{"alt_text":"","src":"https:\/\/i0.wp.com\/lyonelkaufmann.ch\/Blog\/wp-content\/uploads\/2015\/03\/blogcafe1.jpg?fit=1024%2C683&ssl=1&resize=350%2C200","width":350,"height":200,"srcset":"https:\/\/i0.wp.com\/lyonelkaufmann.ch\/Blog\/wp-content\/uploads\/2015\/03\/blogcafe1.jpg?fit=1024%2C683&ssl=1&resize=350%2C200 1x, https:\/\/i0.wp.com\/lyonelkaufmann.ch\/Blog\/wp-content\/uploads\/2015\/03\/blogcafe1.jpg?fit=1024%2C683&ssl=1&resize=525%2C300 1.5x, https:\/\/i0.wp.com\/lyonelkaufmann.ch\/Blog\/wp-content\/uploads\/2015\/03\/blogcafe1.jpg?fit=1024%2C683&ssl=1&resize=700%2C400 2x"},"classes":[]}],"jetpack_likes_enabled":true,"_links":{"self":[{"href":"https:\/\/lyonelkaufmann.ch\/Blog\/wp-json\/wp\/v2\/posts\/3010","targetHints":{"allow":["GET"]}}],"collection":[{"href":"https:\/\/lyonelkaufmann.ch\/Blog\/wp-json\/wp\/v2\/posts"}],"about":[{"href":"https:\/\/lyonelkaufmann.ch\/Blog\/wp-json\/wp\/v2\/types\/post"}],"author":[{"embeddable":true,"href":"https:\/\/lyonelkaufmann.ch\/Blog\/wp-json\/wp\/v2\/users\/1"}],"replies":[{"embeddable":true,"href":"https:\/\/lyonelkaufmann.ch\/Blog\/wp-json\/wp\/v2\/comments?post=3010"}],"version-history":[{"count":0,"href":"https:\/\/lyonelkaufmann.ch\/Blog\/wp-json\/wp\/v2\/posts\/3010\/revisions"}],"wp:featuredmedia":[{"embeddable":true,"href":"https:\/\/lyonelkaufmann.ch\/Blog\/wp-json\/wp\/v2\/media\/14680"}],"wp:attachment":[{"href":"https:\/\/lyonelkaufmann.ch\/Blog\/wp-json\/wp\/v2\/media?parent=3010"}],"wp:term":[{"taxonomy":"category","embeddable":true,"href":"https:\/\/lyonelkaufmann.ch\/Blog\/wp-json\/wp\/v2\/categories?post=3010"},{"taxonomy":"post_tag","embeddable":true,"href":"https:\/\/lyonelkaufmann.ch\/Blog\/wp-json\/wp\/v2\/tags?post=3010"}],"curies":[{"name":"wp","href":"https:\/\/api.w.org\/{rel}","templated":true}]}}