{"id":309,"date":"2008-04-02T00:27:17","date_gmt":"2008-04-01T23:27:17","guid":{"rendered":"http:\/\/lyonelkaufmann.ch\/histoire\/?p=439"},"modified":"2008-04-02T00:27:17","modified_gmt":"2008-04-01T23:27:17","slug":"mshis11-evaluation-des-competences-en-histoire-02042008","status":"publish","type":"post","link":"https:\/\/lyonelkaufmann.ch\/Blog\/2008\/04\/02\/mshis11-evaluation-des-competences-en-histoire-02042008\/","title":{"rendered":"Evaluation des comp\u00e9tences en histoire"},"content":{"rendered":"<p>D\u00e9roulement, r\u00e9f\u00e9rences et compl\u00e9ments relatif \u00e0 la quatri\u00e8me et cinqui\u00e8me s\u00e9ance du module MSHIS11 : Didactique de l&rsquo;histoire au secondaire I<\/p>\n<p><a href=\"http:\/\/docs.google.com\/EmbedSlideshow?docid=dcbwsjrn_129f6st2bc3\">http:\/\/docs.google.com\/EmbedSlideshow?docid=dcbwsjrn_129f6st2bc3<\/a><\/p>\n","protected":false},"excerpt":{"rendered":"<p>D\u00e9roulement, r\u00e9f\u00e9rences et compl\u00e9ments relatif \u00e0 la quatri\u00e8me et cinqui\u00e8me s\u00e9ance du module MSHIS11 : Didactique de l&rsquo;histoire au secondaire I http:\/\/docs.google.com\/EmbedSlideshow?docid=dcbwsjrn_129f6st2bc3<\/p>\n","protected":false},"author":1,"featured_media":14680,"comment_status":"open","ping_status":"open","sticky":false,"template":"","format":"standard","meta":{"_import_markdown_pro_load_document_selector":0,"_import_markdown_pro_submit_text_textarea":"","_genesis_hide_title":false,"_genesis_hide_breadcrumbs":false,"_genesis_hide_singular_image":false,"_genesis_hide_footer_widgets":false,"_genesis_custom_body_class":"","_genesis_custom_post_class":"","_genesis_layout":"","jetpack_post_was_ever_published":false,"_jetpack_newsletter_access":"","_jetpack_dont_email_post_to_subs":false,"_jetpack_newsletter_tier_id":0,"_jetpack_memberships_contains_paywalled_content":false,"_jetpack_memberships_contains_paid_content":false,"activitypub_content_warning":"","activitypub_content_visibility":"","activitypub_max_image_attachments":3,"activitypub_interaction_policy_quote":"anyone","activitypub_status":"","footnotes":"","jetpack_publicize_message":"","jetpack_publicize_feature_enabled":true,"jetpack_social_post_already_shared":true,"jetpack_social_options":{"image_generator_settings":{"template":"fullscreen","default_image_id":0,"font":"","enabled":false},"version":2}},"categories":[2],"tags":[],"class_list":{"0":"post-309","1":"post","2":"type-post","3":"status-publish","4":"format-standard","5":"has-post-thumbnail","7":"category-histoire-2","8":"entry"},"jetpack_publicize_connections":[],"featured_image_src":"https:\/\/i0.wp.com\/lyonelkaufmann.ch\/Blog\/wp-content\/uploads\/2015\/03\/blogcafe1.jpg?resize=600%2C400&ssl=1","featured_image_src_square":"https:\/\/i0.wp.com\/lyonelkaufmann.ch\/Blog\/wp-content\/uploads\/2015\/03\/blogcafe1.jpg?resize=600%2C600&ssl=1","author_info":{"display_name":"Lyonel Kaufmann","author_link":"https:\/\/lyonelkaufmann.ch\/Blog\/author\/lyonelk\/"},"jetpack_featured_media_url":"https:\/\/i0.wp.com\/lyonelkaufmann.ch\/Blog\/wp-content\/uploads\/2015\/03\/blogcafe1.jpg?fit=1024%2C683&ssl=1","jetpack_sharing_enabled":true,"jetpack_shortlink":"https:\/\/wp.me\/p1qtF4-4Z","jetpack-related-posts":[{"id":6893,"url":"https:\/\/lyonelkaufmann.ch\/Blog\/2013\/04\/05\/revue-de-presse-la-psserelle-histoire-geographie-histoire-des-arts-la-guerre-dalgerie-au-cinema-la-psserelle-histoire-geographie\/","url_meta":{"origin":309,"position":0},"title":"Revue de presse : La p@sserelle -Histoire G\u00e9ographie- \u00bb Histoire des arts : la guerre d\u2019Alg\u00e9rie au cin\u00e9ma \u00bb La p@sserelle -Histoire G\u00e9ographie-","author":"Lyonel Kaufmann","date":"5 avril 2013","format":false,"excerpt":"#Histoire des arts : la guerre d\u2019Alg\u00e9rie au cin\u00e9ma: OBJECTIFS Partir de l\u2019exemple alg\u00e9rien\u2026 La p@sserelle -Histoire G\u00e9ographie- \u00bb Histoire des arts : la guerre d\u2019Alg\u00e9rie au cin\u00e9ma \u00bb La p@sserelle -Histoire G\u00e9ographie-","rel":"","context":"Dans &quot;histoire&quot;","block_context":{"text":"histoire","link":"https:\/\/lyonelkaufmann.ch\/Blog\/category\/histoire-2\/"},"img":{"alt_text":"","src":"https:\/\/i0.wp.com\/lyonelkaufmann.ch\/Blog\/wp-content\/uploads\/2015\/03\/blogcafe1.jpg?fit=1024%2C683&ssl=1&resize=350%2C200","width":350,"height":200,"srcset":"https:\/\/i0.wp.com\/lyonelkaufmann.ch\/Blog\/wp-content\/uploads\/2015\/03\/blogcafe1.jpg?fit=1024%2C683&ssl=1&resize=350%2C200 1x, https:\/\/i0.wp.com\/lyonelkaufmann.ch\/Blog\/wp-content\/uploads\/2015\/03\/blogcafe1.jpg?fit=1024%2C683&ssl=1&resize=525%2C300 1.5x, https:\/\/i0.wp.com\/lyonelkaufmann.ch\/Blog\/wp-content\/uploads\/2015\/03\/blogcafe1.jpg?fit=1024%2C683&ssl=1&resize=700%2C400 2x"},"classes":[]},{"id":7079,"url":"https:\/\/lyonelkaufmann.ch\/Blog\/2013\/05\/16\/la-longue-histoire-de-lhistoire-globale-quelques-jalons-histoire-globale\/","url_meta":{"origin":309,"position":1},"title":"La longue histoire de l\u2019histoire globale : quelques jalons \u00ab Histoire Globale","author":"Lyonel Kaufmann","date":"16 mai 2013","format":false,"excerpt":"See on Scoop.it - histoireLyonel Kaufmann's insight:\u00c0 l\u2019heure o\u00f9 l\u2019histoire globale conna\u00eet un essor remarquable, Chloe Maurel en retrace l\u2019histoire, en identifie les origines, afin de bien voir par quoi ce courant innove et par quoi il s\u2019inscrit dans une continuit\u00e9 par rapport \u00e0 l\u2019historiographie pass\u00e9e.See on blogs.histoireglobale.com","rel":"","context":"Dans &quot;histoire&quot;","block_context":{"text":"histoire","link":"https:\/\/lyonelkaufmann.ch\/Blog\/category\/histoire-2\/"},"img":{"alt_text":"","src":"https:\/\/i0.wp.com\/lyonelkaufmann.ch\/Blog\/wp-content\/uploads\/2015\/03\/blogcafe1.jpg?fit=1024%2C683&ssl=1&resize=350%2C200","width":350,"height":200,"srcset":"https:\/\/i0.wp.com\/lyonelkaufmann.ch\/Blog\/wp-content\/uploads\/2015\/03\/blogcafe1.jpg?fit=1024%2C683&ssl=1&resize=350%2C200 1x, https:\/\/i0.wp.com\/lyonelkaufmann.ch\/Blog\/wp-content\/uploads\/2015\/03\/blogcafe1.jpg?fit=1024%2C683&ssl=1&resize=525%2C300 1.5x, https:\/\/i0.wp.com\/lyonelkaufmann.ch\/Blog\/wp-content\/uploads\/2015\/03\/blogcafe1.jpg?fit=1024%2C683&ssl=1&resize=700%2C400 2x"},"classes":[]},{"id":6836,"url":"https:\/\/lyonelkaufmann.ch\/Blog\/2013\/03\/07\/enseigner-une-histoire-orientee-le-devoir\/","url_meta":{"origin":309,"position":2},"title":"Enseigner une histoire \u00aborient\u00e9e\u00bb? | Le Devoir","author":"Lyonel Kaufmann","date":"7 mars 2013","format":false,"excerpt":"L'enseignement de l'histoire reste une question sociale vive au Qu\u00e9bec. La guerre id\u00e9ologique autour de la cr\u00e9ation d\u2019un comit\u00e9 minist\u00e9riel pour revoir les programmes d\u2019histoire au secondaire s\u2019envenime. Plusieurs enseignants, historiens et autres sp\u00e9cialistes de la mati\u00e8re jugent \u00ab dangereuse \u00bb la complicit\u00e9 entre le Parti qu\u00e9b\u00e9cois et la Coalition\u2026","rel":"","context":"Dans &quot;histoire&quot;","block_context":{"text":"histoire","link":"https:\/\/lyonelkaufmann.ch\/Blog\/category\/histoire-2\/"},"img":{"alt_text":"","src":"https:\/\/i0.wp.com\/lyonelkaufmann.ch\/Blog\/wp-content\/uploads\/2015\/03\/blogcafe1.jpg?fit=1024%2C683&ssl=1&resize=350%2C200","width":350,"height":200,"srcset":"https:\/\/i0.wp.com\/lyonelkaufmann.ch\/Blog\/wp-content\/uploads\/2015\/03\/blogcafe1.jpg?fit=1024%2C683&ssl=1&resize=350%2C200 1x, https:\/\/i0.wp.com\/lyonelkaufmann.ch\/Blog\/wp-content\/uploads\/2015\/03\/blogcafe1.jpg?fit=1024%2C683&ssl=1&resize=525%2C300 1.5x, https:\/\/i0.wp.com\/lyonelkaufmann.ch\/Blog\/wp-content\/uploads\/2015\/03\/blogcafe1.jpg?fit=1024%2C683&ssl=1&resize=700%2C400 2x"},"classes":[]},{"id":6833,"url":"https:\/\/lyonelkaufmann.ch\/Blog\/2013\/03\/03\/revue-de-presse-pour-une-histoire-politique-des-humanitaires-dans-la-guerre\/","url_meta":{"origin":309,"position":3},"title":"Revue de presse : Pour une histoire politique des humanitaires dans la guerre","author":"Lyonel Kaufmann","date":"3 mars 2013","format":false,"excerpt":"Pour une #Histoire #Politique des #Humanitaires dans la #Guerre (Grotius #G\u00e9opolitique de l'Humanitaire) Pour une histoire politique des humanitaires dans la guerre","rel":"","context":"Dans &quot;histoire&quot;","block_context":{"text":"histoire","link":"https:\/\/lyonelkaufmann.ch\/Blog\/category\/histoire-2\/"},"img":{"alt_text":"","src":"https:\/\/i0.wp.com\/lyonelkaufmann.ch\/Blog\/wp-content\/uploads\/2015\/03\/blogcafe1.jpg?fit=1024%2C683&ssl=1&resize=350%2C200","width":350,"height":200,"srcset":"https:\/\/i0.wp.com\/lyonelkaufmann.ch\/Blog\/wp-content\/uploads\/2015\/03\/blogcafe1.jpg?fit=1024%2C683&ssl=1&resize=350%2C200 1x, https:\/\/i0.wp.com\/lyonelkaufmann.ch\/Blog\/wp-content\/uploads\/2015\/03\/blogcafe1.jpg?fit=1024%2C683&ssl=1&resize=525%2C300 1.5x, https:\/\/i0.wp.com\/lyonelkaufmann.ch\/Blog\/wp-content\/uploads\/2015\/03\/blogcafe1.jpg?fit=1024%2C683&ssl=1&resize=700%2C400 2x"},"classes":[]},{"id":18802,"url":"https:\/\/lyonelkaufmann.ch\/Blog\/2017\/11\/03\/les-series-tv-toutes-ces-histoires-qui-donnent-envie-de-lhistoire\/","url_meta":{"origin":309,"position":4},"title":"Les s\u00e9ries TV, toutes ces histoires qui donnent envie de l&rsquo;Histoire","author":"Lyonel Kaufmann","date":"3 novembre 2017","format":false,"excerpt":"\u00abGame of Thrones\u00bb fascine par sa m\u00e9di\u00e9vale attitude, \u00abVikings\u00bb passionne avec ses Nordiques hipsters: bulldozers de la culture populaire, les s\u00e9ries empoignent l'Histoire. Et elles en donnent app\u00e9tit aux \u00e9tudiants Source\u00a0: Les s\u00e9ries TV, toutes ces histoires qui donnent envie de l'Histoire","rel":"","context":"Dans &quot;Blogcaf\u00e9&quot;","block_context":{"text":"Blogcaf\u00e9","link":"https:\/\/lyonelkaufmann.ch\/Blog\/category\/blogcafe-2\/"},"img":{"alt_text":"","src":"","width":0,"height":0},"classes":[]},{"id":7043,"url":"https:\/\/lyonelkaufmann.ch\/Blog\/2013\/04\/26\/lesclavage-comprendre-son-histoire\/","url_meta":{"origin":309,"position":5},"title":"L&rsquo;esclavage, comprendre son histoire","author":"Lyonel Kaufmann","date":"26 avril 2013","format":false,"excerpt":"See on Scoop.it - histoire Apparu dans l'antiquit\u00e9, l'esclavage a parcouru les si\u00e8cles et est aujourd'hui toujours d'actualit\u00e9. Quelle est son histoire ?See on education.francetv.fr","rel":"","context":"Dans &quot;histoire&quot;","block_context":{"text":"histoire","link":"https:\/\/lyonelkaufmann.ch\/Blog\/category\/histoire-2\/"},"img":{"alt_text":"","src":"https:\/\/i0.wp.com\/lyonelkaufmann.ch\/Blog\/wp-content\/uploads\/2015\/03\/AVbzJaGZqD7Eu3JM4-de7zl72eJkfbmt4t8yenImKBXEejxNn4ZJNZ2ss5Ku7Cxt.jpg?fit=442%2C340&ssl=1&resize=350%2C200","width":350,"height":200},"classes":[]}],"jetpack_likes_enabled":true,"_links":{"self":[{"href":"https:\/\/lyonelkaufmann.ch\/Blog\/wp-json\/wp\/v2\/posts\/309","targetHints":{"allow":["GET"]}}],"collection":[{"href":"https:\/\/lyonelkaufmann.ch\/Blog\/wp-json\/wp\/v2\/posts"}],"about":[{"href":"https:\/\/lyonelkaufmann.ch\/Blog\/wp-json\/wp\/v2\/types\/post"}],"author":[{"embeddable":true,"href":"https:\/\/lyonelkaufmann.ch\/Blog\/wp-json\/wp\/v2\/users\/1"}],"replies":[{"embeddable":true,"href":"https:\/\/lyonelkaufmann.ch\/Blog\/wp-json\/wp\/v2\/comments?post=309"}],"version-history":[{"count":0,"href":"https:\/\/lyonelkaufmann.ch\/Blog\/wp-json\/wp\/v2\/posts\/309\/revisions"}],"wp:featuredmedia":[{"embeddable":true,"href":"https:\/\/lyonelkaufmann.ch\/Blog\/wp-json\/wp\/v2\/media\/14680"}],"wp:attachment":[{"href":"https:\/\/lyonelkaufmann.ch\/Blog\/wp-json\/wp\/v2\/media?parent=309"}],"wp:term":[{"taxonomy":"category","embeddable":true,"href":"https:\/\/lyonelkaufmann.ch\/Blog\/wp-json\/wp\/v2\/categories?post=309"},{"taxonomy":"post_tag","embeddable":true,"href":"https:\/\/lyonelkaufmann.ch\/Blog\/wp-json\/wp\/v2\/tags?post=309"}],"curies":[{"name":"wp","href":"https:\/\/api.w.org\/{rel}","templated":true}]}}