{"id":3131,"date":"2010-02-19T07:56:26","date_gmt":"2010-02-19T06:56:26","guid":{"rendered":"https:\/\/lyonelkaufmann.ch\/Blog\/?p=3131"},"modified":"2010-02-19T07:56:26","modified_gmt":"2010-02-19T06:56:26","slug":"le-reseautage-social-plus-populaire-sur-les-mobiles-que-sur-pc","status":"publish","type":"post","link":"https:\/\/lyonelkaufmann.ch\/Blog\/2010\/02\/19\/le-reseautage-social-plus-populaire-sur-les-mobiles-que-sur-pc\/","title":{"rendered":"Le r\u00e9seautage social plus populaire sur les mobiles que sur PC"},"content":{"rendered":"<p><a href=\"http:\/\/www.readwriteweb.com\/archives\/social_networking_now_more_popular_on_mobile_than_desktop.php\"><img data-recalc-dims=\"1\" loading=\"lazy\" decoding=\"async\" class=\"alignright\" src=\"https:\/\/i0.wp.com\/lyonelkaufmann.ch\/Blog\/wp-content\/uploads\/2010\/02\/facebook_iPhone_feb10.jpg?resize=113%2C240\" alt=\"\" width=\"113\" height=\"240\" \/><\/a>Un article de ReadWriteWeb (version anglaise)\u00a0 relate une \u00e9tude r\u00e9cente r\u00e9alis\u00e9e par Ruder Finn mettant en \u00e9vidence que les Am\u00e9ricains passent environ trois heures par jour sur leurs t\u00e9l\u00e9phones mobiles. Et que font-ils avec? <span>S&rsquo;\u00e9duquer  eux-m\u00eames, faire des affaires, la gestion de leurs  finances, de la messagerie instantan\u00e9e, envoi par courrier \u00e9lectronique? To<\/span><span>ut ce qui  pr\u00e9c\u00e8de, c&rsquo;est s\u00fbr. <\/span><span>Mais peut-\u00eatre  la d\u00e9couverte la plus int\u00e9ressante de ces nouvelles  donn\u00e9es est le fait que plus de gens utilisent le Web mobile pour  socialiser (91%) que les utilisateurs avec leur PC (79%). <\/span><span>Il semble donc que le  t\u00e9l\u00e9phone mobile  est en fait une <em>meilleure plate-forme<\/em> de r\u00e9seautage social que  le PC.<\/span><\/p>\n<p>via <a href=\"http:\/\/www.readwriteweb.com\/archives\/social_networking_now_more_popular_on_mobile_than_desktop.php\">Social Networking Now More Popular on Mobile than Desktop<\/a>.<\/p>\n","protected":false},"excerpt":{"rendered":"<p>Un article de ReadWriteWeb (version anglaise)\u00a0 relate une \u00e9tude r\u00e9cente r\u00e9alis\u00e9e par Ruder Finn mettant en \u00e9vidence que les Am\u00e9ricains passent environ trois heures par jour sur leurs t\u00e9l\u00e9phones mobiles. Et que font-ils avec? S&rsquo;\u00e9duquer eux-m\u00eames, faire des affaires, la gestion de leurs finances, de la messagerie instantan\u00e9e, envoi par courrier \u00e9lectronique? Tout ce qui [&hellip;]<\/p>\n","protected":false},"author":1,"featured_media":13696,"comment_status":"open","ping_status":"open","sticky":false,"template":"","format":"aside","meta":{"_import_markdown_pro_load_document_selector":0,"_import_markdown_pro_submit_text_textarea":"","_genesis_hide_title":false,"_genesis_hide_breadcrumbs":false,"_genesis_hide_singular_image":false,"_genesis_hide_footer_widgets":false,"_genesis_custom_body_class":"","_genesis_custom_post_class":"","_genesis_layout":"","jetpack_post_was_ever_published":false,"_jetpack_newsletter_access":"","_jetpack_dont_email_post_to_subs":false,"_jetpack_newsletter_tier_id":0,"_jetpack_memberships_contains_paywalled_content":false,"_jetpack_memberships_contains_paid_content":false,"activitypub_content_warning":"","activitypub_content_visibility":"","activitypub_max_image_attachments":3,"activitypub_interaction_policy_quote":"anyone","activitypub_status":"","footnotes":"","jetpack_publicize_message":"","jetpack_publicize_feature_enabled":true,"jetpack_social_post_already_shared":true,"jetpack_social_options":{"image_generator_settings":{"template":"fullscreen","default_image_id":0,"font":"","enabled":false},"version":2}},"categories":[3],"tags":[572,573,181,90],"class_list":{"0":"post-3131","1":"post","2":"type-post","3":"status-publish","4":"format-aside","5":"has-post-thumbnail","7":"category-blogcafe-2","8":"tag-reseautage-social","9":"tag-telephone","10":"tag-web-2-0","11":"tag-web2-0","12":"post_format-post-format-aside","13":"entry"},"jetpack_publicize_connections":[],"featured_image_src":"https:\/\/i0.wp.com\/lyonelkaufmann.ch\/Blog\/wp-content\/uploads\/2015\/03\/facebook_iPhone_feb10.jpg?resize=113%2C240&ssl=1","featured_image_src_square":"https:\/\/i0.wp.com\/lyonelkaufmann.ch\/Blog\/wp-content\/uploads\/2015\/03\/facebook_iPhone_feb10.jpg?resize=113%2C240&ssl=1","author_info":{"display_name":"Lyonel Kaufmann","author_link":"https:\/\/lyonelkaufmann.ch\/Blog\/author\/lyonelk\/"},"jetpack_featured_media_url":"https:\/\/i0.wp.com\/lyonelkaufmann.ch\/Blog\/wp-content\/uploads\/2015\/03\/facebook_iPhone_feb10.jpg?fit=113%2C240&ssl=1","jetpack_sharing_enabled":true,"jetpack_shortlink":"https:\/\/wp.me\/p1qtF4-Ov","jetpack-related-posts":[{"id":7895,"url":"https:\/\/lyonelkaufmann.ch\/Blog\/2014\/01\/03\/inoovation-pedagogie-et-numerique\/","url_meta":{"origin":3131,"position":0},"title":"Innovation, p\u00e9dagogie et num\u00e9rique","author":"Lyonel Kaufmann","date":"3 janvier 2014","format":false,"excerpt":"Quelques ressources issues de ma veille \u00e9ducative et technologique, histoire de lancer la nouvelle ann\u00e9e \u00e9ducative\u2026 Cela prolonge \u00e9galement l'infographie pr\u00e9c\u00e9dente consacr\u00e9e \u00e0 l'histoire des technologies scolaires (Infographie : Histoire des technologies scolaires) L'innovation p\u00e9dagogique en 10 points | Thot Cursus Depuis 2012, l'Open University britannique publie \u00e0 l'automne un\u2026","rel":"","context":"Dans &quot;histoire&quot;","block_context":{"text":"histoire","link":"https:\/\/lyonelkaufmann.ch\/Blog\/category\/histoire-2\/"},"img":{"alt_text":"","src":"https:\/\/i0.wp.com\/lyonelkaufmann.ch\/Blog\/wp-content\/uploads\/2015\/03\/cycle-gartner.png?fit=400%2C231&ssl=1&resize=350%2C200","width":350,"height":200},"classes":[]},{"id":5407,"url":"https:\/\/lyonelkaufmann.ch\/Blog\/2012\/05\/19\/revue-de-presse-du-pc-au-netbook-puis-a-la-tablette-veritable-plus-value-pedagogique-ou-fuite-en-avant-technologique-academie-de-poitiers\/","url_meta":{"origin":3131,"position":1},"title":"Revue de presse : Du PC au netbook, puis \u00e0 la tablette\u00a0: v\u00e9ritable plus-value p\u00e9dagogique ou fuite en avant technologique\u00a0? |\u00a0Acad\u00e9mie de Poitiers","author":"Lyonel Kaufmann","date":"19 mai 2012","format":false,"excerpt":"Le nomadisme de l\u2019enseignant (entre les salles, entre plusieurs \u00e9tablissements, entre son domicile et son travail), et celui de l\u2019\u00e9l\u00e8ve (\u00ab migrant pendulaire \u00bb maison-\u00e9cole) n\u2019est pas l\u2019itin\u00e9rance du commercial dans les moyens de transport. Les besoins de terminaux mobiles ne sont pas n\u00e9cessairement les m\u00eames. En revanche la mobilit\u00e9\u2026","rel":"","context":"Dans &quot;histoire&quot;","block_context":{"text":"histoire","link":"https:\/\/lyonelkaufmann.ch\/Blog\/category\/histoire-2\/"},"img":{"alt_text":"","src":"https:\/\/i0.wp.com\/lyonelkaufmann.ch\/Blog\/wp-content\/uploads\/2015\/03\/blogcafe1.jpg?fit=1024%2C683&ssl=1&resize=350%2C200","width":350,"height":200,"srcset":"https:\/\/i0.wp.com\/lyonelkaufmann.ch\/Blog\/wp-content\/uploads\/2015\/03\/blogcafe1.jpg?fit=1024%2C683&ssl=1&resize=350%2C200 1x, https:\/\/i0.wp.com\/lyonelkaufmann.ch\/Blog\/wp-content\/uploads\/2015\/03\/blogcafe1.jpg?fit=1024%2C683&ssl=1&resize=525%2C300 1.5x, https:\/\/i0.wp.com\/lyonelkaufmann.ch\/Blog\/wp-content\/uploads\/2015\/03\/blogcafe1.jpg?fit=1024%2C683&ssl=1&resize=700%2C400 2x"},"classes":[]},{"id":6063,"url":"https:\/\/lyonelkaufmann.ch\/Blog\/2012\/05\/19\/revue-de-presse-du-pc-au-netbook-puis-a-la-tablette-veritable-plus-value-pedagogique-ou-fuite-en-avant-technologique-academie-de-poitiers-2\/","url_meta":{"origin":3131,"position":2},"title":"Revue de presse : Du PC au netbook, puis \u00e0 la tablette\u00a0: v\u00e9ritable plus-value p\u00e9dagogique ou fuite en avant technologique\u00a0? |\u00a0Acad\u00e9mie de Poitiers","author":"Lyonel Kaufmann","date":"19 mai 2012","format":false,"excerpt":"Le nomadisme de l\u2019enseignant (entre les salles, entre plusieurs \u00e9tablissements, entre son domicile et son travail), et celui de l\u2019\u00e9l\u00e8ve (\u00ab migrant pendulaire \u00bb maison-\u00e9cole) n\u2019est pas l\u2019itin\u00e9rance du commercial dans les moyens de transport. Les besoins de terminaux mobiles ne sont pas n\u00e9cessairement les m\u00eames. En revanche la mobilit\u00e9\u2026","rel":"","context":"Dans &quot;L'Expresso&quot;","block_context":{"text":"L'Expresso","link":"https:\/\/lyonelkaufmann.ch\/Blog\/category\/breves\/"},"img":{"alt_text":"","src":"https:\/\/i0.wp.com\/lyonelkaufmann.ch\/Blog\/wp-content\/uploads\/2015\/03\/blogcafe1.jpg?fit=1024%2C683&ssl=1&resize=350%2C200","width":350,"height":200,"srcset":"https:\/\/i0.wp.com\/lyonelkaufmann.ch\/Blog\/wp-content\/uploads\/2015\/03\/blogcafe1.jpg?fit=1024%2C683&ssl=1&resize=350%2C200 1x, https:\/\/i0.wp.com\/lyonelkaufmann.ch\/Blog\/wp-content\/uploads\/2015\/03\/blogcafe1.jpg?fit=1024%2C683&ssl=1&resize=525%2C300 1.5x, https:\/\/i0.wp.com\/lyonelkaufmann.ch\/Blog\/wp-content\/uploads\/2015\/03\/blogcafe1.jpg?fit=1024%2C683&ssl=1&resize=700%2C400 2x"},"classes":[]},{"id":3592,"url":"https:\/\/lyonelkaufmann.ch\/Blog\/2011\/03\/02\/des-telephones-mobiles-a-lecole-enseignement-educa-ch\/","url_meta":{"origin":3131,"position":3},"title":"Des t\u00e9l\u00e9phones mobiles \u00e0 l&rsquo;\u00e9cole ? | educa.ch","author":"Lyonel Kaufmann","date":"2 mars 2011","format":false,"excerpt":"Dans la plupart des \u00e9coles, l'usage des mobiles et smartphones est interdit, car il perturbe la classe. Pourtant, aujourd'hui, m\u00eame des membres sceptiques du corps enseignant ne sont plus contre le fait que les \u00e9l\u00e8ves cherchent rapidement une date historique dans Wikipedia, utilisent la calculatrice, traduisent des mots, consultent le\u2026","rel":"","context":"Dans &quot;histoire&quot;","block_context":{"text":"histoire","link":"https:\/\/lyonelkaufmann.ch\/Blog\/category\/histoire-2\/"},"img":{"alt_text":"","src":"https:\/\/i0.wp.com\/lyonelkaufmann.ch\/Blog\/wp-content\/uploads\/2015\/03\/article_portable-iphone-illustre.jpg?fit=590%2C390&ssl=1&resize=350%2C200","width":350,"height":200,"srcset":"https:\/\/i0.wp.com\/lyonelkaufmann.ch\/Blog\/wp-content\/uploads\/2015\/03\/article_portable-iphone-illustre.jpg?fit=590%2C390&ssl=1&resize=350%2C200 1x, https:\/\/i0.wp.com\/lyonelkaufmann.ch\/Blog\/wp-content\/uploads\/2015\/03\/article_portable-iphone-illustre.jpg?fit=590%2C390&ssl=1&resize=525%2C300 1.5x"},"classes":[]},{"id":2919,"url":"https:\/\/lyonelkaufmann.ch\/Blog\/2009\/06\/26\/evernote-une-alternative-a-google-documents\/","url_meta":{"origin":3131,"position":4},"title":"Evernote une alternative s\u00e9rieuse \u00e0 Google Documents","author":"Lyonel Kaufmann","date":"26 juin 2009","format":"aside","excerpt":"Evernote propose d\u00e9sormais un nouveau service qui consiste \u00e0 pouvoir partager ses notes (partage par dossier) avec qui vous voulez. Pour cela, vous devrez entrer l'adresse mail de cette personne, qui devra poss\u00e9der \u00e9galement un compte sur Evernote, et en fonction de la version que vous poss\u00e9dez (gratuite ou Premium)\u2026","rel":"","context":"Dans &quot;Blogcaf\u00e9&quot;","block_context":{"text":"Blogcaf\u00e9","link":"https:\/\/lyonelkaufmann.ch\/Blog\/category\/blogcafe-2\/"},"img":{"alt_text":"","src":"https:\/\/i0.wp.com\/lyonelkaufmann.ch\/Blog\/wp-content\/uploads\/2015\/03\/066.jpg?fit=480%2C360&ssl=1&resize=350%2C200","width":350,"height":200},"classes":[]},{"id":6815,"url":"https:\/\/lyonelkaufmann.ch\/Blog\/2014\/09\/09\/quelle-place-pour-le-mobile-de-nos-eleves-en-classe\/","url_meta":{"origin":3131,"position":5},"title":"Quelle place pour le mobile de nos \u00e9l\u00e8ves en classe ?","author":"Lyonel Kaufmann","date":"9 septembre 2014","format":false,"excerpt":"Du 18 au 22 f\u00e9vrier, l'Unesco organise la semaine du mobile de l'UNESCO (18 - 22 f\u00e9vrier prochain) et s'interroge sur la place du t\u00e9l\u00e9phone dans l'enseignement. Comme le note Bruno Devauchelle, Paradoxe que celui d'une semaine qui est consacr\u00e9e \u00e0 l'apprendre \u00e0 l'aide des mobiles alors que dans le\u2026","rel":"","context":"Dans &quot;histoire&quot;","block_context":{"text":"histoire","link":"https:\/\/lyonelkaufmann.ch\/Blog\/category\/histoire-2\/"},"img":{"alt_text":"","src":"https:\/\/i0.wp.com\/lyonelkaufmann.ch\/Blog\/wp-content\/uploads\/2015\/03\/0139.jpg?fit=480%2C360&ssl=1&resize=350%2C200","width":350,"height":200},"classes":[]}],"jetpack_likes_enabled":true,"_links":{"self":[{"href":"https:\/\/lyonelkaufmann.ch\/Blog\/wp-json\/wp\/v2\/posts\/3131","targetHints":{"allow":["GET"]}}],"collection":[{"href":"https:\/\/lyonelkaufmann.ch\/Blog\/wp-json\/wp\/v2\/posts"}],"about":[{"href":"https:\/\/lyonelkaufmann.ch\/Blog\/wp-json\/wp\/v2\/types\/post"}],"author":[{"embeddable":true,"href":"https:\/\/lyonelkaufmann.ch\/Blog\/wp-json\/wp\/v2\/users\/1"}],"replies":[{"embeddable":true,"href":"https:\/\/lyonelkaufmann.ch\/Blog\/wp-json\/wp\/v2\/comments?post=3131"}],"version-history":[{"count":0,"href":"https:\/\/lyonelkaufmann.ch\/Blog\/wp-json\/wp\/v2\/posts\/3131\/revisions"}],"wp:featuredmedia":[{"embeddable":true,"href":"https:\/\/lyonelkaufmann.ch\/Blog\/wp-json\/wp\/v2\/media\/13696"}],"wp:attachment":[{"href":"https:\/\/lyonelkaufmann.ch\/Blog\/wp-json\/wp\/v2\/media?parent=3131"}],"wp:term":[{"taxonomy":"category","embeddable":true,"href":"https:\/\/lyonelkaufmann.ch\/Blog\/wp-json\/wp\/v2\/categories?post=3131"},{"taxonomy":"post_tag","embeddable":true,"href":"https:\/\/lyonelkaufmann.ch\/Blog\/wp-json\/wp\/v2\/tags?post=3131"}],"curies":[{"name":"wp","href":"https:\/\/api.w.org\/{rel}","templated":true}]}}