{"id":3136,"date":"2010-08-26T09:56:11","date_gmt":"2010-08-26T08:56:11","guid":{"rendered":"http:\/\/lyonelkaufmann.ch\/histoire\/2010\/08\/26\/en-ludovia-me-deuxieme-journee-25-aout\/"},"modified":"2010-08-26T09:56:11","modified_gmt":"2010-08-26T08:56:11","slug":"en-ludovia-me-deuxieme-journee-25-aout","status":"publish","type":"post","link":"https:\/\/lyonelkaufmann.ch\/Blog\/2010\/08\/26\/en-ludovia-me-deuxieme-journee-25-aout\/","title":{"rendered":"En Ludovia : ma deuxi\u00e8me journ\u00e9e (25 ao\u00fbt)"},"content":{"rendered":"<p>En ce deuxi\u00e8me jour, je suis entr\u00e9 dans la classe dans le cadre du colloque scientifique \u00ab\u00a0Interactions\/Interactivit\u00e9s\u00a0\u00bb pour y observer les interactions entre \u00e9l\u00e8ves et professeurs (interactions) et entre humains et machines (interactivit\u00e9).<br \/>\nVieil habitu\u00e9 de ces dispositifs en FLE (Fran\u00e7ais langue \u00e9trang\u00e8re), le linguiste Fran\u00e7ois Mangenot nous a rappel\u00e9 que tout un courant, dont il ne fait pas partie, r\u00eave de remplacer les professeurs par les machines. Et apr\u00e8s allez vous plaindre des r\u00e9sistances des enseignants&#8230;<br \/>\nPour sa part, depuis de nombreuses ann\u00e9es, il s&rsquo;int\u00e9resse aux impacts des diff\u00e9rents outils de communication sur la relation p\u00e9dagogique au plan communicationnel. Ainsi, par exemple concernant les forums (asynchrone), s&rsquo;est-il interrog\u00e9 sur les solutions \u00e0 mettre en place pour sortir d&rsquo;une forme de monologue conversationnel qui plus est peu naturel. Sur cette base ont \u00e9t\u00e9 r\u00e9alis\u00e9es des discussions portant sur un sujet clivant (pour ou contre les zoos) pour susciter les \u00e9changes. Pour recr\u00e9er une conversation \u00e0 distance et asynchrone, des vid\u00e9os, o\u00f9 plusieurs participants \u00e9changent, permettent de recr\u00e9er le dialogue.<br \/>\nDans ses sc\u00e9narios de communication, il s&rsquo;int\u00e9resse aux interactions entre pairs, entre les pairs et leur tuteur et l&rsquo;interactivit\u00e9 avec la machine ainsi que sur les t\u00e2ches \u00e0 r\u00e9aliser et la configuration du travail collectif. Il d\u00e9montre ainsi la particularit\u00e9 d&rsquo;une relation m\u00e9diatis\u00e9e par ordinateur puisque celle-ci combine une interactivit\u00e9 humain-machine avec les interactions verbales. Les enjeux p\u00e9dagogiques et ceux de la communication en sont singuli\u00e8rement complexifi\u00e9s.<\/p>\n<p>Dans cette perspective-l\u00e0, l&rsquo;intervention d&rsquo;Anne Cordieux a \u00e9clair\u00e9 cette complexification de la situation et la relation p\u00e9dagogiques en introduisant un tiers souvent per\u00e7u par l&rsquo;enseignant-e comme un intrus ou une menace: l&rsquo;ordinateur\/Internet. Dans le cas pr\u00e9sent, il s&rsquo;agissait de s\u00e9ances consacr\u00e9es \u00e0 la recherche sur internet par des professeurs documentalistes. <br \/>\nIci, la situation est encore complexifi\u00e9e par le fait que ces s\u00e9ances n&rsquo;ont pas lieu dans le cadre habituel du centre de documentation, mais dans l&rsquo;univers (hostile) de la salle informatique. Pour ces enseignant-e-s, \u00e0 la peur de la panne technique, s&rsquo;ajoute encore la crainte d&rsquo;un dialogue p\u00e9dagogique d\u00e9grad\u00e9 entre eux et leurs \u00e9l\u00e8ves. Tout prend donc une importance accrue et, la peur \u00e9tant mauvaise conseill\u00e8re, aboutit \u00e0 des organisations et gestion de s\u00e9quences p\u00e9dagogiques o\u00f9 l&rsquo;enseignant subit la situation.<br \/>\nAu final, sur une s\u00e9quence de 60 minutes environ, les \u00e9l\u00e8ves passeront moins de 10 minutes avec l&rsquo;ordinateur et le reste du temps \u00e0 remplir une fiche-outil et \u00e0 \u00e9couter le prof. Tant le prof que les \u00e9l\u00e8ves sortent de ces s\u00e9ances d\u00e9pit\u00e9s&#8230;<\/p>\n<p>Ces deux interventions m&rsquo;ont largement r\u00e9concili\u00e9 avec le colloque.<\/p>\n","protected":false},"excerpt":{"rendered":"<p>En ce deuxi\u00e8me jour, je suis entr\u00e9 dans la classe dans le cadre du colloque scientifique \u00ab\u00a0Interactions\/Interactivit\u00e9s\u00a0\u00bb pour y observer les interactions entre \u00e9l\u00e8ves et professeurs (interactions) et entre humains et machines (interactivit\u00e9). Vieil habitu\u00e9 de ces dispositifs en FLE (Fran\u00e7ais langue \u00e9trang\u00e8re), le linguiste Fran\u00e7ois Mangenot nous a rappel\u00e9 que tout un courant, dont [&hellip;]<\/p>\n","protected":false},"author":1,"featured_media":14680,"comment_status":"open","ping_status":"open","sticky":false,"template":"","format":"standard","meta":{"_import_markdown_pro_load_document_selector":0,"_import_markdown_pro_submit_text_textarea":"","_genesis_hide_title":false,"_genesis_hide_breadcrumbs":false,"_genesis_hide_singular_image":false,"_genesis_hide_footer_widgets":false,"_genesis_custom_body_class":"","_genesis_custom_post_class":"","_genesis_layout":"","jetpack_post_was_ever_published":false,"_jetpack_newsletter_access":"","_jetpack_dont_email_post_to_subs":false,"_jetpack_newsletter_tier_id":0,"_jetpack_memberships_contains_paywalled_content":false,"_jetpack_memberships_contains_paid_content":false,"activitypub_content_warning":"","activitypub_content_visibility":"","activitypub_max_image_attachments":3,"activitypub_interaction_policy_quote":"anyone","activitypub_status":"","footnotes":"","jetpack_publicize_message":"","jetpack_publicize_feature_enabled":true,"jetpack_social_post_already_shared":true,"jetpack_social_options":{"image_generator_settings":{"template":"fullscreen","default_image_id":0,"font":"","enabled":false},"version":2}},"categories":[2],"tags":[],"class_list":{"0":"post-3136","1":"post","2":"type-post","3":"status-publish","4":"format-standard","5":"has-post-thumbnail","7":"category-histoire-2","8":"entry"},"jetpack_publicize_connections":[],"featured_image_src":"https:\/\/i0.wp.com\/lyonelkaufmann.ch\/Blog\/wp-content\/uploads\/2015\/03\/blogcafe1.jpg?resize=600%2C400&ssl=1","featured_image_src_square":"https:\/\/i0.wp.com\/lyonelkaufmann.ch\/Blog\/wp-content\/uploads\/2015\/03\/blogcafe1.jpg?resize=600%2C600&ssl=1","author_info":{"display_name":"Lyonel Kaufmann","author_link":"https:\/\/lyonelkaufmann.ch\/Blog\/author\/lyonelk\/"},"jetpack_featured_media_url":"https:\/\/i0.wp.com\/lyonelkaufmann.ch\/Blog\/wp-content\/uploads\/2015\/03\/blogcafe1.jpg?fit=1024%2C683&ssl=1","jetpack_sharing_enabled":true,"jetpack_shortlink":"https:\/\/wp.me\/p1qtF4-OA","jetpack-related-posts":[{"id":3140,"url":"https:\/\/lyonelkaufmann.ch\/Blog\/2010\/08\/30\/en-ludovia-sommes-nous-des-influenceurs\/","url_meta":{"origin":3136,"position":0},"title":"En Ludovia : sommes-nous des influenceurs?","author":"Lyonel Kaufmann","date":"30 ao\u00fbt 2010","format":false,"excerpt":"Au matin du deuxi\u00e8me jour \u00e0 Ludovia, le terme d'influenceurs pour qualifier notre brochette de blogueurs est r\u00e9apparu. Certes ce qualificatif est flatteur. Ce nouveau titre de noblesse est-il pour autant m\u00e9rit\u00e9 au-del\u00e0 de cette enceinte? La composition du public de Ludovia fournissait un premier \u00e9l\u00e9ments de r\u00e9ponse. La difficult\u00e9\u2026","rel":"","context":"Dans &quot;histoire&quot;","block_context":{"text":"histoire","link":"https:\/\/lyonelkaufmann.ch\/Blog\/category\/histoire-2\/"},"img":{"alt_text":"","src":"https:\/\/i0.wp.com\/lyonelkaufmann.ch\/Blog\/wp-content\/uploads\/2015\/03\/blogcafe1.jpg?fit=1024%2C683&ssl=1&resize=350%2C200","width":350,"height":200,"srcset":"https:\/\/i0.wp.com\/lyonelkaufmann.ch\/Blog\/wp-content\/uploads\/2015\/03\/blogcafe1.jpg?fit=1024%2C683&ssl=1&resize=350%2C200 1x, https:\/\/i0.wp.com\/lyonelkaufmann.ch\/Blog\/wp-content\/uploads\/2015\/03\/blogcafe1.jpg?fit=1024%2C683&ssl=1&resize=525%2C300 1.5x, https:\/\/i0.wp.com\/lyonelkaufmann.ch\/Blog\/wp-content\/uploads\/2015\/03\/blogcafe1.jpg?fit=1024%2C683&ssl=1&resize=700%2C400 2x"},"classes":[]},{"id":4742,"url":"https:\/\/lyonelkaufmann.ch\/Blog\/2011\/12\/18\/revue-de-presse-13-decembre-2011\/","url_meta":{"origin":3136,"position":1},"title":"Revue de presse : Tableau blanc interactif et efficacit\u00e9 p\u00e9dagogique","author":"Lyonel Kaufmann","date":"18 d\u00e9cembre 2011","format":false,"excerpt":"Tableau blanc interactif et efficacit\u00e9 p\u00e9dagogique | \u00c9duscol Num\u00e9rique Ainsi les auteurs de l'\u00e9tude se sont attach\u00e9s \u00e0 distinguer deux mani\u00e8res d'appr\u00e9hender ce support de plus en plus pr\u00e9sent dans les classes : l'utilisation exclusive de l'outil par l'enseignant et le partage du tableau entre les \u00e9l\u00e8ves et le professeur.\u2026","rel":"","context":"Dans &quot;histoire&quot;","block_context":{"text":"histoire","link":"https:\/\/lyonelkaufmann.ch\/Blog\/category\/histoire-2\/"},"img":{"alt_text":"","src":"https:\/\/i0.wp.com\/lyonelkaufmann.ch\/Blog\/wp-content\/uploads\/2015\/03\/blogcafe1.jpg?fit=1024%2C683&ssl=1&resize=350%2C200","width":350,"height":200,"srcset":"https:\/\/i0.wp.com\/lyonelkaufmann.ch\/Blog\/wp-content\/uploads\/2015\/03\/blogcafe1.jpg?fit=1024%2C683&ssl=1&resize=350%2C200 1x, https:\/\/i0.wp.com\/lyonelkaufmann.ch\/Blog\/wp-content\/uploads\/2015\/03\/blogcafe1.jpg?fit=1024%2C683&ssl=1&resize=525%2C300 1.5x, https:\/\/i0.wp.com\/lyonelkaufmann.ch\/Blog\/wp-content\/uploads\/2015\/03\/blogcafe1.jpg?fit=1024%2C683&ssl=1&resize=700%2C400 2x"},"classes":[]},{"id":3133,"url":"https:\/\/lyonelkaufmann.ch\/Blog\/2010\/08\/25\/en-ludovia-ma-premiere-journee-24-aout\/","url_meta":{"origin":3136,"position":2},"title":"En Ludovia : ma premi\u00e8re journ\u00e9e (24 ao\u00fbt)","author":"Lyonel Kaufmann","date":"25 ao\u00fbt 2010","format":false,"excerpt":"Tout a d\u00e9marr\u00e9 avec le colloque scientifique \"Interactions\/Interactivit\u00e9s\" avec trois interventions d'universitaires dont 2 s\u00e9mioticiens. Pendant que quelques blogueurs en \u00e9taient encore \u00e0 boire le caf\u00e9, Philippe Dumas nous demandait si nous voulions \u00eatre amis. Il ne nous a pas laiss\u00e9 r\u00e9pondre... En r\u00e9sum\u00e9 donc beaucoup de peine de la\u2026","rel":"","context":"Dans &quot;histoire&quot;","block_context":{"text":"histoire","link":"https:\/\/lyonelkaufmann.ch\/Blog\/category\/histoire-2\/"},"img":{"alt_text":"","src":"https:\/\/i0.wp.com\/lyonelkaufmann.ch\/Blog\/wp-content\/uploads\/2015\/03\/blogcafe1.jpg?fit=1024%2C683&ssl=1&resize=350%2C200","width":350,"height":200,"srcset":"https:\/\/i0.wp.com\/lyonelkaufmann.ch\/Blog\/wp-content\/uploads\/2015\/03\/blogcafe1.jpg?fit=1024%2C683&ssl=1&resize=350%2C200 1x, https:\/\/i0.wp.com\/lyonelkaufmann.ch\/Blog\/wp-content\/uploads\/2015\/03\/blogcafe1.jpg?fit=1024%2C683&ssl=1&resize=525%2C300 1.5x, https:\/\/i0.wp.com\/lyonelkaufmann.ch\/Blog\/wp-content\/uploads\/2015\/03\/blogcafe1.jpg?fit=1024%2C683&ssl=1&resize=700%2C400 2x"},"classes":[]},{"id":12541,"url":"https:\/\/lyonelkaufmann.ch\/Blog\/2006\/07\/24\/audimat-et-presse-en-ligne-derive-ou-bonne-idee\/","url_meta":{"origin":3136,"position":3},"title":"Audimat et presse en ligne : d\u00e9rive ou bonne id\u00e9e ?","author":"Lyonel Kaufmann","date":"24 juillet 2006","format":false,"excerpt":"Je me doutais d\u00e9j\u00e0 en consultant les sites de journaux en ligne qu'ils leurs devenaient possibles de d\u00e9terminer les articles qui rencontraient le plus de succ\u00e8s et d'\u00e9ventuellement continuer dans la m\u00eame veine ou d'arr\u00eater. Maintenant, c'est s\u00fbr : un article (By the Numbers) de l'American Journalism Review, \u2014traduit (partiellement\u2026","rel":"","context":"Dans &quot;Blogcaf\u00e9&quot;","block_context":{"text":"Blogcaf\u00e9","link":"https:\/\/lyonelkaufmann.ch\/Blog\/category\/blogcafe-2\/"},"img":{"alt_text":"","src":"https:\/\/i0.wp.com\/lyonelkaufmann.ch\/Blog\/wp-content\/uploads\/2015\/03\/blogcafe1.jpg?fit=1024%2C683&ssl=1&resize=350%2C200","width":350,"height":200,"srcset":"https:\/\/i0.wp.com\/lyonelkaufmann.ch\/Blog\/wp-content\/uploads\/2015\/03\/blogcafe1.jpg?fit=1024%2C683&ssl=1&resize=350%2C200 1x, https:\/\/i0.wp.com\/lyonelkaufmann.ch\/Blog\/wp-content\/uploads\/2015\/03\/blogcafe1.jpg?fit=1024%2C683&ssl=1&resize=525%2C300 1.5x, https:\/\/i0.wp.com\/lyonelkaufmann.ch\/Blog\/wp-content\/uploads\/2015\/03\/blogcafe1.jpg?fit=1024%2C683&ssl=1&resize=700%2C400 2x"},"classes":[]},{"id":6693,"url":"https:\/\/lyonelkaufmann.ch\/Blog\/2013\/01\/15\/rome-numerique-digital-augustan-rome\/","url_meta":{"origin":3136,"position":4},"title":"Rome num\u00e9rique : Digital Augustan Rome","author":"Lyonel Kaufmann","date":"15 janvier 2013","format":false,"excerpt":"Il s'agit d'une magnifique carte interactive de la Rome d'Auguste qui en une mise en ligne de l'ouvrage Mapping Augustan Rome, paru en 2002, en suppl\u00e9ment du Journal of Roman Archaeology. Pour chaque lieu num\u00e9rot\u00e9, vous pourrez consulter une notice historique en anglais. Vous pourrez \u00e9galement consulter trois articles. Le\u2026","rel":"","context":"Dans &quot;histoire&quot;","block_context":{"text":"histoire","link":"https:\/\/lyonelkaufmann.ch\/Blog\/category\/histoire-2\/"},"img":{"alt_text":"","src":"https:\/\/i0.wp.com\/lyonelkaufmann.ch\/Blog\/wp-content\/uploads\/2015\/03\/RomeAuguste-e1358206772490.png?fit=580%2C207&ssl=1&resize=350%2C200","width":350,"height":200,"srcset":"https:\/\/i0.wp.com\/lyonelkaufmann.ch\/Blog\/wp-content\/uploads\/2015\/03\/RomeAuguste-e1358206772490.png?fit=580%2C207&ssl=1&resize=350%2C200 1x, https:\/\/i0.wp.com\/lyonelkaufmann.ch\/Blog\/wp-content\/uploads\/2015\/03\/RomeAuguste-e1358206772490.png?fit=580%2C207&ssl=1&resize=525%2C300 1.5x"},"classes":[]},{"id":21160,"url":"https:\/\/lyonelkaufmann.ch\/Blog\/2020\/02\/08\/roadtrip-balade-interactive-harry-potter-1er-fevrier-2020\/","url_meta":{"origin":3136,"position":5},"title":"Roadtrip : Balade interactive Harry Potter | Londres 1er f\u00e9vrier 2020","author":"Lyonel Kaufmann","date":"8 f\u00e9vrier 2020","format":false,"excerpt":"En ce samedi matin post-Brexit, notre premi\u00e8re partie de journ\u00e9e d\u00e9bute par une balade interactive dans le Londres d\u2019Harry Potter. Nous avons rendez-vous \u00e0 10 heures pour un parcours p\u00e9destre de 2 heures trente1. La visite est en fran\u00e7ais. Le lieu de rendez-vous est au Palace Theatre. Le th\u00e9\u00e2tre est\u2026","rel":"","context":"Dans &quot;Diary&quot;","block_context":{"text":"Diary","link":"https:\/\/lyonelkaufmann.ch\/Blog\/category\/diary\/"},"img":{"alt_text":"","src":"https:\/\/i0.wp.com\/lyonelkaufmann.ch\/Blog\/wp-content\/uploads\/2020\/02\/img_0709-scaled.jpg?fit=1200%2C795&ssl=1&resize=350%2C200","width":350,"height":200,"srcset":"https:\/\/i0.wp.com\/lyonelkaufmann.ch\/Blog\/wp-content\/uploads\/2020\/02\/img_0709-scaled.jpg?fit=1200%2C795&ssl=1&resize=350%2C200 1x, https:\/\/i0.wp.com\/lyonelkaufmann.ch\/Blog\/wp-content\/uploads\/2020\/02\/img_0709-scaled.jpg?fit=1200%2C795&ssl=1&resize=525%2C300 1.5x, https:\/\/i0.wp.com\/lyonelkaufmann.ch\/Blog\/wp-content\/uploads\/2020\/02\/img_0709-scaled.jpg?fit=1200%2C795&ssl=1&resize=700%2C400 2x, https:\/\/i0.wp.com\/lyonelkaufmann.ch\/Blog\/wp-content\/uploads\/2020\/02\/img_0709-scaled.jpg?fit=1200%2C795&ssl=1&resize=1050%2C600 3x"},"classes":[]}],"jetpack_likes_enabled":true,"_links":{"self":[{"href":"https:\/\/lyonelkaufmann.ch\/Blog\/wp-json\/wp\/v2\/posts\/3136","targetHints":{"allow":["GET"]}}],"collection":[{"href":"https:\/\/lyonelkaufmann.ch\/Blog\/wp-json\/wp\/v2\/posts"}],"about":[{"href":"https:\/\/lyonelkaufmann.ch\/Blog\/wp-json\/wp\/v2\/types\/post"}],"author":[{"embeddable":true,"href":"https:\/\/lyonelkaufmann.ch\/Blog\/wp-json\/wp\/v2\/users\/1"}],"replies":[{"embeddable":true,"href":"https:\/\/lyonelkaufmann.ch\/Blog\/wp-json\/wp\/v2\/comments?post=3136"}],"version-history":[{"count":0,"href":"https:\/\/lyonelkaufmann.ch\/Blog\/wp-json\/wp\/v2\/posts\/3136\/revisions"}],"wp:featuredmedia":[{"embeddable":true,"href":"https:\/\/lyonelkaufmann.ch\/Blog\/wp-json\/wp\/v2\/media\/14680"}],"wp:attachment":[{"href":"https:\/\/lyonelkaufmann.ch\/Blog\/wp-json\/wp\/v2\/media?parent=3136"}],"wp:term":[{"taxonomy":"category","embeddable":true,"href":"https:\/\/lyonelkaufmann.ch\/Blog\/wp-json\/wp\/v2\/categories?post=3136"},{"taxonomy":"post_tag","embeddable":true,"href":"https:\/\/lyonelkaufmann.ch\/Blog\/wp-json\/wp\/v2\/tags?post=3136"}],"curies":[{"name":"wp","href":"https:\/\/api.w.org\/{rel}","templated":true}]}}